{"id":298519,"date":"2023-01-30T06:31:03","date_gmt":"2023-01-30T09:31:03","guid":{"rendered":"https:\/\/www.notibras.com\/site\/?p=298519"},"modified":"2023-01-30T09:33:05","modified_gmt":"2023-01-30T12:33:05","slug":"iluminacao-nova-da-mais-seguranca-a-usuario-de-ciclovia","status":"publish","type":"post","link":"https:\/\/www.notibras.com\/site\/iluminacao-nova-da-mais-seguranca-a-usuario-de-ciclovia\/","title":{"rendered":"Ilumina\u00e7\u00e3o nova d\u00e1 mais seguran\u00e7a a usu\u00e1rio de ciclovia"},"content":{"rendered":"<p>Quem passa pela ciclovia entre as quadras SQN 216 e 416 passeia pelo espa\u00e7o com mais tranquilidade. A pista, com cerca de 580 metros de extens\u00e3o, recebeu postes com lumin\u00e1rias de LED e j\u00e1 est\u00e1 mais segura para os ciclistas \u00e0 noite. Por meio da Administra\u00e7\u00e3o do Plano Piloto, o Governo do Distrito Federal (GDF) investiu R$ 138,6 mil para garantir a ilumina\u00e7\u00e3o na via, em obra executada pela CEB Ilumina\u00e7\u00e3o P\u00fablica e Servi\u00e7os (CEB-Ipes).<\/p>\n<p>At\u00e9 ent\u00e3o, a lua que a ciclovia recebia vinha da ilumina\u00e7\u00e3o p\u00fablica da cal\u00e7ada ao lado, mas alguns pontos do percurso ficavam escuros. Agora, ap\u00f3s a finaliza\u00e7\u00e3o da obra, 32 postes de a\u00e7o foram instalados ao longo da via, deixando tudo claro e garantindo a visualiza\u00e7\u00e3o e seguran\u00e7a em toda a sua extens\u00e3o.<\/p>\n<p>\u201cFoi uma obra muito esperada\u201d, adiantou o prefeito da SQN 216, Clauder Diniz. O servi\u00e7o, que contempla demanda dos moradores da regi\u00e3o, abrange a ciclovia desde a SQN 216, passando pela SQN 416 at\u00e9 o Deck Norte. \u201cO resultado ficou bom; s\u00f3 precisamos que os motociclistas n\u00e3o usem mais a ciclovia para cortar caminhos e que a limpeza seja constante\u201d, avaliou o consultor de marketing Josu\u00e9 Cidade, 52, morador da quadra.<\/p>\n<p><strong>Mais seguran\u00e7a<\/strong><br \/>\n\u201cTer a participa\u00e7\u00e3o da comunidade \u00e9 o foco da nossa gest\u00e3o, e queremos levar o servi\u00e7o a outros locais que precisam de melhorias na ilumina\u00e7\u00e3o\u201d, afirmou o administrador do Plano Piloto, Valdemar Medeiros. \u201c\u00c9 importante que os moradores continuem enviando suas demandas, principalmente registrando tudo por meio da nossa ouvidoria.\u201d<\/p>\n<p>O presidente da CEB, Edison Garcia, ressaltou que a empresa tem o compromisso de melhorar, cada vez mais, a ilumina\u00e7\u00e3o p\u00fablica nas regi\u00f5es administrativas do Distrito Federal. \u201cA luz \u00e9 um instrumento de cidadania, e h\u00e1 retorno positivo por parte da popula\u00e7\u00e3o\u201d, disse. \u201cA comunidade passou a aproveitar os espa\u00e7os p\u00fablicos \u00e0 noite, tanto para lazer quanto para atividade f\u00edsica, e isso tem um impacto positivo muito forte na vida das pessoas\u201d.<\/p>\n<p>Segundo dados da Secretaria de Transporte e Mobilidade, o Plano Piloto conta com mais de 138 km de ciclovias. Ainda de acordo com a pasta, um edital de licita\u00e7\u00e3o para mais 105 km de ciclovias em diversas regi\u00f5es ser\u00e1 publicado pelo GDF.<\/p>\n","protected":false},"excerpt":{"rendered":"<p>Quem passa pela ciclovia entre as quadras SQN 216 e 416 passeia pelo espa\u00e7o com mais tranquilidade. A pista, com cerca de 580 metros de extens\u00e3o, recebeu postes com lumin\u00e1rias de LED e j\u00e1 est\u00e1 mais segura para os ciclistas \u00e0 noite. Por meio da Administra\u00e7\u00e3o do Plano Piloto, o Governo do Distrito Federal (GDF) [&hellip;]<\/p>\n","protected":false},"author":2,"featured_media":298520,"comment_status":"closed","ping_status":"closed","sticky":false,"template":"","format":"standard","meta":{"_acf_changed":false,"footnotes":""},"categories":[161],"tags":[],"class_list":["post-298519","post","type-post","status-publish","format-standard","has-post-thumbnail","hentry","category-quadradinho-em-foco"],"acf":[],"yoast_head":"<!-- This site is optimized with the Yoast SEO plugin v27.2 - https:\/\/yoast.com\/product\/yoast-seo-wordpress\/ -->\n<title>Ilumina\u00e7\u00e3o nova d\u00e1 mais seguran\u00e7a a usu\u00e1rio de ciclovia - Notibras<\/title>\n<meta name=\"robots\" content=\"index, follow, max-snippet:-1, max-image-preview:large, max-video-preview:-1\" \/>\n<link rel=\"canonical\" href=\"https:\/\/www.notibras.com\/site\/iluminacao-nova-da-mais-seguranca-a-usuario-de-ciclovia\/\" \/>\n<meta property=\"og:locale\" content=\"pt_BR\" \/>\n<meta property=\"og:type\" content=\"article\" \/>\n<meta property=\"og:title\" content=\"Ilumina\u00e7\u00e3o nova d\u00e1 mais seguran\u00e7a a usu\u00e1rio de ciclovia - Notibras\" \/>\n<meta property=\"og:description\" content=\"Quem passa pela ciclovia entre as quadras SQN 216 e 416 passeia pelo espa\u00e7o com mais tranquilidade. A pista, com cerca de 580 metros de extens\u00e3o, recebeu postes com lumin\u00e1rias de LED e j\u00e1 est\u00e1 mais segura para os ciclistas \u00e0 noite. Por meio da Administra\u00e7\u00e3o do Plano Piloto, o Governo do Distrito Federal (GDF) [&hellip;]\" \/>\n<meta property=\"og:url\" content=\"https:\/\/www.notibras.com\/site\/iluminacao-nova-da-mais-seguranca-a-usuario-de-ciclovia\/\" \/>\n<meta property=\"og:site_name\" content=\"Notibras\" \/>\n<meta property=\"article:publisher\" content=\"https:\/\/www.facebook.com\/notibras\/\" \/>\n<meta property=\"article:published_time\" content=\"2023-01-30T09:31:03+00:00\" \/>\n<meta property=\"article:modified_time\" content=\"2023-01-30T12:33:05+00:00\" \/>\n<meta property=\"og:image\" content=\"https:\/\/www.notibras.com\/site\/wp-content\/uploads\/2023\/01\/26.1.-Ciclovias.-Foto-Emanuelle-Sena2-1536x1024-1.jpg\" \/>\n\t<meta property=\"og:image:width\" content=\"1536\" \/>\n\t<meta property=\"og:image:height\" content=\"1024\" \/>\n\t<meta property=\"og:image:type\" content=\"image\/jpeg\" \/>\n<meta name=\"author\" content=\"Reda\u00e7\u00e3o\" \/>\n<meta name=\"twitter:card\" content=\"summary_large_image\" \/>\n<meta name=\"twitter:creator\" content=\"@Notibras\" \/>\n<meta name=\"twitter:site\" content=\"@Notibras\" \/>\n<meta name=\"twitter:label1\" content=\"Escrito por\" \/>\n\t<meta name=\"twitter:data1\" content=\"Reda\u00e7\u00e3o\" \/>\n\t<meta name=\"twitter:label2\" content=\"Est. tempo de leitura\" \/>\n\t<meta name=\"twitter:data2\" content=\"3 minutos\" \/>\n<script type=\"application\/ld+json\" class=\"yoast-schema-graph\">{\"@context\":\"https:\/\/schema.org\",\"@graph\":[{\"@type\":\"Article\",\"@id\":\"https:\/\/www.notibras.com\/site\/iluminacao-nova-da-mais-seguranca-a-usuario-de-ciclovia\/#article\",\"isPartOf\":{\"@id\":\"https:\/\/www.notibras.com\/site\/iluminacao-nova-da-mais-seguranca-a-usuario-de-ciclovia\/\"},\"author\":{\"name\":\"Reda\u00e7\u00e3o\",\"@id\":\"https:\/\/www.notibras.com\/site\/#\/schema\/person\/36ab0979449956132d3e5b517ea76ac8\"},\"headline\":\"Ilumina\u00e7\u00e3o nova d\u00e1 mais seguran\u00e7a a usu\u00e1rio de ciclovia\",\"datePublished\":\"2023-01-30T09:31:03+00:00\",\"dateModified\":\"2023-01-30T12:33:05+00:00\",\"mainEntityOfPage\":{\"@id\":\"https:\/\/www.notibras.com\/site\/iluminacao-nova-da-mais-seguranca-a-usuario-de-ciclovia\/\"},\"wordCount\":396,\"publisher\":{\"@id\":\"https:\/\/www.notibras.com\/site\/#organization\"},\"image\":{\"@id\":\"https:\/\/www.notibras.com\/site\/iluminacao-nova-da-mais-seguranca-a-usuario-de-ciclovia\/#primaryimage\"},\"thumbnailUrl\":\"https:\/\/www.notibras.com\/site\/wp-content\/uploads\/2023\/01\/26.1.-Ciclovias.-Foto-Emanuelle-Sena2-1536x1024-1.jpg\",\"articleSection\":[\"Quadradinho em Foco\"],\"inLanguage\":\"pt-BR\"},{\"@type\":\"WebPage\",\"@id\":\"https:\/\/www.notibras.com\/site\/iluminacao-nova-da-mais-seguranca-a-usuario-de-ciclovia\/\",\"url\":\"https:\/\/www.notibras.com\/site\/iluminacao-nova-da-mais-seguranca-a-usuario-de-ciclovia\/\",\"name\":\"Ilumina\u00e7\u00e3o nova d\u00e1 mais seguran\u00e7a a usu\u00e1rio de ciclovia - Notibras\",\"isPartOf\":{\"@id\":\"https:\/\/www.notibras.com\/site\/#website\"},\"primaryImageOfPage\":{\"@id\":\"https:\/\/www.notibras.com\/site\/iluminacao-nova-da-mais-seguranca-a-usuario-de-ciclovia\/#primaryimage\"},\"image\":{\"@id\":\"https:\/\/www.notibras.com\/site\/iluminacao-nova-da-mais-seguranca-a-usuario-de-ciclovia\/#primaryimage\"},\"thumbnailUrl\":\"https:\/\/www.notibras.com\/site\/wp-content\/uploads\/2023\/01\/26.1.-Ciclovias.-Foto-Emanuelle-Sena2-1536x1024-1.jpg\",\"datePublished\":\"2023-01-30T09:31:03+00:00\",\"dateModified\":\"2023-01-30T12:33:05+00:00\",\"breadcrumb\":{\"@id\":\"https:\/\/www.notibras.com\/site\/iluminacao-nova-da-mais-seguranca-a-usuario-de-ciclovia\/#breadcrumb\"},\"inLanguage\":\"pt-BR\",\"potentialAction\":[{\"@type\":\"ReadAction\",\"target\":[\"https:\/\/www.notibras.com\/site\/iluminacao-nova-da-mais-seguranca-a-usuario-de-ciclovia\/\"]}]},{\"@type\":\"ImageObject\",\"inLanguage\":\"pt-BR\",\"@id\":\"https:\/\/www.notibras.com\/site\/iluminacao-nova-da-mais-seguranca-a-usuario-de-ciclovia\/#primaryimage\",\"url\":\"https:\/\/www.notibras.com\/site\/wp-content\/uploads\/2023\/01\/26.1.-Ciclovias.-Foto-Emanuelle-Sena2-1536x1024-1.jpg\",\"contentUrl\":\"https:\/\/www.notibras.com\/site\/wp-content\/uploads\/2023\/01\/26.1.-Ciclovias.-Foto-Emanuelle-Sena2-1536x1024-1.jpg\",\"width\":1536,\"height\":1024},{\"@type\":\"BreadcrumbList\",\"@id\":\"https:\/\/www.notibras.com\/site\/iluminacao-nova-da-mais-seguranca-a-usuario-de-ciclovia\/#breadcrumb\",\"itemListElement\":[{\"@type\":\"ListItem\",\"position\":1,\"name\":\"In\u00edcio\",\"item\":\"https:\/\/www.notibras.com\/site\/\"},{\"@type\":\"ListItem\",\"position\":2,\"name\":\"Ilumina\u00e7\u00e3o nova d\u00e1 mais seguran\u00e7a a usu\u00e1rio de ciclovia\"}]},{\"@type\":\"WebSite\",\"@id\":\"https:\/\/www.notibras.com\/site\/#website\",\"url\":\"https:\/\/www.notibras.com\/site\/\",\"name\":\"Notibras\",\"description\":\"Not\u00edcias de Bras\u00edlia, do Brasil e do Mundo\",\"publisher\":{\"@id\":\"https:\/\/www.notibras.com\/site\/#organization\"},\"potentialAction\":[{\"@type\":\"SearchAction\",\"target\":{\"@type\":\"EntryPoint\",\"urlTemplate\":\"https:\/\/www.notibras.com\/site\/?s={search_term_string}\"},\"query-input\":{\"@type\":\"PropertyValueSpecification\",\"valueRequired\":true,\"valueName\":\"search_term_string\"}}],\"inLanguage\":\"pt-BR\"},{\"@type\":\"Organization\",\"@id\":\"https:\/\/www.notibras.com\/site\/#organization\",\"name\":\"Grupo Notibras de Comunica\u00e7\u00e3o\",\"url\":\"https:\/\/www.notibras.com\/site\/\",\"logo\":{\"@type\":\"ImageObject\",\"inLanguage\":\"pt-BR\",\"@id\":\"https:\/\/www.notibras.com\/site\/#\/schema\/logo\/image\/\",\"url\":\"https:\/\/www.notibras.com\/site\/wp-content\/uploads\/2023\/01\/notibras23.png\",\"contentUrl\":\"https:\/\/www.notibras.com\/site\/wp-content\/uploads\/2023\/01\/notibras23.png\",\"width\":350,\"height\":87,\"caption\":\"Grupo Notibras de Comunica\u00e7\u00e3o\"},\"image\":{\"@id\":\"https:\/\/www.notibras.com\/site\/#\/schema\/logo\/image\/\"},\"sameAs\":[\"https:\/\/www.facebook.com\/notibras\/\",\"https:\/\/x.com\/Notibras\",\"https:\/\/www.instagram.com\/notibras\/\"]},{\"@type\":\"Person\",\"@id\":\"https:\/\/www.notibras.com\/site\/#\/schema\/person\/36ab0979449956132d3e5b517ea76ac8\",\"name\":\"Reda\u00e7\u00e3o\",\"image\":{\"@type\":\"ImageObject\",\"inLanguage\":\"pt-BR\",\"@id\":\"https:\/\/secure.gravatar.com\/avatar\/e0a867bdedb85fd243eadf09663511f96fc81e0720a4a42581f334ad4303aa6b?s=96&d=mm&r=g\",\"url\":\"https:\/\/secure.gravatar.com\/avatar\/e0a867bdedb85fd243eadf09663511f96fc81e0720a4a42581f334ad4303aa6b?s=96&d=mm&r=g\",\"contentUrl\":\"https:\/\/secure.gravatar.com\/avatar\/e0a867bdedb85fd243eadf09663511f96fc81e0720a4a42581f334ad4303aa6b?s=96&d=mm&r=g\",\"caption\":\"Reda\u00e7\u00e3o\"}}]}<\/script>\n<!-- \/ Yoast SEO plugin. -->","yoast_head_json":{"title":"Ilumina\u00e7\u00e3o nova d\u00e1 mais seguran\u00e7a a usu\u00e1rio de ciclovia - Notibras","robots":{"index":"index","follow":"follow","max-snippet":"max-snippet:-1","max-image-preview":"max-image-preview:large","max-video-preview":"max-video-preview:-1"},"canonical":"https:\/\/www.notibras.com\/site\/iluminacao-nova-da-mais-seguranca-a-usuario-de-ciclovia\/","og_locale":"pt_BR","og_type":"article","og_title":"Ilumina\u00e7\u00e3o nova d\u00e1 mais seguran\u00e7a a usu\u00e1rio de ciclovia - Notibras","og_description":"Quem passa pela ciclovia entre as quadras SQN 216 e 416 passeia pelo espa\u00e7o com mais tranquilidade. A pista, com cerca de 580 metros de extens\u00e3o, recebeu postes com lumin\u00e1rias de LED e j\u00e1 est\u00e1 mais segura para os ciclistas \u00e0 noite. Por meio da Administra\u00e7\u00e3o do Plano Piloto, o Governo do Distrito Federal (GDF) [&hellip;]","og_url":"https:\/\/www.notibras.com\/site\/iluminacao-nova-da-mais-seguranca-a-usuario-de-ciclovia\/","og_site_name":"Notibras","article_publisher":"https:\/\/www.facebook.com\/notibras\/","article_published_time":"2023-01-30T09:31:03+00:00","article_modified_time":"2023-01-30T12:33:05+00:00","og_image":[{"width":1536,"height":1024,"url":"https:\/\/www.notibras.com\/site\/wp-content\/uploads\/2023\/01\/26.1.-Ciclovias.-Foto-Emanuelle-Sena2-1536x1024-1.jpg","type":"image\/jpeg"}],"author":"Reda\u00e7\u00e3o","twitter_card":"summary_large_image","twitter_creator":"@Notibras","twitter_site":"@Notibras","twitter_misc":{"Escrito por":"Reda\u00e7\u00e3o","Est. tempo de leitura":"3 minutos"},"schema":{"@context":"https:\/\/schema.org","@graph":[{"@type":"Article","@id":"https:\/\/www.notibras.com\/site\/iluminacao-nova-da-mais-seguranca-a-usuario-de-ciclovia\/#article","isPartOf":{"@id":"https:\/\/www.notibras.com\/site\/iluminacao-nova-da-mais-seguranca-a-usuario-de-ciclovia\/"},"author":{"name":"Reda\u00e7\u00e3o","@id":"https:\/\/www.notibras.com\/site\/#\/schema\/person\/36ab0979449956132d3e5b517ea76ac8"},"headline":"Ilumina\u00e7\u00e3o nova d\u00e1 mais seguran\u00e7a a usu\u00e1rio de ciclovia","datePublished":"2023-01-30T09:31:03+00:00","dateModified":"2023-01-30T12:33:05+00:00","mainEntityOfPage":{"@id":"https:\/\/www.notibras.com\/site\/iluminacao-nova-da-mais-seguranca-a-usuario-de-ciclovia\/"},"wordCount":396,"publisher":{"@id":"https:\/\/www.notibras.com\/site\/#organization"},"image":{"@id":"https:\/\/www.notibras.com\/site\/iluminacao-nova-da-mais-seguranca-a-usuario-de-ciclovia\/#primaryimage"},"thumbnailUrl":"https:\/\/www.notibras.com\/site\/wp-content\/uploads\/2023\/01\/26.1.-Ciclovias.-Foto-Emanuelle-Sena2-1536x1024-1.jpg","articleSection":["Quadradinho em Foco"],"inLanguage":"pt-BR"},{"@type":"WebPage","@id":"https:\/\/www.notibras.com\/site\/iluminacao-nova-da-mais-seguranca-a-usuario-de-ciclovia\/","url":"https:\/\/www.notibras.com\/site\/iluminacao-nova-da-mais-seguranca-a-usuario-de-ciclovia\/","name":"Ilumina\u00e7\u00e3o nova d\u00e1 mais seguran\u00e7a a usu\u00e1rio de ciclovia - Notibras","isPartOf":{"@id":"https:\/\/www.notibras.com\/site\/#website"},"primaryImageOfPage":{"@id":"https:\/\/www.notibras.com\/site\/iluminacao-nova-da-mais-seguranca-a-usuario-de-ciclovia\/#primaryimage"},"image":{"@id":"https:\/\/www.notibras.com\/site\/iluminacao-nova-da-mais-seguranca-a-usuario-de-ciclovia\/#primaryimage"},"thumbnailUrl":"https:\/\/www.notibras.com\/site\/wp-content\/uploads\/2023\/01\/26.1.-Ciclovias.-Foto-Emanuelle-Sena2-1536x1024-1.jpg","datePublished":"2023-01-30T09:31:03+00:00","dateModified":"2023-01-30T12:33:05+00:00","breadcrumb":{"@id":"https:\/\/www.notibras.com\/site\/iluminacao-nova-da-mais-seguranca-a-usuario-de-ciclovia\/#breadcrumb"},"inLanguage":"pt-BR","potentialAction":[{"@type":"ReadAction","target":["https:\/\/www.notibras.com\/site\/iluminacao-nova-da-mais-seguranca-a-usuario-de-ciclovia\/"]}]},{"@type":"ImageObject","inLanguage":"pt-BR","@id":"https:\/\/www.notibras.com\/site\/iluminacao-nova-da-mais-seguranca-a-usuario-de-ciclovia\/#primaryimage","url":"https:\/\/www.notibras.com\/site\/wp-content\/uploads\/2023\/01\/26.1.-Ciclovias.-Foto-Emanuelle-Sena2-1536x1024-1.jpg","contentUrl":"https:\/\/www.notibras.com\/site\/wp-content\/uploads\/2023\/01\/26.1.-Ciclovias.-Foto-Emanuelle-Sena2-1536x1024-1.jpg","width":1536,"height":1024},{"@type":"BreadcrumbList","@id":"https:\/\/www.notibras.com\/site\/iluminacao-nova-da-mais-seguranca-a-usuario-de-ciclovia\/#breadcrumb","itemListElement":[{"@type":"ListItem","position":1,"name":"In\u00edcio","item":"https:\/\/www.notibras.com\/site\/"},{"@type":"ListItem","position":2,"name":"Ilumina\u00e7\u00e3o nova d\u00e1 mais seguran\u00e7a a usu\u00e1rio de ciclovia"}]},{"@type":"WebSite","@id":"https:\/\/www.notibras.com\/site\/#website","url":"https:\/\/www.notibras.com\/site\/","name":"Notibras","description":"Not\u00edcias de Bras\u00edlia, do Brasil e do Mundo","publisher":{"@id":"https:\/\/www.notibras.com\/site\/#organization"},"potentialAction":[{"@type":"SearchAction","target":{"@type":"EntryPoint","urlTemplate":"https:\/\/www.notibras.com\/site\/?s={search_term_string}"},"query-input":{"@type":"PropertyValueSpecification","valueRequired":true,"valueName":"search_term_string"}}],"inLanguage":"pt-BR"},{"@type":"Organization","@id":"https:\/\/www.notibras.com\/site\/#organization","name":"Grupo Notibras de Comunica\u00e7\u00e3o","url":"https:\/\/www.notibras.com\/site\/","logo":{"@type":"ImageObject","inLanguage":"pt-BR","@id":"https:\/\/www.notibras.com\/site\/#\/schema\/logo\/image\/","url":"https:\/\/www.notibras.com\/site\/wp-content\/uploads\/2023\/01\/notibras23.png","contentUrl":"https:\/\/www.notibras.com\/site\/wp-content\/uploads\/2023\/01\/notibras23.png","width":350,"height":87,"caption":"Grupo Notibras de Comunica\u00e7\u00e3o"},"image":{"@id":"https:\/\/www.notibras.com\/site\/#\/schema\/logo\/image\/"},"sameAs":["https:\/\/www.facebook.com\/notibras\/","https:\/\/x.com\/Notibras","https:\/\/www.instagram.com\/notibras\/"]},{"@type":"Person","@id":"https:\/\/www.notibras.com\/site\/#\/schema\/person\/36ab0979449956132d3e5b517ea76ac8","name":"Reda\u00e7\u00e3o","image":{"@type":"ImageObject","inLanguage":"pt-BR","@id":"https:\/\/secure.gravatar.com\/avatar\/e0a867bdedb85fd243eadf09663511f96fc81e0720a4a42581f334ad4303aa6b?s=96&d=mm&r=g","url":"https:\/\/secure.gravatar.com\/avatar\/e0a867bdedb85fd243eadf09663511f96fc81e0720a4a42581f334ad4303aa6b?s=96&d=mm&r=g","contentUrl":"https:\/\/secure.gravatar.com\/avatar\/e0a867bdedb85fd243eadf09663511f96fc81e0720a4a42581f334ad4303aa6b?s=96&d=mm&r=g","caption":"Reda\u00e7\u00e3o"}}]}},"amp_enabled":true,"_links":{"self":[{"href":"https:\/\/www.notibras.com\/site\/wp-json\/wp\/v2\/posts\/298519","targetHints":{"allow":["GET"]}}],"collection":[{"href":"https:\/\/www.notibras.com\/site\/wp-json\/wp\/v2\/posts"}],"about":[{"href":"https:\/\/www.notibras.com\/site\/wp-json\/wp\/v2\/types\/post"}],"author":[{"embeddable":true,"href":"https:\/\/www.notibras.com\/site\/wp-json\/wp\/v2\/users\/2"}],"replies":[{"embeddable":true,"href":"https:\/\/www.notibras.com\/site\/wp-json\/wp\/v2\/comments?post=298519"}],"version-history":[{"count":1,"href":"https:\/\/www.notibras.com\/site\/wp-json\/wp\/v2\/posts\/298519\/revisions"}],"predecessor-version":[{"id":298521,"href":"https:\/\/www.notibras.com\/site\/wp-json\/wp\/v2\/posts\/298519\/revisions\/298521"}],"wp:featuredmedia":[{"embeddable":true,"href":"https:\/\/www.notibras.com\/site\/wp-json\/wp\/v2\/media\/298520"}],"wp:attachment":[{"href":"https:\/\/www.notibras.com\/site\/wp-json\/wp\/v2\/media?parent=298519"}],"wp:term":[{"taxonomy":"category","embeddable":true,"href":"https:\/\/www.notibras.com\/site\/wp-json\/wp\/v2\/categories?post=298519"},{"taxonomy":"post_tag","embeddable":true,"href":"https:\/\/www.notibras.com\/site\/wp-json\/wp\/v2\/tags?post=298519"}],"curies":[{"name":"wp","href":"https:\/\/api.w.org\/{rel}","templated":true}]}}