{"id":29856,"date":"2014-11-29T18:20:32","date_gmt":"2014-11-29T21:20:32","guid":{"rendered":"http:\/\/www.notibras.com\/site\/?p=29856"},"modified":"2014-11-29T20:51:38","modified_gmt":"2014-11-29T23:51:38","slug":"joinville-perde-para-o-oeste-mas-levanta-taca-de-campeao-da-serie-b","status":"publish","type":"post","link":"https:\/\/www.notibras.com\/site\/joinville-perde-para-o-oeste-mas-levanta-taca-de-campeao-da-serie-b\/","title":{"rendered":"Joinville perde para o Oeste mas levanta ta\u00e7a de campe\u00e3o da B"},"content":{"rendered":"<p class=\"text\">O Joinville \u00e9 o campe\u00e3o da S\u00e9rie B do Campeonato Brasileiro. J\u00e1 garantido na elite do futebol nacional desde o dia 4 de novembro, o time catarinense arrancou no segundo turno e at\u00e9 vacilou na reta final da competi\u00e7\u00e3o.<\/p>\n<p class=\"text\">Mas, neste s\u00e1bado, dia em que foi disputada a \u00faltima rodada da segunda divis\u00e3o brasileira, sequer precisou vencer para erguer a ta\u00e7a: perdeu por 1 a 0 para Oeste em It\u00e1polis, mas contou com o empate da Ponte Preta para terminar o campeonato na primeira posi\u00e7\u00e3o com 70 pontos (contra 69 dos campineiros).<\/p>\n<p class=\"text\">O Joinville faturou a S\u00e9rie B pela primeira vez na hist\u00f3ria \u2013 por sua vez, o Oeste se livrou do rebaixamento \u00e0 S\u00e9rie C (ficou em 15\u00ba, com 48 pontos).<\/p>\n<blockquote>\n<p class=\"text\">A conquista deste s\u00e1bado foi a segunda de \u00e2mbito nacional da hist\u00f3ria do ainda novato Joinville (o clube tem apenas 38 anos). Doze vezes campe\u00e3o estadual, o clube catarinense havia tido a sua ent\u00e3o maior gl\u00f3ria em 2011, quando faturou a S\u00e9rie C do Campeonato Brasileiro.<\/p>\n<\/blockquote>\n<p class=\"text\">Bastaram somente tr\u00eas anos na segunda divis\u00e3o nacional, ent\u00e3o, para que a equipe tricolor voltasse \u00e0 elite nacional (ap\u00f3s 28 anos) e melhor: sendo a detentora da ta\u00e7a da segunda divis\u00e3o do futebol verde e amarelo.<\/p>\n","protected":false},"excerpt":{"rendered":"<p>O Joinville \u00e9 o campe\u00e3o da S\u00e9rie B do Campeonato Brasileiro. J\u00e1 garantido na elite do futebol nacional desde o dia 4 de novembro, o time catarinense arrancou no segundo turno e at\u00e9 vacilou na reta final da competi\u00e7\u00e3o. Mas, neste s\u00e1bado, dia em que foi disputada a \u00faltima rodada da segunda divis\u00e3o brasileira, sequer [&hellip;]<\/p>\n","protected":false},"author":2,"featured_media":29857,"comment_status":"open","ping_status":"closed","sticky":false,"template":"","format":"standard","meta":{"_acf_changed":false,"footnotes":""},"categories":[19,29],"tags":[],"class_list":["post-29856","post","type-post","status-publish","format-standard","has-post-thumbnail","hentry","category-esportes","category-futebol"],"acf":[],"yoast_head":"<!-- This site is optimized with the Yoast SEO plugin v27.2 - https:\/\/yoast.com\/product\/yoast-seo-wordpress\/ -->\n<title>Joinville perde para o Oeste mas levanta ta\u00e7a de campe\u00e3o da B - Notibras<\/title>\n<meta name=\"robots\" content=\"index, follow, max-snippet:-1, max-image-preview:large, max-video-preview:-1\" \/>\n<link rel=\"canonical\" href=\"https:\/\/www.notibras.com\/site\/joinville-perde-para-o-oeste-mas-levanta-taca-de-campeao-da-serie-b\/\" \/>\n<meta property=\"og:locale\" content=\"pt_BR\" \/>\n<meta property=\"og:type\" content=\"article\" \/>\n<meta property=\"og:title\" content=\"Joinville perde para o Oeste mas levanta ta\u00e7a de campe\u00e3o da B - Notibras\" \/>\n<meta property=\"og:description\" content=\"O Joinville \u00e9 o campe\u00e3o da S\u00e9rie B do Campeonato Brasileiro. J\u00e1 garantido na elite do futebol nacional desde o dia 4 de novembro, o time catarinense arrancou no segundo turno e at\u00e9 vacilou na reta final da competi\u00e7\u00e3o. Mas, neste s\u00e1bado, dia em que foi disputada a \u00faltima rodada da segunda divis\u00e3o brasileira, sequer [&hellip;]\" \/>\n<meta property=\"og:url\" content=\"https:\/\/www.notibras.com\/site\/joinville-perde-para-o-oeste-mas-levanta-taca-de-campeao-da-serie-b\/\" \/>\n<meta property=\"og:site_name\" content=\"Notibras\" \/>\n<meta property=\"article:publisher\" content=\"https:\/\/www.facebook.com\/notibras\/\" \/>\n<meta property=\"article:published_time\" content=\"2014-11-29T21:20:32+00:00\" \/>\n<meta property=\"article:modified_time\" content=\"2014-11-29T23:51:38+00:00\" \/>\n<meta property=\"og:image\" content=\"https:\/\/www.notibras.com\/site\/wp-content\/uploads\/2014\/11\/taca2oestexjoinvilleceliomessiasgazeta.jpg\" \/>\n\t<meta property=\"og:image:width\" content=\"920\" \/>\n\t<meta property=\"og:image:height\" content=\"613\" \/>\n\t<meta property=\"og:image:type\" content=\"image\/jpeg\" \/>\n<meta name=\"author\" content=\"Reda\u00e7\u00e3o\" \/>\n<meta name=\"twitter:card\" content=\"summary_large_image\" \/>\n<meta name=\"twitter:creator\" content=\"@Notibras\" \/>\n<meta name=\"twitter:site\" content=\"@Notibras\" \/>\n<meta name=\"twitter:label1\" content=\"Escrito por\" \/>\n\t<meta name=\"twitter:data1\" content=\"Reda\u00e7\u00e3o\" \/>\n\t<meta name=\"twitter:label2\" content=\"Est. tempo de leitura\" \/>\n\t<meta name=\"twitter:data2\" content=\"1 minuto\" \/>\n<script type=\"application\/ld+json\" class=\"yoast-schema-graph\">{\"@context\":\"https:\/\/schema.org\",\"@graph\":[{\"@type\":\"Article\",\"@id\":\"https:\/\/www.notibras.com\/site\/joinville-perde-para-o-oeste-mas-levanta-taca-de-campeao-da-serie-b\/#article\",\"isPartOf\":{\"@id\":\"https:\/\/www.notibras.com\/site\/joinville-perde-para-o-oeste-mas-levanta-taca-de-campeao-da-serie-b\/\"},\"author\":{\"name\":\"Reda\u00e7\u00e3o\",\"@id\":\"https:\/\/www.notibras.com\/site\/#\/schema\/person\/36ab0979449956132d3e5b517ea76ac8\"},\"headline\":\"Joinville perde para o Oeste mas levanta ta\u00e7a de campe\u00e3o da B\",\"datePublished\":\"2014-11-29T21:20:32+00:00\",\"dateModified\":\"2014-11-29T23:51:38+00:00\",\"mainEntityOfPage\":{\"@id\":\"https:\/\/www.notibras.com\/site\/joinville-perde-para-o-oeste-mas-levanta-taca-de-campeao-da-serie-b\/\"},\"wordCount\":227,\"commentCount\":0,\"publisher\":{\"@id\":\"https:\/\/www.notibras.com\/site\/#organization\"},\"image\":{\"@id\":\"https:\/\/www.notibras.com\/site\/joinville-perde-para-o-oeste-mas-levanta-taca-de-campeao-da-serie-b\/#primaryimage\"},\"thumbnailUrl\":\"https:\/\/www.notibras.com\/site\/wp-content\/uploads\/2014\/11\/taca2oestexjoinvilleceliomessiasgazeta.jpg\",\"articleSection\":[\"Esportes\",\"Futebol\"],\"inLanguage\":\"pt-BR\",\"potentialAction\":[{\"@type\":\"CommentAction\",\"name\":\"Comment\",\"target\":[\"https:\/\/www.notibras.com\/site\/joinville-perde-para-o-oeste-mas-levanta-taca-de-campeao-da-serie-b\/#respond\"]}]},{\"@type\":\"WebPage\",\"@id\":\"https:\/\/www.notibras.com\/site\/joinville-perde-para-o-oeste-mas-levanta-taca-de-campeao-da-serie-b\/\",\"url\":\"https:\/\/www.notibras.com\/site\/joinville-perde-para-o-oeste-mas-levanta-taca-de-campeao-da-serie-b\/\",\"name\":\"Joinville perde para o Oeste mas levanta ta\u00e7a de campe\u00e3o da B - Notibras\",\"isPartOf\":{\"@id\":\"https:\/\/www.notibras.com\/site\/#website\"},\"primaryImageOfPage\":{\"@id\":\"https:\/\/www.notibras.com\/site\/joinville-perde-para-o-oeste-mas-levanta-taca-de-campeao-da-serie-b\/#primaryimage\"},\"image\":{\"@id\":\"https:\/\/www.notibras.com\/site\/joinville-perde-para-o-oeste-mas-levanta-taca-de-campeao-da-serie-b\/#primaryimage\"},\"thumbnailUrl\":\"https:\/\/www.notibras.com\/site\/wp-content\/uploads\/2014\/11\/taca2oestexjoinvilleceliomessiasgazeta.jpg\",\"datePublished\":\"2014-11-29T21:20:32+00:00\",\"dateModified\":\"2014-11-29T23:51:38+00:00\",\"breadcrumb\":{\"@id\":\"https:\/\/www.notibras.com\/site\/joinville-perde-para-o-oeste-mas-levanta-taca-de-campeao-da-serie-b\/#breadcrumb\"},\"inLanguage\":\"pt-BR\",\"potentialAction\":[{\"@type\":\"ReadAction\",\"target\":[\"https:\/\/www.notibras.com\/site\/joinville-perde-para-o-oeste-mas-levanta-taca-de-campeao-da-serie-b\/\"]}]},{\"@type\":\"ImageObject\",\"inLanguage\":\"pt-BR\",\"@id\":\"https:\/\/www.notibras.com\/site\/joinville-perde-para-o-oeste-mas-levanta-taca-de-campeao-da-serie-b\/#primaryimage\",\"url\":\"https:\/\/www.notibras.com\/site\/wp-content\/uploads\/2014\/11\/taca2oestexjoinvilleceliomessiasgazeta.jpg\",\"contentUrl\":\"https:\/\/www.notibras.com\/site\/wp-content\/uploads\/2014\/11\/taca2oestexjoinvilleceliomessiasgazeta.jpg\",\"width\":920,\"height\":613},{\"@type\":\"BreadcrumbList\",\"@id\":\"https:\/\/www.notibras.com\/site\/joinville-perde-para-o-oeste-mas-levanta-taca-de-campeao-da-serie-b\/#breadcrumb\",\"itemListElement\":[{\"@type\":\"ListItem\",\"position\":1,\"name\":\"In\u00edcio\",\"item\":\"https:\/\/www.notibras.com\/site\/\"},{\"@type\":\"ListItem\",\"position\":2,\"name\":\"Joinville perde para o Oeste mas levanta ta\u00e7a de campe\u00e3o da B\"}]},{\"@type\":\"WebSite\",\"@id\":\"https:\/\/www.notibras.com\/site\/#website\",\"url\":\"https:\/\/www.notibras.com\/site\/\",\"name\":\"Notibras\",\"description\":\"Not\u00edcias de Bras\u00edlia, do Brasil e do Mundo\",\"publisher\":{\"@id\":\"https:\/\/www.notibras.com\/site\/#organization\"},\"potentialAction\":[{\"@type\":\"SearchAction\",\"target\":{\"@type\":\"EntryPoint\",\"urlTemplate\":\"https:\/\/www.notibras.com\/site\/?s={search_term_string}\"},\"query-input\":{\"@type\":\"PropertyValueSpecification\",\"valueRequired\":true,\"valueName\":\"search_term_string\"}}],\"inLanguage\":\"pt-BR\"},{\"@type\":\"Organization\",\"@id\":\"https:\/\/www.notibras.com\/site\/#organization\",\"name\":\"Grupo Notibras de Comunica\u00e7\u00e3o\",\"url\":\"https:\/\/www.notibras.com\/site\/\",\"logo\":{\"@type\":\"ImageObject\",\"inLanguage\":\"pt-BR\",\"@id\":\"https:\/\/www.notibras.com\/site\/#\/schema\/logo\/image\/\",\"url\":\"https:\/\/www.notibras.com\/site\/wp-content\/uploads\/2023\/01\/notibras23.png\",\"contentUrl\":\"https:\/\/www.notibras.com\/site\/wp-content\/uploads\/2023\/01\/notibras23.png\",\"width\":350,\"height\":87,\"caption\":\"Grupo Notibras de Comunica\u00e7\u00e3o\"},\"image\":{\"@id\":\"https:\/\/www.notibras.com\/site\/#\/schema\/logo\/image\/\"},\"sameAs\":[\"https:\/\/www.facebook.com\/notibras\/\",\"https:\/\/x.com\/Notibras\",\"https:\/\/www.instagram.com\/notibras\/\"]},{\"@type\":\"Person\",\"@id\":\"https:\/\/www.notibras.com\/site\/#\/schema\/person\/36ab0979449956132d3e5b517ea76ac8\",\"name\":\"Reda\u00e7\u00e3o\",\"image\":{\"@type\":\"ImageObject\",\"inLanguage\":\"pt-BR\",\"@id\":\"https:\/\/secure.gravatar.com\/avatar\/e0a867bdedb85fd243eadf09663511f96fc81e0720a4a42581f334ad4303aa6b?s=96&d=mm&r=g\",\"url\":\"https:\/\/secure.gravatar.com\/avatar\/e0a867bdedb85fd243eadf09663511f96fc81e0720a4a42581f334ad4303aa6b?s=96&d=mm&r=g\",\"contentUrl\":\"https:\/\/secure.gravatar.com\/avatar\/e0a867bdedb85fd243eadf09663511f96fc81e0720a4a42581f334ad4303aa6b?s=96&d=mm&r=g\",\"caption\":\"Reda\u00e7\u00e3o\"}}]}<\/script>\n<!-- \/ Yoast SEO plugin. -->","yoast_head_json":{"title":"Joinville perde para o Oeste mas levanta ta\u00e7a de campe\u00e3o da B - Notibras","robots":{"index":"index","follow":"follow","max-snippet":"max-snippet:-1","max-image-preview":"max-image-preview:large","max-video-preview":"max-video-preview:-1"},"canonical":"https:\/\/www.notibras.com\/site\/joinville-perde-para-o-oeste-mas-levanta-taca-de-campeao-da-serie-b\/","og_locale":"pt_BR","og_type":"article","og_title":"Joinville perde para o Oeste mas levanta ta\u00e7a de campe\u00e3o da B - Notibras","og_description":"O Joinville \u00e9 o campe\u00e3o da S\u00e9rie B do Campeonato Brasileiro. J\u00e1 garantido na elite do futebol nacional desde o dia 4 de novembro, o time catarinense arrancou no segundo turno e at\u00e9 vacilou na reta final da competi\u00e7\u00e3o. Mas, neste s\u00e1bado, dia em que foi disputada a \u00faltima rodada da segunda divis\u00e3o brasileira, sequer [&hellip;]","og_url":"https:\/\/www.notibras.com\/site\/joinville-perde-para-o-oeste-mas-levanta-taca-de-campeao-da-serie-b\/","og_site_name":"Notibras","article_publisher":"https:\/\/www.facebook.com\/notibras\/","article_published_time":"2014-11-29T21:20:32+00:00","article_modified_time":"2014-11-29T23:51:38+00:00","og_image":[{"width":920,"height":613,"url":"https:\/\/www.notibras.com\/site\/wp-content\/uploads\/2014\/11\/taca2oestexjoinvilleceliomessiasgazeta.jpg","type":"image\/jpeg"}],"author":"Reda\u00e7\u00e3o","twitter_card":"summary_large_image","twitter_creator":"@Notibras","twitter_site":"@Notibras","twitter_misc":{"Escrito por":"Reda\u00e7\u00e3o","Est. tempo de leitura":"1 minuto"},"schema":{"@context":"https:\/\/schema.org","@graph":[{"@type":"Article","@id":"https:\/\/www.notibras.com\/site\/joinville-perde-para-o-oeste-mas-levanta-taca-de-campeao-da-serie-b\/#article","isPartOf":{"@id":"https:\/\/www.notibras.com\/site\/joinville-perde-para-o-oeste-mas-levanta-taca-de-campeao-da-serie-b\/"},"author":{"name":"Reda\u00e7\u00e3o","@id":"https:\/\/www.notibras.com\/site\/#\/schema\/person\/36ab0979449956132d3e5b517ea76ac8"},"headline":"Joinville perde para o Oeste mas levanta ta\u00e7a de campe\u00e3o da B","datePublished":"2014-11-29T21:20:32+00:00","dateModified":"2014-11-29T23:51:38+00:00","mainEntityOfPage":{"@id":"https:\/\/www.notibras.com\/site\/joinville-perde-para-o-oeste-mas-levanta-taca-de-campeao-da-serie-b\/"},"wordCount":227,"commentCount":0,"publisher":{"@id":"https:\/\/www.notibras.com\/site\/#organization"},"image":{"@id":"https:\/\/www.notibras.com\/site\/joinville-perde-para-o-oeste-mas-levanta-taca-de-campeao-da-serie-b\/#primaryimage"},"thumbnailUrl":"https:\/\/www.notibras.com\/site\/wp-content\/uploads\/2014\/11\/taca2oestexjoinvilleceliomessiasgazeta.jpg","articleSection":["Esportes","Futebol"],"inLanguage":"pt-BR","potentialAction":[{"@type":"CommentAction","name":"Comment","target":["https:\/\/www.notibras.com\/site\/joinville-perde-para-o-oeste-mas-levanta-taca-de-campeao-da-serie-b\/#respond"]}]},{"@type":"WebPage","@id":"https:\/\/www.notibras.com\/site\/joinville-perde-para-o-oeste-mas-levanta-taca-de-campeao-da-serie-b\/","url":"https:\/\/www.notibras.com\/site\/joinville-perde-para-o-oeste-mas-levanta-taca-de-campeao-da-serie-b\/","name":"Joinville perde para o Oeste mas levanta ta\u00e7a de campe\u00e3o da B - Notibras","isPartOf":{"@id":"https:\/\/www.notibras.com\/site\/#website"},"primaryImageOfPage":{"@id":"https:\/\/www.notibras.com\/site\/joinville-perde-para-o-oeste-mas-levanta-taca-de-campeao-da-serie-b\/#primaryimage"},"image":{"@id":"https:\/\/www.notibras.com\/site\/joinville-perde-para-o-oeste-mas-levanta-taca-de-campeao-da-serie-b\/#primaryimage"},"thumbnailUrl":"https:\/\/www.notibras.com\/site\/wp-content\/uploads\/2014\/11\/taca2oestexjoinvilleceliomessiasgazeta.jpg","datePublished":"2014-11-29T21:20:32+00:00","dateModified":"2014-11-29T23:51:38+00:00","breadcrumb":{"@id":"https:\/\/www.notibras.com\/site\/joinville-perde-para-o-oeste-mas-levanta-taca-de-campeao-da-serie-b\/#breadcrumb"},"inLanguage":"pt-BR","potentialAction":[{"@type":"ReadAction","target":["https:\/\/www.notibras.com\/site\/joinville-perde-para-o-oeste-mas-levanta-taca-de-campeao-da-serie-b\/"]}]},{"@type":"ImageObject","inLanguage":"pt-BR","@id":"https:\/\/www.notibras.com\/site\/joinville-perde-para-o-oeste-mas-levanta-taca-de-campeao-da-serie-b\/#primaryimage","url":"https:\/\/www.notibras.com\/site\/wp-content\/uploads\/2014\/11\/taca2oestexjoinvilleceliomessiasgazeta.jpg","contentUrl":"https:\/\/www.notibras.com\/site\/wp-content\/uploads\/2014\/11\/taca2oestexjoinvilleceliomessiasgazeta.jpg","width":920,"height":613},{"@type":"BreadcrumbList","@id":"https:\/\/www.notibras.com\/site\/joinville-perde-para-o-oeste-mas-levanta-taca-de-campeao-da-serie-b\/#breadcrumb","itemListElement":[{"@type":"ListItem","position":1,"name":"In\u00edcio","item":"https:\/\/www.notibras.com\/site\/"},{"@type":"ListItem","position":2,"name":"Joinville perde para o Oeste mas levanta ta\u00e7a de campe\u00e3o da B"}]},{"@type":"WebSite","@id":"https:\/\/www.notibras.com\/site\/#website","url":"https:\/\/www.notibras.com\/site\/","name":"Notibras","description":"Not\u00edcias de Bras\u00edlia, do Brasil e do Mundo","publisher":{"@id":"https:\/\/www.notibras.com\/site\/#organization"},"potentialAction":[{"@type":"SearchAction","target":{"@type":"EntryPoint","urlTemplate":"https:\/\/www.notibras.com\/site\/?s={search_term_string}"},"query-input":{"@type":"PropertyValueSpecification","valueRequired":true,"valueName":"search_term_string"}}],"inLanguage":"pt-BR"},{"@type":"Organization","@id":"https:\/\/www.notibras.com\/site\/#organization","name":"Grupo Notibras de Comunica\u00e7\u00e3o","url":"https:\/\/www.notibras.com\/site\/","logo":{"@type":"ImageObject","inLanguage":"pt-BR","@id":"https:\/\/www.notibras.com\/site\/#\/schema\/logo\/image\/","url":"https:\/\/www.notibras.com\/site\/wp-content\/uploads\/2023\/01\/notibras23.png","contentUrl":"https:\/\/www.notibras.com\/site\/wp-content\/uploads\/2023\/01\/notibras23.png","width":350,"height":87,"caption":"Grupo Notibras de Comunica\u00e7\u00e3o"},"image":{"@id":"https:\/\/www.notibras.com\/site\/#\/schema\/logo\/image\/"},"sameAs":["https:\/\/www.facebook.com\/notibras\/","https:\/\/x.com\/Notibras","https:\/\/www.instagram.com\/notibras\/"]},{"@type":"Person","@id":"https:\/\/www.notibras.com\/site\/#\/schema\/person\/36ab0979449956132d3e5b517ea76ac8","name":"Reda\u00e7\u00e3o","image":{"@type":"ImageObject","inLanguage":"pt-BR","@id":"https:\/\/secure.gravatar.com\/avatar\/e0a867bdedb85fd243eadf09663511f96fc81e0720a4a42581f334ad4303aa6b?s=96&d=mm&r=g","url":"https:\/\/secure.gravatar.com\/avatar\/e0a867bdedb85fd243eadf09663511f96fc81e0720a4a42581f334ad4303aa6b?s=96&d=mm&r=g","contentUrl":"https:\/\/secure.gravatar.com\/avatar\/e0a867bdedb85fd243eadf09663511f96fc81e0720a4a42581f334ad4303aa6b?s=96&d=mm&r=g","caption":"Reda\u00e7\u00e3o"}}]}},"amp_enabled":true,"_links":{"self":[{"href":"https:\/\/www.notibras.com\/site\/wp-json\/wp\/v2\/posts\/29856","targetHints":{"allow":["GET"]}}],"collection":[{"href":"https:\/\/www.notibras.com\/site\/wp-json\/wp\/v2\/posts"}],"about":[{"href":"https:\/\/www.notibras.com\/site\/wp-json\/wp\/v2\/types\/post"}],"author":[{"embeddable":true,"href":"https:\/\/www.notibras.com\/site\/wp-json\/wp\/v2\/users\/2"}],"replies":[{"embeddable":true,"href":"https:\/\/www.notibras.com\/site\/wp-json\/wp\/v2\/comments?post=29856"}],"version-history":[{"count":0,"href":"https:\/\/www.notibras.com\/site\/wp-json\/wp\/v2\/posts\/29856\/revisions"}],"wp:featuredmedia":[{"embeddable":true,"href":"https:\/\/www.notibras.com\/site\/wp-json\/wp\/v2\/media\/29857"}],"wp:attachment":[{"href":"https:\/\/www.notibras.com\/site\/wp-json\/wp\/v2\/media?parent=29856"}],"wp:term":[{"taxonomy":"category","embeddable":true,"href":"https:\/\/www.notibras.com\/site\/wp-json\/wp\/v2\/categories?post=29856"},{"taxonomy":"post_tag","embeddable":true,"href":"https:\/\/www.notibras.com\/site\/wp-json\/wp\/v2\/tags?post=29856"}],"curies":[{"name":"wp","href":"https:\/\/api.w.org\/{rel}","templated":true}]}}