{"id":298851,"date":"2023-02-01T09:37:41","date_gmt":"2023-02-01T12:37:41","guid":{"rendered":"https:\/\/www.notibras.com\/site\/?p=298851"},"modified":"2023-02-01T09:37:41","modified_gmt":"2023-02-01T12:37:41","slug":"aves-nascidas-no-zoo-ajudarao-a-manter-especie","status":"publish","type":"post","link":"https:\/\/www.notibras.com\/site\/aves-nascidas-no-zoo-ajudarao-a-manter-especie\/","title":{"rendered":"Aves nascidas no Zoo ajudar\u00e3o a manter esp\u00e9cie"},"content":{"rendered":"<p>Tr\u00eas novas aves, nascidas no Jardim Zool\u00f3gico de Bras\u00edlia, podiam passar despercebidas em meio a um plantel de cerca de 700 animais. Mas elas ter\u00e3o um papel importante na conserva\u00e7\u00e3o da esp\u00e9cie e, logo, deixar\u00e3o a capital. Trata-se de um trio de jacutingas (Aburria jacutinga) \u2013 esp\u00e9cie amea\u00e7ada de extin\u00e7\u00e3o no Brasil. Os filhotes foram concebidos em cativeiro e ser\u00e3o destinados, a partir de maio, ao Projeto Jacutinga, da Sociedade para a Conservac\u0327a\u0303o das Aves do Brasil (SAVE Brasil).<\/p>\n<p>Elas ter\u00e3o casa nova: um viveiro do projeto na Serra da Mantiqueira, em S\u00e3o Paulo, gra\u00e7as a um trabalho dedicado da equipe do Zoo. \u201cExiste um studybook keeper da jacutinga, um material produzido por estudiosos que nos orienta sobre o perfil deste animal\u201d, explica a diretora de Aves do \u00f3rg\u00e3o, Ana Cristina de Castro. \u201cCom o sucesso reprodutivo que alcan\u00e7amos, estamos colaborando com nossos filhotes para os projetos de fora. Se aptos, eles ser\u00e3o reintroduzidos na natureza\u201d, acrescenta.<\/p>\n<p>N\u00e3o foi f\u00e1cil. O zool\u00f3gico da capital tinha um macho da esp\u00e9cie e, em 2018, recebeu o refor\u00e7o de mais um casal e uma f\u00eamea. Com as orienta\u00e7\u00f5es do studybook, foram iniciadas as tentativas para a chegada dos filhotes. Os ovos n\u00e3o vingavam ou n\u00e3o eram chocados pelos bichos. At\u00e9 que em outubro de 2022, nasceram os novos exemplares. \u201cEste \u00e9 um trabalho para que um animal como esse, amea\u00e7ado de extin\u00e7\u00e3o, n\u00e3o desapare\u00e7a\u201d, aponta a veterin\u00e1ria.<\/p>\n<p>\u201cO estudo realizado tamb\u00e9m nos orienta a colaborar com outras unidades. Por exemplo: est\u00e3o precisando de uma jacutinga em S\u00e3o Paulo para reprodu\u00e7\u00e3o. Se n\u00e3o for aparentada, enviamos\u201d, refor\u00e7a a chefe de Conserva\u00e7\u00e3o e Manejo de Aves, Ranne dos Santos. H\u00e1 a perspectiva de que, em breve, a t\u00e9cnica seja usada com outras aves do Zoo, como papagaios. Nos \u00faltimos tr\u00eas anos, nasceram cinco mam\u00edferos amea\u00e7ados de extin\u00e7\u00e3o por l\u00e1: tr\u00eas macacos (dois sauins-de-coleira e um bugio-de-m\u00e3os-ruivas) e uma anta.<\/p>\n<p><strong>As jacutingas<\/strong><br \/>\nCom bico azul e penas negras, a jacutinga \u00e9 da fam\u00edlia dos crac\u00eddeos. Apresenta breves semelhan\u00e7as com a galinha-d\u2019angola ou coc\u00e1, mais comum em nosso meio. A esp\u00e9cie habitam as florestas virgens das regi\u00f5es Centro-Oeste e Sudeste. As aves s\u00e3o v\u00edtimas da ca\u00e7a predat\u00f3ria e do desmatamento, o que tem reduzido as suas popula\u00e7\u00f5es.<\/p>\n<p>Medem em torno de 75 cm e se alimentam de frutos, flores e insetos. O Zoo, nas pr\u00f3ximas semanas, far\u00e1 o exame de sexagem destes novos moradores tempor\u00e1rios. Os outros dois casais da esp\u00e9cie podem ser observados no avi\u00e1rio central da unidade.<\/p>\n","protected":false},"excerpt":{"rendered":"<p>Tr\u00eas novas aves, nascidas no Jardim Zool\u00f3gico de Bras\u00edlia, podiam passar despercebidas em meio a um plantel de cerca de 700 animais. Mas elas ter\u00e3o um papel importante na conserva\u00e7\u00e3o da esp\u00e9cie e, logo, deixar\u00e3o a capital. Trata-se de um trio de jacutingas (Aburria jacutinga) \u2013 esp\u00e9cie amea\u00e7ada de extin\u00e7\u00e3o no Brasil. Os filhotes foram [&hellip;]<\/p>\n","protected":false},"author":2,"featured_media":298852,"comment_status":"closed","ping_status":"closed","sticky":false,"template":"","format":"standard","meta":{"_acf_changed":false,"footnotes":""},"categories":[161],"tags":[],"class_list":["post-298851","post","type-post","status-publish","format-standard","has-post-thumbnail","hentry","category-quadradinho-em-foco"],"acf":[],"yoast_head":"<!-- This site is optimized with the Yoast SEO plugin v27.2 - https:\/\/yoast.com\/product\/yoast-seo-wordpress\/ -->\n<title>Aves nascidas no Zoo ajudar\u00e3o a manter esp\u00e9cie - Notibras<\/title>\n<meta name=\"robots\" content=\"index, follow, max-snippet:-1, max-image-preview:large, max-video-preview:-1\" \/>\n<link rel=\"canonical\" href=\"https:\/\/www.notibras.com\/site\/aves-nascidas-no-zoo-ajudarao-a-manter-especie\/\" \/>\n<meta property=\"og:locale\" content=\"pt_BR\" \/>\n<meta property=\"og:type\" content=\"article\" \/>\n<meta property=\"og:title\" content=\"Aves nascidas no Zoo ajudar\u00e3o a manter esp\u00e9cie - Notibras\" \/>\n<meta property=\"og:description\" content=\"Tr\u00eas novas aves, nascidas no Jardim Zool\u00f3gico de Bras\u00edlia, podiam passar despercebidas em meio a um plantel de cerca de 700 animais. Mas elas ter\u00e3o um papel importante na conserva\u00e7\u00e3o da esp\u00e9cie e, logo, deixar\u00e3o a capital. Trata-se de um trio de jacutingas (Aburria jacutinga) \u2013 esp\u00e9cie amea\u00e7ada de extin\u00e7\u00e3o no Brasil. Os filhotes foram [&hellip;]\" \/>\n<meta property=\"og:url\" content=\"https:\/\/www.notibras.com\/site\/aves-nascidas-no-zoo-ajudarao-a-manter-especie\/\" \/>\n<meta property=\"og:site_name\" content=\"Notibras\" \/>\n<meta property=\"article:publisher\" content=\"https:\/\/www.facebook.com\/notibras\/\" \/>\n<meta property=\"article:published_time\" content=\"2023-02-01T12:37:41+00:00\" \/>\n<meta property=\"og:image\" content=\"https:\/\/www.notibras.com\/site\/wp-content\/uploads\/2023\/02\/52656833374_c39efed1cf_c.jpg\" \/>\n\t<meta property=\"og:image:width\" content=\"799\" \/>\n\t<meta property=\"og:image:height\" content=\"533\" \/>\n\t<meta property=\"og:image:type\" content=\"image\/jpeg\" \/>\n<meta name=\"author\" content=\"Reda\u00e7\u00e3o\" \/>\n<meta name=\"twitter:card\" content=\"summary_large_image\" \/>\n<meta name=\"twitter:creator\" content=\"@Notibras\" \/>\n<meta name=\"twitter:site\" content=\"@Notibras\" \/>\n<meta name=\"twitter:label1\" content=\"Escrito por\" \/>\n\t<meta name=\"twitter:data1\" content=\"Reda\u00e7\u00e3o\" \/>\n\t<meta name=\"twitter:label2\" content=\"Est. tempo de leitura\" \/>\n\t<meta name=\"twitter:data2\" content=\"3 minutos\" \/>\n<script type=\"application\/ld+json\" class=\"yoast-schema-graph\">{\"@context\":\"https:\/\/schema.org\",\"@graph\":[{\"@type\":\"Article\",\"@id\":\"https:\/\/www.notibras.com\/site\/aves-nascidas-no-zoo-ajudarao-a-manter-especie\/#article\",\"isPartOf\":{\"@id\":\"https:\/\/www.notibras.com\/site\/aves-nascidas-no-zoo-ajudarao-a-manter-especie\/\"},\"author\":{\"name\":\"Reda\u00e7\u00e3o\",\"@id\":\"https:\/\/www.notibras.com\/site\/#\/schema\/person\/36ab0979449956132d3e5b517ea76ac8\"},\"headline\":\"Aves nascidas no Zoo ajudar\u00e3o a manter esp\u00e9cie\",\"datePublished\":\"2023-02-01T12:37:41+00:00\",\"mainEntityOfPage\":{\"@id\":\"https:\/\/www.notibras.com\/site\/aves-nascidas-no-zoo-ajudarao-a-manter-especie\/\"},\"wordCount\":477,\"publisher\":{\"@id\":\"https:\/\/www.notibras.com\/site\/#organization\"},\"image\":{\"@id\":\"https:\/\/www.notibras.com\/site\/aves-nascidas-no-zoo-ajudarao-a-manter-especie\/#primaryimage\"},\"thumbnailUrl\":\"https:\/\/www.notibras.com\/site\/wp-content\/uploads\/2023\/02\/52656833374_c39efed1cf_c.jpg\",\"articleSection\":[\"Quadradinho em Foco\"],\"inLanguage\":\"pt-BR\"},{\"@type\":\"WebPage\",\"@id\":\"https:\/\/www.notibras.com\/site\/aves-nascidas-no-zoo-ajudarao-a-manter-especie\/\",\"url\":\"https:\/\/www.notibras.com\/site\/aves-nascidas-no-zoo-ajudarao-a-manter-especie\/\",\"name\":\"Aves nascidas no Zoo ajudar\u00e3o a manter esp\u00e9cie - Notibras\",\"isPartOf\":{\"@id\":\"https:\/\/www.notibras.com\/site\/#website\"},\"primaryImageOfPage\":{\"@id\":\"https:\/\/www.notibras.com\/site\/aves-nascidas-no-zoo-ajudarao-a-manter-especie\/#primaryimage\"},\"image\":{\"@id\":\"https:\/\/www.notibras.com\/site\/aves-nascidas-no-zoo-ajudarao-a-manter-especie\/#primaryimage\"},\"thumbnailUrl\":\"https:\/\/www.notibras.com\/site\/wp-content\/uploads\/2023\/02\/52656833374_c39efed1cf_c.jpg\",\"datePublished\":\"2023-02-01T12:37:41+00:00\",\"breadcrumb\":{\"@id\":\"https:\/\/www.notibras.com\/site\/aves-nascidas-no-zoo-ajudarao-a-manter-especie\/#breadcrumb\"},\"inLanguage\":\"pt-BR\",\"potentialAction\":[{\"@type\":\"ReadAction\",\"target\":[\"https:\/\/www.notibras.com\/site\/aves-nascidas-no-zoo-ajudarao-a-manter-especie\/\"]}]},{\"@type\":\"ImageObject\",\"inLanguage\":\"pt-BR\",\"@id\":\"https:\/\/www.notibras.com\/site\/aves-nascidas-no-zoo-ajudarao-a-manter-especie\/#primaryimage\",\"url\":\"https:\/\/www.notibras.com\/site\/wp-content\/uploads\/2023\/02\/52656833374_c39efed1cf_c.jpg\",\"contentUrl\":\"https:\/\/www.notibras.com\/site\/wp-content\/uploads\/2023\/02\/52656833374_c39efed1cf_c.jpg\",\"width\":799,\"height\":533},{\"@type\":\"BreadcrumbList\",\"@id\":\"https:\/\/www.notibras.com\/site\/aves-nascidas-no-zoo-ajudarao-a-manter-especie\/#breadcrumb\",\"itemListElement\":[{\"@type\":\"ListItem\",\"position\":1,\"name\":\"In\u00edcio\",\"item\":\"https:\/\/www.notibras.com\/site\/\"},{\"@type\":\"ListItem\",\"position\":2,\"name\":\"Aves nascidas no Zoo ajudar\u00e3o a manter esp\u00e9cie\"}]},{\"@type\":\"WebSite\",\"@id\":\"https:\/\/www.notibras.com\/site\/#website\",\"url\":\"https:\/\/www.notibras.com\/site\/\",\"name\":\"Notibras\",\"description\":\"Not\u00edcias de Bras\u00edlia, do Brasil e do Mundo\",\"publisher\":{\"@id\":\"https:\/\/www.notibras.com\/site\/#organization\"},\"potentialAction\":[{\"@type\":\"SearchAction\",\"target\":{\"@type\":\"EntryPoint\",\"urlTemplate\":\"https:\/\/www.notibras.com\/site\/?s={search_term_string}\"},\"query-input\":{\"@type\":\"PropertyValueSpecification\",\"valueRequired\":true,\"valueName\":\"search_term_string\"}}],\"inLanguage\":\"pt-BR\"},{\"@type\":\"Organization\",\"@id\":\"https:\/\/www.notibras.com\/site\/#organization\",\"name\":\"Grupo Notibras de Comunica\u00e7\u00e3o\",\"url\":\"https:\/\/www.notibras.com\/site\/\",\"logo\":{\"@type\":\"ImageObject\",\"inLanguage\":\"pt-BR\",\"@id\":\"https:\/\/www.notibras.com\/site\/#\/schema\/logo\/image\/\",\"url\":\"https:\/\/www.notibras.com\/site\/wp-content\/uploads\/2023\/01\/notibras23.png\",\"contentUrl\":\"https:\/\/www.notibras.com\/site\/wp-content\/uploads\/2023\/01\/notibras23.png\",\"width\":350,\"height\":87,\"caption\":\"Grupo Notibras de Comunica\u00e7\u00e3o\"},\"image\":{\"@id\":\"https:\/\/www.notibras.com\/site\/#\/schema\/logo\/image\/\"},\"sameAs\":[\"https:\/\/www.facebook.com\/notibras\/\",\"https:\/\/x.com\/Notibras\",\"https:\/\/www.instagram.com\/notibras\/\"]},{\"@type\":\"Person\",\"@id\":\"https:\/\/www.notibras.com\/site\/#\/schema\/person\/36ab0979449956132d3e5b517ea76ac8\",\"name\":\"Reda\u00e7\u00e3o\",\"image\":{\"@type\":\"ImageObject\",\"inLanguage\":\"pt-BR\",\"@id\":\"https:\/\/secure.gravatar.com\/avatar\/e0a867bdedb85fd243eadf09663511f96fc81e0720a4a42581f334ad4303aa6b?s=96&d=mm&r=g\",\"url\":\"https:\/\/secure.gravatar.com\/avatar\/e0a867bdedb85fd243eadf09663511f96fc81e0720a4a42581f334ad4303aa6b?s=96&d=mm&r=g\",\"contentUrl\":\"https:\/\/secure.gravatar.com\/avatar\/e0a867bdedb85fd243eadf09663511f96fc81e0720a4a42581f334ad4303aa6b?s=96&d=mm&r=g\",\"caption\":\"Reda\u00e7\u00e3o\"}}]}<\/script>\n<!-- \/ Yoast SEO plugin. -->","yoast_head_json":{"title":"Aves nascidas no Zoo ajudar\u00e3o a manter esp\u00e9cie - Notibras","robots":{"index":"index","follow":"follow","max-snippet":"max-snippet:-1","max-image-preview":"max-image-preview:large","max-video-preview":"max-video-preview:-1"},"canonical":"https:\/\/www.notibras.com\/site\/aves-nascidas-no-zoo-ajudarao-a-manter-especie\/","og_locale":"pt_BR","og_type":"article","og_title":"Aves nascidas no Zoo ajudar\u00e3o a manter esp\u00e9cie - Notibras","og_description":"Tr\u00eas novas aves, nascidas no Jardim Zool\u00f3gico de Bras\u00edlia, podiam passar despercebidas em meio a um plantel de cerca de 700 animais. Mas elas ter\u00e3o um papel importante na conserva\u00e7\u00e3o da esp\u00e9cie e, logo, deixar\u00e3o a capital. Trata-se de um trio de jacutingas (Aburria jacutinga) \u2013 esp\u00e9cie amea\u00e7ada de extin\u00e7\u00e3o no Brasil. Os filhotes foram [&hellip;]","og_url":"https:\/\/www.notibras.com\/site\/aves-nascidas-no-zoo-ajudarao-a-manter-especie\/","og_site_name":"Notibras","article_publisher":"https:\/\/www.facebook.com\/notibras\/","article_published_time":"2023-02-01T12:37:41+00:00","og_image":[{"width":799,"height":533,"url":"https:\/\/www.notibras.com\/site\/wp-content\/uploads\/2023\/02\/52656833374_c39efed1cf_c.jpg","type":"image\/jpeg"}],"author":"Reda\u00e7\u00e3o","twitter_card":"summary_large_image","twitter_creator":"@Notibras","twitter_site":"@Notibras","twitter_misc":{"Escrito por":"Reda\u00e7\u00e3o","Est. tempo de leitura":"3 minutos"},"schema":{"@context":"https:\/\/schema.org","@graph":[{"@type":"Article","@id":"https:\/\/www.notibras.com\/site\/aves-nascidas-no-zoo-ajudarao-a-manter-especie\/#article","isPartOf":{"@id":"https:\/\/www.notibras.com\/site\/aves-nascidas-no-zoo-ajudarao-a-manter-especie\/"},"author":{"name":"Reda\u00e7\u00e3o","@id":"https:\/\/www.notibras.com\/site\/#\/schema\/person\/36ab0979449956132d3e5b517ea76ac8"},"headline":"Aves nascidas no Zoo ajudar\u00e3o a manter esp\u00e9cie","datePublished":"2023-02-01T12:37:41+00:00","mainEntityOfPage":{"@id":"https:\/\/www.notibras.com\/site\/aves-nascidas-no-zoo-ajudarao-a-manter-especie\/"},"wordCount":477,"publisher":{"@id":"https:\/\/www.notibras.com\/site\/#organization"},"image":{"@id":"https:\/\/www.notibras.com\/site\/aves-nascidas-no-zoo-ajudarao-a-manter-especie\/#primaryimage"},"thumbnailUrl":"https:\/\/www.notibras.com\/site\/wp-content\/uploads\/2023\/02\/52656833374_c39efed1cf_c.jpg","articleSection":["Quadradinho em Foco"],"inLanguage":"pt-BR"},{"@type":"WebPage","@id":"https:\/\/www.notibras.com\/site\/aves-nascidas-no-zoo-ajudarao-a-manter-especie\/","url":"https:\/\/www.notibras.com\/site\/aves-nascidas-no-zoo-ajudarao-a-manter-especie\/","name":"Aves nascidas no Zoo ajudar\u00e3o a manter esp\u00e9cie - Notibras","isPartOf":{"@id":"https:\/\/www.notibras.com\/site\/#website"},"primaryImageOfPage":{"@id":"https:\/\/www.notibras.com\/site\/aves-nascidas-no-zoo-ajudarao-a-manter-especie\/#primaryimage"},"image":{"@id":"https:\/\/www.notibras.com\/site\/aves-nascidas-no-zoo-ajudarao-a-manter-especie\/#primaryimage"},"thumbnailUrl":"https:\/\/www.notibras.com\/site\/wp-content\/uploads\/2023\/02\/52656833374_c39efed1cf_c.jpg","datePublished":"2023-02-01T12:37:41+00:00","breadcrumb":{"@id":"https:\/\/www.notibras.com\/site\/aves-nascidas-no-zoo-ajudarao-a-manter-especie\/#breadcrumb"},"inLanguage":"pt-BR","potentialAction":[{"@type":"ReadAction","target":["https:\/\/www.notibras.com\/site\/aves-nascidas-no-zoo-ajudarao-a-manter-especie\/"]}]},{"@type":"ImageObject","inLanguage":"pt-BR","@id":"https:\/\/www.notibras.com\/site\/aves-nascidas-no-zoo-ajudarao-a-manter-especie\/#primaryimage","url":"https:\/\/www.notibras.com\/site\/wp-content\/uploads\/2023\/02\/52656833374_c39efed1cf_c.jpg","contentUrl":"https:\/\/www.notibras.com\/site\/wp-content\/uploads\/2023\/02\/52656833374_c39efed1cf_c.jpg","width":799,"height":533},{"@type":"BreadcrumbList","@id":"https:\/\/www.notibras.com\/site\/aves-nascidas-no-zoo-ajudarao-a-manter-especie\/#breadcrumb","itemListElement":[{"@type":"ListItem","position":1,"name":"In\u00edcio","item":"https:\/\/www.notibras.com\/site\/"},{"@type":"ListItem","position":2,"name":"Aves nascidas no Zoo ajudar\u00e3o a manter esp\u00e9cie"}]},{"@type":"WebSite","@id":"https:\/\/www.notibras.com\/site\/#website","url":"https:\/\/www.notibras.com\/site\/","name":"Notibras","description":"Not\u00edcias de Bras\u00edlia, do Brasil e do Mundo","publisher":{"@id":"https:\/\/www.notibras.com\/site\/#organization"},"potentialAction":[{"@type":"SearchAction","target":{"@type":"EntryPoint","urlTemplate":"https:\/\/www.notibras.com\/site\/?s={search_term_string}"},"query-input":{"@type":"PropertyValueSpecification","valueRequired":true,"valueName":"search_term_string"}}],"inLanguage":"pt-BR"},{"@type":"Organization","@id":"https:\/\/www.notibras.com\/site\/#organization","name":"Grupo Notibras de Comunica\u00e7\u00e3o","url":"https:\/\/www.notibras.com\/site\/","logo":{"@type":"ImageObject","inLanguage":"pt-BR","@id":"https:\/\/www.notibras.com\/site\/#\/schema\/logo\/image\/","url":"https:\/\/www.notibras.com\/site\/wp-content\/uploads\/2023\/01\/notibras23.png","contentUrl":"https:\/\/www.notibras.com\/site\/wp-content\/uploads\/2023\/01\/notibras23.png","width":350,"height":87,"caption":"Grupo Notibras de Comunica\u00e7\u00e3o"},"image":{"@id":"https:\/\/www.notibras.com\/site\/#\/schema\/logo\/image\/"},"sameAs":["https:\/\/www.facebook.com\/notibras\/","https:\/\/x.com\/Notibras","https:\/\/www.instagram.com\/notibras\/"]},{"@type":"Person","@id":"https:\/\/www.notibras.com\/site\/#\/schema\/person\/36ab0979449956132d3e5b517ea76ac8","name":"Reda\u00e7\u00e3o","image":{"@type":"ImageObject","inLanguage":"pt-BR","@id":"https:\/\/secure.gravatar.com\/avatar\/e0a867bdedb85fd243eadf09663511f96fc81e0720a4a42581f334ad4303aa6b?s=96&d=mm&r=g","url":"https:\/\/secure.gravatar.com\/avatar\/e0a867bdedb85fd243eadf09663511f96fc81e0720a4a42581f334ad4303aa6b?s=96&d=mm&r=g","contentUrl":"https:\/\/secure.gravatar.com\/avatar\/e0a867bdedb85fd243eadf09663511f96fc81e0720a4a42581f334ad4303aa6b?s=96&d=mm&r=g","caption":"Reda\u00e7\u00e3o"}}]}},"amp_enabled":true,"_links":{"self":[{"href":"https:\/\/www.notibras.com\/site\/wp-json\/wp\/v2\/posts\/298851","targetHints":{"allow":["GET"]}}],"collection":[{"href":"https:\/\/www.notibras.com\/site\/wp-json\/wp\/v2\/posts"}],"about":[{"href":"https:\/\/www.notibras.com\/site\/wp-json\/wp\/v2\/types\/post"}],"author":[{"embeddable":true,"href":"https:\/\/www.notibras.com\/site\/wp-json\/wp\/v2\/users\/2"}],"replies":[{"embeddable":true,"href":"https:\/\/www.notibras.com\/site\/wp-json\/wp\/v2\/comments?post=298851"}],"version-history":[{"count":1,"href":"https:\/\/www.notibras.com\/site\/wp-json\/wp\/v2\/posts\/298851\/revisions"}],"predecessor-version":[{"id":298853,"href":"https:\/\/www.notibras.com\/site\/wp-json\/wp\/v2\/posts\/298851\/revisions\/298853"}],"wp:featuredmedia":[{"embeddable":true,"href":"https:\/\/www.notibras.com\/site\/wp-json\/wp\/v2\/media\/298852"}],"wp:attachment":[{"href":"https:\/\/www.notibras.com\/site\/wp-json\/wp\/v2\/media?parent=298851"}],"wp:term":[{"taxonomy":"category","embeddable":true,"href":"https:\/\/www.notibras.com\/site\/wp-json\/wp\/v2\/categories?post=298851"},{"taxonomy":"post_tag","embeddable":true,"href":"https:\/\/www.notibras.com\/site\/wp-json\/wp\/v2\/tags?post=298851"}],"curies":[{"name":"wp","href":"https:\/\/api.w.org\/{rel}","templated":true}]}}