{"id":298854,"date":"2023-02-01T08:46:27","date_gmt":"2023-02-01T11:46:27","guid":{"rendered":"https:\/\/www.notibras.com\/site\/?p=298854"},"modified":"2023-02-01T09:55:40","modified_gmt":"2023-02-01T12:55:40","slug":"brasilia-vai-ter-milho-de-sobra-para-pipoca-pamonha-cural","status":"publish","type":"post","link":"https:\/\/www.notibras.com\/site\/brasilia-vai-ter-milho-de-sobra-para-pipoca-pamonha-cural\/","title":{"rendered":"Bras\u00edlia vai ter milho de sobra para pipoca, pamonha, cural&#8230;"},"content":{"rendered":"<p>Agricultores familiares de 12 acampamentos rurais localizados no Distrito Federal receberam sacos de milho de duas variedades desenvolvidas pela Embrapa \u2013 BRS Taquaral e BRS Ribeir\u00e3o. Trata-se de uma a\u00e7\u00e3o conjunta da Embrapa Cerrados, Emater, Ceasa-DF e Secretaria de Agricultura. A iniciativa busca garantir seguran\u00e7a alimentar das fam\u00edlias envolvidas e, tamb\u00e9m, servir\u00e1 para que os pesquisadores possam avaliar o comportamento desses materiais que ser\u00e3o plantados nas \u00e1reas coletivas dos acampamentos.<\/p>\n<p>A Embrapa doou 24 sacos de milho e a cerim\u00f4nia de entrega das sementes foi realizada na Funda\u00e7\u00e3o Casa Cerrado.<\/p>\n<p>De acordo com o chefe-geral da Embrapa Cerrados, a ideia \u00e9 dar continuidade \u00e0 a\u00e7\u00e3o de entrega das sementes e abrir o leque para outras esp\u00e9cies. \u201cEstamos iniciando com as sementes de milho, mas nossa inten\u00e7\u00e3o \u00e9 dar prosseguimento a esse trabalho. Esse \u00e9 apenas um piloto. Al\u00e9m de entregar as sementes, vamos avaliar o comportamento desses materiais\u201d, afirmou. Sebasti\u00e3o Pedro informou que as duas variedades de milho s\u00e3o resultado de pesquisa iniciada h\u00e1 20 anos e apresentam potencial especialmente para serem utilizadas em silagem, consumo como milho verde e para produ\u00e7\u00e3o de gr\u00e3os para ra\u00e7\u00e3o.<\/p>\n<p>\u201cEssas s\u00e3o sementes que podem ser multiplicadas. A iniciativa est\u00e1 sendo implementada no \u00e2mbito dos nossos programas de seguran\u00e7a alimentar e combate \u00e0 fome. S\u00e3o sementes que ser\u00e3o plantadas em \u00e1reas coletivas e a Emater dar\u00e1 total apoio para garantirmos que tudo d\u00ea certo\u201d, afirmou o presidente da Emater, Cleison Duval.<\/p>\n<p>\u201c\u00c9 material fruto da pesquisa chegando \u00e0s m\u00e3os dos produtores\u201d, enfatizou Fernando Rodriguez, secret\u00e1rio de Agricultura. A Seagri-DF foi a respons\u00e1vel pela sele\u00e7\u00e3o dos acampamentos que seriam beneficiados por essa iniciativa conjunta. Cada acampamento recebeu dois sacos de 20 quilos cada.<\/p>\n<p>\u201cEsse reconhecimento das nossas \u00e1reas \u00e9 muito representativo e a nossa torcida \u00e9 para que iniciativas como essa tenham continuidade\u201d, afirmou Robsneide da Silva, do acampamento Noelton Ang\u00e9lico, localizado na BR-080.<\/p>\n<p>\u201c\u00c9 a primeira vez que estamos recebendo sementes e sabemos que se trata de material de qualidade. Isso nos deixa muito felizes, pois representa dignidade e respeito ao nosso grupo e alimento para as nossas fam\u00edlias\u201d, afirmou Maria da Concei\u00e7\u00e3o da Silva, do acampamento 10 de junho, do Gama. \u201cEssas sementes chegaram numa \u00f3tima hora. Pra gente, \u00e9 importante demais. Vamos plantar e tentar aumentar para o pr\u00f3ximo ano\u201d, contou Domingos Ferreira, do acampamento 8 de mar\u00e7o, de Planaltina.<\/p>\n<p>\u201cAs variedades v\u00e3o ser cultivadas pelos produtores e acompanhadas pela pesquisa como unidades demonstrativas e de valida\u00e7\u00e3o tecnol\u00f3gica. A Emater tamb\u00e9m vai auxiliar no processo de transfer\u00eancia de tecnologia e avalia\u00e7\u00e3o dessas cultivares nessas pequenas propriedades\u201d, explica o chefe de Transfer\u00eancia de Tecnologia da Embrapa Cerrados, F\u00e1bio Faleiro.<\/p>\n<p>Ele ressalta que as duas institui\u00e7\u00f5es s\u00e3o parceiras de longa data e que trabalhos como esse de valida\u00e7\u00e3o nas propriedades rurais j\u00e1 s\u00e3o feitos com diferentes culturas. \u201cAs a\u00e7\u00f5es da parceria entre a Embrapa e a Emater, alinhadas a importantes pol\u00edticas p\u00fablicas, permitem fortalecer a conex\u00e3o das empresas com o setor produtivo e o produtor rural. Essa conex\u00e3o \u00e9 fundamental para as a\u00e7\u00f5es de transfer\u00eancia de tecnologia e, tamb\u00e9m, para a prospec\u00e7\u00e3o de demandas reais para novas a\u00e7\u00f5es de pesquisa e desenvolvimento\u201d, afirma Faleiro.<\/p>\n<p>As variedades de milho BRS Taquaral e BRS Ribeir\u00e3o foram desenvolvidas pela Embrapa Cerrados junto com agricultores do estado de Goi\u00e1s, a partir do melhoramento participativo (quando a comunidade participa de todo o processo de sele\u00e7\u00e3o) predominantemente em ambientes em transi\u00e7\u00e3o agroecol\u00f3gica.<\/p>\n<p>\u201cEssa estrat\u00e9gia \u00e9 fundamental para que as variedades se adaptem \u00e0 realidade local, possibilitando aumento na resist\u00eancia aos estresses abi\u00f3ticos espec\u00edficos, ao manejo empregado nas \u00e1reas, al\u00e9m de serem adequadas aos usos e prefer\u00eancias dos agricultores\u201d, explica o pesquisador da Embrapa Cerrados, Altair Toledo.<\/p>\n","protected":false},"excerpt":{"rendered":"<p>Agricultores familiares de 12 acampamentos rurais localizados no Distrito Federal receberam sacos de milho de duas variedades desenvolvidas pela Embrapa \u2013 BRS Taquaral e BRS Ribeir\u00e3o. Trata-se de uma a\u00e7\u00e3o conjunta da Embrapa Cerrados, Emater, Ceasa-DF e Secretaria de Agricultura. A iniciativa busca garantir seguran\u00e7a alimentar das fam\u00edlias envolvidas e, tamb\u00e9m, servir\u00e1 para que os [&hellip;]<\/p>\n","protected":false},"author":2,"featured_media":108403,"comment_status":"closed","ping_status":"closed","sticky":false,"template":"","format":"standard","meta":{"_acf_changed":false,"footnotes":""},"categories":[161],"tags":[],"class_list":["post-298854","post","type-post","status-publish","format-standard","has-post-thumbnail","hentry","category-quadradinho-em-foco"],"acf":[],"yoast_head":"<!-- This site is optimized with the Yoast SEO plugin v27.2 - https:\/\/yoast.com\/product\/yoast-seo-wordpress\/ -->\n<title>Bras\u00edlia vai ter milho de sobra para pipoca, pamonha, cural... - Notibras<\/title>\n<meta name=\"robots\" content=\"index, follow, max-snippet:-1, max-image-preview:large, max-video-preview:-1\" \/>\n<link rel=\"canonical\" href=\"https:\/\/www.notibras.com\/site\/brasilia-vai-ter-milho-de-sobra-para-pipoca-pamonha-cural\/\" \/>\n<meta property=\"og:locale\" content=\"pt_BR\" \/>\n<meta property=\"og:type\" content=\"article\" \/>\n<meta property=\"og:title\" content=\"Bras\u00edlia vai ter milho de sobra para pipoca, pamonha, cural... - Notibras\" \/>\n<meta property=\"og:description\" content=\"Agricultores familiares de 12 acampamentos rurais localizados no Distrito Federal receberam sacos de milho de duas variedades desenvolvidas pela Embrapa \u2013 BRS Taquaral e BRS Ribeir\u00e3o. Trata-se de uma a\u00e7\u00e3o conjunta da Embrapa Cerrados, Emater, Ceasa-DF e Secretaria de Agricultura. A iniciativa busca garantir seguran\u00e7a alimentar das fam\u00edlias envolvidas e, tamb\u00e9m, servir\u00e1 para que os [&hellip;]\" \/>\n<meta property=\"og:url\" content=\"https:\/\/www.notibras.com\/site\/brasilia-vai-ter-milho-de-sobra-para-pipoca-pamonha-cural\/\" \/>\n<meta property=\"og:site_name\" content=\"Notibras\" \/>\n<meta property=\"article:publisher\" content=\"https:\/\/www.facebook.com\/notibras\/\" \/>\n<meta property=\"article:published_time\" content=\"2023-02-01T11:46:27+00:00\" \/>\n<meta property=\"article:modified_time\" content=\"2023-02-01T12:55:40+00:00\" \/>\n<meta property=\"og:image\" content=\"https:\/\/www.notibras.com\/site\/wp-content\/uploads\/2016\/07\/Milho.jpg\" \/>\n\t<meta property=\"og:image:width\" content=\"800\" \/>\n\t<meta property=\"og:image:height\" content=\"532\" \/>\n\t<meta property=\"og:image:type\" content=\"image\/jpeg\" \/>\n<meta name=\"author\" content=\"Reda\u00e7\u00e3o\" \/>\n<meta name=\"twitter:card\" content=\"summary_large_image\" \/>\n<meta name=\"twitter:creator\" content=\"@Notibras\" \/>\n<meta name=\"twitter:site\" content=\"@Notibras\" \/>\n<meta name=\"twitter:label1\" content=\"Escrito por\" \/>\n\t<meta name=\"twitter:data1\" content=\"Reda\u00e7\u00e3o\" \/>\n\t<meta name=\"twitter:label2\" content=\"Est. tempo de leitura\" \/>\n\t<meta name=\"twitter:data2\" content=\"4 minutos\" \/>\n<script type=\"application\/ld+json\" class=\"yoast-schema-graph\">{\"@context\":\"https:\/\/schema.org\",\"@graph\":[{\"@type\":\"Article\",\"@id\":\"https:\/\/www.notibras.com\/site\/brasilia-vai-ter-milho-de-sobra-para-pipoca-pamonha-cural\/#article\",\"isPartOf\":{\"@id\":\"https:\/\/www.notibras.com\/site\/brasilia-vai-ter-milho-de-sobra-para-pipoca-pamonha-cural\/\"},\"author\":{\"name\":\"Reda\u00e7\u00e3o\",\"@id\":\"https:\/\/www.notibras.com\/site\/#\/schema\/person\/36ab0979449956132d3e5b517ea76ac8\"},\"headline\":\"Bras\u00edlia vai ter milho de sobra para pipoca, pamonha, cural&#8230;\",\"datePublished\":\"2023-02-01T11:46:27+00:00\",\"dateModified\":\"2023-02-01T12:55:40+00:00\",\"mainEntityOfPage\":{\"@id\":\"https:\/\/www.notibras.com\/site\/brasilia-vai-ter-milho-de-sobra-para-pipoca-pamonha-cural\/\"},\"wordCount\":660,\"publisher\":{\"@id\":\"https:\/\/www.notibras.com\/site\/#organization\"},\"image\":{\"@id\":\"https:\/\/www.notibras.com\/site\/brasilia-vai-ter-milho-de-sobra-para-pipoca-pamonha-cural\/#primaryimage\"},\"thumbnailUrl\":\"https:\/\/www.notibras.com\/site\/wp-content\/uploads\/2016\/07\/Milho.jpg\",\"articleSection\":[\"Quadradinho em Foco\"],\"inLanguage\":\"pt-BR\"},{\"@type\":\"WebPage\",\"@id\":\"https:\/\/www.notibras.com\/site\/brasilia-vai-ter-milho-de-sobra-para-pipoca-pamonha-cural\/\",\"url\":\"https:\/\/www.notibras.com\/site\/brasilia-vai-ter-milho-de-sobra-para-pipoca-pamonha-cural\/\",\"name\":\"Bras\u00edlia vai ter milho de sobra para pipoca, pamonha, cural... - Notibras\",\"isPartOf\":{\"@id\":\"https:\/\/www.notibras.com\/site\/#website\"},\"primaryImageOfPage\":{\"@id\":\"https:\/\/www.notibras.com\/site\/brasilia-vai-ter-milho-de-sobra-para-pipoca-pamonha-cural\/#primaryimage\"},\"image\":{\"@id\":\"https:\/\/www.notibras.com\/site\/brasilia-vai-ter-milho-de-sobra-para-pipoca-pamonha-cural\/#primaryimage\"},\"thumbnailUrl\":\"https:\/\/www.notibras.com\/site\/wp-content\/uploads\/2016\/07\/Milho.jpg\",\"datePublished\":\"2023-02-01T11:46:27+00:00\",\"dateModified\":\"2023-02-01T12:55:40+00:00\",\"breadcrumb\":{\"@id\":\"https:\/\/www.notibras.com\/site\/brasilia-vai-ter-milho-de-sobra-para-pipoca-pamonha-cural\/#breadcrumb\"},\"inLanguage\":\"pt-BR\",\"potentialAction\":[{\"@type\":\"ReadAction\",\"target\":[\"https:\/\/www.notibras.com\/site\/brasilia-vai-ter-milho-de-sobra-para-pipoca-pamonha-cural\/\"]}]},{\"@type\":\"ImageObject\",\"inLanguage\":\"pt-BR\",\"@id\":\"https:\/\/www.notibras.com\/site\/brasilia-vai-ter-milho-de-sobra-para-pipoca-pamonha-cural\/#primaryimage\",\"url\":\"https:\/\/www.notibras.com\/site\/wp-content\/uploads\/2016\/07\/Milho.jpg\",\"contentUrl\":\"https:\/\/www.notibras.com\/site\/wp-content\/uploads\/2016\/07\/Milho.jpg\",\"width\":800,\"height\":532,\"caption\":\"Foto\/Arquivo Notibras\"},{\"@type\":\"BreadcrumbList\",\"@id\":\"https:\/\/www.notibras.com\/site\/brasilia-vai-ter-milho-de-sobra-para-pipoca-pamonha-cural\/#breadcrumb\",\"itemListElement\":[{\"@type\":\"ListItem\",\"position\":1,\"name\":\"In\u00edcio\",\"item\":\"https:\/\/www.notibras.com\/site\/\"},{\"@type\":\"ListItem\",\"position\":2,\"name\":\"Bras\u00edlia vai ter milho de sobra para pipoca, pamonha, cural&#8230;\"}]},{\"@type\":\"WebSite\",\"@id\":\"https:\/\/www.notibras.com\/site\/#website\",\"url\":\"https:\/\/www.notibras.com\/site\/\",\"name\":\"Notibras\",\"description\":\"Not\u00edcias de Bras\u00edlia, do Brasil e do Mundo\",\"publisher\":{\"@id\":\"https:\/\/www.notibras.com\/site\/#organization\"},\"potentialAction\":[{\"@type\":\"SearchAction\",\"target\":{\"@type\":\"EntryPoint\",\"urlTemplate\":\"https:\/\/www.notibras.com\/site\/?s={search_term_string}\"},\"query-input\":{\"@type\":\"PropertyValueSpecification\",\"valueRequired\":true,\"valueName\":\"search_term_string\"}}],\"inLanguage\":\"pt-BR\"},{\"@type\":\"Organization\",\"@id\":\"https:\/\/www.notibras.com\/site\/#organization\",\"name\":\"Grupo Notibras de Comunica\u00e7\u00e3o\",\"url\":\"https:\/\/www.notibras.com\/site\/\",\"logo\":{\"@type\":\"ImageObject\",\"inLanguage\":\"pt-BR\",\"@id\":\"https:\/\/www.notibras.com\/site\/#\/schema\/logo\/image\/\",\"url\":\"https:\/\/www.notibras.com\/site\/wp-content\/uploads\/2023\/01\/notibras23.png\",\"contentUrl\":\"https:\/\/www.notibras.com\/site\/wp-content\/uploads\/2023\/01\/notibras23.png\",\"width\":350,\"height\":87,\"caption\":\"Grupo Notibras de Comunica\u00e7\u00e3o\"},\"image\":{\"@id\":\"https:\/\/www.notibras.com\/site\/#\/schema\/logo\/image\/\"},\"sameAs\":[\"https:\/\/www.facebook.com\/notibras\/\",\"https:\/\/x.com\/Notibras\",\"https:\/\/www.instagram.com\/notibras\/\"]},{\"@type\":\"Person\",\"@id\":\"https:\/\/www.notibras.com\/site\/#\/schema\/person\/36ab0979449956132d3e5b517ea76ac8\",\"name\":\"Reda\u00e7\u00e3o\",\"image\":{\"@type\":\"ImageObject\",\"inLanguage\":\"pt-BR\",\"@id\":\"https:\/\/secure.gravatar.com\/avatar\/e0a867bdedb85fd243eadf09663511f96fc81e0720a4a42581f334ad4303aa6b?s=96&d=mm&r=g\",\"url\":\"https:\/\/secure.gravatar.com\/avatar\/e0a867bdedb85fd243eadf09663511f96fc81e0720a4a42581f334ad4303aa6b?s=96&d=mm&r=g\",\"contentUrl\":\"https:\/\/secure.gravatar.com\/avatar\/e0a867bdedb85fd243eadf09663511f96fc81e0720a4a42581f334ad4303aa6b?s=96&d=mm&r=g\",\"caption\":\"Reda\u00e7\u00e3o\"}}]}<\/script>\n<!-- \/ Yoast SEO plugin. -->","yoast_head_json":{"title":"Bras\u00edlia vai ter milho de sobra para pipoca, pamonha, cural... - Notibras","robots":{"index":"index","follow":"follow","max-snippet":"max-snippet:-1","max-image-preview":"max-image-preview:large","max-video-preview":"max-video-preview:-1"},"canonical":"https:\/\/www.notibras.com\/site\/brasilia-vai-ter-milho-de-sobra-para-pipoca-pamonha-cural\/","og_locale":"pt_BR","og_type":"article","og_title":"Bras\u00edlia vai ter milho de sobra para pipoca, pamonha, cural... - Notibras","og_description":"Agricultores familiares de 12 acampamentos rurais localizados no Distrito Federal receberam sacos de milho de duas variedades desenvolvidas pela Embrapa \u2013 BRS Taquaral e BRS Ribeir\u00e3o. Trata-se de uma a\u00e7\u00e3o conjunta da Embrapa Cerrados, Emater, Ceasa-DF e Secretaria de Agricultura. A iniciativa busca garantir seguran\u00e7a alimentar das fam\u00edlias envolvidas e, tamb\u00e9m, servir\u00e1 para que os [&hellip;]","og_url":"https:\/\/www.notibras.com\/site\/brasilia-vai-ter-milho-de-sobra-para-pipoca-pamonha-cural\/","og_site_name":"Notibras","article_publisher":"https:\/\/www.facebook.com\/notibras\/","article_published_time":"2023-02-01T11:46:27+00:00","article_modified_time":"2023-02-01T12:55:40+00:00","og_image":[{"width":800,"height":532,"url":"https:\/\/www.notibras.com\/site\/wp-content\/uploads\/2016\/07\/Milho.jpg","type":"image\/jpeg"}],"author":"Reda\u00e7\u00e3o","twitter_card":"summary_large_image","twitter_creator":"@Notibras","twitter_site":"@Notibras","twitter_misc":{"Escrito por":"Reda\u00e7\u00e3o","Est. tempo de leitura":"4 minutos"},"schema":{"@context":"https:\/\/schema.org","@graph":[{"@type":"Article","@id":"https:\/\/www.notibras.com\/site\/brasilia-vai-ter-milho-de-sobra-para-pipoca-pamonha-cural\/#article","isPartOf":{"@id":"https:\/\/www.notibras.com\/site\/brasilia-vai-ter-milho-de-sobra-para-pipoca-pamonha-cural\/"},"author":{"name":"Reda\u00e7\u00e3o","@id":"https:\/\/www.notibras.com\/site\/#\/schema\/person\/36ab0979449956132d3e5b517ea76ac8"},"headline":"Bras\u00edlia vai ter milho de sobra para pipoca, pamonha, cural&#8230;","datePublished":"2023-02-01T11:46:27+00:00","dateModified":"2023-02-01T12:55:40+00:00","mainEntityOfPage":{"@id":"https:\/\/www.notibras.com\/site\/brasilia-vai-ter-milho-de-sobra-para-pipoca-pamonha-cural\/"},"wordCount":660,"publisher":{"@id":"https:\/\/www.notibras.com\/site\/#organization"},"image":{"@id":"https:\/\/www.notibras.com\/site\/brasilia-vai-ter-milho-de-sobra-para-pipoca-pamonha-cural\/#primaryimage"},"thumbnailUrl":"https:\/\/www.notibras.com\/site\/wp-content\/uploads\/2016\/07\/Milho.jpg","articleSection":["Quadradinho em Foco"],"inLanguage":"pt-BR"},{"@type":"WebPage","@id":"https:\/\/www.notibras.com\/site\/brasilia-vai-ter-milho-de-sobra-para-pipoca-pamonha-cural\/","url":"https:\/\/www.notibras.com\/site\/brasilia-vai-ter-milho-de-sobra-para-pipoca-pamonha-cural\/","name":"Bras\u00edlia vai ter milho de sobra para pipoca, pamonha, cural... - Notibras","isPartOf":{"@id":"https:\/\/www.notibras.com\/site\/#website"},"primaryImageOfPage":{"@id":"https:\/\/www.notibras.com\/site\/brasilia-vai-ter-milho-de-sobra-para-pipoca-pamonha-cural\/#primaryimage"},"image":{"@id":"https:\/\/www.notibras.com\/site\/brasilia-vai-ter-milho-de-sobra-para-pipoca-pamonha-cural\/#primaryimage"},"thumbnailUrl":"https:\/\/www.notibras.com\/site\/wp-content\/uploads\/2016\/07\/Milho.jpg","datePublished":"2023-02-01T11:46:27+00:00","dateModified":"2023-02-01T12:55:40+00:00","breadcrumb":{"@id":"https:\/\/www.notibras.com\/site\/brasilia-vai-ter-milho-de-sobra-para-pipoca-pamonha-cural\/#breadcrumb"},"inLanguage":"pt-BR","potentialAction":[{"@type":"ReadAction","target":["https:\/\/www.notibras.com\/site\/brasilia-vai-ter-milho-de-sobra-para-pipoca-pamonha-cural\/"]}]},{"@type":"ImageObject","inLanguage":"pt-BR","@id":"https:\/\/www.notibras.com\/site\/brasilia-vai-ter-milho-de-sobra-para-pipoca-pamonha-cural\/#primaryimage","url":"https:\/\/www.notibras.com\/site\/wp-content\/uploads\/2016\/07\/Milho.jpg","contentUrl":"https:\/\/www.notibras.com\/site\/wp-content\/uploads\/2016\/07\/Milho.jpg","width":800,"height":532,"caption":"Foto\/Arquivo Notibras"},{"@type":"BreadcrumbList","@id":"https:\/\/www.notibras.com\/site\/brasilia-vai-ter-milho-de-sobra-para-pipoca-pamonha-cural\/#breadcrumb","itemListElement":[{"@type":"ListItem","position":1,"name":"In\u00edcio","item":"https:\/\/www.notibras.com\/site\/"},{"@type":"ListItem","position":2,"name":"Bras\u00edlia vai ter milho de sobra para pipoca, pamonha, cural&#8230;"}]},{"@type":"WebSite","@id":"https:\/\/www.notibras.com\/site\/#website","url":"https:\/\/www.notibras.com\/site\/","name":"Notibras","description":"Not\u00edcias de Bras\u00edlia, do Brasil e do Mundo","publisher":{"@id":"https:\/\/www.notibras.com\/site\/#organization"},"potentialAction":[{"@type":"SearchAction","target":{"@type":"EntryPoint","urlTemplate":"https:\/\/www.notibras.com\/site\/?s={search_term_string}"},"query-input":{"@type":"PropertyValueSpecification","valueRequired":true,"valueName":"search_term_string"}}],"inLanguage":"pt-BR"},{"@type":"Organization","@id":"https:\/\/www.notibras.com\/site\/#organization","name":"Grupo Notibras de Comunica\u00e7\u00e3o","url":"https:\/\/www.notibras.com\/site\/","logo":{"@type":"ImageObject","inLanguage":"pt-BR","@id":"https:\/\/www.notibras.com\/site\/#\/schema\/logo\/image\/","url":"https:\/\/www.notibras.com\/site\/wp-content\/uploads\/2023\/01\/notibras23.png","contentUrl":"https:\/\/www.notibras.com\/site\/wp-content\/uploads\/2023\/01\/notibras23.png","width":350,"height":87,"caption":"Grupo Notibras de Comunica\u00e7\u00e3o"},"image":{"@id":"https:\/\/www.notibras.com\/site\/#\/schema\/logo\/image\/"},"sameAs":["https:\/\/www.facebook.com\/notibras\/","https:\/\/x.com\/Notibras","https:\/\/www.instagram.com\/notibras\/"]},{"@type":"Person","@id":"https:\/\/www.notibras.com\/site\/#\/schema\/person\/36ab0979449956132d3e5b517ea76ac8","name":"Reda\u00e7\u00e3o","image":{"@type":"ImageObject","inLanguage":"pt-BR","@id":"https:\/\/secure.gravatar.com\/avatar\/e0a867bdedb85fd243eadf09663511f96fc81e0720a4a42581f334ad4303aa6b?s=96&d=mm&r=g","url":"https:\/\/secure.gravatar.com\/avatar\/e0a867bdedb85fd243eadf09663511f96fc81e0720a4a42581f334ad4303aa6b?s=96&d=mm&r=g","contentUrl":"https:\/\/secure.gravatar.com\/avatar\/e0a867bdedb85fd243eadf09663511f96fc81e0720a4a42581f334ad4303aa6b?s=96&d=mm&r=g","caption":"Reda\u00e7\u00e3o"}}]}},"amp_enabled":true,"_links":{"self":[{"href":"https:\/\/www.notibras.com\/site\/wp-json\/wp\/v2\/posts\/298854","targetHints":{"allow":["GET"]}}],"collection":[{"href":"https:\/\/www.notibras.com\/site\/wp-json\/wp\/v2\/posts"}],"about":[{"href":"https:\/\/www.notibras.com\/site\/wp-json\/wp\/v2\/types\/post"}],"author":[{"embeddable":true,"href":"https:\/\/www.notibras.com\/site\/wp-json\/wp\/v2\/users\/2"}],"replies":[{"embeddable":true,"href":"https:\/\/www.notibras.com\/site\/wp-json\/wp\/v2\/comments?post=298854"}],"version-history":[{"count":1,"href":"https:\/\/www.notibras.com\/site\/wp-json\/wp\/v2\/posts\/298854\/revisions"}],"predecessor-version":[{"id":298855,"href":"https:\/\/www.notibras.com\/site\/wp-json\/wp\/v2\/posts\/298854\/revisions\/298855"}],"wp:featuredmedia":[{"embeddable":true,"href":"https:\/\/www.notibras.com\/site\/wp-json\/wp\/v2\/media\/108403"}],"wp:attachment":[{"href":"https:\/\/www.notibras.com\/site\/wp-json\/wp\/v2\/media?parent=298854"}],"wp:term":[{"taxonomy":"category","embeddable":true,"href":"https:\/\/www.notibras.com\/site\/wp-json\/wp\/v2\/categories?post=298854"},{"taxonomy":"post_tag","embeddable":true,"href":"https:\/\/www.notibras.com\/site\/wp-json\/wp\/v2\/tags?post=298854"}],"curies":[{"name":"wp","href":"https:\/\/api.w.org\/{rel}","templated":true}]}}