{"id":298856,"date":"2023-02-01T00:04:33","date_gmt":"2023-02-01T03:04:33","guid":{"rendered":"https:\/\/www.notibras.com\/site\/?p=298856"},"modified":"2023-02-01T10:07:41","modified_gmt":"2023-02-01T13:07:41","slug":"prevencao-e-orientacao-reforcam-luta-contra-escorpioes","status":"publish","type":"post","link":"https:\/\/www.notibras.com\/site\/prevencao-e-orientacao-reforcam-luta-contra-escorpioes\/","title":{"rendered":"Preven\u00e7\u00e3o e orienta\u00e7\u00e3o refor\u00e7am luta contra escorpi\u00f5es"},"content":{"rendered":"<p>Nem familiares, nem amigos. O apartamento do eletricista S\u00e9rgio Ribeiro recebeu uma visita especial na manh\u00e3 desta ter\u00e7a-feira (31). Morador do N\u00facleo Bandeirante, o homem de 56 anos abriu as portas de casa para uma equipe de agentes da Diretoria de Vigil\u00e2ncia Ambiental (Dival). O motivo: a presen\u00e7a de escorpi\u00f5es em seu lar.<\/p>\n<p>\u201cJ\u00e1 encontramos quase 30 desses bichos aqui, uns grandes, outros pequenos\u201d, conta S\u00e9rgio. \u201cNa \u00e9poca da chuva, eles aparecem com mais frequ\u00eancia \u2013 sobem pela tubula\u00e7\u00e3o do pr\u00e9dio at\u00e9 o telhado e entram pelas janelas. Todos os dias a gente afasta os m\u00f3veis, limpa tudo, bate os sapatos no ch\u00e3o antes de coloc\u00e1-los\u2026 Mesmo assim, minha mulher foi picada.\u201d<\/p>\n<p><strong>Barreiras f\u00edsicas<\/strong><br \/>\nO eletricista achava que tomava todos os cuidados necess\u00e1rios para evitar o indesejado encontro com os escorpi\u00f5es. Mas, depois de receber a visita da Dival, descobriu por que tem perdido a luta contra o animal pe\u00e7onhento: os agentes detectaram poss\u00edveis pontos de entrada do aracn\u00eddeo na casa, como explica o bi\u00f3logo da Dival Israel Moreira.<\/p>\n<p>\u201cEncontramos uma janela sem tela e tomadas sem acabamento, com acesso \u00e0 rede el\u00e9trica da casa\u201d, relata. \u201cAl\u00e9m disso, o morador mant\u00e9m muitos objetos acumulados no apartamento, al\u00e9m de restos de material de constru\u00e7\u00e3o. \u00c9 o ambiente ideal para o escorpi\u00e3o, um animal de h\u00e1bitos noturnos, se esconder durante o dia.\u201d<\/p>\n<p>Israel afirma que adotar barreiras f\u00edsicas \u00e9 uma boa forma de evitar a entrada de animais pe\u00e7onhentos em casa. Vale colocar telas de prote\u00e7\u00e3o nas janelas e nos ralos, instalar rodo vedador nas portas e tapar frestas nas paredes. \u201cOs escorpi\u00f5es gostam de locais \u00famidos e escuros, por isso tamb\u00e9m \u00e9 importante examinar cal\u00e7ados e toalhas antes de us\u00e1-los\u201d, orienta.<\/p>\n<p><strong>Vistorias<\/strong><br \/>\nAo longo de 2022, a Dival recebeu 3.572 chamados por conta do animal pe\u00e7onhento, em todo o Distrito Federal. No ano anterior, o n\u00famero de atendimentos foi de 2.582. Os agentes fazem inspe\u00e7\u00f5es peri\u00f3dicas em locais j\u00e1 conhecidos pela grande incid\u00eancia de escorpi\u00f5es, mas a vistoria tamb\u00e9m pode ser motivada por um caso de acidente com o aracn\u00eddeo ou por den\u00fancia de algu\u00e9m que avistou o bicho.<\/p>\n<p>\u201cAo encontrar um escorpi\u00e3o, \u00e9 preciso elimin\u00e1-lo e ligar para a ouvidoria da Secretaria de Sa\u00fade pelo n\u00famero 160\u201d, recomenda Israel. \u201cO atendente vai encaminhar o caso para a unidade de vigil\u00e2ncia ambiental mais pr\u00f3xima, que marcar\u00e1 uma visita ao local. A inspe\u00e7\u00e3o serve tanto para detectar a presen\u00e7a de outros escorpi\u00f5es quanto para orientar o morador em rela\u00e7\u00e3o aos cuidados que devem ser tomados.\u201d<\/p>\n","protected":false},"excerpt":{"rendered":"<p>Nem familiares, nem amigos. O apartamento do eletricista S\u00e9rgio Ribeiro recebeu uma visita especial na manh\u00e3 desta ter\u00e7a-feira (31). Morador do N\u00facleo Bandeirante, o homem de 56 anos abriu as portas de casa para uma equipe de agentes da Diretoria de Vigil\u00e2ncia Ambiental (Dival). O motivo: a presen\u00e7a de escorpi\u00f5es em seu lar. \u201cJ\u00e1 encontramos [&hellip;]<\/p>\n","protected":false},"author":2,"featured_media":298857,"comment_status":"closed","ping_status":"closed","sticky":false,"template":"","format":"standard","meta":{"_acf_changed":false,"footnotes":""},"categories":[161],"tags":[],"class_list":["post-298856","post","type-post","status-publish","format-standard","has-post-thumbnail","hentry","category-quadradinho-em-foco"],"acf":[],"yoast_head":"<!-- This site is optimized with the Yoast SEO plugin v27.2 - https:\/\/yoast.com\/product\/yoast-seo-wordpress\/ -->\n<title>Preven\u00e7\u00e3o e orienta\u00e7\u00e3o refor\u00e7am luta contra escorpi\u00f5es - Notibras<\/title>\n<meta name=\"robots\" content=\"index, follow, max-snippet:-1, max-image-preview:large, max-video-preview:-1\" \/>\n<link rel=\"canonical\" href=\"https:\/\/www.notibras.com\/site\/prevencao-e-orientacao-reforcam-luta-contra-escorpioes\/\" \/>\n<meta property=\"og:locale\" content=\"pt_BR\" \/>\n<meta property=\"og:type\" content=\"article\" \/>\n<meta property=\"og:title\" content=\"Preven\u00e7\u00e3o e orienta\u00e7\u00e3o refor\u00e7am luta contra escorpi\u00f5es - Notibras\" \/>\n<meta property=\"og:description\" content=\"Nem familiares, nem amigos. O apartamento do eletricista S\u00e9rgio Ribeiro recebeu uma visita especial na manh\u00e3 desta ter\u00e7a-feira (31). Morador do N\u00facleo Bandeirante, o homem de 56 anos abriu as portas de casa para uma equipe de agentes da Diretoria de Vigil\u00e2ncia Ambiental (Dival). O motivo: a presen\u00e7a de escorpi\u00f5es em seu lar. \u201cJ\u00e1 encontramos [&hellip;]\" \/>\n<meta property=\"og:url\" content=\"https:\/\/www.notibras.com\/site\/prevencao-e-orientacao-reforcam-luta-contra-escorpioes\/\" \/>\n<meta property=\"og:site_name\" content=\"Notibras\" \/>\n<meta property=\"article:publisher\" content=\"https:\/\/www.facebook.com\/notibras\/\" \/>\n<meta property=\"article:published_time\" content=\"2023-02-01T03:04:33+00:00\" \/>\n<meta property=\"article:modified_time\" content=\"2023-02-01T13:07:41+00:00\" \/>\n<meta property=\"og:image\" content=\"https:\/\/www.notibras.com\/site\/wp-content\/uploads\/2023\/02\/Dentro-2-21-768x570-1.jpg\" \/>\n\t<meta property=\"og:image:width\" content=\"768\" \/>\n\t<meta property=\"og:image:height\" content=\"570\" \/>\n\t<meta property=\"og:image:type\" content=\"image\/jpeg\" \/>\n<meta name=\"author\" content=\"Reda\u00e7\u00e3o\" \/>\n<meta name=\"twitter:card\" content=\"summary_large_image\" \/>\n<meta name=\"twitter:creator\" content=\"@Notibras\" \/>\n<meta name=\"twitter:site\" content=\"@Notibras\" \/>\n<meta name=\"twitter:label1\" content=\"Escrito por\" \/>\n\t<meta name=\"twitter:data1\" content=\"Reda\u00e7\u00e3o\" \/>\n\t<meta name=\"twitter:label2\" content=\"Est. tempo de leitura\" \/>\n\t<meta name=\"twitter:data2\" content=\"3 minutos\" \/>\n<script type=\"application\/ld+json\" class=\"yoast-schema-graph\">{\"@context\":\"https:\/\/schema.org\",\"@graph\":[{\"@type\":\"Article\",\"@id\":\"https:\/\/www.notibras.com\/site\/prevencao-e-orientacao-reforcam-luta-contra-escorpioes\/#article\",\"isPartOf\":{\"@id\":\"https:\/\/www.notibras.com\/site\/prevencao-e-orientacao-reforcam-luta-contra-escorpioes\/\"},\"author\":{\"name\":\"Reda\u00e7\u00e3o\",\"@id\":\"https:\/\/www.notibras.com\/site\/#\/schema\/person\/36ab0979449956132d3e5b517ea76ac8\"},\"headline\":\"Preven\u00e7\u00e3o e orienta\u00e7\u00e3o refor\u00e7am luta contra escorpi\u00f5es\",\"datePublished\":\"2023-02-01T03:04:33+00:00\",\"dateModified\":\"2023-02-01T13:07:41+00:00\",\"mainEntityOfPage\":{\"@id\":\"https:\/\/www.notibras.com\/site\/prevencao-e-orientacao-reforcam-luta-contra-escorpioes\/\"},\"wordCount\":465,\"publisher\":{\"@id\":\"https:\/\/www.notibras.com\/site\/#organization\"},\"image\":{\"@id\":\"https:\/\/www.notibras.com\/site\/prevencao-e-orientacao-reforcam-luta-contra-escorpioes\/#primaryimage\"},\"thumbnailUrl\":\"https:\/\/www.notibras.com\/site\/wp-content\/uploads\/2023\/02\/Dentro-2-21-768x570-1.jpg\",\"articleSection\":[\"Quadradinho em Foco\"],\"inLanguage\":\"pt-BR\"},{\"@type\":\"WebPage\",\"@id\":\"https:\/\/www.notibras.com\/site\/prevencao-e-orientacao-reforcam-luta-contra-escorpioes\/\",\"url\":\"https:\/\/www.notibras.com\/site\/prevencao-e-orientacao-reforcam-luta-contra-escorpioes\/\",\"name\":\"Preven\u00e7\u00e3o e orienta\u00e7\u00e3o refor\u00e7am luta contra escorpi\u00f5es - Notibras\",\"isPartOf\":{\"@id\":\"https:\/\/www.notibras.com\/site\/#website\"},\"primaryImageOfPage\":{\"@id\":\"https:\/\/www.notibras.com\/site\/prevencao-e-orientacao-reforcam-luta-contra-escorpioes\/#primaryimage\"},\"image\":{\"@id\":\"https:\/\/www.notibras.com\/site\/prevencao-e-orientacao-reforcam-luta-contra-escorpioes\/#primaryimage\"},\"thumbnailUrl\":\"https:\/\/www.notibras.com\/site\/wp-content\/uploads\/2023\/02\/Dentro-2-21-768x570-1.jpg\",\"datePublished\":\"2023-02-01T03:04:33+00:00\",\"dateModified\":\"2023-02-01T13:07:41+00:00\",\"breadcrumb\":{\"@id\":\"https:\/\/www.notibras.com\/site\/prevencao-e-orientacao-reforcam-luta-contra-escorpioes\/#breadcrumb\"},\"inLanguage\":\"pt-BR\",\"potentialAction\":[{\"@type\":\"ReadAction\",\"target\":[\"https:\/\/www.notibras.com\/site\/prevencao-e-orientacao-reforcam-luta-contra-escorpioes\/\"]}]},{\"@type\":\"ImageObject\",\"inLanguage\":\"pt-BR\",\"@id\":\"https:\/\/www.notibras.com\/site\/prevencao-e-orientacao-reforcam-luta-contra-escorpioes\/#primaryimage\",\"url\":\"https:\/\/www.notibras.com\/site\/wp-content\/uploads\/2023\/02\/Dentro-2-21-768x570-1.jpg\",\"contentUrl\":\"https:\/\/www.notibras.com\/site\/wp-content\/uploads\/2023\/02\/Dentro-2-21-768x570-1.jpg\",\"width\":768,\"height\":570},{\"@type\":\"BreadcrumbList\",\"@id\":\"https:\/\/www.notibras.com\/site\/prevencao-e-orientacao-reforcam-luta-contra-escorpioes\/#breadcrumb\",\"itemListElement\":[{\"@type\":\"ListItem\",\"position\":1,\"name\":\"In\u00edcio\",\"item\":\"https:\/\/www.notibras.com\/site\/\"},{\"@type\":\"ListItem\",\"position\":2,\"name\":\"Preven\u00e7\u00e3o e orienta\u00e7\u00e3o refor\u00e7am luta contra escorpi\u00f5es\"}]},{\"@type\":\"WebSite\",\"@id\":\"https:\/\/www.notibras.com\/site\/#website\",\"url\":\"https:\/\/www.notibras.com\/site\/\",\"name\":\"Notibras\",\"description\":\"Not\u00edcias de Bras\u00edlia, do Brasil e do Mundo\",\"publisher\":{\"@id\":\"https:\/\/www.notibras.com\/site\/#organization\"},\"potentialAction\":[{\"@type\":\"SearchAction\",\"target\":{\"@type\":\"EntryPoint\",\"urlTemplate\":\"https:\/\/www.notibras.com\/site\/?s={search_term_string}\"},\"query-input\":{\"@type\":\"PropertyValueSpecification\",\"valueRequired\":true,\"valueName\":\"search_term_string\"}}],\"inLanguage\":\"pt-BR\"},{\"@type\":\"Organization\",\"@id\":\"https:\/\/www.notibras.com\/site\/#organization\",\"name\":\"Grupo Notibras de Comunica\u00e7\u00e3o\",\"url\":\"https:\/\/www.notibras.com\/site\/\",\"logo\":{\"@type\":\"ImageObject\",\"inLanguage\":\"pt-BR\",\"@id\":\"https:\/\/www.notibras.com\/site\/#\/schema\/logo\/image\/\",\"url\":\"https:\/\/www.notibras.com\/site\/wp-content\/uploads\/2023\/01\/notibras23.png\",\"contentUrl\":\"https:\/\/www.notibras.com\/site\/wp-content\/uploads\/2023\/01\/notibras23.png\",\"width\":350,\"height\":87,\"caption\":\"Grupo Notibras de Comunica\u00e7\u00e3o\"},\"image\":{\"@id\":\"https:\/\/www.notibras.com\/site\/#\/schema\/logo\/image\/\"},\"sameAs\":[\"https:\/\/www.facebook.com\/notibras\/\",\"https:\/\/x.com\/Notibras\",\"https:\/\/www.instagram.com\/notibras\/\"]},{\"@type\":\"Person\",\"@id\":\"https:\/\/www.notibras.com\/site\/#\/schema\/person\/36ab0979449956132d3e5b517ea76ac8\",\"name\":\"Reda\u00e7\u00e3o\",\"image\":{\"@type\":\"ImageObject\",\"inLanguage\":\"pt-BR\",\"@id\":\"https:\/\/secure.gravatar.com\/avatar\/e0a867bdedb85fd243eadf09663511f96fc81e0720a4a42581f334ad4303aa6b?s=96&d=mm&r=g\",\"url\":\"https:\/\/secure.gravatar.com\/avatar\/e0a867bdedb85fd243eadf09663511f96fc81e0720a4a42581f334ad4303aa6b?s=96&d=mm&r=g\",\"contentUrl\":\"https:\/\/secure.gravatar.com\/avatar\/e0a867bdedb85fd243eadf09663511f96fc81e0720a4a42581f334ad4303aa6b?s=96&d=mm&r=g\",\"caption\":\"Reda\u00e7\u00e3o\"}}]}<\/script>\n<!-- \/ Yoast SEO plugin. -->","yoast_head_json":{"title":"Preven\u00e7\u00e3o e orienta\u00e7\u00e3o refor\u00e7am luta contra escorpi\u00f5es - Notibras","robots":{"index":"index","follow":"follow","max-snippet":"max-snippet:-1","max-image-preview":"max-image-preview:large","max-video-preview":"max-video-preview:-1"},"canonical":"https:\/\/www.notibras.com\/site\/prevencao-e-orientacao-reforcam-luta-contra-escorpioes\/","og_locale":"pt_BR","og_type":"article","og_title":"Preven\u00e7\u00e3o e orienta\u00e7\u00e3o refor\u00e7am luta contra escorpi\u00f5es - Notibras","og_description":"Nem familiares, nem amigos. O apartamento do eletricista S\u00e9rgio Ribeiro recebeu uma visita especial na manh\u00e3 desta ter\u00e7a-feira (31). Morador do N\u00facleo Bandeirante, o homem de 56 anos abriu as portas de casa para uma equipe de agentes da Diretoria de Vigil\u00e2ncia Ambiental (Dival). O motivo: a presen\u00e7a de escorpi\u00f5es em seu lar. \u201cJ\u00e1 encontramos [&hellip;]","og_url":"https:\/\/www.notibras.com\/site\/prevencao-e-orientacao-reforcam-luta-contra-escorpioes\/","og_site_name":"Notibras","article_publisher":"https:\/\/www.facebook.com\/notibras\/","article_published_time":"2023-02-01T03:04:33+00:00","article_modified_time":"2023-02-01T13:07:41+00:00","og_image":[{"width":768,"height":570,"url":"https:\/\/www.notibras.com\/site\/wp-content\/uploads\/2023\/02\/Dentro-2-21-768x570-1.jpg","type":"image\/jpeg"}],"author":"Reda\u00e7\u00e3o","twitter_card":"summary_large_image","twitter_creator":"@Notibras","twitter_site":"@Notibras","twitter_misc":{"Escrito por":"Reda\u00e7\u00e3o","Est. tempo de leitura":"3 minutos"},"schema":{"@context":"https:\/\/schema.org","@graph":[{"@type":"Article","@id":"https:\/\/www.notibras.com\/site\/prevencao-e-orientacao-reforcam-luta-contra-escorpioes\/#article","isPartOf":{"@id":"https:\/\/www.notibras.com\/site\/prevencao-e-orientacao-reforcam-luta-contra-escorpioes\/"},"author":{"name":"Reda\u00e7\u00e3o","@id":"https:\/\/www.notibras.com\/site\/#\/schema\/person\/36ab0979449956132d3e5b517ea76ac8"},"headline":"Preven\u00e7\u00e3o e orienta\u00e7\u00e3o refor\u00e7am luta contra escorpi\u00f5es","datePublished":"2023-02-01T03:04:33+00:00","dateModified":"2023-02-01T13:07:41+00:00","mainEntityOfPage":{"@id":"https:\/\/www.notibras.com\/site\/prevencao-e-orientacao-reforcam-luta-contra-escorpioes\/"},"wordCount":465,"publisher":{"@id":"https:\/\/www.notibras.com\/site\/#organization"},"image":{"@id":"https:\/\/www.notibras.com\/site\/prevencao-e-orientacao-reforcam-luta-contra-escorpioes\/#primaryimage"},"thumbnailUrl":"https:\/\/www.notibras.com\/site\/wp-content\/uploads\/2023\/02\/Dentro-2-21-768x570-1.jpg","articleSection":["Quadradinho em Foco"],"inLanguage":"pt-BR"},{"@type":"WebPage","@id":"https:\/\/www.notibras.com\/site\/prevencao-e-orientacao-reforcam-luta-contra-escorpioes\/","url":"https:\/\/www.notibras.com\/site\/prevencao-e-orientacao-reforcam-luta-contra-escorpioes\/","name":"Preven\u00e7\u00e3o e orienta\u00e7\u00e3o refor\u00e7am luta contra escorpi\u00f5es - Notibras","isPartOf":{"@id":"https:\/\/www.notibras.com\/site\/#website"},"primaryImageOfPage":{"@id":"https:\/\/www.notibras.com\/site\/prevencao-e-orientacao-reforcam-luta-contra-escorpioes\/#primaryimage"},"image":{"@id":"https:\/\/www.notibras.com\/site\/prevencao-e-orientacao-reforcam-luta-contra-escorpioes\/#primaryimage"},"thumbnailUrl":"https:\/\/www.notibras.com\/site\/wp-content\/uploads\/2023\/02\/Dentro-2-21-768x570-1.jpg","datePublished":"2023-02-01T03:04:33+00:00","dateModified":"2023-02-01T13:07:41+00:00","breadcrumb":{"@id":"https:\/\/www.notibras.com\/site\/prevencao-e-orientacao-reforcam-luta-contra-escorpioes\/#breadcrumb"},"inLanguage":"pt-BR","potentialAction":[{"@type":"ReadAction","target":["https:\/\/www.notibras.com\/site\/prevencao-e-orientacao-reforcam-luta-contra-escorpioes\/"]}]},{"@type":"ImageObject","inLanguage":"pt-BR","@id":"https:\/\/www.notibras.com\/site\/prevencao-e-orientacao-reforcam-luta-contra-escorpioes\/#primaryimage","url":"https:\/\/www.notibras.com\/site\/wp-content\/uploads\/2023\/02\/Dentro-2-21-768x570-1.jpg","contentUrl":"https:\/\/www.notibras.com\/site\/wp-content\/uploads\/2023\/02\/Dentro-2-21-768x570-1.jpg","width":768,"height":570},{"@type":"BreadcrumbList","@id":"https:\/\/www.notibras.com\/site\/prevencao-e-orientacao-reforcam-luta-contra-escorpioes\/#breadcrumb","itemListElement":[{"@type":"ListItem","position":1,"name":"In\u00edcio","item":"https:\/\/www.notibras.com\/site\/"},{"@type":"ListItem","position":2,"name":"Preven\u00e7\u00e3o e orienta\u00e7\u00e3o refor\u00e7am luta contra escorpi\u00f5es"}]},{"@type":"WebSite","@id":"https:\/\/www.notibras.com\/site\/#website","url":"https:\/\/www.notibras.com\/site\/","name":"Notibras","description":"Not\u00edcias de Bras\u00edlia, do Brasil e do Mundo","publisher":{"@id":"https:\/\/www.notibras.com\/site\/#organization"},"potentialAction":[{"@type":"SearchAction","target":{"@type":"EntryPoint","urlTemplate":"https:\/\/www.notibras.com\/site\/?s={search_term_string}"},"query-input":{"@type":"PropertyValueSpecification","valueRequired":true,"valueName":"search_term_string"}}],"inLanguage":"pt-BR"},{"@type":"Organization","@id":"https:\/\/www.notibras.com\/site\/#organization","name":"Grupo Notibras de Comunica\u00e7\u00e3o","url":"https:\/\/www.notibras.com\/site\/","logo":{"@type":"ImageObject","inLanguage":"pt-BR","@id":"https:\/\/www.notibras.com\/site\/#\/schema\/logo\/image\/","url":"https:\/\/www.notibras.com\/site\/wp-content\/uploads\/2023\/01\/notibras23.png","contentUrl":"https:\/\/www.notibras.com\/site\/wp-content\/uploads\/2023\/01\/notibras23.png","width":350,"height":87,"caption":"Grupo Notibras de Comunica\u00e7\u00e3o"},"image":{"@id":"https:\/\/www.notibras.com\/site\/#\/schema\/logo\/image\/"},"sameAs":["https:\/\/www.facebook.com\/notibras\/","https:\/\/x.com\/Notibras","https:\/\/www.instagram.com\/notibras\/"]},{"@type":"Person","@id":"https:\/\/www.notibras.com\/site\/#\/schema\/person\/36ab0979449956132d3e5b517ea76ac8","name":"Reda\u00e7\u00e3o","image":{"@type":"ImageObject","inLanguage":"pt-BR","@id":"https:\/\/secure.gravatar.com\/avatar\/e0a867bdedb85fd243eadf09663511f96fc81e0720a4a42581f334ad4303aa6b?s=96&d=mm&r=g","url":"https:\/\/secure.gravatar.com\/avatar\/e0a867bdedb85fd243eadf09663511f96fc81e0720a4a42581f334ad4303aa6b?s=96&d=mm&r=g","contentUrl":"https:\/\/secure.gravatar.com\/avatar\/e0a867bdedb85fd243eadf09663511f96fc81e0720a4a42581f334ad4303aa6b?s=96&d=mm&r=g","caption":"Reda\u00e7\u00e3o"}}]}},"amp_enabled":true,"_links":{"self":[{"href":"https:\/\/www.notibras.com\/site\/wp-json\/wp\/v2\/posts\/298856","targetHints":{"allow":["GET"]}}],"collection":[{"href":"https:\/\/www.notibras.com\/site\/wp-json\/wp\/v2\/posts"}],"about":[{"href":"https:\/\/www.notibras.com\/site\/wp-json\/wp\/v2\/types\/post"}],"author":[{"embeddable":true,"href":"https:\/\/www.notibras.com\/site\/wp-json\/wp\/v2\/users\/2"}],"replies":[{"embeddable":true,"href":"https:\/\/www.notibras.com\/site\/wp-json\/wp\/v2\/comments?post=298856"}],"version-history":[{"count":1,"href":"https:\/\/www.notibras.com\/site\/wp-json\/wp\/v2\/posts\/298856\/revisions"}],"predecessor-version":[{"id":298858,"href":"https:\/\/www.notibras.com\/site\/wp-json\/wp\/v2\/posts\/298856\/revisions\/298858"}],"wp:featuredmedia":[{"embeddable":true,"href":"https:\/\/www.notibras.com\/site\/wp-json\/wp\/v2\/media\/298857"}],"wp:attachment":[{"href":"https:\/\/www.notibras.com\/site\/wp-json\/wp\/v2\/media?parent=298856"}],"wp:term":[{"taxonomy":"category","embeddable":true,"href":"https:\/\/www.notibras.com\/site\/wp-json\/wp\/v2\/categories?post=298856"},{"taxonomy":"post_tag","embeddable":true,"href":"https:\/\/www.notibras.com\/site\/wp-json\/wp\/v2\/tags?post=298856"}],"curies":[{"name":"wp","href":"https:\/\/api.w.org\/{rel}","templated":true}]}}