{"id":29888,"date":"2014-11-29T19:43:00","date_gmt":"2014-11-29T22:43:00","guid":{"rendered":"http:\/\/www.notibras.com\/site\/?p=29888"},"modified":"2014-11-29T19:43:26","modified_gmt":"2014-11-29T22:43:26","slug":"vitporia-de-antos-derrota-de-zuluaga-e-o-enterro-final-de-uribe","status":"publish","type":"post","link":"https:\/\/www.notibras.com\/site\/vitporia-de-antos-derrota-de-zuluaga-e-o-enterro-final-de-uribe\/","title":{"rendered":"Vit\u00f3ria de Santos, derrota de Zuluaga e o enterro final de Uribe"},"content":{"rendered":"<p>Finalmente, o candidato-presidente Juan Manuel Santos manteve a presid\u00eancia na Col\u00f4mbia, conseguindo mais de 900 mil votos de vantagem sobre Oscar Iv\u00e1n Zuluaga, \u201cdelfim\u201d uribista que venceu no primeiro turno por 500 mil votos de diferen\u00e7a.\u00a0 O que mudou nas semanas que se passaram entre as duas elei\u00e7\u00f5es? Como o apoio da esquerda e o progressismo influenciaram no processo de paz para que a reelei\u00e7\u00e3o de Santos se torne efetiva?\u00a0 Quais s\u00e3o os problemas e os desafios do novo governo.<\/p>\n<p>Depois das elei\u00e7\u00f5es parlamentares, que o deixaram em um empate t\u00e9cnico com o partido de Juan Manuel Santos, \u00c1lvaro Uribe acreditou que poderia disputar as elei\u00e7\u00f5es presidenciais. O primeiro turno o confirmou: seu candidato, Zuluaga, abriu uma clara vantagem em rela\u00e7\u00e3o \u00e0 Santos em uma campanha infestada de den\u00fancias cruzadas. O \u201cshow eleitoral\u201d mostrou o bunker uribista mais azeitado, mais c\u00f4modo em um \u00e2mbito no qual Uribe construiu grande parte de sua carreira pol\u00edtica.<\/p>\n<p>A partir da mesma noite na qual se conheceram os resultados do primeiro turno, a hist\u00f3ria come\u00e7ou a mudar: Santos abriu o jogo e as candidatas de esquerda Clara L\u00f3pez e A\u00edda Avella mostraram seu apoio \u00e0 continuidade dos di\u00e1logos de paz iniciados em Havana entre o governo e as FARC (For\u00e7as Armadas Revolucion\u00e1rias da Col\u00f4mbia). Depois, L\u00f3pez at\u00e9 apareceu em p\u00fablico com Santos, tentando reter boa parte de seu eleitorado \u2014 importantes 15%, que superaram os 2 milh\u00f5es de votos. Tamb\u00e9m se posicionaram a favor da reelei\u00e7\u00e3o do atual presidente os setores afins ao prefeito de Bogot\u00e1, Gustavo Petro, e uma parte consider\u00e1vel do partido Alian\u00e7a Verde.<\/p>\n<blockquote><p>Em sua voracidade por voltar ao poder pol\u00edtico, Uribe conseguiu aglutinar, contra ele, grande parte da classe pol\u00edtica colombiana. \u201cEle \u00e9 o resto\u201d, foi a ideia de sobreviv\u00eancia que primou entre a grande parte da chefia desses partidos. Com os apoios consumados, Santos teve de mudar seu discurso: come\u00e7ou a defender propostas de trabalho, sa\u00fade e habita\u00e7\u00e3o para o povo colombiano. Tamb\u00e9m lan\u00e7ou um espa\u00e7o de di\u00e1logo com o ELN (Ex\u00e9rcito de Liberta\u00e7\u00e3o Nacional), refor\u00e7ando seu \u201ccavalo de batalha\u201d na campanha: a paz para p\u00f4r fim ao conflito armado que a Col\u00f4mbia vive h\u00e1 mais de 50 anos. Assim, foi visto notavelmente mais seguro no \u00faltimo debate televisivo, no qual acurralou numerosas vezes ao candidato uribista.<\/p><\/blockquote>\n<p>Aconteceu, al\u00e9m disso, um fato interessante que dever\u00e1 ser analisado nas pr\u00f3ximas horas: enquanto Zuluaga felicitava publicamente Santos pela elei\u00e7\u00e3o, \u00c1lvaro Uribe denunciava, por meio de uma carta, a \u201ccompra de votos\u201d e a \u201cpress\u00e3o violenta de grupos terroristas sobre os eleitores\u201d a favor do candidato-presidente. Isto \u00e9: o ex-presidente derrotado dava a entender uma poss\u00edvel fraude \u2014 a carta termina afirmando \u201cseremos fi\u00e9is \u00e0s nossas convic\u00e7\u00f5es de p\u00e1tria, n\u00e3o \u00e0 trapa\u00e7a vencedora\u201d \u2014 enquanto o pr\u00f3prio Zuluaga se distanciava publicamente dessas afirma\u00e7\u00f5es. Uribe, o grande perdedor, n\u00e3o p\u00f4de frear a reelei\u00e7\u00e3o de seu ex-Ministro de Defesa: o que mais o atingiu foi a agenda pol\u00edtica de Santos, e o apoio que os setores progressistas e de esquerda deram a esse como \u201cmal menor.&#8221;<\/p>\n<p>Depois da sua vit\u00f3ria, Santos se mostrou condicionado pelos apoios que o levaram a este n\u00edtido triunfo: durante seu discurso, anunciou que mudar\u00e1 o tenha de mudar, e reformar\u00e1 o que tiver de reformar. Seguramente, al\u00e9m disso, ter\u00e1 de ceder lugares da administra\u00e7\u00e3o para os atores pol\u00edticos que o apoiaram decididamente nas \u00faltimas semanas. A discuss\u00e3o, nesses atores do progressismo e da esquerda, ser\u00e1 de que forma agir frente ao novo governo, e como exigir maiores possiblidades pol\u00edticas que atendam os interesses das grandes maiorias da Col\u00f4mbia, povo que tem sido constantemente atingido, todos esses anos, por pol\u00edticas econ\u00f4micas de corte neoliberal.<\/p>\n<p>Santos cumprir\u00e1 as promessas \u201cprogressistas\u201d de campanha? Refor\u00e7ar\u00e1 os processos de paz abertos contra as FARC e o ELN? Propiciar\u00e1 uma reforma pol\u00edtica, como deu a entender depois de seu triunfo? Todas essas s\u00e3o perguntas que, de agora em diante, aparecer\u00e3o na agenda pol\u00edtica colombiana com maior nitidez. S\u00e3o, al\u00e9m disso, perguntas v\u00e1lidas, analisando \u201cde onde vem\u201d Santos e seu percurso pol\u00edtico. H\u00e1 uma certeza clara: sem um apoio contundente \u00e0 paz de parte desses setores, esse novo cen\u00e1rio na pol\u00edtica colombiana teria sido imposs\u00edvel. S\u00e3o esses setores do progressismo e da esquerda colombiana que agora precisam exigir, pelejar e negociar para que essas mudan\u00e7as aconte\u00e7am. Para que haja paz, mas tamb\u00e9m justi\u00e7a social.<\/p>\n<p><strong>Juan Manuel Karg<\/strong><\/p>\n","protected":false},"excerpt":{"rendered":"<p>Finalmente, o candidato-presidente Juan Manuel Santos manteve a presid\u00eancia na Col\u00f4mbia, conseguindo mais de 900 mil votos de vantagem sobre Oscar Iv\u00e1n Zuluaga, \u201cdelfim\u201d uribista que venceu no primeiro turno por 500 mil votos de diferen\u00e7a.\u00a0 O que mudou nas semanas que se passaram entre as duas elei\u00e7\u00f5es? Como o apoio da esquerda e o [&hellip;]<\/p>\n","protected":false},"author":2,"featured_media":29889,"comment_status":"open","ping_status":"closed","sticky":false,"template":"","format":"standard","meta":{"_acf_changed":false,"footnotes":""},"categories":[25],"tags":[],"class_list":["post-29888","post","type-post","status-publish","format-standard","has-post-thumbnail","hentry","category-opina-ai"],"acf":[],"yoast_head":"<!-- This site is optimized with the Yoast SEO plugin v27.2 - https:\/\/yoast.com\/product\/yoast-seo-wordpress\/ -->\n<title>Vit\u00f3ria de Santos, derrota de Zuluaga e o enterro final de Uribe - Notibras<\/title>\n<meta name=\"robots\" content=\"index, follow, max-snippet:-1, max-image-preview:large, max-video-preview:-1\" \/>\n<link rel=\"canonical\" href=\"https:\/\/www.notibras.com\/site\/vitporia-de-antos-derrota-de-zuluaga-e-o-enterro-final-de-uribe\/\" \/>\n<meta property=\"og:locale\" content=\"pt_BR\" \/>\n<meta property=\"og:type\" content=\"article\" \/>\n<meta property=\"og:title\" content=\"Vit\u00f3ria de Santos, derrota de Zuluaga e o enterro final de Uribe - Notibras\" \/>\n<meta property=\"og:description\" content=\"Finalmente, o candidato-presidente Juan Manuel Santos manteve a presid\u00eancia na Col\u00f4mbia, conseguindo mais de 900 mil votos de vantagem sobre Oscar Iv\u00e1n Zuluaga, \u201cdelfim\u201d uribista que venceu no primeiro turno por 500 mil votos de diferen\u00e7a.\u00a0 O que mudou nas semanas que se passaram entre as duas elei\u00e7\u00f5es? Como o apoio da esquerda e o [&hellip;]\" \/>\n<meta property=\"og:url\" content=\"https:\/\/www.notibras.com\/site\/vitporia-de-antos-derrota-de-zuluaga-e-o-enterro-final-de-uribe\/\" \/>\n<meta property=\"og:site_name\" content=\"Notibras\" \/>\n<meta property=\"article:publisher\" content=\"https:\/\/www.facebook.com\/notibras\/\" \/>\n<meta property=\"article:published_time\" content=\"2014-11-29T22:43:00+00:00\" \/>\n<meta property=\"article:modified_time\" content=\"2014-11-29T22:43:26+00:00\" \/>\n<meta property=\"og:image\" content=\"https:\/\/www.notibras.com\/site\/wp-content\/uploads\/2014\/11\/16-06-2014_21_19_34_.jpg\" \/>\n\t<meta property=\"og:image:width\" content=\"800\" \/>\n\t<meta property=\"og:image:height\" content=\"533\" \/>\n\t<meta property=\"og:image:type\" content=\"image\/jpeg\" \/>\n<meta name=\"author\" content=\"Reda\u00e7\u00e3o\" \/>\n<meta name=\"twitter:card\" content=\"summary_large_image\" \/>\n<meta name=\"twitter:creator\" content=\"@Notibras\" \/>\n<meta name=\"twitter:site\" content=\"@Notibras\" \/>\n<meta name=\"twitter:label1\" content=\"Escrito por\" \/>\n\t<meta name=\"twitter:data1\" content=\"Reda\u00e7\u00e3o\" \/>\n\t<meta name=\"twitter:label2\" content=\"Est. tempo de leitura\" \/>\n\t<meta name=\"twitter:data2\" content=\"4 minutos\" \/>\n<script type=\"application\/ld+json\" class=\"yoast-schema-graph\">{\"@context\":\"https:\/\/schema.org\",\"@graph\":[{\"@type\":\"Article\",\"@id\":\"https:\/\/www.notibras.com\/site\/vitporia-de-antos-derrota-de-zuluaga-e-o-enterro-final-de-uribe\/#article\",\"isPartOf\":{\"@id\":\"https:\/\/www.notibras.com\/site\/vitporia-de-antos-derrota-de-zuluaga-e-o-enterro-final-de-uribe\/\"},\"author\":{\"name\":\"Reda\u00e7\u00e3o\",\"@id\":\"https:\/\/www.notibras.com\/site\/#\/schema\/person\/36ab0979449956132d3e5b517ea76ac8\"},\"headline\":\"Vit\u00f3ria de Santos, derrota de Zuluaga e o enterro final de Uribe\",\"datePublished\":\"2014-11-29T22:43:00+00:00\",\"dateModified\":\"2014-11-29T22:43:26+00:00\",\"mainEntityOfPage\":{\"@id\":\"https:\/\/www.notibras.com\/site\/vitporia-de-antos-derrota-de-zuluaga-e-o-enterro-final-de-uribe\/\"},\"wordCount\":807,\"commentCount\":0,\"publisher\":{\"@id\":\"https:\/\/www.notibras.com\/site\/#organization\"},\"image\":{\"@id\":\"https:\/\/www.notibras.com\/site\/vitporia-de-antos-derrota-de-zuluaga-e-o-enterro-final-de-uribe\/#primaryimage\"},\"thumbnailUrl\":\"https:\/\/www.notibras.com\/site\/wp-content\/uploads\/2014\/11\/16-06-2014_21_19_34_.jpg\",\"articleSection\":[\"Opina a\u00ed\"],\"inLanguage\":\"pt-BR\",\"potentialAction\":[{\"@type\":\"CommentAction\",\"name\":\"Comment\",\"target\":[\"https:\/\/www.notibras.com\/site\/vitporia-de-antos-derrota-de-zuluaga-e-o-enterro-final-de-uribe\/#respond\"]}]},{\"@type\":\"WebPage\",\"@id\":\"https:\/\/www.notibras.com\/site\/vitporia-de-antos-derrota-de-zuluaga-e-o-enterro-final-de-uribe\/\",\"url\":\"https:\/\/www.notibras.com\/site\/vitporia-de-antos-derrota-de-zuluaga-e-o-enterro-final-de-uribe\/\",\"name\":\"Vit\u00f3ria de Santos, derrota de Zuluaga e o enterro final de Uribe - Notibras\",\"isPartOf\":{\"@id\":\"https:\/\/www.notibras.com\/site\/#website\"},\"primaryImageOfPage\":{\"@id\":\"https:\/\/www.notibras.com\/site\/vitporia-de-antos-derrota-de-zuluaga-e-o-enterro-final-de-uribe\/#primaryimage\"},\"image\":{\"@id\":\"https:\/\/www.notibras.com\/site\/vitporia-de-antos-derrota-de-zuluaga-e-o-enterro-final-de-uribe\/#primaryimage\"},\"thumbnailUrl\":\"https:\/\/www.notibras.com\/site\/wp-content\/uploads\/2014\/11\/16-06-2014_21_19_34_.jpg\",\"datePublished\":\"2014-11-29T22:43:00+00:00\",\"dateModified\":\"2014-11-29T22:43:26+00:00\",\"breadcrumb\":{\"@id\":\"https:\/\/www.notibras.com\/site\/vitporia-de-antos-derrota-de-zuluaga-e-o-enterro-final-de-uribe\/#breadcrumb\"},\"inLanguage\":\"pt-BR\",\"potentialAction\":[{\"@type\":\"ReadAction\",\"target\":[\"https:\/\/www.notibras.com\/site\/vitporia-de-antos-derrota-de-zuluaga-e-o-enterro-final-de-uribe\/\"]}]},{\"@type\":\"ImageObject\",\"inLanguage\":\"pt-BR\",\"@id\":\"https:\/\/www.notibras.com\/site\/vitporia-de-antos-derrota-de-zuluaga-e-o-enterro-final-de-uribe\/#primaryimage\",\"url\":\"https:\/\/www.notibras.com\/site\/wp-content\/uploads\/2014\/11\/16-06-2014_21_19_34_.jpg\",\"contentUrl\":\"https:\/\/www.notibras.com\/site\/wp-content\/uploads\/2014\/11\/16-06-2014_21_19_34_.jpg\",\"width\":800,\"height\":533},{\"@type\":\"BreadcrumbList\",\"@id\":\"https:\/\/www.notibras.com\/site\/vitporia-de-antos-derrota-de-zuluaga-e-o-enterro-final-de-uribe\/#breadcrumb\",\"itemListElement\":[{\"@type\":\"ListItem\",\"position\":1,\"name\":\"In\u00edcio\",\"item\":\"https:\/\/www.notibras.com\/site\/\"},{\"@type\":\"ListItem\",\"position\":2,\"name\":\"Vit\u00f3ria de Santos, derrota de Zuluaga e o enterro final de Uribe\"}]},{\"@type\":\"WebSite\",\"@id\":\"https:\/\/www.notibras.com\/site\/#website\",\"url\":\"https:\/\/www.notibras.com\/site\/\",\"name\":\"Notibras\",\"description\":\"Not\u00edcias de Bras\u00edlia, do Brasil e do Mundo\",\"publisher\":{\"@id\":\"https:\/\/www.notibras.com\/site\/#organization\"},\"potentialAction\":[{\"@type\":\"SearchAction\",\"target\":{\"@type\":\"EntryPoint\",\"urlTemplate\":\"https:\/\/www.notibras.com\/site\/?s={search_term_string}\"},\"query-input\":{\"@type\":\"PropertyValueSpecification\",\"valueRequired\":true,\"valueName\":\"search_term_string\"}}],\"inLanguage\":\"pt-BR\"},{\"@type\":\"Organization\",\"@id\":\"https:\/\/www.notibras.com\/site\/#organization\",\"name\":\"Grupo Notibras de Comunica\u00e7\u00e3o\",\"url\":\"https:\/\/www.notibras.com\/site\/\",\"logo\":{\"@type\":\"ImageObject\",\"inLanguage\":\"pt-BR\",\"@id\":\"https:\/\/www.notibras.com\/site\/#\/schema\/logo\/image\/\",\"url\":\"https:\/\/www.notibras.com\/site\/wp-content\/uploads\/2023\/01\/notibras23.png\",\"contentUrl\":\"https:\/\/www.notibras.com\/site\/wp-content\/uploads\/2023\/01\/notibras23.png\",\"width\":350,\"height\":87,\"caption\":\"Grupo Notibras de Comunica\u00e7\u00e3o\"},\"image\":{\"@id\":\"https:\/\/www.notibras.com\/site\/#\/schema\/logo\/image\/\"},\"sameAs\":[\"https:\/\/www.facebook.com\/notibras\/\",\"https:\/\/x.com\/Notibras\",\"https:\/\/www.instagram.com\/notibras\/\"]},{\"@type\":\"Person\",\"@id\":\"https:\/\/www.notibras.com\/site\/#\/schema\/person\/36ab0979449956132d3e5b517ea76ac8\",\"name\":\"Reda\u00e7\u00e3o\",\"image\":{\"@type\":\"ImageObject\",\"inLanguage\":\"pt-BR\",\"@id\":\"https:\/\/secure.gravatar.com\/avatar\/e0a867bdedb85fd243eadf09663511f96fc81e0720a4a42581f334ad4303aa6b?s=96&d=mm&r=g\",\"url\":\"https:\/\/secure.gravatar.com\/avatar\/e0a867bdedb85fd243eadf09663511f96fc81e0720a4a42581f334ad4303aa6b?s=96&d=mm&r=g\",\"contentUrl\":\"https:\/\/secure.gravatar.com\/avatar\/e0a867bdedb85fd243eadf09663511f96fc81e0720a4a42581f334ad4303aa6b?s=96&d=mm&r=g\",\"caption\":\"Reda\u00e7\u00e3o\"}}]}<\/script>\n<!-- \/ Yoast SEO plugin. -->","yoast_head_json":{"title":"Vit\u00f3ria de Santos, derrota de Zuluaga e o enterro final de Uribe - Notibras","robots":{"index":"index","follow":"follow","max-snippet":"max-snippet:-1","max-image-preview":"max-image-preview:large","max-video-preview":"max-video-preview:-1"},"canonical":"https:\/\/www.notibras.com\/site\/vitporia-de-antos-derrota-de-zuluaga-e-o-enterro-final-de-uribe\/","og_locale":"pt_BR","og_type":"article","og_title":"Vit\u00f3ria de Santos, derrota de Zuluaga e o enterro final de Uribe - Notibras","og_description":"Finalmente, o candidato-presidente Juan Manuel Santos manteve a presid\u00eancia na Col\u00f4mbia, conseguindo mais de 900 mil votos de vantagem sobre Oscar Iv\u00e1n Zuluaga, \u201cdelfim\u201d uribista que venceu no primeiro turno por 500 mil votos de diferen\u00e7a.\u00a0 O que mudou nas semanas que se passaram entre as duas elei\u00e7\u00f5es? Como o apoio da esquerda e o [&hellip;]","og_url":"https:\/\/www.notibras.com\/site\/vitporia-de-antos-derrota-de-zuluaga-e-o-enterro-final-de-uribe\/","og_site_name":"Notibras","article_publisher":"https:\/\/www.facebook.com\/notibras\/","article_published_time":"2014-11-29T22:43:00+00:00","article_modified_time":"2014-11-29T22:43:26+00:00","og_image":[{"width":800,"height":533,"url":"https:\/\/www.notibras.com\/site\/wp-content\/uploads\/2014\/11\/16-06-2014_21_19_34_.jpg","type":"image\/jpeg"}],"author":"Reda\u00e7\u00e3o","twitter_card":"summary_large_image","twitter_creator":"@Notibras","twitter_site":"@Notibras","twitter_misc":{"Escrito por":"Reda\u00e7\u00e3o","Est. tempo de leitura":"4 minutos"},"schema":{"@context":"https:\/\/schema.org","@graph":[{"@type":"Article","@id":"https:\/\/www.notibras.com\/site\/vitporia-de-antos-derrota-de-zuluaga-e-o-enterro-final-de-uribe\/#article","isPartOf":{"@id":"https:\/\/www.notibras.com\/site\/vitporia-de-antos-derrota-de-zuluaga-e-o-enterro-final-de-uribe\/"},"author":{"name":"Reda\u00e7\u00e3o","@id":"https:\/\/www.notibras.com\/site\/#\/schema\/person\/36ab0979449956132d3e5b517ea76ac8"},"headline":"Vit\u00f3ria de Santos, derrota de Zuluaga e o enterro final de Uribe","datePublished":"2014-11-29T22:43:00+00:00","dateModified":"2014-11-29T22:43:26+00:00","mainEntityOfPage":{"@id":"https:\/\/www.notibras.com\/site\/vitporia-de-antos-derrota-de-zuluaga-e-o-enterro-final-de-uribe\/"},"wordCount":807,"commentCount":0,"publisher":{"@id":"https:\/\/www.notibras.com\/site\/#organization"},"image":{"@id":"https:\/\/www.notibras.com\/site\/vitporia-de-antos-derrota-de-zuluaga-e-o-enterro-final-de-uribe\/#primaryimage"},"thumbnailUrl":"https:\/\/www.notibras.com\/site\/wp-content\/uploads\/2014\/11\/16-06-2014_21_19_34_.jpg","articleSection":["Opina a\u00ed"],"inLanguage":"pt-BR","potentialAction":[{"@type":"CommentAction","name":"Comment","target":["https:\/\/www.notibras.com\/site\/vitporia-de-antos-derrota-de-zuluaga-e-o-enterro-final-de-uribe\/#respond"]}]},{"@type":"WebPage","@id":"https:\/\/www.notibras.com\/site\/vitporia-de-antos-derrota-de-zuluaga-e-o-enterro-final-de-uribe\/","url":"https:\/\/www.notibras.com\/site\/vitporia-de-antos-derrota-de-zuluaga-e-o-enterro-final-de-uribe\/","name":"Vit\u00f3ria de Santos, derrota de Zuluaga e o enterro final de Uribe - Notibras","isPartOf":{"@id":"https:\/\/www.notibras.com\/site\/#website"},"primaryImageOfPage":{"@id":"https:\/\/www.notibras.com\/site\/vitporia-de-antos-derrota-de-zuluaga-e-o-enterro-final-de-uribe\/#primaryimage"},"image":{"@id":"https:\/\/www.notibras.com\/site\/vitporia-de-antos-derrota-de-zuluaga-e-o-enterro-final-de-uribe\/#primaryimage"},"thumbnailUrl":"https:\/\/www.notibras.com\/site\/wp-content\/uploads\/2014\/11\/16-06-2014_21_19_34_.jpg","datePublished":"2014-11-29T22:43:00+00:00","dateModified":"2014-11-29T22:43:26+00:00","breadcrumb":{"@id":"https:\/\/www.notibras.com\/site\/vitporia-de-antos-derrota-de-zuluaga-e-o-enterro-final-de-uribe\/#breadcrumb"},"inLanguage":"pt-BR","potentialAction":[{"@type":"ReadAction","target":["https:\/\/www.notibras.com\/site\/vitporia-de-antos-derrota-de-zuluaga-e-o-enterro-final-de-uribe\/"]}]},{"@type":"ImageObject","inLanguage":"pt-BR","@id":"https:\/\/www.notibras.com\/site\/vitporia-de-antos-derrota-de-zuluaga-e-o-enterro-final-de-uribe\/#primaryimage","url":"https:\/\/www.notibras.com\/site\/wp-content\/uploads\/2014\/11\/16-06-2014_21_19_34_.jpg","contentUrl":"https:\/\/www.notibras.com\/site\/wp-content\/uploads\/2014\/11\/16-06-2014_21_19_34_.jpg","width":800,"height":533},{"@type":"BreadcrumbList","@id":"https:\/\/www.notibras.com\/site\/vitporia-de-antos-derrota-de-zuluaga-e-o-enterro-final-de-uribe\/#breadcrumb","itemListElement":[{"@type":"ListItem","position":1,"name":"In\u00edcio","item":"https:\/\/www.notibras.com\/site\/"},{"@type":"ListItem","position":2,"name":"Vit\u00f3ria de Santos, derrota de Zuluaga e o enterro final de Uribe"}]},{"@type":"WebSite","@id":"https:\/\/www.notibras.com\/site\/#website","url":"https:\/\/www.notibras.com\/site\/","name":"Notibras","description":"Not\u00edcias de Bras\u00edlia, do Brasil e do Mundo","publisher":{"@id":"https:\/\/www.notibras.com\/site\/#organization"},"potentialAction":[{"@type":"SearchAction","target":{"@type":"EntryPoint","urlTemplate":"https:\/\/www.notibras.com\/site\/?s={search_term_string}"},"query-input":{"@type":"PropertyValueSpecification","valueRequired":true,"valueName":"search_term_string"}}],"inLanguage":"pt-BR"},{"@type":"Organization","@id":"https:\/\/www.notibras.com\/site\/#organization","name":"Grupo Notibras de Comunica\u00e7\u00e3o","url":"https:\/\/www.notibras.com\/site\/","logo":{"@type":"ImageObject","inLanguage":"pt-BR","@id":"https:\/\/www.notibras.com\/site\/#\/schema\/logo\/image\/","url":"https:\/\/www.notibras.com\/site\/wp-content\/uploads\/2023\/01\/notibras23.png","contentUrl":"https:\/\/www.notibras.com\/site\/wp-content\/uploads\/2023\/01\/notibras23.png","width":350,"height":87,"caption":"Grupo Notibras de Comunica\u00e7\u00e3o"},"image":{"@id":"https:\/\/www.notibras.com\/site\/#\/schema\/logo\/image\/"},"sameAs":["https:\/\/www.facebook.com\/notibras\/","https:\/\/x.com\/Notibras","https:\/\/www.instagram.com\/notibras\/"]},{"@type":"Person","@id":"https:\/\/www.notibras.com\/site\/#\/schema\/person\/36ab0979449956132d3e5b517ea76ac8","name":"Reda\u00e7\u00e3o","image":{"@type":"ImageObject","inLanguage":"pt-BR","@id":"https:\/\/secure.gravatar.com\/avatar\/e0a867bdedb85fd243eadf09663511f96fc81e0720a4a42581f334ad4303aa6b?s=96&d=mm&r=g","url":"https:\/\/secure.gravatar.com\/avatar\/e0a867bdedb85fd243eadf09663511f96fc81e0720a4a42581f334ad4303aa6b?s=96&d=mm&r=g","contentUrl":"https:\/\/secure.gravatar.com\/avatar\/e0a867bdedb85fd243eadf09663511f96fc81e0720a4a42581f334ad4303aa6b?s=96&d=mm&r=g","caption":"Reda\u00e7\u00e3o"}}]}},"amp_enabled":true,"_links":{"self":[{"href":"https:\/\/www.notibras.com\/site\/wp-json\/wp\/v2\/posts\/29888","targetHints":{"allow":["GET"]}}],"collection":[{"href":"https:\/\/www.notibras.com\/site\/wp-json\/wp\/v2\/posts"}],"about":[{"href":"https:\/\/www.notibras.com\/site\/wp-json\/wp\/v2\/types\/post"}],"author":[{"embeddable":true,"href":"https:\/\/www.notibras.com\/site\/wp-json\/wp\/v2\/users\/2"}],"replies":[{"embeddable":true,"href":"https:\/\/www.notibras.com\/site\/wp-json\/wp\/v2\/comments?post=29888"}],"version-history":[{"count":0,"href":"https:\/\/www.notibras.com\/site\/wp-json\/wp\/v2\/posts\/29888\/revisions"}],"wp:featuredmedia":[{"embeddable":true,"href":"https:\/\/www.notibras.com\/site\/wp-json\/wp\/v2\/media\/29889"}],"wp:attachment":[{"href":"https:\/\/www.notibras.com\/site\/wp-json\/wp\/v2\/media?parent=29888"}],"wp:term":[{"taxonomy":"category","embeddable":true,"href":"https:\/\/www.notibras.com\/site\/wp-json\/wp\/v2\/categories?post=29888"},{"taxonomy":"post_tag","embeddable":true,"href":"https:\/\/www.notibras.com\/site\/wp-json\/wp\/v2\/tags?post=29888"}],"curies":[{"name":"wp","href":"https:\/\/api.w.org\/{rel}","templated":true}]}}