{"id":298936,"date":"2023-02-02T00:00:42","date_gmt":"2023-02-02T03:00:42","guid":{"rendered":"https:\/\/www.notibras.com\/site\/?p=298936"},"modified":"2023-02-02T10:02:58","modified_gmt":"2023-02-02T13:02:58","slug":"concurso-busca-slogan-para-doacao-de-leite-materno","status":"publish","type":"post","link":"https:\/\/www.notibras.com\/site\/concurso-busca-slogan-para-doacao-de-leite-materno\/","title":{"rendered":"Concurso busca slogan para doa\u00e7\u00e3o de leite materno"},"content":{"rendered":"<p>At\u00e9 o pr\u00f3ximo dia 24 estar\u00e3o abertas as inscri\u00e7\u00f5es para o concurso que vai definir o slogan da campanha mundial de doa\u00e7\u00e3o de leite materno 2023. Qualquer pessoa sens\u00edvel \u00e0 causa pode participar. As inscri\u00e7\u00f5es s\u00e3o gratuitas e podem ser feitas pela internet.<\/p>\n<p>A terceira edi\u00e7\u00e3o da competi\u00e7\u00e3o \u00e9 uma iniciativa da Rede Global de Bancos de Leite Humano (rBLH), organiza\u00e7\u00e3o capitaneada pelo Brasil. O slogan &#8211; com tamanho m\u00e1ximo de 80 caracteres &#8211; deve ser redigido em portugu\u00eas, ingl\u00eas ou espanhol.<\/p>\n<p><strong>Mobiliza\u00e7\u00e3o<\/strong><br \/>\nAs propostas ser\u00e3o submetidas ao Comit\u00ea de Mobiliza\u00e7\u00e3o Social pela Doa\u00e7\u00e3o de Leite Humano, que vai selecionar as 30 melhores ideias. Os slogans finalistas participar\u00e3o de uma vota\u00e7\u00e3o popular. Para ajudar na escolha, basta acessar o portal da rBLH entre os dias 10 e 17 de mar\u00e7o e eleger o seu favorito. Cada pessoa tem direito a computar um voto.<\/p>\n<p>O trabalho vencedor ser\u00e1 divulgado \u00e0s 12h do dia 20 de mar\u00e7o, tamb\u00e9m pelo portal da rBLH. Al\u00e9m de ter o slogan traduzido em dois idiomas, para que possa ser usado na campanha mundial de doa\u00e7\u00e3o de leite materno, o autor ainda receber\u00e1 um certificado emitido pela Rede Global de Bancos de Leite Humano, reconhecendo sua contribui\u00e7\u00e3o em favor da sa\u00fade das crian\u00e7as.<\/p>\n","protected":false},"excerpt":{"rendered":"<p>At\u00e9 o pr\u00f3ximo dia 24 estar\u00e3o abertas as inscri\u00e7\u00f5es para o concurso que vai definir o slogan da campanha mundial de doa\u00e7\u00e3o de leite materno 2023. Qualquer pessoa sens\u00edvel \u00e0 causa pode participar. As inscri\u00e7\u00f5es s\u00e3o gratuitas e podem ser feitas pela internet. A terceira edi\u00e7\u00e3o da competi\u00e7\u00e3o \u00e9 uma iniciativa da Rede Global de [&hellip;]<\/p>\n","protected":false},"author":2,"featured_media":298937,"comment_status":"closed","ping_status":"closed","sticky":false,"template":"","format":"standard","meta":{"_acf_changed":false,"footnotes":""},"categories":[161],"tags":[],"class_list":["post-298936","post","type-post","status-publish","format-standard","has-post-thumbnail","hentry","category-quadradinho-em-foco"],"acf":[],"yoast_head":"<!-- This site is optimized with the Yoast SEO plugin v27.2 - https:\/\/yoast.com\/product\/yoast-seo-wordpress\/ -->\n<title>Concurso busca slogan para doa\u00e7\u00e3o de leite materno - Notibras<\/title>\n<meta name=\"robots\" content=\"index, follow, max-snippet:-1, max-image-preview:large, max-video-preview:-1\" \/>\n<link rel=\"canonical\" href=\"https:\/\/www.notibras.com\/site\/concurso-busca-slogan-para-doacao-de-leite-materno\/\" \/>\n<meta property=\"og:locale\" content=\"pt_BR\" \/>\n<meta property=\"og:type\" content=\"article\" \/>\n<meta property=\"og:title\" content=\"Concurso busca slogan para doa\u00e7\u00e3o de leite materno - Notibras\" \/>\n<meta property=\"og:description\" content=\"At\u00e9 o pr\u00f3ximo dia 24 estar\u00e3o abertas as inscri\u00e7\u00f5es para o concurso que vai definir o slogan da campanha mundial de doa\u00e7\u00e3o de leite materno 2023. Qualquer pessoa sens\u00edvel \u00e0 causa pode participar. As inscri\u00e7\u00f5es s\u00e3o gratuitas e podem ser feitas pela internet. A terceira edi\u00e7\u00e3o da competi\u00e7\u00e3o \u00e9 uma iniciativa da Rede Global de [&hellip;]\" \/>\n<meta property=\"og:url\" content=\"https:\/\/www.notibras.com\/site\/concurso-busca-slogan-para-doacao-de-leite-materno\/\" \/>\n<meta property=\"og:site_name\" content=\"Notibras\" \/>\n<meta property=\"article:publisher\" content=\"https:\/\/www.facebook.com\/notibras\/\" \/>\n<meta property=\"article:published_time\" content=\"2023-02-02T03:00:42+00:00\" \/>\n<meta property=\"article:modified_time\" content=\"2023-02-02T13:02:58+00:00\" \/>\n<meta property=\"og:image\" content=\"https:\/\/www.notibras.com\/site\/wp-content\/uploads\/2023\/02\/doacao_de_leite_materno.jpg\" \/>\n\t<meta property=\"og:image:width\" content=\"1170\" \/>\n\t<meta property=\"og:image:height\" content=\"700\" \/>\n\t<meta property=\"og:image:type\" content=\"image\/jpeg\" \/>\n<meta name=\"author\" content=\"Reda\u00e7\u00e3o\" \/>\n<meta name=\"twitter:card\" content=\"summary_large_image\" \/>\n<meta name=\"twitter:creator\" content=\"@Notibras\" \/>\n<meta name=\"twitter:site\" content=\"@Notibras\" \/>\n<meta name=\"twitter:label1\" content=\"Escrito por\" \/>\n\t<meta name=\"twitter:data1\" content=\"Reda\u00e7\u00e3o\" \/>\n\t<meta name=\"twitter:label2\" content=\"Est. tempo de leitura\" \/>\n\t<meta name=\"twitter:data2\" content=\"2 minutos\" \/>\n<script type=\"application\/ld+json\" class=\"yoast-schema-graph\">{\"@context\":\"https:\/\/schema.org\",\"@graph\":[{\"@type\":\"Article\",\"@id\":\"https:\/\/www.notibras.com\/site\/concurso-busca-slogan-para-doacao-de-leite-materno\/#article\",\"isPartOf\":{\"@id\":\"https:\/\/www.notibras.com\/site\/concurso-busca-slogan-para-doacao-de-leite-materno\/\"},\"author\":{\"name\":\"Reda\u00e7\u00e3o\",\"@id\":\"https:\/\/www.notibras.com\/site\/#\/schema\/person\/36ab0979449956132d3e5b517ea76ac8\"},\"headline\":\"Concurso busca slogan para doa\u00e7\u00e3o de leite materno\",\"datePublished\":\"2023-02-02T03:00:42+00:00\",\"dateModified\":\"2023-02-02T13:02:58+00:00\",\"mainEntityOfPage\":{\"@id\":\"https:\/\/www.notibras.com\/site\/concurso-busca-slogan-para-doacao-de-leite-materno\/\"},\"wordCount\":233,\"publisher\":{\"@id\":\"https:\/\/www.notibras.com\/site\/#organization\"},\"image\":{\"@id\":\"https:\/\/www.notibras.com\/site\/concurso-busca-slogan-para-doacao-de-leite-materno\/#primaryimage\"},\"thumbnailUrl\":\"https:\/\/www.notibras.com\/site\/wp-content\/uploads\/2023\/02\/doacao_de_leite_materno.jpg\",\"articleSection\":[\"Quadradinho em Foco\"],\"inLanguage\":\"pt-BR\"},{\"@type\":\"WebPage\",\"@id\":\"https:\/\/www.notibras.com\/site\/concurso-busca-slogan-para-doacao-de-leite-materno\/\",\"url\":\"https:\/\/www.notibras.com\/site\/concurso-busca-slogan-para-doacao-de-leite-materno\/\",\"name\":\"Concurso busca slogan para doa\u00e7\u00e3o de leite materno - Notibras\",\"isPartOf\":{\"@id\":\"https:\/\/www.notibras.com\/site\/#website\"},\"primaryImageOfPage\":{\"@id\":\"https:\/\/www.notibras.com\/site\/concurso-busca-slogan-para-doacao-de-leite-materno\/#primaryimage\"},\"image\":{\"@id\":\"https:\/\/www.notibras.com\/site\/concurso-busca-slogan-para-doacao-de-leite-materno\/#primaryimage\"},\"thumbnailUrl\":\"https:\/\/www.notibras.com\/site\/wp-content\/uploads\/2023\/02\/doacao_de_leite_materno.jpg\",\"datePublished\":\"2023-02-02T03:00:42+00:00\",\"dateModified\":\"2023-02-02T13:02:58+00:00\",\"breadcrumb\":{\"@id\":\"https:\/\/www.notibras.com\/site\/concurso-busca-slogan-para-doacao-de-leite-materno\/#breadcrumb\"},\"inLanguage\":\"pt-BR\",\"potentialAction\":[{\"@type\":\"ReadAction\",\"target\":[\"https:\/\/www.notibras.com\/site\/concurso-busca-slogan-para-doacao-de-leite-materno\/\"]}]},{\"@type\":\"ImageObject\",\"inLanguage\":\"pt-BR\",\"@id\":\"https:\/\/www.notibras.com\/site\/concurso-busca-slogan-para-doacao-de-leite-materno\/#primaryimage\",\"url\":\"https:\/\/www.notibras.com\/site\/wp-content\/uploads\/2023\/02\/doacao_de_leite_materno.jpg\",\"contentUrl\":\"https:\/\/www.notibras.com\/site\/wp-content\/uploads\/2023\/02\/doacao_de_leite_materno.jpg\",\"width\":1170,\"height\":700},{\"@type\":\"BreadcrumbList\",\"@id\":\"https:\/\/www.notibras.com\/site\/concurso-busca-slogan-para-doacao-de-leite-materno\/#breadcrumb\",\"itemListElement\":[{\"@type\":\"ListItem\",\"position\":1,\"name\":\"In\u00edcio\",\"item\":\"https:\/\/www.notibras.com\/site\/\"},{\"@type\":\"ListItem\",\"position\":2,\"name\":\"Concurso busca slogan para doa\u00e7\u00e3o de leite materno\"}]},{\"@type\":\"WebSite\",\"@id\":\"https:\/\/www.notibras.com\/site\/#website\",\"url\":\"https:\/\/www.notibras.com\/site\/\",\"name\":\"Notibras\",\"description\":\"Not\u00edcias de Bras\u00edlia, do Brasil e do Mundo\",\"publisher\":{\"@id\":\"https:\/\/www.notibras.com\/site\/#organization\"},\"potentialAction\":[{\"@type\":\"SearchAction\",\"target\":{\"@type\":\"EntryPoint\",\"urlTemplate\":\"https:\/\/www.notibras.com\/site\/?s={search_term_string}\"},\"query-input\":{\"@type\":\"PropertyValueSpecification\",\"valueRequired\":true,\"valueName\":\"search_term_string\"}}],\"inLanguage\":\"pt-BR\"},{\"@type\":\"Organization\",\"@id\":\"https:\/\/www.notibras.com\/site\/#organization\",\"name\":\"Grupo Notibras de Comunica\u00e7\u00e3o\",\"url\":\"https:\/\/www.notibras.com\/site\/\",\"logo\":{\"@type\":\"ImageObject\",\"inLanguage\":\"pt-BR\",\"@id\":\"https:\/\/www.notibras.com\/site\/#\/schema\/logo\/image\/\",\"url\":\"https:\/\/www.notibras.com\/site\/wp-content\/uploads\/2023\/01\/notibras23.png\",\"contentUrl\":\"https:\/\/www.notibras.com\/site\/wp-content\/uploads\/2023\/01\/notibras23.png\",\"width\":350,\"height\":87,\"caption\":\"Grupo Notibras de Comunica\u00e7\u00e3o\"},\"image\":{\"@id\":\"https:\/\/www.notibras.com\/site\/#\/schema\/logo\/image\/\"},\"sameAs\":[\"https:\/\/www.facebook.com\/notibras\/\",\"https:\/\/x.com\/Notibras\",\"https:\/\/www.instagram.com\/notibras\/\"]},{\"@type\":\"Person\",\"@id\":\"https:\/\/www.notibras.com\/site\/#\/schema\/person\/36ab0979449956132d3e5b517ea76ac8\",\"name\":\"Reda\u00e7\u00e3o\",\"image\":{\"@type\":\"ImageObject\",\"inLanguage\":\"pt-BR\",\"@id\":\"https:\/\/secure.gravatar.com\/avatar\/e0a867bdedb85fd243eadf09663511f96fc81e0720a4a42581f334ad4303aa6b?s=96&d=mm&r=g\",\"url\":\"https:\/\/secure.gravatar.com\/avatar\/e0a867bdedb85fd243eadf09663511f96fc81e0720a4a42581f334ad4303aa6b?s=96&d=mm&r=g\",\"contentUrl\":\"https:\/\/secure.gravatar.com\/avatar\/e0a867bdedb85fd243eadf09663511f96fc81e0720a4a42581f334ad4303aa6b?s=96&d=mm&r=g\",\"caption\":\"Reda\u00e7\u00e3o\"}}]}<\/script>\n<!-- \/ Yoast SEO plugin. -->","yoast_head_json":{"title":"Concurso busca slogan para doa\u00e7\u00e3o de leite materno - Notibras","robots":{"index":"index","follow":"follow","max-snippet":"max-snippet:-1","max-image-preview":"max-image-preview:large","max-video-preview":"max-video-preview:-1"},"canonical":"https:\/\/www.notibras.com\/site\/concurso-busca-slogan-para-doacao-de-leite-materno\/","og_locale":"pt_BR","og_type":"article","og_title":"Concurso busca slogan para doa\u00e7\u00e3o de leite materno - Notibras","og_description":"At\u00e9 o pr\u00f3ximo dia 24 estar\u00e3o abertas as inscri\u00e7\u00f5es para o concurso que vai definir o slogan da campanha mundial de doa\u00e7\u00e3o de leite materno 2023. Qualquer pessoa sens\u00edvel \u00e0 causa pode participar. As inscri\u00e7\u00f5es s\u00e3o gratuitas e podem ser feitas pela internet. A terceira edi\u00e7\u00e3o da competi\u00e7\u00e3o \u00e9 uma iniciativa da Rede Global de [&hellip;]","og_url":"https:\/\/www.notibras.com\/site\/concurso-busca-slogan-para-doacao-de-leite-materno\/","og_site_name":"Notibras","article_publisher":"https:\/\/www.facebook.com\/notibras\/","article_published_time":"2023-02-02T03:00:42+00:00","article_modified_time":"2023-02-02T13:02:58+00:00","og_image":[{"width":1170,"height":700,"url":"https:\/\/www.notibras.com\/site\/wp-content\/uploads\/2023\/02\/doacao_de_leite_materno.jpg","type":"image\/jpeg"}],"author":"Reda\u00e7\u00e3o","twitter_card":"summary_large_image","twitter_creator":"@Notibras","twitter_site":"@Notibras","twitter_misc":{"Escrito por":"Reda\u00e7\u00e3o","Est. tempo de leitura":"2 minutos"},"schema":{"@context":"https:\/\/schema.org","@graph":[{"@type":"Article","@id":"https:\/\/www.notibras.com\/site\/concurso-busca-slogan-para-doacao-de-leite-materno\/#article","isPartOf":{"@id":"https:\/\/www.notibras.com\/site\/concurso-busca-slogan-para-doacao-de-leite-materno\/"},"author":{"name":"Reda\u00e7\u00e3o","@id":"https:\/\/www.notibras.com\/site\/#\/schema\/person\/36ab0979449956132d3e5b517ea76ac8"},"headline":"Concurso busca slogan para doa\u00e7\u00e3o de leite materno","datePublished":"2023-02-02T03:00:42+00:00","dateModified":"2023-02-02T13:02:58+00:00","mainEntityOfPage":{"@id":"https:\/\/www.notibras.com\/site\/concurso-busca-slogan-para-doacao-de-leite-materno\/"},"wordCount":233,"publisher":{"@id":"https:\/\/www.notibras.com\/site\/#organization"},"image":{"@id":"https:\/\/www.notibras.com\/site\/concurso-busca-slogan-para-doacao-de-leite-materno\/#primaryimage"},"thumbnailUrl":"https:\/\/www.notibras.com\/site\/wp-content\/uploads\/2023\/02\/doacao_de_leite_materno.jpg","articleSection":["Quadradinho em Foco"],"inLanguage":"pt-BR"},{"@type":"WebPage","@id":"https:\/\/www.notibras.com\/site\/concurso-busca-slogan-para-doacao-de-leite-materno\/","url":"https:\/\/www.notibras.com\/site\/concurso-busca-slogan-para-doacao-de-leite-materno\/","name":"Concurso busca slogan para doa\u00e7\u00e3o de leite materno - Notibras","isPartOf":{"@id":"https:\/\/www.notibras.com\/site\/#website"},"primaryImageOfPage":{"@id":"https:\/\/www.notibras.com\/site\/concurso-busca-slogan-para-doacao-de-leite-materno\/#primaryimage"},"image":{"@id":"https:\/\/www.notibras.com\/site\/concurso-busca-slogan-para-doacao-de-leite-materno\/#primaryimage"},"thumbnailUrl":"https:\/\/www.notibras.com\/site\/wp-content\/uploads\/2023\/02\/doacao_de_leite_materno.jpg","datePublished":"2023-02-02T03:00:42+00:00","dateModified":"2023-02-02T13:02:58+00:00","breadcrumb":{"@id":"https:\/\/www.notibras.com\/site\/concurso-busca-slogan-para-doacao-de-leite-materno\/#breadcrumb"},"inLanguage":"pt-BR","potentialAction":[{"@type":"ReadAction","target":["https:\/\/www.notibras.com\/site\/concurso-busca-slogan-para-doacao-de-leite-materno\/"]}]},{"@type":"ImageObject","inLanguage":"pt-BR","@id":"https:\/\/www.notibras.com\/site\/concurso-busca-slogan-para-doacao-de-leite-materno\/#primaryimage","url":"https:\/\/www.notibras.com\/site\/wp-content\/uploads\/2023\/02\/doacao_de_leite_materno.jpg","contentUrl":"https:\/\/www.notibras.com\/site\/wp-content\/uploads\/2023\/02\/doacao_de_leite_materno.jpg","width":1170,"height":700},{"@type":"BreadcrumbList","@id":"https:\/\/www.notibras.com\/site\/concurso-busca-slogan-para-doacao-de-leite-materno\/#breadcrumb","itemListElement":[{"@type":"ListItem","position":1,"name":"In\u00edcio","item":"https:\/\/www.notibras.com\/site\/"},{"@type":"ListItem","position":2,"name":"Concurso busca slogan para doa\u00e7\u00e3o de leite materno"}]},{"@type":"WebSite","@id":"https:\/\/www.notibras.com\/site\/#website","url":"https:\/\/www.notibras.com\/site\/","name":"Notibras","description":"Not\u00edcias de Bras\u00edlia, do Brasil e do Mundo","publisher":{"@id":"https:\/\/www.notibras.com\/site\/#organization"},"potentialAction":[{"@type":"SearchAction","target":{"@type":"EntryPoint","urlTemplate":"https:\/\/www.notibras.com\/site\/?s={search_term_string}"},"query-input":{"@type":"PropertyValueSpecification","valueRequired":true,"valueName":"search_term_string"}}],"inLanguage":"pt-BR"},{"@type":"Organization","@id":"https:\/\/www.notibras.com\/site\/#organization","name":"Grupo Notibras de Comunica\u00e7\u00e3o","url":"https:\/\/www.notibras.com\/site\/","logo":{"@type":"ImageObject","inLanguage":"pt-BR","@id":"https:\/\/www.notibras.com\/site\/#\/schema\/logo\/image\/","url":"https:\/\/www.notibras.com\/site\/wp-content\/uploads\/2023\/01\/notibras23.png","contentUrl":"https:\/\/www.notibras.com\/site\/wp-content\/uploads\/2023\/01\/notibras23.png","width":350,"height":87,"caption":"Grupo Notibras de Comunica\u00e7\u00e3o"},"image":{"@id":"https:\/\/www.notibras.com\/site\/#\/schema\/logo\/image\/"},"sameAs":["https:\/\/www.facebook.com\/notibras\/","https:\/\/x.com\/Notibras","https:\/\/www.instagram.com\/notibras\/"]},{"@type":"Person","@id":"https:\/\/www.notibras.com\/site\/#\/schema\/person\/36ab0979449956132d3e5b517ea76ac8","name":"Reda\u00e7\u00e3o","image":{"@type":"ImageObject","inLanguage":"pt-BR","@id":"https:\/\/secure.gravatar.com\/avatar\/e0a867bdedb85fd243eadf09663511f96fc81e0720a4a42581f334ad4303aa6b?s=96&d=mm&r=g","url":"https:\/\/secure.gravatar.com\/avatar\/e0a867bdedb85fd243eadf09663511f96fc81e0720a4a42581f334ad4303aa6b?s=96&d=mm&r=g","contentUrl":"https:\/\/secure.gravatar.com\/avatar\/e0a867bdedb85fd243eadf09663511f96fc81e0720a4a42581f334ad4303aa6b?s=96&d=mm&r=g","caption":"Reda\u00e7\u00e3o"}}]}},"amp_enabled":true,"_links":{"self":[{"href":"https:\/\/www.notibras.com\/site\/wp-json\/wp\/v2\/posts\/298936","targetHints":{"allow":["GET"]}}],"collection":[{"href":"https:\/\/www.notibras.com\/site\/wp-json\/wp\/v2\/posts"}],"about":[{"href":"https:\/\/www.notibras.com\/site\/wp-json\/wp\/v2\/types\/post"}],"author":[{"embeddable":true,"href":"https:\/\/www.notibras.com\/site\/wp-json\/wp\/v2\/users\/2"}],"replies":[{"embeddable":true,"href":"https:\/\/www.notibras.com\/site\/wp-json\/wp\/v2\/comments?post=298936"}],"version-history":[{"count":1,"href":"https:\/\/www.notibras.com\/site\/wp-json\/wp\/v2\/posts\/298936\/revisions"}],"predecessor-version":[{"id":298938,"href":"https:\/\/www.notibras.com\/site\/wp-json\/wp\/v2\/posts\/298936\/revisions\/298938"}],"wp:featuredmedia":[{"embeddable":true,"href":"https:\/\/www.notibras.com\/site\/wp-json\/wp\/v2\/media\/298937"}],"wp:attachment":[{"href":"https:\/\/www.notibras.com\/site\/wp-json\/wp\/v2\/media?parent=298936"}],"wp:term":[{"taxonomy":"category","embeddable":true,"href":"https:\/\/www.notibras.com\/site\/wp-json\/wp\/v2\/categories?post=298936"},{"taxonomy":"post_tag","embeddable":true,"href":"https:\/\/www.notibras.com\/site\/wp-json\/wp\/v2\/tags?post=298936"}],"curies":[{"name":"wp","href":"https:\/\/api.w.org\/{rel}","templated":true}]}}