{"id":298995,"date":"2023-02-03T00:00:48","date_gmt":"2023-02-03T03:00:48","guid":{"rendered":"https:\/\/www.notibras.com\/site\/?p=298995"},"modified":"2023-02-03T07:41:56","modified_gmt":"2023-02-03T10:41:56","slug":"via-ceilandia-brazlandia-recebe-nova-iluminacao","status":"publish","type":"post","link":"https:\/\/www.notibras.com\/site\/via-ceilandia-brazlandia-recebe-nova-iluminacao\/","title":{"rendered":"Via Ceil\u00e2ndia-Brazl\u00e2ndia recebe nova ilumina\u00e7\u00e3o"},"content":{"rendered":"<p>Mais uma via do Distrito Federal ter\u00e1 sua estrutura de ilumina\u00e7\u00e3o p\u00fablica modernizada, com a substitui\u00e7\u00e3o das lumin\u00e1rias tradicionais por modelos LED, que s\u00e3o mais econ\u00f4micos e eficientes. Com in\u00edcio nesta quinta-feira (2), a obra de efici\u00eancia energ\u00e9tica na DF-451, que faz a liga\u00e7\u00e3o entre a BR-070 e a BR-080, vai beneficiar toda a comunidade do Incra 7 e adjac\u00eancias, como o N\u00facleo Rural Alexandre Gusm\u00e3o.<\/p>\n<p>\u201cA DF-451 \u00e9 uma via com um fluxo significativo de ve\u00edculos, visto que faz a liga\u00e7\u00e3o entre Brazl\u00e2ndia e Ceil\u00e2ndia\u201d, pontua o presidente da Companhia Energ\u00e9tica de Bras\u00edlia Ilumina\u00e7\u00e3o P\u00fablica (CEB Ipes), Edison Garcia. \u201cCom a ilumina\u00e7\u00e3o mais potente proporcionada pelas lumin\u00e1rias LED, o tr\u00e2nsito fica mais seguro, tanto para os motoristas quanto para os pedestres que residem na regi\u00e3o.\u201d<\/p>\n<p>A a\u00e7\u00e3o, que faz parte do programa da CEB Luz que Protege, prev\u00ea a substitui\u00e7\u00e3o de 111 lumin\u00e1rias por modelos LED com pot\u00eancias de 80, 160 e 280 watts. O investimento \u00e9 de R$ 100 mil, recursos provenientes da Contribui\u00e7\u00e3o de Ilumina\u00e7\u00e3o P\u00fablica (CIP).<\/p>\n<p>Com base em informa\u00e7\u00f5es fornecidas pela Secretaria de Seguran\u00e7a P\u00fablica (SSP), a CEB atua em locais que demandam refor\u00e7o na ilumina\u00e7\u00e3o p\u00fablica, como regi\u00f5es de vulnerabilidade e \u00e1reas de grande fluxo de pessoas, como com\u00e9rcios, escolas, UPAs e pra\u00e7as.<\/p>\n","protected":false},"excerpt":{"rendered":"<p>Mais uma via do Distrito Federal ter\u00e1 sua estrutura de ilumina\u00e7\u00e3o p\u00fablica modernizada, com a substitui\u00e7\u00e3o das lumin\u00e1rias tradicionais por modelos LED, que s\u00e3o mais econ\u00f4micos e eficientes. Com in\u00edcio nesta quinta-feira (2), a obra de efici\u00eancia energ\u00e9tica na DF-451, que faz a liga\u00e7\u00e3o entre a BR-070 e a BR-080, vai beneficiar toda a comunidade [&hellip;]<\/p>\n","protected":false},"author":2,"featured_media":298996,"comment_status":"closed","ping_status":"closed","sticky":false,"template":"","format":"standard","meta":{"_acf_changed":false,"footnotes":""},"categories":[161],"tags":[],"class_list":["post-298995","post","type-post","status-publish","format-standard","has-post-thumbnail","hentry","category-quadradinho-em-foco"],"acf":[],"yoast_head":"<!-- This site is optimized with the Yoast SEO plugin v27.2 - https:\/\/yoast.com\/product\/yoast-seo-wordpress\/ -->\n<title>Via Ceil\u00e2ndia-Brazl\u00e2ndia recebe nova ilumina\u00e7\u00e3o - Notibras<\/title>\n<meta name=\"robots\" content=\"index, follow, max-snippet:-1, max-image-preview:large, max-video-preview:-1\" \/>\n<link rel=\"canonical\" href=\"https:\/\/www.notibras.com\/site\/via-ceilandia-brazlandia-recebe-nova-iluminacao\/\" \/>\n<meta property=\"og:locale\" content=\"pt_BR\" \/>\n<meta property=\"og:type\" content=\"article\" \/>\n<meta property=\"og:title\" content=\"Via Ceil\u00e2ndia-Brazl\u00e2ndia recebe nova ilumina\u00e7\u00e3o - Notibras\" \/>\n<meta property=\"og:description\" content=\"Mais uma via do Distrito Federal ter\u00e1 sua estrutura de ilumina\u00e7\u00e3o p\u00fablica modernizada, com a substitui\u00e7\u00e3o das lumin\u00e1rias tradicionais por modelos LED, que s\u00e3o mais econ\u00f4micos e eficientes. Com in\u00edcio nesta quinta-feira (2), a obra de efici\u00eancia energ\u00e9tica na DF-451, que faz a liga\u00e7\u00e3o entre a BR-070 e a BR-080, vai beneficiar toda a comunidade [&hellip;]\" \/>\n<meta property=\"og:url\" content=\"https:\/\/www.notibras.com\/site\/via-ceilandia-brazlandia-recebe-nova-iluminacao\/\" \/>\n<meta property=\"og:site_name\" content=\"Notibras\" \/>\n<meta property=\"article:publisher\" content=\"https:\/\/www.facebook.com\/notibras\/\" \/>\n<meta property=\"article:published_time\" content=\"2023-02-03T03:00:48+00:00\" \/>\n<meta property=\"article:modified_time\" content=\"2023-02-03T10:41:56+00:00\" \/>\n<meta property=\"og:image\" content=\"https:\/\/www.notibras.com\/site\/wp-content\/uploads\/2023\/02\/1o.2.-CEB-Ipes.-Foto-Paulo-H.-Carvalho-Agencia-Brasilia3-1536x1020-1.jpeg\" \/>\n\t<meta property=\"og:image:width\" content=\"1536\" \/>\n\t<meta property=\"og:image:height\" content=\"1020\" \/>\n\t<meta property=\"og:image:type\" content=\"image\/jpeg\" \/>\n<meta name=\"author\" content=\"Reda\u00e7\u00e3o\" \/>\n<meta name=\"twitter:card\" content=\"summary_large_image\" \/>\n<meta name=\"twitter:creator\" content=\"@Notibras\" \/>\n<meta name=\"twitter:site\" content=\"@Notibras\" \/>\n<meta name=\"twitter:label1\" content=\"Escrito por\" \/>\n\t<meta name=\"twitter:data1\" content=\"Reda\u00e7\u00e3o\" \/>\n\t<meta name=\"twitter:label2\" content=\"Est. tempo de leitura\" \/>\n\t<meta name=\"twitter:data2\" content=\"2 minutos\" \/>\n<script type=\"application\/ld+json\" class=\"yoast-schema-graph\">{\"@context\":\"https:\/\/schema.org\",\"@graph\":[{\"@type\":\"Article\",\"@id\":\"https:\/\/www.notibras.com\/site\/via-ceilandia-brazlandia-recebe-nova-iluminacao\/#article\",\"isPartOf\":{\"@id\":\"https:\/\/www.notibras.com\/site\/via-ceilandia-brazlandia-recebe-nova-iluminacao\/\"},\"author\":{\"name\":\"Reda\u00e7\u00e3o\",\"@id\":\"https:\/\/www.notibras.com\/site\/#\/schema\/person\/36ab0979449956132d3e5b517ea76ac8\"},\"headline\":\"Via Ceil\u00e2ndia-Brazl\u00e2ndia recebe nova ilumina\u00e7\u00e3o\",\"datePublished\":\"2023-02-03T03:00:48+00:00\",\"dateModified\":\"2023-02-03T10:41:56+00:00\",\"mainEntityOfPage\":{\"@id\":\"https:\/\/www.notibras.com\/site\/via-ceilandia-brazlandia-recebe-nova-iluminacao\/\"},\"wordCount\":249,\"publisher\":{\"@id\":\"https:\/\/www.notibras.com\/site\/#organization\"},\"image\":{\"@id\":\"https:\/\/www.notibras.com\/site\/via-ceilandia-brazlandia-recebe-nova-iluminacao\/#primaryimage\"},\"thumbnailUrl\":\"https:\/\/www.notibras.com\/site\/wp-content\/uploads\/2023\/02\/1o.2.-CEB-Ipes.-Foto-Paulo-H.-Carvalho-Agencia-Brasilia3-1536x1020-1.jpeg\",\"articleSection\":[\"Quadradinho em Foco\"],\"inLanguage\":\"pt-BR\"},{\"@type\":\"WebPage\",\"@id\":\"https:\/\/www.notibras.com\/site\/via-ceilandia-brazlandia-recebe-nova-iluminacao\/\",\"url\":\"https:\/\/www.notibras.com\/site\/via-ceilandia-brazlandia-recebe-nova-iluminacao\/\",\"name\":\"Via Ceil\u00e2ndia-Brazl\u00e2ndia recebe nova ilumina\u00e7\u00e3o - Notibras\",\"isPartOf\":{\"@id\":\"https:\/\/www.notibras.com\/site\/#website\"},\"primaryImageOfPage\":{\"@id\":\"https:\/\/www.notibras.com\/site\/via-ceilandia-brazlandia-recebe-nova-iluminacao\/#primaryimage\"},\"image\":{\"@id\":\"https:\/\/www.notibras.com\/site\/via-ceilandia-brazlandia-recebe-nova-iluminacao\/#primaryimage\"},\"thumbnailUrl\":\"https:\/\/www.notibras.com\/site\/wp-content\/uploads\/2023\/02\/1o.2.-CEB-Ipes.-Foto-Paulo-H.-Carvalho-Agencia-Brasilia3-1536x1020-1.jpeg\",\"datePublished\":\"2023-02-03T03:00:48+00:00\",\"dateModified\":\"2023-02-03T10:41:56+00:00\",\"breadcrumb\":{\"@id\":\"https:\/\/www.notibras.com\/site\/via-ceilandia-brazlandia-recebe-nova-iluminacao\/#breadcrumb\"},\"inLanguage\":\"pt-BR\",\"potentialAction\":[{\"@type\":\"ReadAction\",\"target\":[\"https:\/\/www.notibras.com\/site\/via-ceilandia-brazlandia-recebe-nova-iluminacao\/\"]}]},{\"@type\":\"ImageObject\",\"inLanguage\":\"pt-BR\",\"@id\":\"https:\/\/www.notibras.com\/site\/via-ceilandia-brazlandia-recebe-nova-iluminacao\/#primaryimage\",\"url\":\"https:\/\/www.notibras.com\/site\/wp-content\/uploads\/2023\/02\/1o.2.-CEB-Ipes.-Foto-Paulo-H.-Carvalho-Agencia-Brasilia3-1536x1020-1.jpeg\",\"contentUrl\":\"https:\/\/www.notibras.com\/site\/wp-content\/uploads\/2023\/02\/1o.2.-CEB-Ipes.-Foto-Paulo-H.-Carvalho-Agencia-Brasilia3-1536x1020-1.jpeg\",\"width\":1536,\"height\":1020},{\"@type\":\"BreadcrumbList\",\"@id\":\"https:\/\/www.notibras.com\/site\/via-ceilandia-brazlandia-recebe-nova-iluminacao\/#breadcrumb\",\"itemListElement\":[{\"@type\":\"ListItem\",\"position\":1,\"name\":\"In\u00edcio\",\"item\":\"https:\/\/www.notibras.com\/site\/\"},{\"@type\":\"ListItem\",\"position\":2,\"name\":\"Via Ceil\u00e2ndia-Brazl\u00e2ndia recebe nova ilumina\u00e7\u00e3o\"}]},{\"@type\":\"WebSite\",\"@id\":\"https:\/\/www.notibras.com\/site\/#website\",\"url\":\"https:\/\/www.notibras.com\/site\/\",\"name\":\"Notibras\",\"description\":\"Not\u00edcias de Bras\u00edlia, do Brasil e do Mundo\",\"publisher\":{\"@id\":\"https:\/\/www.notibras.com\/site\/#organization\"},\"potentialAction\":[{\"@type\":\"SearchAction\",\"target\":{\"@type\":\"EntryPoint\",\"urlTemplate\":\"https:\/\/www.notibras.com\/site\/?s={search_term_string}\"},\"query-input\":{\"@type\":\"PropertyValueSpecification\",\"valueRequired\":true,\"valueName\":\"search_term_string\"}}],\"inLanguage\":\"pt-BR\"},{\"@type\":\"Organization\",\"@id\":\"https:\/\/www.notibras.com\/site\/#organization\",\"name\":\"Grupo Notibras de Comunica\u00e7\u00e3o\",\"url\":\"https:\/\/www.notibras.com\/site\/\",\"logo\":{\"@type\":\"ImageObject\",\"inLanguage\":\"pt-BR\",\"@id\":\"https:\/\/www.notibras.com\/site\/#\/schema\/logo\/image\/\",\"url\":\"https:\/\/www.notibras.com\/site\/wp-content\/uploads\/2023\/01\/notibras23.png\",\"contentUrl\":\"https:\/\/www.notibras.com\/site\/wp-content\/uploads\/2023\/01\/notibras23.png\",\"width\":350,\"height\":87,\"caption\":\"Grupo Notibras de Comunica\u00e7\u00e3o\"},\"image\":{\"@id\":\"https:\/\/www.notibras.com\/site\/#\/schema\/logo\/image\/\"},\"sameAs\":[\"https:\/\/www.facebook.com\/notibras\/\",\"https:\/\/x.com\/Notibras\",\"https:\/\/www.instagram.com\/notibras\/\"]},{\"@type\":\"Person\",\"@id\":\"https:\/\/www.notibras.com\/site\/#\/schema\/person\/36ab0979449956132d3e5b517ea76ac8\",\"name\":\"Reda\u00e7\u00e3o\",\"image\":{\"@type\":\"ImageObject\",\"inLanguage\":\"pt-BR\",\"@id\":\"https:\/\/secure.gravatar.com\/avatar\/e0a867bdedb85fd243eadf09663511f96fc81e0720a4a42581f334ad4303aa6b?s=96&d=mm&r=g\",\"url\":\"https:\/\/secure.gravatar.com\/avatar\/e0a867bdedb85fd243eadf09663511f96fc81e0720a4a42581f334ad4303aa6b?s=96&d=mm&r=g\",\"contentUrl\":\"https:\/\/secure.gravatar.com\/avatar\/e0a867bdedb85fd243eadf09663511f96fc81e0720a4a42581f334ad4303aa6b?s=96&d=mm&r=g\",\"caption\":\"Reda\u00e7\u00e3o\"}}]}<\/script>\n<!-- \/ Yoast SEO plugin. -->","yoast_head_json":{"title":"Via Ceil\u00e2ndia-Brazl\u00e2ndia recebe nova ilumina\u00e7\u00e3o - Notibras","robots":{"index":"index","follow":"follow","max-snippet":"max-snippet:-1","max-image-preview":"max-image-preview:large","max-video-preview":"max-video-preview:-1"},"canonical":"https:\/\/www.notibras.com\/site\/via-ceilandia-brazlandia-recebe-nova-iluminacao\/","og_locale":"pt_BR","og_type":"article","og_title":"Via Ceil\u00e2ndia-Brazl\u00e2ndia recebe nova ilumina\u00e7\u00e3o - Notibras","og_description":"Mais uma via do Distrito Federal ter\u00e1 sua estrutura de ilumina\u00e7\u00e3o p\u00fablica modernizada, com a substitui\u00e7\u00e3o das lumin\u00e1rias tradicionais por modelos LED, que s\u00e3o mais econ\u00f4micos e eficientes. Com in\u00edcio nesta quinta-feira (2), a obra de efici\u00eancia energ\u00e9tica na DF-451, que faz a liga\u00e7\u00e3o entre a BR-070 e a BR-080, vai beneficiar toda a comunidade [&hellip;]","og_url":"https:\/\/www.notibras.com\/site\/via-ceilandia-brazlandia-recebe-nova-iluminacao\/","og_site_name":"Notibras","article_publisher":"https:\/\/www.facebook.com\/notibras\/","article_published_time":"2023-02-03T03:00:48+00:00","article_modified_time":"2023-02-03T10:41:56+00:00","og_image":[{"width":1536,"height":1020,"url":"https:\/\/www.notibras.com\/site\/wp-content\/uploads\/2023\/02\/1o.2.-CEB-Ipes.-Foto-Paulo-H.-Carvalho-Agencia-Brasilia3-1536x1020-1.jpeg","type":"image\/jpeg"}],"author":"Reda\u00e7\u00e3o","twitter_card":"summary_large_image","twitter_creator":"@Notibras","twitter_site":"@Notibras","twitter_misc":{"Escrito por":"Reda\u00e7\u00e3o","Est. tempo de leitura":"2 minutos"},"schema":{"@context":"https:\/\/schema.org","@graph":[{"@type":"Article","@id":"https:\/\/www.notibras.com\/site\/via-ceilandia-brazlandia-recebe-nova-iluminacao\/#article","isPartOf":{"@id":"https:\/\/www.notibras.com\/site\/via-ceilandia-brazlandia-recebe-nova-iluminacao\/"},"author":{"name":"Reda\u00e7\u00e3o","@id":"https:\/\/www.notibras.com\/site\/#\/schema\/person\/36ab0979449956132d3e5b517ea76ac8"},"headline":"Via Ceil\u00e2ndia-Brazl\u00e2ndia recebe nova ilumina\u00e7\u00e3o","datePublished":"2023-02-03T03:00:48+00:00","dateModified":"2023-02-03T10:41:56+00:00","mainEntityOfPage":{"@id":"https:\/\/www.notibras.com\/site\/via-ceilandia-brazlandia-recebe-nova-iluminacao\/"},"wordCount":249,"publisher":{"@id":"https:\/\/www.notibras.com\/site\/#organization"},"image":{"@id":"https:\/\/www.notibras.com\/site\/via-ceilandia-brazlandia-recebe-nova-iluminacao\/#primaryimage"},"thumbnailUrl":"https:\/\/www.notibras.com\/site\/wp-content\/uploads\/2023\/02\/1o.2.-CEB-Ipes.-Foto-Paulo-H.-Carvalho-Agencia-Brasilia3-1536x1020-1.jpeg","articleSection":["Quadradinho em Foco"],"inLanguage":"pt-BR"},{"@type":"WebPage","@id":"https:\/\/www.notibras.com\/site\/via-ceilandia-brazlandia-recebe-nova-iluminacao\/","url":"https:\/\/www.notibras.com\/site\/via-ceilandia-brazlandia-recebe-nova-iluminacao\/","name":"Via Ceil\u00e2ndia-Brazl\u00e2ndia recebe nova ilumina\u00e7\u00e3o - Notibras","isPartOf":{"@id":"https:\/\/www.notibras.com\/site\/#website"},"primaryImageOfPage":{"@id":"https:\/\/www.notibras.com\/site\/via-ceilandia-brazlandia-recebe-nova-iluminacao\/#primaryimage"},"image":{"@id":"https:\/\/www.notibras.com\/site\/via-ceilandia-brazlandia-recebe-nova-iluminacao\/#primaryimage"},"thumbnailUrl":"https:\/\/www.notibras.com\/site\/wp-content\/uploads\/2023\/02\/1o.2.-CEB-Ipes.-Foto-Paulo-H.-Carvalho-Agencia-Brasilia3-1536x1020-1.jpeg","datePublished":"2023-02-03T03:00:48+00:00","dateModified":"2023-02-03T10:41:56+00:00","breadcrumb":{"@id":"https:\/\/www.notibras.com\/site\/via-ceilandia-brazlandia-recebe-nova-iluminacao\/#breadcrumb"},"inLanguage":"pt-BR","potentialAction":[{"@type":"ReadAction","target":["https:\/\/www.notibras.com\/site\/via-ceilandia-brazlandia-recebe-nova-iluminacao\/"]}]},{"@type":"ImageObject","inLanguage":"pt-BR","@id":"https:\/\/www.notibras.com\/site\/via-ceilandia-brazlandia-recebe-nova-iluminacao\/#primaryimage","url":"https:\/\/www.notibras.com\/site\/wp-content\/uploads\/2023\/02\/1o.2.-CEB-Ipes.-Foto-Paulo-H.-Carvalho-Agencia-Brasilia3-1536x1020-1.jpeg","contentUrl":"https:\/\/www.notibras.com\/site\/wp-content\/uploads\/2023\/02\/1o.2.-CEB-Ipes.-Foto-Paulo-H.-Carvalho-Agencia-Brasilia3-1536x1020-1.jpeg","width":1536,"height":1020},{"@type":"BreadcrumbList","@id":"https:\/\/www.notibras.com\/site\/via-ceilandia-brazlandia-recebe-nova-iluminacao\/#breadcrumb","itemListElement":[{"@type":"ListItem","position":1,"name":"In\u00edcio","item":"https:\/\/www.notibras.com\/site\/"},{"@type":"ListItem","position":2,"name":"Via Ceil\u00e2ndia-Brazl\u00e2ndia recebe nova ilumina\u00e7\u00e3o"}]},{"@type":"WebSite","@id":"https:\/\/www.notibras.com\/site\/#website","url":"https:\/\/www.notibras.com\/site\/","name":"Notibras","description":"Not\u00edcias de Bras\u00edlia, do Brasil e do Mundo","publisher":{"@id":"https:\/\/www.notibras.com\/site\/#organization"},"potentialAction":[{"@type":"SearchAction","target":{"@type":"EntryPoint","urlTemplate":"https:\/\/www.notibras.com\/site\/?s={search_term_string}"},"query-input":{"@type":"PropertyValueSpecification","valueRequired":true,"valueName":"search_term_string"}}],"inLanguage":"pt-BR"},{"@type":"Organization","@id":"https:\/\/www.notibras.com\/site\/#organization","name":"Grupo Notibras de Comunica\u00e7\u00e3o","url":"https:\/\/www.notibras.com\/site\/","logo":{"@type":"ImageObject","inLanguage":"pt-BR","@id":"https:\/\/www.notibras.com\/site\/#\/schema\/logo\/image\/","url":"https:\/\/www.notibras.com\/site\/wp-content\/uploads\/2023\/01\/notibras23.png","contentUrl":"https:\/\/www.notibras.com\/site\/wp-content\/uploads\/2023\/01\/notibras23.png","width":350,"height":87,"caption":"Grupo Notibras de Comunica\u00e7\u00e3o"},"image":{"@id":"https:\/\/www.notibras.com\/site\/#\/schema\/logo\/image\/"},"sameAs":["https:\/\/www.facebook.com\/notibras\/","https:\/\/x.com\/Notibras","https:\/\/www.instagram.com\/notibras\/"]},{"@type":"Person","@id":"https:\/\/www.notibras.com\/site\/#\/schema\/person\/36ab0979449956132d3e5b517ea76ac8","name":"Reda\u00e7\u00e3o","image":{"@type":"ImageObject","inLanguage":"pt-BR","@id":"https:\/\/secure.gravatar.com\/avatar\/e0a867bdedb85fd243eadf09663511f96fc81e0720a4a42581f334ad4303aa6b?s=96&d=mm&r=g","url":"https:\/\/secure.gravatar.com\/avatar\/e0a867bdedb85fd243eadf09663511f96fc81e0720a4a42581f334ad4303aa6b?s=96&d=mm&r=g","contentUrl":"https:\/\/secure.gravatar.com\/avatar\/e0a867bdedb85fd243eadf09663511f96fc81e0720a4a42581f334ad4303aa6b?s=96&d=mm&r=g","caption":"Reda\u00e7\u00e3o"}}]}},"amp_enabled":true,"_links":{"self":[{"href":"https:\/\/www.notibras.com\/site\/wp-json\/wp\/v2\/posts\/298995","targetHints":{"allow":["GET"]}}],"collection":[{"href":"https:\/\/www.notibras.com\/site\/wp-json\/wp\/v2\/posts"}],"about":[{"href":"https:\/\/www.notibras.com\/site\/wp-json\/wp\/v2\/types\/post"}],"author":[{"embeddable":true,"href":"https:\/\/www.notibras.com\/site\/wp-json\/wp\/v2\/users\/2"}],"replies":[{"embeddable":true,"href":"https:\/\/www.notibras.com\/site\/wp-json\/wp\/v2\/comments?post=298995"}],"version-history":[{"count":1,"href":"https:\/\/www.notibras.com\/site\/wp-json\/wp\/v2\/posts\/298995\/revisions"}],"predecessor-version":[{"id":298997,"href":"https:\/\/www.notibras.com\/site\/wp-json\/wp\/v2\/posts\/298995\/revisions\/298997"}],"wp:featuredmedia":[{"embeddable":true,"href":"https:\/\/www.notibras.com\/site\/wp-json\/wp\/v2\/media\/298996"}],"wp:attachment":[{"href":"https:\/\/www.notibras.com\/site\/wp-json\/wp\/v2\/media?parent=298995"}],"wp:term":[{"taxonomy":"category","embeddable":true,"href":"https:\/\/www.notibras.com\/site\/wp-json\/wp\/v2\/categories?post=298995"},{"taxonomy":"post_tag","embeddable":true,"href":"https:\/\/www.notibras.com\/site\/wp-json\/wp\/v2\/tags?post=298995"}],"curies":[{"name":"wp","href":"https:\/\/api.w.org\/{rel}","templated":true}]}}