{"id":299007,"date":"2023-02-03T00:00:36","date_gmt":"2023-02-03T03:00:36","guid":{"rendered":"https:\/\/www.notibras.com\/site\/?p=299007"},"modified":"2023-02-03T08:06:09","modified_gmt":"2023-02-03T11:06:09","slug":"praca-dos-orixas-tera-seguranca-24-horas","status":"publish","type":"post","link":"https:\/\/www.notibras.com\/site\/praca-dos-orixas-tera-seguranca-24-horas\/","title":{"rendered":"Pra\u00e7a dos Orix\u00e1s ter\u00e1 seguran\u00e7a 24 horas"},"content":{"rendered":"<p>Atendendo a uma demanda dos frequentadores da Pra\u00e7a dos Orix\u00e1s, a Administra\u00e7\u00e3o Regional do Plano Piloto solicitou \u00e0 Secretaria de Planejamento, Or\u00e7amento e Administra\u00e7\u00e3o (Seplad), nesta quinta-feira (2), seguran\u00e7a 24 horas para o local. O pedido surgiu de autoridades das religi\u00f5es de matriz africana que se reuniram \u00e0s margens do Lago Parano\u00e1 para celebrar Iemanj\u00e1, na Festa das \u00c1guas.<\/p>\n<p>Durante visita \u00e0 abertura do evento, o administrador regional do Plano Piloto, Valdemar Medeiros, ouviu dos religiosos as demandas para a pra\u00e7a, tombada como patrim\u00f4nio cultural imaterial do Distrito Federal.<\/p>\n<p>\u201cO pedido por seguran\u00e7a \u00e9 leg\u00edtimo, al\u00e9m das demais demandas ouvidas aqui\u201d, disse. Um of\u00edcio foi encaminhado \u00e0 Seplad, imediatamente, solicitando quatro vigilantes para revezamento 24 horas na Pra\u00e7a dos Orix\u00e1s.<\/p>\n<p><strong>Recupera\u00e7\u00e3o<\/strong><br \/>\nAl\u00e9m disso, o administrador prop\u00f4s a uni\u00e3o de esfor\u00e7os dos governos e legislativos local e federal para que o espa\u00e7o possa ser recuperado, conforme outro pedido feito durante o encontro.<\/p>\n<p>Presentes ao evento, a deputada federal \u00c9rika Kokay (PT) e a ministra da Igualdade Racial, Anielle Franco, refor\u00e7aram o compromisso de buscar melhorias para a pra\u00e7a. \u201cQuero dar minha palavra: contem conosco para que criemos esse grupo de trabalho para partirmos para a parte concreta\u201d, afirmou a ministra Anielle.<\/p>\n<p>A deputada \u00c9rika Kokay, por sua vez, ressaltou: \u201c\u00c9 preciso uma a\u00e7\u00e3o imediata. A recupera\u00e7\u00e3o da estrutura pode ter ajuda do governo federal, porque essa revitaliza\u00e7\u00e3o \u00e9 muito simb\u00f3lica\u201d. Tamb\u00e9m participaram representantes do Minist\u00e9rio da Cultura e do Instituto do Patrim\u00f4nio Hist\u00f3rico e Art\u00edstico Nacional (Iphan).<\/p>\n<p><strong>A fest<\/strong>a<br \/>\nNo DF, a celebra\u00e7\u00e3o da Rainha do Mar ocorre sempre em 2 de fevereiro na Pra\u00e7a dos Orix\u00e1s, com entrada gratuita. Na festa, promovida pelo Instituto Rosa dos Ventos, estavam representantes de diversos terreiros locais, grupos musicais e rodas de capoeira.<\/p>\n","protected":false},"excerpt":{"rendered":"<p>Atendendo a uma demanda dos frequentadores da Pra\u00e7a dos Orix\u00e1s, a Administra\u00e7\u00e3o Regional do Plano Piloto solicitou \u00e0 Secretaria de Planejamento, Or\u00e7amento e Administra\u00e7\u00e3o (Seplad), nesta quinta-feira (2), seguran\u00e7a 24 horas para o local. O pedido surgiu de autoridades das religi\u00f5es de matriz africana que se reuniram \u00e0s margens do Lago Parano\u00e1 para celebrar Iemanj\u00e1, [&hellip;]<\/p>\n","protected":false},"author":2,"featured_media":299008,"comment_status":"closed","ping_status":"closed","sticky":false,"template":"","format":"standard","meta":{"_acf_changed":false,"footnotes":""},"categories":[161],"tags":[],"class_list":["post-299007","post","type-post","status-publish","format-standard","has-post-thumbnail","hentry","category-quadradinho-em-foco"],"acf":[],"yoast_head":"<!-- This site is optimized with the Yoast SEO plugin v27.2 - https:\/\/yoast.com\/product\/yoast-seo-wordpress\/ -->\n<title>Pra\u00e7a dos Orix\u00e1s ter\u00e1 seguran\u00e7a 24 horas - Notibras<\/title>\n<meta name=\"robots\" content=\"index, follow, max-snippet:-1, max-image-preview:large, max-video-preview:-1\" \/>\n<link rel=\"canonical\" href=\"https:\/\/www.notibras.com\/site\/praca-dos-orixas-tera-seguranca-24-horas\/\" \/>\n<meta property=\"og:locale\" content=\"pt_BR\" \/>\n<meta property=\"og:type\" content=\"article\" \/>\n<meta property=\"og:title\" content=\"Pra\u00e7a dos Orix\u00e1s ter\u00e1 seguran\u00e7a 24 horas - Notibras\" \/>\n<meta property=\"og:description\" content=\"Atendendo a uma demanda dos frequentadores da Pra\u00e7a dos Orix\u00e1s, a Administra\u00e7\u00e3o Regional do Plano Piloto solicitou \u00e0 Secretaria de Planejamento, Or\u00e7amento e Administra\u00e7\u00e3o (Seplad), nesta quinta-feira (2), seguran\u00e7a 24 horas para o local. O pedido surgiu de autoridades das religi\u00f5es de matriz africana que se reuniram \u00e0s margens do Lago Parano\u00e1 para celebrar Iemanj\u00e1, [&hellip;]\" \/>\n<meta property=\"og:url\" content=\"https:\/\/www.notibras.com\/site\/praca-dos-orixas-tera-seguranca-24-horas\/\" \/>\n<meta property=\"og:site_name\" content=\"Notibras\" \/>\n<meta property=\"article:publisher\" content=\"https:\/\/www.facebook.com\/notibras\/\" \/>\n<meta property=\"article:published_time\" content=\"2023-02-03T03:00:36+00:00\" \/>\n<meta property=\"article:modified_time\" content=\"2023-02-03T11:06:09+00:00\" \/>\n<meta property=\"og:image\" content=\"https:\/\/www.notibras.com\/site\/wp-content\/uploads\/2023\/02\/2.2.-Praca-dos-Orixas.-Foto-Emanuelle-Sena-Ascom-Plano-Piloto3-1536x1024-1.jpg\" \/>\n\t<meta property=\"og:image:width\" content=\"1536\" \/>\n\t<meta property=\"og:image:height\" content=\"1024\" \/>\n\t<meta property=\"og:image:type\" content=\"image\/jpeg\" \/>\n<meta name=\"author\" content=\"Reda\u00e7\u00e3o\" \/>\n<meta name=\"twitter:card\" content=\"summary_large_image\" \/>\n<meta name=\"twitter:creator\" content=\"@Notibras\" \/>\n<meta name=\"twitter:site\" content=\"@Notibras\" \/>\n<meta name=\"twitter:label1\" content=\"Escrito por\" \/>\n\t<meta name=\"twitter:data1\" content=\"Reda\u00e7\u00e3o\" \/>\n\t<meta name=\"twitter:label2\" content=\"Est. tempo de leitura\" \/>\n\t<meta name=\"twitter:data2\" content=\"2 minutos\" \/>\n<script type=\"application\/ld+json\" class=\"yoast-schema-graph\">{\"@context\":\"https:\/\/schema.org\",\"@graph\":[{\"@type\":\"Article\",\"@id\":\"https:\/\/www.notibras.com\/site\/praca-dos-orixas-tera-seguranca-24-horas\/#article\",\"isPartOf\":{\"@id\":\"https:\/\/www.notibras.com\/site\/praca-dos-orixas-tera-seguranca-24-horas\/\"},\"author\":{\"name\":\"Reda\u00e7\u00e3o\",\"@id\":\"https:\/\/www.notibras.com\/site\/#\/schema\/person\/36ab0979449956132d3e5b517ea76ac8\"},\"headline\":\"Pra\u00e7a dos Orix\u00e1s ter\u00e1 seguran\u00e7a 24 horas\",\"datePublished\":\"2023-02-03T03:00:36+00:00\",\"dateModified\":\"2023-02-03T11:06:09+00:00\",\"mainEntityOfPage\":{\"@id\":\"https:\/\/www.notibras.com\/site\/praca-dos-orixas-tera-seguranca-24-horas\/\"},\"wordCount\":323,\"publisher\":{\"@id\":\"https:\/\/www.notibras.com\/site\/#organization\"},\"image\":{\"@id\":\"https:\/\/www.notibras.com\/site\/praca-dos-orixas-tera-seguranca-24-horas\/#primaryimage\"},\"thumbnailUrl\":\"https:\/\/www.notibras.com\/site\/wp-content\/uploads\/2023\/02\/2.2.-Praca-dos-Orixas.-Foto-Emanuelle-Sena-Ascom-Plano-Piloto3-1536x1024-1.jpg\",\"articleSection\":[\"Quadradinho em Foco\"],\"inLanguage\":\"pt-BR\"},{\"@type\":\"WebPage\",\"@id\":\"https:\/\/www.notibras.com\/site\/praca-dos-orixas-tera-seguranca-24-horas\/\",\"url\":\"https:\/\/www.notibras.com\/site\/praca-dos-orixas-tera-seguranca-24-horas\/\",\"name\":\"Pra\u00e7a dos Orix\u00e1s ter\u00e1 seguran\u00e7a 24 horas - Notibras\",\"isPartOf\":{\"@id\":\"https:\/\/www.notibras.com\/site\/#website\"},\"primaryImageOfPage\":{\"@id\":\"https:\/\/www.notibras.com\/site\/praca-dos-orixas-tera-seguranca-24-horas\/#primaryimage\"},\"image\":{\"@id\":\"https:\/\/www.notibras.com\/site\/praca-dos-orixas-tera-seguranca-24-horas\/#primaryimage\"},\"thumbnailUrl\":\"https:\/\/www.notibras.com\/site\/wp-content\/uploads\/2023\/02\/2.2.-Praca-dos-Orixas.-Foto-Emanuelle-Sena-Ascom-Plano-Piloto3-1536x1024-1.jpg\",\"datePublished\":\"2023-02-03T03:00:36+00:00\",\"dateModified\":\"2023-02-03T11:06:09+00:00\",\"breadcrumb\":{\"@id\":\"https:\/\/www.notibras.com\/site\/praca-dos-orixas-tera-seguranca-24-horas\/#breadcrumb\"},\"inLanguage\":\"pt-BR\",\"potentialAction\":[{\"@type\":\"ReadAction\",\"target\":[\"https:\/\/www.notibras.com\/site\/praca-dos-orixas-tera-seguranca-24-horas\/\"]}]},{\"@type\":\"ImageObject\",\"inLanguage\":\"pt-BR\",\"@id\":\"https:\/\/www.notibras.com\/site\/praca-dos-orixas-tera-seguranca-24-horas\/#primaryimage\",\"url\":\"https:\/\/www.notibras.com\/site\/wp-content\/uploads\/2023\/02\/2.2.-Praca-dos-Orixas.-Foto-Emanuelle-Sena-Ascom-Plano-Piloto3-1536x1024-1.jpg\",\"contentUrl\":\"https:\/\/www.notibras.com\/site\/wp-content\/uploads\/2023\/02\/2.2.-Praca-dos-Orixas.-Foto-Emanuelle-Sena-Ascom-Plano-Piloto3-1536x1024-1.jpg\",\"width\":1536,\"height\":1024},{\"@type\":\"BreadcrumbList\",\"@id\":\"https:\/\/www.notibras.com\/site\/praca-dos-orixas-tera-seguranca-24-horas\/#breadcrumb\",\"itemListElement\":[{\"@type\":\"ListItem\",\"position\":1,\"name\":\"In\u00edcio\",\"item\":\"https:\/\/www.notibras.com\/site\/\"},{\"@type\":\"ListItem\",\"position\":2,\"name\":\"Pra\u00e7a dos Orix\u00e1s ter\u00e1 seguran\u00e7a 24 horas\"}]},{\"@type\":\"WebSite\",\"@id\":\"https:\/\/www.notibras.com\/site\/#website\",\"url\":\"https:\/\/www.notibras.com\/site\/\",\"name\":\"Notibras\",\"description\":\"Not\u00edcias de Bras\u00edlia, do Brasil e do Mundo\",\"publisher\":{\"@id\":\"https:\/\/www.notibras.com\/site\/#organization\"},\"potentialAction\":[{\"@type\":\"SearchAction\",\"target\":{\"@type\":\"EntryPoint\",\"urlTemplate\":\"https:\/\/www.notibras.com\/site\/?s={search_term_string}\"},\"query-input\":{\"@type\":\"PropertyValueSpecification\",\"valueRequired\":true,\"valueName\":\"search_term_string\"}}],\"inLanguage\":\"pt-BR\"},{\"@type\":\"Organization\",\"@id\":\"https:\/\/www.notibras.com\/site\/#organization\",\"name\":\"Grupo Notibras de Comunica\u00e7\u00e3o\",\"url\":\"https:\/\/www.notibras.com\/site\/\",\"logo\":{\"@type\":\"ImageObject\",\"inLanguage\":\"pt-BR\",\"@id\":\"https:\/\/www.notibras.com\/site\/#\/schema\/logo\/image\/\",\"url\":\"https:\/\/www.notibras.com\/site\/wp-content\/uploads\/2023\/01\/notibras23.png\",\"contentUrl\":\"https:\/\/www.notibras.com\/site\/wp-content\/uploads\/2023\/01\/notibras23.png\",\"width\":350,\"height\":87,\"caption\":\"Grupo Notibras de Comunica\u00e7\u00e3o\"},\"image\":{\"@id\":\"https:\/\/www.notibras.com\/site\/#\/schema\/logo\/image\/\"},\"sameAs\":[\"https:\/\/www.facebook.com\/notibras\/\",\"https:\/\/x.com\/Notibras\",\"https:\/\/www.instagram.com\/notibras\/\"]},{\"@type\":\"Person\",\"@id\":\"https:\/\/www.notibras.com\/site\/#\/schema\/person\/36ab0979449956132d3e5b517ea76ac8\",\"name\":\"Reda\u00e7\u00e3o\",\"image\":{\"@type\":\"ImageObject\",\"inLanguage\":\"pt-BR\",\"@id\":\"https:\/\/secure.gravatar.com\/avatar\/e0a867bdedb85fd243eadf09663511f96fc81e0720a4a42581f334ad4303aa6b?s=96&d=mm&r=g\",\"url\":\"https:\/\/secure.gravatar.com\/avatar\/e0a867bdedb85fd243eadf09663511f96fc81e0720a4a42581f334ad4303aa6b?s=96&d=mm&r=g\",\"contentUrl\":\"https:\/\/secure.gravatar.com\/avatar\/e0a867bdedb85fd243eadf09663511f96fc81e0720a4a42581f334ad4303aa6b?s=96&d=mm&r=g\",\"caption\":\"Reda\u00e7\u00e3o\"}}]}<\/script>\n<!-- \/ Yoast SEO plugin. -->","yoast_head_json":{"title":"Pra\u00e7a dos Orix\u00e1s ter\u00e1 seguran\u00e7a 24 horas - Notibras","robots":{"index":"index","follow":"follow","max-snippet":"max-snippet:-1","max-image-preview":"max-image-preview:large","max-video-preview":"max-video-preview:-1"},"canonical":"https:\/\/www.notibras.com\/site\/praca-dos-orixas-tera-seguranca-24-horas\/","og_locale":"pt_BR","og_type":"article","og_title":"Pra\u00e7a dos Orix\u00e1s ter\u00e1 seguran\u00e7a 24 horas - Notibras","og_description":"Atendendo a uma demanda dos frequentadores da Pra\u00e7a dos Orix\u00e1s, a Administra\u00e7\u00e3o Regional do Plano Piloto solicitou \u00e0 Secretaria de Planejamento, Or\u00e7amento e Administra\u00e7\u00e3o (Seplad), nesta quinta-feira (2), seguran\u00e7a 24 horas para o local. O pedido surgiu de autoridades das religi\u00f5es de matriz africana que se reuniram \u00e0s margens do Lago Parano\u00e1 para celebrar Iemanj\u00e1, [&hellip;]","og_url":"https:\/\/www.notibras.com\/site\/praca-dos-orixas-tera-seguranca-24-horas\/","og_site_name":"Notibras","article_publisher":"https:\/\/www.facebook.com\/notibras\/","article_published_time":"2023-02-03T03:00:36+00:00","article_modified_time":"2023-02-03T11:06:09+00:00","og_image":[{"width":1536,"height":1024,"url":"https:\/\/www.notibras.com\/site\/wp-content\/uploads\/2023\/02\/2.2.-Praca-dos-Orixas.-Foto-Emanuelle-Sena-Ascom-Plano-Piloto3-1536x1024-1.jpg","type":"image\/jpeg"}],"author":"Reda\u00e7\u00e3o","twitter_card":"summary_large_image","twitter_creator":"@Notibras","twitter_site":"@Notibras","twitter_misc":{"Escrito por":"Reda\u00e7\u00e3o","Est. tempo de leitura":"2 minutos"},"schema":{"@context":"https:\/\/schema.org","@graph":[{"@type":"Article","@id":"https:\/\/www.notibras.com\/site\/praca-dos-orixas-tera-seguranca-24-horas\/#article","isPartOf":{"@id":"https:\/\/www.notibras.com\/site\/praca-dos-orixas-tera-seguranca-24-horas\/"},"author":{"name":"Reda\u00e7\u00e3o","@id":"https:\/\/www.notibras.com\/site\/#\/schema\/person\/36ab0979449956132d3e5b517ea76ac8"},"headline":"Pra\u00e7a dos Orix\u00e1s ter\u00e1 seguran\u00e7a 24 horas","datePublished":"2023-02-03T03:00:36+00:00","dateModified":"2023-02-03T11:06:09+00:00","mainEntityOfPage":{"@id":"https:\/\/www.notibras.com\/site\/praca-dos-orixas-tera-seguranca-24-horas\/"},"wordCount":323,"publisher":{"@id":"https:\/\/www.notibras.com\/site\/#organization"},"image":{"@id":"https:\/\/www.notibras.com\/site\/praca-dos-orixas-tera-seguranca-24-horas\/#primaryimage"},"thumbnailUrl":"https:\/\/www.notibras.com\/site\/wp-content\/uploads\/2023\/02\/2.2.-Praca-dos-Orixas.-Foto-Emanuelle-Sena-Ascom-Plano-Piloto3-1536x1024-1.jpg","articleSection":["Quadradinho em Foco"],"inLanguage":"pt-BR"},{"@type":"WebPage","@id":"https:\/\/www.notibras.com\/site\/praca-dos-orixas-tera-seguranca-24-horas\/","url":"https:\/\/www.notibras.com\/site\/praca-dos-orixas-tera-seguranca-24-horas\/","name":"Pra\u00e7a dos Orix\u00e1s ter\u00e1 seguran\u00e7a 24 horas - Notibras","isPartOf":{"@id":"https:\/\/www.notibras.com\/site\/#website"},"primaryImageOfPage":{"@id":"https:\/\/www.notibras.com\/site\/praca-dos-orixas-tera-seguranca-24-horas\/#primaryimage"},"image":{"@id":"https:\/\/www.notibras.com\/site\/praca-dos-orixas-tera-seguranca-24-horas\/#primaryimage"},"thumbnailUrl":"https:\/\/www.notibras.com\/site\/wp-content\/uploads\/2023\/02\/2.2.-Praca-dos-Orixas.-Foto-Emanuelle-Sena-Ascom-Plano-Piloto3-1536x1024-1.jpg","datePublished":"2023-02-03T03:00:36+00:00","dateModified":"2023-02-03T11:06:09+00:00","breadcrumb":{"@id":"https:\/\/www.notibras.com\/site\/praca-dos-orixas-tera-seguranca-24-horas\/#breadcrumb"},"inLanguage":"pt-BR","potentialAction":[{"@type":"ReadAction","target":["https:\/\/www.notibras.com\/site\/praca-dos-orixas-tera-seguranca-24-horas\/"]}]},{"@type":"ImageObject","inLanguage":"pt-BR","@id":"https:\/\/www.notibras.com\/site\/praca-dos-orixas-tera-seguranca-24-horas\/#primaryimage","url":"https:\/\/www.notibras.com\/site\/wp-content\/uploads\/2023\/02\/2.2.-Praca-dos-Orixas.-Foto-Emanuelle-Sena-Ascom-Plano-Piloto3-1536x1024-1.jpg","contentUrl":"https:\/\/www.notibras.com\/site\/wp-content\/uploads\/2023\/02\/2.2.-Praca-dos-Orixas.-Foto-Emanuelle-Sena-Ascom-Plano-Piloto3-1536x1024-1.jpg","width":1536,"height":1024},{"@type":"BreadcrumbList","@id":"https:\/\/www.notibras.com\/site\/praca-dos-orixas-tera-seguranca-24-horas\/#breadcrumb","itemListElement":[{"@type":"ListItem","position":1,"name":"In\u00edcio","item":"https:\/\/www.notibras.com\/site\/"},{"@type":"ListItem","position":2,"name":"Pra\u00e7a dos Orix\u00e1s ter\u00e1 seguran\u00e7a 24 horas"}]},{"@type":"WebSite","@id":"https:\/\/www.notibras.com\/site\/#website","url":"https:\/\/www.notibras.com\/site\/","name":"Notibras","description":"Not\u00edcias de Bras\u00edlia, do Brasil e do Mundo","publisher":{"@id":"https:\/\/www.notibras.com\/site\/#organization"},"potentialAction":[{"@type":"SearchAction","target":{"@type":"EntryPoint","urlTemplate":"https:\/\/www.notibras.com\/site\/?s={search_term_string}"},"query-input":{"@type":"PropertyValueSpecification","valueRequired":true,"valueName":"search_term_string"}}],"inLanguage":"pt-BR"},{"@type":"Organization","@id":"https:\/\/www.notibras.com\/site\/#organization","name":"Grupo Notibras de Comunica\u00e7\u00e3o","url":"https:\/\/www.notibras.com\/site\/","logo":{"@type":"ImageObject","inLanguage":"pt-BR","@id":"https:\/\/www.notibras.com\/site\/#\/schema\/logo\/image\/","url":"https:\/\/www.notibras.com\/site\/wp-content\/uploads\/2023\/01\/notibras23.png","contentUrl":"https:\/\/www.notibras.com\/site\/wp-content\/uploads\/2023\/01\/notibras23.png","width":350,"height":87,"caption":"Grupo Notibras de Comunica\u00e7\u00e3o"},"image":{"@id":"https:\/\/www.notibras.com\/site\/#\/schema\/logo\/image\/"},"sameAs":["https:\/\/www.facebook.com\/notibras\/","https:\/\/x.com\/Notibras","https:\/\/www.instagram.com\/notibras\/"]},{"@type":"Person","@id":"https:\/\/www.notibras.com\/site\/#\/schema\/person\/36ab0979449956132d3e5b517ea76ac8","name":"Reda\u00e7\u00e3o","image":{"@type":"ImageObject","inLanguage":"pt-BR","@id":"https:\/\/secure.gravatar.com\/avatar\/e0a867bdedb85fd243eadf09663511f96fc81e0720a4a42581f334ad4303aa6b?s=96&d=mm&r=g","url":"https:\/\/secure.gravatar.com\/avatar\/e0a867bdedb85fd243eadf09663511f96fc81e0720a4a42581f334ad4303aa6b?s=96&d=mm&r=g","contentUrl":"https:\/\/secure.gravatar.com\/avatar\/e0a867bdedb85fd243eadf09663511f96fc81e0720a4a42581f334ad4303aa6b?s=96&d=mm&r=g","caption":"Reda\u00e7\u00e3o"}}]}},"amp_enabled":true,"_links":{"self":[{"href":"https:\/\/www.notibras.com\/site\/wp-json\/wp\/v2\/posts\/299007","targetHints":{"allow":["GET"]}}],"collection":[{"href":"https:\/\/www.notibras.com\/site\/wp-json\/wp\/v2\/posts"}],"about":[{"href":"https:\/\/www.notibras.com\/site\/wp-json\/wp\/v2\/types\/post"}],"author":[{"embeddable":true,"href":"https:\/\/www.notibras.com\/site\/wp-json\/wp\/v2\/users\/2"}],"replies":[{"embeddable":true,"href":"https:\/\/www.notibras.com\/site\/wp-json\/wp\/v2\/comments?post=299007"}],"version-history":[{"count":1,"href":"https:\/\/www.notibras.com\/site\/wp-json\/wp\/v2\/posts\/299007\/revisions"}],"predecessor-version":[{"id":299009,"href":"https:\/\/www.notibras.com\/site\/wp-json\/wp\/v2\/posts\/299007\/revisions\/299009"}],"wp:featuredmedia":[{"embeddable":true,"href":"https:\/\/www.notibras.com\/site\/wp-json\/wp\/v2\/media\/299008"}],"wp:attachment":[{"href":"https:\/\/www.notibras.com\/site\/wp-json\/wp\/v2\/media?parent=299007"}],"wp:term":[{"taxonomy":"category","embeddable":true,"href":"https:\/\/www.notibras.com\/site\/wp-json\/wp\/v2\/categories?post=299007"},{"taxonomy":"post_tag","embeddable":true,"href":"https:\/\/www.notibras.com\/site\/wp-json\/wp\/v2\/tags?post=299007"}],"curies":[{"name":"wp","href":"https:\/\/api.w.org\/{rel}","templated":true}]}}