{"id":299084,"date":"2023-02-05T09:37:43","date_gmt":"2023-02-05T12:37:43","guid":{"rendered":"https:\/\/www.notibras.com\/site\/?p=299084"},"modified":"2023-02-05T09:37:43","modified_gmt":"2023-02-05T12:37:43","slug":"abigail-aristocrata-mudou-madame-lola-geral","status":"publish","type":"post","link":"https:\/\/www.notibras.com\/site\/abigail-aristocrata-mudou-madame-lola-geral\/","title":{"rendered":"Abigail, aristocrata, mudou Madame Lola geral"},"content":{"rendered":"<p>Abigail, nascida de ces\u00e1rea, era filha \u00fanica da finada Francesca, uma buldogue que acompanhou madame Lola, a matriarca da fam\u00edlia Leclerc, tradicional ali no Lago Sul. Podre de rica, a velha n\u00e3o poupava para manter o conforto da sua cachorra. Ali\u00e1s, madame Lola j\u00e1 havia despedido dois empregados que se atreveram a chamar a nobre Abigail de Bibi. Onde j\u00e1 e viu tamanha descompostura? Bibi?! Pois madame Lola, quase aos berros, sem perder a classe, dizia que Abigail n\u00e3o era Ferreira, mas Leclerc.<\/p>\n<p>Abigail Leclerc mal pisava no ch\u00e3o e, quando o fazia, era para dar uma volta pelo amplo jardim daquela mans\u00e3o, t\u00e3o invejada at\u00e9 pelos mais ricos da mais rica regi\u00e3o de Bras\u00edlia. A cadela, assim como os herdeiros mais afortunados, possu\u00eda duas bab\u00e1s, al\u00e9m de cozinheira, manicure, estilista e guarda-costas pagos a peso de ouro. De tanta aten\u00e7\u00e3o que recebia, acabou por se tornar um pouco geniosa.<\/p>\n<p>Durante suas festas de anivers\u00e1rio, todas comemoradas no dia dois de abril, alguns c\u00e3es da vizinhan\u00e7a iam lhe fazer as honrarias. Abigail, apesar de ser a menor, sabia ser superior a todos. Tanto \u00e9 que ela os olhava de cima para baixo, inclusive quando estava diante de Edgard, o enorme dogue alem\u00e3o da fam\u00edlia Medeiros. At\u00e9 as pulgas sabiam se manter distantes daquele ser de sangue azul. Tanto \u00e9 que a buldogue jamais havia se co\u00e7ado ou, caso tivesse tido tal vontade, um dos servi\u00e7ais o faria por ela.<\/p>\n<p>Madame Lola amava a companhia da sua buldogue. Se estava na sala, Abigail estava ao seu lado no conforto do sof\u00e1. Se era hora de dormir, madame Lola nem precisava falar um ai com o servo de plant\u00e3o. Bastava um olhar, que o empregado pegava Abigail com todo cuidado e a levava no colo at\u00e9 os aposentos reais.\u00a0\u00a0Se fosse passar uma temporada em Paris, Abigail possu\u00eda at\u00e9 assento na primeira classe no avi\u00e3o.<\/p>\n<p>Certa manh\u00e3, Irenilde, a cozinheira, precisou levar sua filha, a pequena Clara, para o trabalho. Madame Lola n\u00e3o se incomodou, mesmo porque n\u00e3o era t\u00e3o m\u00e1. Isto \u00e9, desde que a menina n\u00e3o passasse da cozinha. E foi o que aconteceu.<\/p>\n<p>No decorrer do dia, Abigail, que dormia tranquilamente no sof\u00e1, escutou a fina voz da Clara. Curiosa, quis saber de quem era. Para espanto de madame Lola, Abigail desceu do sof\u00e1 e foi caminhando at\u00e9 a cozinha, onde se deparou com a filha da empregada. De imediato teve vontade de saltar sobre a menina, que sorriu aquele sorriso de crian\u00e7a.<\/p>\n<p>Foi um corre-corre daqui, um corre-corre dali. Madame Lola ficou espantada com aquela situa\u00e7\u00e3o. Quis brigar com Irenilde, mand\u00e1-la embora por justa causa. Ainda mais porque logo a crian\u00e7a e Abigail j\u00e1 estavam no jardim, onde a brincadeira parecia n\u00e3o ter fim. Todavia, diante da alegria da cachorra, nada fez. Dizem at\u00e9 que madame Lola aprendeu com a Abigail. Ela tamb\u00e9m desceu do seu pedestal. Al\u00e9m do mais, n\u00e3o raro, agora a velha ajuda a menina a catar algumas pulgas da Bibi.<\/p>\n","protected":false},"excerpt":{"rendered":"<p>Abigail, nascida de ces\u00e1rea, era filha \u00fanica da finada Francesca, uma buldogue que acompanhou madame Lola, a matriarca da fam\u00edlia Leclerc, tradicional ali no Lago Sul. Podre de rica, a velha n\u00e3o poupava para manter o conforto da sua cachorra. Ali\u00e1s, madame Lola j\u00e1 havia despedido dois empregados que se atreveram a chamar a nobre [&hellip;]<\/p>\n","protected":false},"author":2,"featured_media":299085,"comment_status":"closed","ping_status":"closed","sticky":false,"template":"","format":"standard","meta":{"_acf_changed":false,"footnotes":""},"categories":[161],"tags":[],"class_list":["post-299084","post","type-post","status-publish","format-standard","has-post-thumbnail","hentry","category-quadradinho-em-foco"],"acf":[],"yoast_head":"<!-- This site is optimized with the Yoast SEO plugin v27.2 - https:\/\/yoast.com\/product\/yoast-seo-wordpress\/ -->\n<title>Abigail, aristocrata, mudou Madame Lola geral - Notibras<\/title>\n<meta name=\"robots\" content=\"index, follow, max-snippet:-1, max-image-preview:large, max-video-preview:-1\" \/>\n<link rel=\"canonical\" href=\"https:\/\/www.notibras.com\/site\/abigail-aristocrata-mudou-madame-lola-geral\/\" \/>\n<meta property=\"og:locale\" content=\"pt_BR\" \/>\n<meta property=\"og:type\" content=\"article\" \/>\n<meta property=\"og:title\" content=\"Abigail, aristocrata, mudou Madame Lola geral - Notibras\" \/>\n<meta property=\"og:description\" content=\"Abigail, nascida de ces\u00e1rea, era filha \u00fanica da finada Francesca, uma buldogue que acompanhou madame Lola, a matriarca da fam\u00edlia Leclerc, tradicional ali no Lago Sul. Podre de rica, a velha n\u00e3o poupava para manter o conforto da sua cachorra. Ali\u00e1s, madame Lola j\u00e1 havia despedido dois empregados que se atreveram a chamar a nobre [&hellip;]\" \/>\n<meta property=\"og:url\" content=\"https:\/\/www.notibras.com\/site\/abigail-aristocrata-mudou-madame-lola-geral\/\" \/>\n<meta property=\"og:site_name\" content=\"Notibras\" \/>\n<meta property=\"article:publisher\" content=\"https:\/\/www.facebook.com\/notibras\/\" \/>\n<meta property=\"article:published_time\" content=\"2023-02-05T12:37:43+00:00\" \/>\n<meta property=\"og:image\" content=\"https:\/\/www.notibras.com\/site\/wp-content\/uploads\/2023\/02\/abigailbuldogue.jpg\" \/>\n\t<meta property=\"og:image:width\" content=\"960\" \/>\n\t<meta property=\"og:image:height\" content=\"663\" \/>\n\t<meta property=\"og:image:type\" content=\"image\/jpeg\" \/>\n<meta name=\"author\" content=\"Reda\u00e7\u00e3o\" \/>\n<meta name=\"twitter:card\" content=\"summary_large_image\" \/>\n<meta name=\"twitter:creator\" content=\"@Notibras\" \/>\n<meta name=\"twitter:site\" content=\"@Notibras\" \/>\n<meta name=\"twitter:label1\" content=\"Escrito por\" \/>\n\t<meta name=\"twitter:data1\" content=\"Reda\u00e7\u00e3o\" \/>\n\t<meta name=\"twitter:label2\" content=\"Est. tempo de leitura\" \/>\n\t<meta name=\"twitter:data2\" content=\"3 minutos\" \/>\n<script type=\"application\/ld+json\" class=\"yoast-schema-graph\">{\"@context\":\"https:\/\/schema.org\",\"@graph\":[{\"@type\":\"Article\",\"@id\":\"https:\/\/www.notibras.com\/site\/abigail-aristocrata-mudou-madame-lola-geral\/#article\",\"isPartOf\":{\"@id\":\"https:\/\/www.notibras.com\/site\/abigail-aristocrata-mudou-madame-lola-geral\/\"},\"author\":{\"name\":\"Reda\u00e7\u00e3o\",\"@id\":\"https:\/\/www.notibras.com\/site\/#\/schema\/person\/36ab0979449956132d3e5b517ea76ac8\"},\"headline\":\"Abigail, aristocrata, mudou Madame Lola geral\",\"datePublished\":\"2023-02-05T12:37:43+00:00\",\"mainEntityOfPage\":{\"@id\":\"https:\/\/www.notibras.com\/site\/abigail-aristocrata-mudou-madame-lola-geral\/\"},\"wordCount\":535,\"publisher\":{\"@id\":\"https:\/\/www.notibras.com\/site\/#organization\"},\"image\":{\"@id\":\"https:\/\/www.notibras.com\/site\/abigail-aristocrata-mudou-madame-lola-geral\/#primaryimage\"},\"thumbnailUrl\":\"https:\/\/www.notibras.com\/site\/wp-content\/uploads\/2023\/02\/abigailbuldogue.jpg\",\"articleSection\":[\"Quadradinho em Foco\"],\"inLanguage\":\"pt-BR\"},{\"@type\":\"WebPage\",\"@id\":\"https:\/\/www.notibras.com\/site\/abigail-aristocrata-mudou-madame-lola-geral\/\",\"url\":\"https:\/\/www.notibras.com\/site\/abigail-aristocrata-mudou-madame-lola-geral\/\",\"name\":\"Abigail, aristocrata, mudou Madame Lola geral - Notibras\",\"isPartOf\":{\"@id\":\"https:\/\/www.notibras.com\/site\/#website\"},\"primaryImageOfPage\":{\"@id\":\"https:\/\/www.notibras.com\/site\/abigail-aristocrata-mudou-madame-lola-geral\/#primaryimage\"},\"image\":{\"@id\":\"https:\/\/www.notibras.com\/site\/abigail-aristocrata-mudou-madame-lola-geral\/#primaryimage\"},\"thumbnailUrl\":\"https:\/\/www.notibras.com\/site\/wp-content\/uploads\/2023\/02\/abigailbuldogue.jpg\",\"datePublished\":\"2023-02-05T12:37:43+00:00\",\"breadcrumb\":{\"@id\":\"https:\/\/www.notibras.com\/site\/abigail-aristocrata-mudou-madame-lola-geral\/#breadcrumb\"},\"inLanguage\":\"pt-BR\",\"potentialAction\":[{\"@type\":\"ReadAction\",\"target\":[\"https:\/\/www.notibras.com\/site\/abigail-aristocrata-mudou-madame-lola-geral\/\"]}]},{\"@type\":\"ImageObject\",\"inLanguage\":\"pt-BR\",\"@id\":\"https:\/\/www.notibras.com\/site\/abigail-aristocrata-mudou-madame-lola-geral\/#primaryimage\",\"url\":\"https:\/\/www.notibras.com\/site\/wp-content\/uploads\/2023\/02\/abigailbuldogue.jpg\",\"contentUrl\":\"https:\/\/www.notibras.com\/site\/wp-content\/uploads\/2023\/02\/abigailbuldogue.jpg\",\"width\":960,\"height\":663},{\"@type\":\"BreadcrumbList\",\"@id\":\"https:\/\/www.notibras.com\/site\/abigail-aristocrata-mudou-madame-lola-geral\/#breadcrumb\",\"itemListElement\":[{\"@type\":\"ListItem\",\"position\":1,\"name\":\"In\u00edcio\",\"item\":\"https:\/\/www.notibras.com\/site\/\"},{\"@type\":\"ListItem\",\"position\":2,\"name\":\"Abigail, aristocrata, mudou Madame Lola geral\"}]},{\"@type\":\"WebSite\",\"@id\":\"https:\/\/www.notibras.com\/site\/#website\",\"url\":\"https:\/\/www.notibras.com\/site\/\",\"name\":\"Notibras\",\"description\":\"Not\u00edcias de Bras\u00edlia, do Brasil e do Mundo\",\"publisher\":{\"@id\":\"https:\/\/www.notibras.com\/site\/#organization\"},\"potentialAction\":[{\"@type\":\"SearchAction\",\"target\":{\"@type\":\"EntryPoint\",\"urlTemplate\":\"https:\/\/www.notibras.com\/site\/?s={search_term_string}\"},\"query-input\":{\"@type\":\"PropertyValueSpecification\",\"valueRequired\":true,\"valueName\":\"search_term_string\"}}],\"inLanguage\":\"pt-BR\"},{\"@type\":\"Organization\",\"@id\":\"https:\/\/www.notibras.com\/site\/#organization\",\"name\":\"Grupo Notibras de Comunica\u00e7\u00e3o\",\"url\":\"https:\/\/www.notibras.com\/site\/\",\"logo\":{\"@type\":\"ImageObject\",\"inLanguage\":\"pt-BR\",\"@id\":\"https:\/\/www.notibras.com\/site\/#\/schema\/logo\/image\/\",\"url\":\"https:\/\/www.notibras.com\/site\/wp-content\/uploads\/2023\/01\/notibras23.png\",\"contentUrl\":\"https:\/\/www.notibras.com\/site\/wp-content\/uploads\/2023\/01\/notibras23.png\",\"width\":350,\"height\":87,\"caption\":\"Grupo Notibras de Comunica\u00e7\u00e3o\"},\"image\":{\"@id\":\"https:\/\/www.notibras.com\/site\/#\/schema\/logo\/image\/\"},\"sameAs\":[\"https:\/\/www.facebook.com\/notibras\/\",\"https:\/\/x.com\/Notibras\",\"https:\/\/www.instagram.com\/notibras\/\"]},{\"@type\":\"Person\",\"@id\":\"https:\/\/www.notibras.com\/site\/#\/schema\/person\/36ab0979449956132d3e5b517ea76ac8\",\"name\":\"Reda\u00e7\u00e3o\",\"image\":{\"@type\":\"ImageObject\",\"inLanguage\":\"pt-BR\",\"@id\":\"https:\/\/secure.gravatar.com\/avatar\/e0a867bdedb85fd243eadf09663511f96fc81e0720a4a42581f334ad4303aa6b?s=96&d=mm&r=g\",\"url\":\"https:\/\/secure.gravatar.com\/avatar\/e0a867bdedb85fd243eadf09663511f96fc81e0720a4a42581f334ad4303aa6b?s=96&d=mm&r=g\",\"contentUrl\":\"https:\/\/secure.gravatar.com\/avatar\/e0a867bdedb85fd243eadf09663511f96fc81e0720a4a42581f334ad4303aa6b?s=96&d=mm&r=g\",\"caption\":\"Reda\u00e7\u00e3o\"}}]}<\/script>\n<!-- \/ Yoast SEO plugin. -->","yoast_head_json":{"title":"Abigail, aristocrata, mudou Madame Lola geral - Notibras","robots":{"index":"index","follow":"follow","max-snippet":"max-snippet:-1","max-image-preview":"max-image-preview:large","max-video-preview":"max-video-preview:-1"},"canonical":"https:\/\/www.notibras.com\/site\/abigail-aristocrata-mudou-madame-lola-geral\/","og_locale":"pt_BR","og_type":"article","og_title":"Abigail, aristocrata, mudou Madame Lola geral - Notibras","og_description":"Abigail, nascida de ces\u00e1rea, era filha \u00fanica da finada Francesca, uma buldogue que acompanhou madame Lola, a matriarca da fam\u00edlia Leclerc, tradicional ali no Lago Sul. Podre de rica, a velha n\u00e3o poupava para manter o conforto da sua cachorra. Ali\u00e1s, madame Lola j\u00e1 havia despedido dois empregados que se atreveram a chamar a nobre [&hellip;]","og_url":"https:\/\/www.notibras.com\/site\/abigail-aristocrata-mudou-madame-lola-geral\/","og_site_name":"Notibras","article_publisher":"https:\/\/www.facebook.com\/notibras\/","article_published_time":"2023-02-05T12:37:43+00:00","og_image":[{"width":960,"height":663,"url":"https:\/\/www.notibras.com\/site\/wp-content\/uploads\/2023\/02\/abigailbuldogue.jpg","type":"image\/jpeg"}],"author":"Reda\u00e7\u00e3o","twitter_card":"summary_large_image","twitter_creator":"@Notibras","twitter_site":"@Notibras","twitter_misc":{"Escrito por":"Reda\u00e7\u00e3o","Est. tempo de leitura":"3 minutos"},"schema":{"@context":"https:\/\/schema.org","@graph":[{"@type":"Article","@id":"https:\/\/www.notibras.com\/site\/abigail-aristocrata-mudou-madame-lola-geral\/#article","isPartOf":{"@id":"https:\/\/www.notibras.com\/site\/abigail-aristocrata-mudou-madame-lola-geral\/"},"author":{"name":"Reda\u00e7\u00e3o","@id":"https:\/\/www.notibras.com\/site\/#\/schema\/person\/36ab0979449956132d3e5b517ea76ac8"},"headline":"Abigail, aristocrata, mudou Madame Lola geral","datePublished":"2023-02-05T12:37:43+00:00","mainEntityOfPage":{"@id":"https:\/\/www.notibras.com\/site\/abigail-aristocrata-mudou-madame-lola-geral\/"},"wordCount":535,"publisher":{"@id":"https:\/\/www.notibras.com\/site\/#organization"},"image":{"@id":"https:\/\/www.notibras.com\/site\/abigail-aristocrata-mudou-madame-lola-geral\/#primaryimage"},"thumbnailUrl":"https:\/\/www.notibras.com\/site\/wp-content\/uploads\/2023\/02\/abigailbuldogue.jpg","articleSection":["Quadradinho em Foco"],"inLanguage":"pt-BR"},{"@type":"WebPage","@id":"https:\/\/www.notibras.com\/site\/abigail-aristocrata-mudou-madame-lola-geral\/","url":"https:\/\/www.notibras.com\/site\/abigail-aristocrata-mudou-madame-lola-geral\/","name":"Abigail, aristocrata, mudou Madame Lola geral - Notibras","isPartOf":{"@id":"https:\/\/www.notibras.com\/site\/#website"},"primaryImageOfPage":{"@id":"https:\/\/www.notibras.com\/site\/abigail-aristocrata-mudou-madame-lola-geral\/#primaryimage"},"image":{"@id":"https:\/\/www.notibras.com\/site\/abigail-aristocrata-mudou-madame-lola-geral\/#primaryimage"},"thumbnailUrl":"https:\/\/www.notibras.com\/site\/wp-content\/uploads\/2023\/02\/abigailbuldogue.jpg","datePublished":"2023-02-05T12:37:43+00:00","breadcrumb":{"@id":"https:\/\/www.notibras.com\/site\/abigail-aristocrata-mudou-madame-lola-geral\/#breadcrumb"},"inLanguage":"pt-BR","potentialAction":[{"@type":"ReadAction","target":["https:\/\/www.notibras.com\/site\/abigail-aristocrata-mudou-madame-lola-geral\/"]}]},{"@type":"ImageObject","inLanguage":"pt-BR","@id":"https:\/\/www.notibras.com\/site\/abigail-aristocrata-mudou-madame-lola-geral\/#primaryimage","url":"https:\/\/www.notibras.com\/site\/wp-content\/uploads\/2023\/02\/abigailbuldogue.jpg","contentUrl":"https:\/\/www.notibras.com\/site\/wp-content\/uploads\/2023\/02\/abigailbuldogue.jpg","width":960,"height":663},{"@type":"BreadcrumbList","@id":"https:\/\/www.notibras.com\/site\/abigail-aristocrata-mudou-madame-lola-geral\/#breadcrumb","itemListElement":[{"@type":"ListItem","position":1,"name":"In\u00edcio","item":"https:\/\/www.notibras.com\/site\/"},{"@type":"ListItem","position":2,"name":"Abigail, aristocrata, mudou Madame Lola geral"}]},{"@type":"WebSite","@id":"https:\/\/www.notibras.com\/site\/#website","url":"https:\/\/www.notibras.com\/site\/","name":"Notibras","description":"Not\u00edcias de Bras\u00edlia, do Brasil e do Mundo","publisher":{"@id":"https:\/\/www.notibras.com\/site\/#organization"},"potentialAction":[{"@type":"SearchAction","target":{"@type":"EntryPoint","urlTemplate":"https:\/\/www.notibras.com\/site\/?s={search_term_string}"},"query-input":{"@type":"PropertyValueSpecification","valueRequired":true,"valueName":"search_term_string"}}],"inLanguage":"pt-BR"},{"@type":"Organization","@id":"https:\/\/www.notibras.com\/site\/#organization","name":"Grupo Notibras de Comunica\u00e7\u00e3o","url":"https:\/\/www.notibras.com\/site\/","logo":{"@type":"ImageObject","inLanguage":"pt-BR","@id":"https:\/\/www.notibras.com\/site\/#\/schema\/logo\/image\/","url":"https:\/\/www.notibras.com\/site\/wp-content\/uploads\/2023\/01\/notibras23.png","contentUrl":"https:\/\/www.notibras.com\/site\/wp-content\/uploads\/2023\/01\/notibras23.png","width":350,"height":87,"caption":"Grupo Notibras de Comunica\u00e7\u00e3o"},"image":{"@id":"https:\/\/www.notibras.com\/site\/#\/schema\/logo\/image\/"},"sameAs":["https:\/\/www.facebook.com\/notibras\/","https:\/\/x.com\/Notibras","https:\/\/www.instagram.com\/notibras\/"]},{"@type":"Person","@id":"https:\/\/www.notibras.com\/site\/#\/schema\/person\/36ab0979449956132d3e5b517ea76ac8","name":"Reda\u00e7\u00e3o","image":{"@type":"ImageObject","inLanguage":"pt-BR","@id":"https:\/\/secure.gravatar.com\/avatar\/e0a867bdedb85fd243eadf09663511f96fc81e0720a4a42581f334ad4303aa6b?s=96&d=mm&r=g","url":"https:\/\/secure.gravatar.com\/avatar\/e0a867bdedb85fd243eadf09663511f96fc81e0720a4a42581f334ad4303aa6b?s=96&d=mm&r=g","contentUrl":"https:\/\/secure.gravatar.com\/avatar\/e0a867bdedb85fd243eadf09663511f96fc81e0720a4a42581f334ad4303aa6b?s=96&d=mm&r=g","caption":"Reda\u00e7\u00e3o"}}]}},"amp_enabled":true,"_links":{"self":[{"href":"https:\/\/www.notibras.com\/site\/wp-json\/wp\/v2\/posts\/299084","targetHints":{"allow":["GET"]}}],"collection":[{"href":"https:\/\/www.notibras.com\/site\/wp-json\/wp\/v2\/posts"}],"about":[{"href":"https:\/\/www.notibras.com\/site\/wp-json\/wp\/v2\/types\/post"}],"author":[{"embeddable":true,"href":"https:\/\/www.notibras.com\/site\/wp-json\/wp\/v2\/users\/2"}],"replies":[{"embeddable":true,"href":"https:\/\/www.notibras.com\/site\/wp-json\/wp\/v2\/comments?post=299084"}],"version-history":[{"count":1,"href":"https:\/\/www.notibras.com\/site\/wp-json\/wp\/v2\/posts\/299084\/revisions"}],"predecessor-version":[{"id":299086,"href":"https:\/\/www.notibras.com\/site\/wp-json\/wp\/v2\/posts\/299084\/revisions\/299086"}],"wp:featuredmedia":[{"embeddable":true,"href":"https:\/\/www.notibras.com\/site\/wp-json\/wp\/v2\/media\/299085"}],"wp:attachment":[{"href":"https:\/\/www.notibras.com\/site\/wp-json\/wp\/v2\/media?parent=299084"}],"wp:term":[{"taxonomy":"category","embeddable":true,"href":"https:\/\/www.notibras.com\/site\/wp-json\/wp\/v2\/categories?post=299084"},{"taxonomy":"post_tag","embeddable":true,"href":"https:\/\/www.notibras.com\/site\/wp-json\/wp\/v2\/tags?post=299084"}],"curies":[{"name":"wp","href":"https:\/\/api.w.org\/{rel}","templated":true}]}}