{"id":299103,"date":"2023-02-05T00:00:57","date_gmt":"2023-02-05T03:00:57","guid":{"rendered":"https:\/\/www.notibras.com\/site\/?p=299103"},"modified":"2023-02-05T10:39:13","modified_gmt":"2023-02-05T13:39:13","slug":"quem-quer-ser-voluntario-para-cuidar-do-veredinha","status":"publish","type":"post","link":"https:\/\/www.notibras.com\/site\/quem-quer-ser-voluntario-para-cuidar-do-veredinha\/","title":{"rendered":"Quem quer ser volunt\u00e1rio para cuidar do Veredinha?"},"content":{"rendered":"<p>O Instituto Bras\u00edlia Ambiental est\u00e1 com processo aberto, at\u00e9 o dia 15 deste m\u00eas, para sele\u00e7\u00e3o de volunt\u00e1rios que queiram atuar no projeto Voluntariado do Parque Ecol\u00f3gico Veredinha, em Brazl\u00e2ndia. Os integrantes ajudar\u00e3o a cuidar da unidade de conserva\u00e7\u00e3o e atuar\u00e3o durante um ano, iniciando em 1\u00ba de mar\u00e7o.<\/p>\n<p>O projeto tem como objetivo promover a\u00e7\u00f5es educativas para a comunidade: investir na revegeta\u00e7\u00e3o com esp\u00e9cies nativas as nascentes e \u00e1reas degradadas ao longo do C\u00f3rrego Veredinha, fazer supress\u00e3o e controle de esp\u00e9cies invasoras e proporcionar aos participantes aprofundamento na compreens\u00e3o da import\u00e2ncia do parque para Brazl\u00e2ndia e para o Lago Descoberto \u2013 \u201cal\u00e9m de envolver a comunidade local e do entorno do parque para que ela se tornem guardi\u00e3 desse patrim\u00f4nio\u201d, frisa o agente de do Veredinha, Marcos Jo\u00e3o da Cunha, autor do projeto.<\/p>\n<p>Cunha ressalta que n\u00e3o h\u00e1 um perfil espec\u00edfico ou exig\u00eancia de alguma forma\u00e7\u00e3o para se candidatar. Normalmente, pontua ele, as pessoas que se interessam por esse tipo de trabalho volunt\u00e1rio s\u00e3o moradores da regi\u00e3o administrativa ou adjac\u00eancias ao parque, estudantes, brigadistas, membros de associa\u00e7\u00f5es ambientais, de projetos de hortas comunit\u00e1rias ou que j\u00e1 t\u00eam o h\u00e1bito de se voluntariar para servi\u00e7os comunit\u00e1rios.<\/p>\n<p>Os interessados em atuar no projeto ser\u00e3o selecionados por meio de entrevista a ser feita na sede do pr\u00f3prio parque. A avalia\u00e7\u00e3o dos participantes ser\u00e1 feita pelos conceitos satisfat\u00f3rio ou insatisfat\u00f3rio. Para receber um \u201csatisfat\u00f3rio\u201d \u00e9 necess\u00e1rio que o volunt\u00e1rio tenha uma frequ\u00eancia m\u00ednima de 75% em cada um dos eixos de atividades pr\u00e1ticas, al\u00e9m de n\u00e3o se ausentar de mais de uma atividade sem justificativa ou aviso pr\u00e9vio.<\/p>\n<p>Os volunt\u00e1rios v\u00e3o desenvolver atividades como produ\u00e7\u00e3o de mudas, controle de esp\u00e9cies ex\u00f3ticas e plantio, al\u00e9m de participar de a\u00e7\u00f5es de educa\u00e7\u00e3o ambiental. O hor\u00e1rio ser\u00e1 acordado com cada volunt\u00e1rio individualmente.<\/p>\n","protected":false},"excerpt":{"rendered":"<p>O Instituto Bras\u00edlia Ambiental est\u00e1 com processo aberto, at\u00e9 o dia 15 deste m\u00eas, para sele\u00e7\u00e3o de volunt\u00e1rios que queiram atuar no projeto Voluntariado do Parque Ecol\u00f3gico Veredinha, em Brazl\u00e2ndia. Os integrantes ajudar\u00e3o a cuidar da unidade de conserva\u00e7\u00e3o e atuar\u00e3o durante um ano, iniciando em 1\u00ba de mar\u00e7o. O projeto tem como objetivo promover [&hellip;]<\/p>\n","protected":false},"author":2,"featured_media":299104,"comment_status":"closed","ping_status":"closed","sticky":false,"template":"","format":"standard","meta":{"_acf_changed":false,"footnotes":""},"categories":[161],"tags":[],"class_list":["post-299103","post","type-post","status-publish","format-standard","has-post-thumbnail","hentry","category-quadradinho-em-foco"],"acf":[],"yoast_head":"<!-- This site is optimized with the Yoast SEO plugin v27.2 - https:\/\/yoast.com\/product\/yoast-seo-wordpress\/ -->\n<title>Quem quer ser volunt\u00e1rio para cuidar do Veredinha? - Notibras<\/title>\n<meta name=\"robots\" content=\"index, follow, max-snippet:-1, max-image-preview:large, max-video-preview:-1\" \/>\n<link rel=\"canonical\" href=\"https:\/\/www.notibras.com\/site\/quem-quer-ser-voluntario-para-cuidar-do-veredinha\/\" \/>\n<meta property=\"og:locale\" content=\"pt_BR\" \/>\n<meta property=\"og:type\" content=\"article\" \/>\n<meta property=\"og:title\" content=\"Quem quer ser volunt\u00e1rio para cuidar do Veredinha? - Notibras\" \/>\n<meta property=\"og:description\" content=\"O Instituto Bras\u00edlia Ambiental est\u00e1 com processo aberto, at\u00e9 o dia 15 deste m\u00eas, para sele\u00e7\u00e3o de volunt\u00e1rios que queiram atuar no projeto Voluntariado do Parque Ecol\u00f3gico Veredinha, em Brazl\u00e2ndia. Os integrantes ajudar\u00e3o a cuidar da unidade de conserva\u00e7\u00e3o e atuar\u00e3o durante um ano, iniciando em 1\u00ba de mar\u00e7o. O projeto tem como objetivo promover [&hellip;]\" \/>\n<meta property=\"og:url\" content=\"https:\/\/www.notibras.com\/site\/quem-quer-ser-voluntario-para-cuidar-do-veredinha\/\" \/>\n<meta property=\"og:site_name\" content=\"Notibras\" \/>\n<meta property=\"article:publisher\" content=\"https:\/\/www.facebook.com\/notibras\/\" \/>\n<meta property=\"article:published_time\" content=\"2023-02-05T03:00:57+00:00\" \/>\n<meta property=\"article:modified_time\" content=\"2023-02-05T13:39:13+00:00\" \/>\n<meta property=\"og:image\" content=\"https:\/\/www.notibras.com\/site\/wp-content\/uploads\/2023\/02\/materia-voluntariado-veredinha-3-1536x864-1.jpeg\" \/>\n\t<meta property=\"og:image:width\" content=\"1536\" \/>\n\t<meta property=\"og:image:height\" content=\"864\" \/>\n\t<meta property=\"og:image:type\" content=\"image\/jpeg\" \/>\n<meta name=\"author\" content=\"Reda\u00e7\u00e3o\" \/>\n<meta name=\"twitter:card\" content=\"summary_large_image\" \/>\n<meta name=\"twitter:creator\" content=\"@Notibras\" \/>\n<meta name=\"twitter:site\" content=\"@Notibras\" \/>\n<meta name=\"twitter:label1\" content=\"Escrito por\" \/>\n\t<meta name=\"twitter:data1\" content=\"Reda\u00e7\u00e3o\" \/>\n\t<meta name=\"twitter:label2\" content=\"Est. tempo de leitura\" \/>\n\t<meta name=\"twitter:data2\" content=\"2 minutos\" \/>\n<script type=\"application\/ld+json\" class=\"yoast-schema-graph\">{\"@context\":\"https:\/\/schema.org\",\"@graph\":[{\"@type\":\"Article\",\"@id\":\"https:\/\/www.notibras.com\/site\/quem-quer-ser-voluntario-para-cuidar-do-veredinha\/#article\",\"isPartOf\":{\"@id\":\"https:\/\/www.notibras.com\/site\/quem-quer-ser-voluntario-para-cuidar-do-veredinha\/\"},\"author\":{\"name\":\"Reda\u00e7\u00e3o\",\"@id\":\"https:\/\/www.notibras.com\/site\/#\/schema\/person\/36ab0979449956132d3e5b517ea76ac8\"},\"headline\":\"Quem quer ser volunt\u00e1rio para cuidar do Veredinha?\",\"datePublished\":\"2023-02-05T03:00:57+00:00\",\"dateModified\":\"2023-02-05T13:39:13+00:00\",\"mainEntityOfPage\":{\"@id\":\"https:\/\/www.notibras.com\/site\/quem-quer-ser-voluntario-para-cuidar-do-veredinha\/\"},\"wordCount\":360,\"publisher\":{\"@id\":\"https:\/\/www.notibras.com\/site\/#organization\"},\"image\":{\"@id\":\"https:\/\/www.notibras.com\/site\/quem-quer-ser-voluntario-para-cuidar-do-veredinha\/#primaryimage\"},\"thumbnailUrl\":\"https:\/\/www.notibras.com\/site\/wp-content\/uploads\/2023\/02\/materia-voluntariado-veredinha-3-1536x864-1.jpeg\",\"articleSection\":[\"Quadradinho em Foco\"],\"inLanguage\":\"pt-BR\"},{\"@type\":\"WebPage\",\"@id\":\"https:\/\/www.notibras.com\/site\/quem-quer-ser-voluntario-para-cuidar-do-veredinha\/\",\"url\":\"https:\/\/www.notibras.com\/site\/quem-quer-ser-voluntario-para-cuidar-do-veredinha\/\",\"name\":\"Quem quer ser volunt\u00e1rio para cuidar do Veredinha? - Notibras\",\"isPartOf\":{\"@id\":\"https:\/\/www.notibras.com\/site\/#website\"},\"primaryImageOfPage\":{\"@id\":\"https:\/\/www.notibras.com\/site\/quem-quer-ser-voluntario-para-cuidar-do-veredinha\/#primaryimage\"},\"image\":{\"@id\":\"https:\/\/www.notibras.com\/site\/quem-quer-ser-voluntario-para-cuidar-do-veredinha\/#primaryimage\"},\"thumbnailUrl\":\"https:\/\/www.notibras.com\/site\/wp-content\/uploads\/2023\/02\/materia-voluntariado-veredinha-3-1536x864-1.jpeg\",\"datePublished\":\"2023-02-05T03:00:57+00:00\",\"dateModified\":\"2023-02-05T13:39:13+00:00\",\"breadcrumb\":{\"@id\":\"https:\/\/www.notibras.com\/site\/quem-quer-ser-voluntario-para-cuidar-do-veredinha\/#breadcrumb\"},\"inLanguage\":\"pt-BR\",\"potentialAction\":[{\"@type\":\"ReadAction\",\"target\":[\"https:\/\/www.notibras.com\/site\/quem-quer-ser-voluntario-para-cuidar-do-veredinha\/\"]}]},{\"@type\":\"ImageObject\",\"inLanguage\":\"pt-BR\",\"@id\":\"https:\/\/www.notibras.com\/site\/quem-quer-ser-voluntario-para-cuidar-do-veredinha\/#primaryimage\",\"url\":\"https:\/\/www.notibras.com\/site\/wp-content\/uploads\/2023\/02\/materia-voluntariado-veredinha-3-1536x864-1.jpeg\",\"contentUrl\":\"https:\/\/www.notibras.com\/site\/wp-content\/uploads\/2023\/02\/materia-voluntariado-veredinha-3-1536x864-1.jpeg\",\"width\":1536,\"height\":864},{\"@type\":\"BreadcrumbList\",\"@id\":\"https:\/\/www.notibras.com\/site\/quem-quer-ser-voluntario-para-cuidar-do-veredinha\/#breadcrumb\",\"itemListElement\":[{\"@type\":\"ListItem\",\"position\":1,\"name\":\"In\u00edcio\",\"item\":\"https:\/\/www.notibras.com\/site\/\"},{\"@type\":\"ListItem\",\"position\":2,\"name\":\"Quem quer ser volunt\u00e1rio para cuidar do Veredinha?\"}]},{\"@type\":\"WebSite\",\"@id\":\"https:\/\/www.notibras.com\/site\/#website\",\"url\":\"https:\/\/www.notibras.com\/site\/\",\"name\":\"Notibras\",\"description\":\"Not\u00edcias de Bras\u00edlia, do Brasil e do Mundo\",\"publisher\":{\"@id\":\"https:\/\/www.notibras.com\/site\/#organization\"},\"potentialAction\":[{\"@type\":\"SearchAction\",\"target\":{\"@type\":\"EntryPoint\",\"urlTemplate\":\"https:\/\/www.notibras.com\/site\/?s={search_term_string}\"},\"query-input\":{\"@type\":\"PropertyValueSpecification\",\"valueRequired\":true,\"valueName\":\"search_term_string\"}}],\"inLanguage\":\"pt-BR\"},{\"@type\":\"Organization\",\"@id\":\"https:\/\/www.notibras.com\/site\/#organization\",\"name\":\"Grupo Notibras de Comunica\u00e7\u00e3o\",\"url\":\"https:\/\/www.notibras.com\/site\/\",\"logo\":{\"@type\":\"ImageObject\",\"inLanguage\":\"pt-BR\",\"@id\":\"https:\/\/www.notibras.com\/site\/#\/schema\/logo\/image\/\",\"url\":\"https:\/\/www.notibras.com\/site\/wp-content\/uploads\/2023\/01\/notibras23.png\",\"contentUrl\":\"https:\/\/www.notibras.com\/site\/wp-content\/uploads\/2023\/01\/notibras23.png\",\"width\":350,\"height\":87,\"caption\":\"Grupo Notibras de Comunica\u00e7\u00e3o\"},\"image\":{\"@id\":\"https:\/\/www.notibras.com\/site\/#\/schema\/logo\/image\/\"},\"sameAs\":[\"https:\/\/www.facebook.com\/notibras\/\",\"https:\/\/x.com\/Notibras\",\"https:\/\/www.instagram.com\/notibras\/\"]},{\"@type\":\"Person\",\"@id\":\"https:\/\/www.notibras.com\/site\/#\/schema\/person\/36ab0979449956132d3e5b517ea76ac8\",\"name\":\"Reda\u00e7\u00e3o\",\"image\":{\"@type\":\"ImageObject\",\"inLanguage\":\"pt-BR\",\"@id\":\"https:\/\/secure.gravatar.com\/avatar\/e0a867bdedb85fd243eadf09663511f96fc81e0720a4a42581f334ad4303aa6b?s=96&d=mm&r=g\",\"url\":\"https:\/\/secure.gravatar.com\/avatar\/e0a867bdedb85fd243eadf09663511f96fc81e0720a4a42581f334ad4303aa6b?s=96&d=mm&r=g\",\"contentUrl\":\"https:\/\/secure.gravatar.com\/avatar\/e0a867bdedb85fd243eadf09663511f96fc81e0720a4a42581f334ad4303aa6b?s=96&d=mm&r=g\",\"caption\":\"Reda\u00e7\u00e3o\"}}]}<\/script>\n<!-- \/ Yoast SEO plugin. -->","yoast_head_json":{"title":"Quem quer ser volunt\u00e1rio para cuidar do Veredinha? - Notibras","robots":{"index":"index","follow":"follow","max-snippet":"max-snippet:-1","max-image-preview":"max-image-preview:large","max-video-preview":"max-video-preview:-1"},"canonical":"https:\/\/www.notibras.com\/site\/quem-quer-ser-voluntario-para-cuidar-do-veredinha\/","og_locale":"pt_BR","og_type":"article","og_title":"Quem quer ser volunt\u00e1rio para cuidar do Veredinha? - Notibras","og_description":"O Instituto Bras\u00edlia Ambiental est\u00e1 com processo aberto, at\u00e9 o dia 15 deste m\u00eas, para sele\u00e7\u00e3o de volunt\u00e1rios que queiram atuar no projeto Voluntariado do Parque Ecol\u00f3gico Veredinha, em Brazl\u00e2ndia. Os integrantes ajudar\u00e3o a cuidar da unidade de conserva\u00e7\u00e3o e atuar\u00e3o durante um ano, iniciando em 1\u00ba de mar\u00e7o. O projeto tem como objetivo promover [&hellip;]","og_url":"https:\/\/www.notibras.com\/site\/quem-quer-ser-voluntario-para-cuidar-do-veredinha\/","og_site_name":"Notibras","article_publisher":"https:\/\/www.facebook.com\/notibras\/","article_published_time":"2023-02-05T03:00:57+00:00","article_modified_time":"2023-02-05T13:39:13+00:00","og_image":[{"width":1536,"height":864,"url":"https:\/\/www.notibras.com\/site\/wp-content\/uploads\/2023\/02\/materia-voluntariado-veredinha-3-1536x864-1.jpeg","type":"image\/jpeg"}],"author":"Reda\u00e7\u00e3o","twitter_card":"summary_large_image","twitter_creator":"@Notibras","twitter_site":"@Notibras","twitter_misc":{"Escrito por":"Reda\u00e7\u00e3o","Est. tempo de leitura":"2 minutos"},"schema":{"@context":"https:\/\/schema.org","@graph":[{"@type":"Article","@id":"https:\/\/www.notibras.com\/site\/quem-quer-ser-voluntario-para-cuidar-do-veredinha\/#article","isPartOf":{"@id":"https:\/\/www.notibras.com\/site\/quem-quer-ser-voluntario-para-cuidar-do-veredinha\/"},"author":{"name":"Reda\u00e7\u00e3o","@id":"https:\/\/www.notibras.com\/site\/#\/schema\/person\/36ab0979449956132d3e5b517ea76ac8"},"headline":"Quem quer ser volunt\u00e1rio para cuidar do Veredinha?","datePublished":"2023-02-05T03:00:57+00:00","dateModified":"2023-02-05T13:39:13+00:00","mainEntityOfPage":{"@id":"https:\/\/www.notibras.com\/site\/quem-quer-ser-voluntario-para-cuidar-do-veredinha\/"},"wordCount":360,"publisher":{"@id":"https:\/\/www.notibras.com\/site\/#organization"},"image":{"@id":"https:\/\/www.notibras.com\/site\/quem-quer-ser-voluntario-para-cuidar-do-veredinha\/#primaryimage"},"thumbnailUrl":"https:\/\/www.notibras.com\/site\/wp-content\/uploads\/2023\/02\/materia-voluntariado-veredinha-3-1536x864-1.jpeg","articleSection":["Quadradinho em Foco"],"inLanguage":"pt-BR"},{"@type":"WebPage","@id":"https:\/\/www.notibras.com\/site\/quem-quer-ser-voluntario-para-cuidar-do-veredinha\/","url":"https:\/\/www.notibras.com\/site\/quem-quer-ser-voluntario-para-cuidar-do-veredinha\/","name":"Quem quer ser volunt\u00e1rio para cuidar do Veredinha? - Notibras","isPartOf":{"@id":"https:\/\/www.notibras.com\/site\/#website"},"primaryImageOfPage":{"@id":"https:\/\/www.notibras.com\/site\/quem-quer-ser-voluntario-para-cuidar-do-veredinha\/#primaryimage"},"image":{"@id":"https:\/\/www.notibras.com\/site\/quem-quer-ser-voluntario-para-cuidar-do-veredinha\/#primaryimage"},"thumbnailUrl":"https:\/\/www.notibras.com\/site\/wp-content\/uploads\/2023\/02\/materia-voluntariado-veredinha-3-1536x864-1.jpeg","datePublished":"2023-02-05T03:00:57+00:00","dateModified":"2023-02-05T13:39:13+00:00","breadcrumb":{"@id":"https:\/\/www.notibras.com\/site\/quem-quer-ser-voluntario-para-cuidar-do-veredinha\/#breadcrumb"},"inLanguage":"pt-BR","potentialAction":[{"@type":"ReadAction","target":["https:\/\/www.notibras.com\/site\/quem-quer-ser-voluntario-para-cuidar-do-veredinha\/"]}]},{"@type":"ImageObject","inLanguage":"pt-BR","@id":"https:\/\/www.notibras.com\/site\/quem-quer-ser-voluntario-para-cuidar-do-veredinha\/#primaryimage","url":"https:\/\/www.notibras.com\/site\/wp-content\/uploads\/2023\/02\/materia-voluntariado-veredinha-3-1536x864-1.jpeg","contentUrl":"https:\/\/www.notibras.com\/site\/wp-content\/uploads\/2023\/02\/materia-voluntariado-veredinha-3-1536x864-1.jpeg","width":1536,"height":864},{"@type":"BreadcrumbList","@id":"https:\/\/www.notibras.com\/site\/quem-quer-ser-voluntario-para-cuidar-do-veredinha\/#breadcrumb","itemListElement":[{"@type":"ListItem","position":1,"name":"In\u00edcio","item":"https:\/\/www.notibras.com\/site\/"},{"@type":"ListItem","position":2,"name":"Quem quer ser volunt\u00e1rio para cuidar do Veredinha?"}]},{"@type":"WebSite","@id":"https:\/\/www.notibras.com\/site\/#website","url":"https:\/\/www.notibras.com\/site\/","name":"Notibras","description":"Not\u00edcias de Bras\u00edlia, do Brasil e do Mundo","publisher":{"@id":"https:\/\/www.notibras.com\/site\/#organization"},"potentialAction":[{"@type":"SearchAction","target":{"@type":"EntryPoint","urlTemplate":"https:\/\/www.notibras.com\/site\/?s={search_term_string}"},"query-input":{"@type":"PropertyValueSpecification","valueRequired":true,"valueName":"search_term_string"}}],"inLanguage":"pt-BR"},{"@type":"Organization","@id":"https:\/\/www.notibras.com\/site\/#organization","name":"Grupo Notibras de Comunica\u00e7\u00e3o","url":"https:\/\/www.notibras.com\/site\/","logo":{"@type":"ImageObject","inLanguage":"pt-BR","@id":"https:\/\/www.notibras.com\/site\/#\/schema\/logo\/image\/","url":"https:\/\/www.notibras.com\/site\/wp-content\/uploads\/2023\/01\/notibras23.png","contentUrl":"https:\/\/www.notibras.com\/site\/wp-content\/uploads\/2023\/01\/notibras23.png","width":350,"height":87,"caption":"Grupo Notibras de Comunica\u00e7\u00e3o"},"image":{"@id":"https:\/\/www.notibras.com\/site\/#\/schema\/logo\/image\/"},"sameAs":["https:\/\/www.facebook.com\/notibras\/","https:\/\/x.com\/Notibras","https:\/\/www.instagram.com\/notibras\/"]},{"@type":"Person","@id":"https:\/\/www.notibras.com\/site\/#\/schema\/person\/36ab0979449956132d3e5b517ea76ac8","name":"Reda\u00e7\u00e3o","image":{"@type":"ImageObject","inLanguage":"pt-BR","@id":"https:\/\/secure.gravatar.com\/avatar\/e0a867bdedb85fd243eadf09663511f96fc81e0720a4a42581f334ad4303aa6b?s=96&d=mm&r=g","url":"https:\/\/secure.gravatar.com\/avatar\/e0a867bdedb85fd243eadf09663511f96fc81e0720a4a42581f334ad4303aa6b?s=96&d=mm&r=g","contentUrl":"https:\/\/secure.gravatar.com\/avatar\/e0a867bdedb85fd243eadf09663511f96fc81e0720a4a42581f334ad4303aa6b?s=96&d=mm&r=g","caption":"Reda\u00e7\u00e3o"}}]}},"amp_enabled":true,"_links":{"self":[{"href":"https:\/\/www.notibras.com\/site\/wp-json\/wp\/v2\/posts\/299103","targetHints":{"allow":["GET"]}}],"collection":[{"href":"https:\/\/www.notibras.com\/site\/wp-json\/wp\/v2\/posts"}],"about":[{"href":"https:\/\/www.notibras.com\/site\/wp-json\/wp\/v2\/types\/post"}],"author":[{"embeddable":true,"href":"https:\/\/www.notibras.com\/site\/wp-json\/wp\/v2\/users\/2"}],"replies":[{"embeddable":true,"href":"https:\/\/www.notibras.com\/site\/wp-json\/wp\/v2\/comments?post=299103"}],"version-history":[{"count":1,"href":"https:\/\/www.notibras.com\/site\/wp-json\/wp\/v2\/posts\/299103\/revisions"}],"predecessor-version":[{"id":299105,"href":"https:\/\/www.notibras.com\/site\/wp-json\/wp\/v2\/posts\/299103\/revisions\/299105"}],"wp:featuredmedia":[{"embeddable":true,"href":"https:\/\/www.notibras.com\/site\/wp-json\/wp\/v2\/media\/299104"}],"wp:attachment":[{"href":"https:\/\/www.notibras.com\/site\/wp-json\/wp\/v2\/media?parent=299103"}],"wp:term":[{"taxonomy":"category","embeddable":true,"href":"https:\/\/www.notibras.com\/site\/wp-json\/wp\/v2\/categories?post=299103"},{"taxonomy":"post_tag","embeddable":true,"href":"https:\/\/www.notibras.com\/site\/wp-json\/wp\/v2\/tags?post=299103"}],"curies":[{"name":"wp","href":"https:\/\/api.w.org\/{rel}","templated":true}]}}