{"id":299163,"date":"2023-02-07T08:09:26","date_gmt":"2023-02-07T11:09:26","guid":{"rendered":"https:\/\/www.notibras.com\/site\/?p=299163"},"modified":"2023-02-07T08:09:26","modified_gmt":"2023-02-07T11:09:26","slug":"caso-de-amor-juvenil-fica-gravado-na-memoria","status":"publish","type":"post","link":"https:\/\/www.notibras.com\/site\/caso-de-amor-juvenil-fica-gravado-na-memoria\/","title":{"rendered":"Caso de amor juvenil fica gravado na mem\u00f3ria"},"content":{"rendered":"<p>O jeito supostamente engra\u00e7ado de contar hist\u00f3rias \u00e9 uma heran\u00e7a de meu av\u00f4, refugiado portugu\u00eas que, fugindo dos horrores da ditadura de Ant\u00f4nio de Oliveira Salazar, aportou no sub\u00farbio do Rio de Janeiro no in\u00edcio do s\u00e9culo passado. N\u00e3o sei se tenho gra\u00e7a, mas \u00e9 a forma de narrar hist\u00f3rias e contar est\u00f3rias. N\u00e3o costumo rir da desgra\u00e7a alheia, mas, sem macular a imagem do abstrato protagonista, tampouco o of\u00edcio de escrevinhador, me habituei a fazer dela (a desgra\u00e7a) uma bela parceria na busca de sorrisos, gargalhadas e at\u00e9 &#8220;obradas&#8221; imagin\u00e1rias. Por isso, seja triste, bizarro e, \u00e0s vezes, escatol\u00f3gico, n\u00e3o deixo de passar para meus 15, 16 ou 17 leitores qualquer fato que tenha assistido, participado ou ouvido falar. \u00c9 claro que os melhores e mais indicados pelos psiquiatras, psic\u00f3logos e pais de santo com os quais j\u00e1 me consultei s\u00e3o aqueles em que sou a pr\u00f3pria &#8220;v\u00edtima&#8221;.<\/p>\n<p>Normalmente, a maior alegria da adolesc\u00eancia \u00e9 a primeira namorada, aquela que, no meu tempo, era considerada mais s\u00e9ria pelo simples fato de ter a anu\u00eancia de pais, irm\u00e3os, av\u00f3s, tios e afins. Como tenho certeza de que ela n\u00e3o ter\u00e1 conhecimento de minha confiss\u00e3o, meu relacionamento inaugural s\u00f3 n\u00e3o foi pior do que o contato inicial com a matem\u00e1tica e suas deriva\u00e7\u00f5es, incluindo a terrivelmente demon\u00edaca trigonometria. Era algo t\u00e3o bestial como a ditadura dos anos 60, 70 e in\u00edcio dos 80, com a qual o mito e sua patriotada de araque flertam noite e dia. Na verdade, flertavam, porque, ap\u00f3s a cagada de 8 de janeiro, a maioria est\u00e1 literalmente defecando nas bocas de lobo da Papuda ou nas penitenci\u00e1rias para as quais foram deportados. \u00c9 da vida. Cada um colhe abundantemente o que estrogonoficamente plantou.<\/p>\n<p>Jovem na alma, na consci\u00eancia e nos rompantes, n\u00e3o merecia desfecho t\u00e3o tr\u00e1gico na descoberta do amor. Como os opostos se atraem, comecei a paquerar uma &#8220;burguesinha&#8221; do bairro vizinho, cujo pai era um pr\u00f3spero plantador de mandioca, nabo, rabanete, cenoura e pepino, todos produtos de alta periculosidade para pessoas de sexualidade avan\u00e7ada. N\u00e3o era o meu caso. Pois bem, at\u00e9 o fato sucedido, n\u00e3o havia osculado nada al\u00e9m do rosto da mo\u00e7a. Tinha m\u00e1 fama no bairro e adjac\u00eancias, mas, para meu desespero de rapaz probo, varonil, erecto e sapiente (n\u00e3o saliente), decidi que aquela era minha chance de mostrar ao mundo um princ\u00edpio regenerativo que somente alcancei d\u00e9cadas ap\u00f3s com dona K\u00e1tia, a patroa e comandante h\u00e1 d\u00e9cadas do consolidado cuore. Juro que tentei, mas, \u00e0 \u00e9poca, l\u00e1 no in\u00edcio dos anos 70, o m\u00e1ximo que consegui foi provar ao povo que nem tudo que pica arde.<\/p>\n<p>Depois de algumas semanas de contatos de zero grau com a tal burguesa, acabei convocado a estreitar os la\u00e7os com os futuros sogros e demais familiares da princesa consorte. De cara, percebi que o azar foi meu. Dia marcado, parti para os conhecimentos gerais. Na maior fatiota, portando uma camisa volta ao mundo da Ducal Roupas e cal\u00e7ado com um rec\u00e9m-adquirido Kichute cano curto, criei coragem e adentrei o recinto da resid\u00eancia que acabou sendo meu primeiro calv\u00e1rio. A ainda namorada havia ficado no banco de madeira fincado na porteira da casa, distante cerca de 100 metros da sede. Certo de que estava certo, sentei no sumi\u00ea mais curto. No meio da sala, pai e m\u00e3e. Espalhados pelos cantos, quatro irm\u00e3os, padrinhos, tios, primos e agregados da mo\u00e7a. Por baixo, umas 40 pessoas. Eu na berlinda. De repente, o ex-sogro se levanta e, quase gritando, pergunta o que eu fazia.<\/p>\n<p>Minhas inten\u00e7\u00f5es n\u00e3o interessavam. Todo posudo, respondi que era estudante e que estava trabalhando como office boy no Centro da cidade. A segunda pergunta foi definitiva: Quanto voc\u00ea ganha? Me achando o dono do peda\u00e7o, disse que, na moeda de ent\u00e3o, recebia 326,26 cruzeiros, valores inferiores a um sal\u00e1rio m\u00ednimo. O v\u00e9io avermelhou o rosto, encolheu o saco, esticou o dedo e, na minha cara, bradou: &#8220;O que voc\u00ea pensa da vida? Ganha menos de um sal\u00e1rio m\u00ednimo e quer namorar minha filha. Gasto com ela um sal\u00e1rio mensal s\u00f3 de papel higi\u00eanico. Papel higi\u00eanico, meu caro. Papel higi\u00eanico, est\u00e1 ouvindo?&#8221; Arrasado, humilhado e arrependido, sequer agradeci a acolhida. Sa\u00ed correndo dali, imaginando uma resposta r\u00e1pida para a ex-namorada. Chegando \u00e0 porteira, ela correu ao meu encontro, querendo saber do resultado. Sei que fui injusto e, talvez, grosseiro, mas o que disse me fez lavar a honra quase perdida: &#8220;Cagona&#8221;. Nunca soube se o papel higi\u00eanico era Neve, Personal ou Stylus. Pelo pre\u00e7o, acho que era folha dupla.<\/p>\n","protected":false},"excerpt":{"rendered":"<p>O jeito supostamente engra\u00e7ado de contar hist\u00f3rias \u00e9 uma heran\u00e7a de meu av\u00f4, refugiado portugu\u00eas que, fugindo dos horrores da ditadura de Ant\u00f4nio de Oliveira Salazar, aportou no sub\u00farbio do Rio de Janeiro no in\u00edcio do s\u00e9culo passado. N\u00e3o sei se tenho gra\u00e7a, mas \u00e9 a forma de narrar hist\u00f3rias e contar est\u00f3rias. N\u00e3o costumo [&hellip;]<\/p>\n","protected":false},"author":2,"featured_media":299164,"comment_status":"closed","ping_status":"closed","sticky":false,"template":"","format":"standard","meta":{"_acf_changed":false,"footnotes":""},"categories":[161],"tags":[],"class_list":["post-299163","post","type-post","status-publish","format-standard","has-post-thumbnail","hentry","category-quadradinho-em-foco"],"acf":[],"yoast_head":"<!-- This site is optimized with the Yoast SEO plugin v27.2 - https:\/\/yoast.com\/product\/yoast-seo-wordpress\/ -->\n<title>Caso de amor juvenil fica gravado na mem\u00f3ria - Notibras<\/title>\n<meta name=\"robots\" content=\"index, follow, max-snippet:-1, max-image-preview:large, max-video-preview:-1\" \/>\n<link rel=\"canonical\" href=\"https:\/\/www.notibras.com\/site\/caso-de-amor-juvenil-fica-gravado-na-memoria\/\" \/>\n<meta property=\"og:locale\" content=\"pt_BR\" \/>\n<meta property=\"og:type\" content=\"article\" \/>\n<meta property=\"og:title\" content=\"Caso de amor juvenil fica gravado na mem\u00f3ria - Notibras\" \/>\n<meta property=\"og:description\" content=\"O jeito supostamente engra\u00e7ado de contar hist\u00f3rias \u00e9 uma heran\u00e7a de meu av\u00f4, refugiado portugu\u00eas que, fugindo dos horrores da ditadura de Ant\u00f4nio de Oliveira Salazar, aportou no sub\u00farbio do Rio de Janeiro no in\u00edcio do s\u00e9culo passado. N\u00e3o sei se tenho gra\u00e7a, mas \u00e9 a forma de narrar hist\u00f3rias e contar est\u00f3rias. N\u00e3o costumo [&hellip;]\" \/>\n<meta property=\"og:url\" content=\"https:\/\/www.notibras.com\/site\/caso-de-amor-juvenil-fica-gravado-na-memoria\/\" \/>\n<meta property=\"og:site_name\" content=\"Notibras\" \/>\n<meta property=\"article:publisher\" content=\"https:\/\/www.facebook.com\/notibras\/\" \/>\n<meta property=\"article:published_time\" content=\"2023-02-07T11:09:26+00:00\" \/>\n<meta property=\"og:image\" content=\"https:\/\/www.notibras.com\/site\/wp-content\/uploads\/2023\/02\/Valentines_Day_Men_Two_Heart_Night_Jump_514328_1280x853.jpg\" \/>\n\t<meta property=\"og:image:width\" content=\"1280\" \/>\n\t<meta property=\"og:image:height\" content=\"853\" \/>\n\t<meta property=\"og:image:type\" content=\"image\/jpeg\" \/>\n<meta name=\"author\" content=\"Reda\u00e7\u00e3o\" \/>\n<meta name=\"twitter:card\" content=\"summary_large_image\" \/>\n<meta name=\"twitter:creator\" content=\"@Notibras\" \/>\n<meta name=\"twitter:site\" content=\"@Notibras\" \/>\n<meta name=\"twitter:label1\" content=\"Escrito por\" \/>\n\t<meta name=\"twitter:data1\" content=\"Reda\u00e7\u00e3o\" \/>\n\t<meta name=\"twitter:label2\" content=\"Est. tempo de leitura\" \/>\n\t<meta name=\"twitter:data2\" content=\"5 minutos\" \/>\n<script type=\"application\/ld+json\" class=\"yoast-schema-graph\">{\"@context\":\"https:\/\/schema.org\",\"@graph\":[{\"@type\":\"Article\",\"@id\":\"https:\/\/www.notibras.com\/site\/caso-de-amor-juvenil-fica-gravado-na-memoria\/#article\",\"isPartOf\":{\"@id\":\"https:\/\/www.notibras.com\/site\/caso-de-amor-juvenil-fica-gravado-na-memoria\/\"},\"author\":{\"name\":\"Reda\u00e7\u00e3o\",\"@id\":\"https:\/\/www.notibras.com\/site\/#\/schema\/person\/36ab0979449956132d3e5b517ea76ac8\"},\"headline\":\"Caso de amor juvenil fica gravado na mem\u00f3ria\",\"datePublished\":\"2023-02-07T11:09:26+00:00\",\"mainEntityOfPage\":{\"@id\":\"https:\/\/www.notibras.com\/site\/caso-de-amor-juvenil-fica-gravado-na-memoria\/\"},\"wordCount\":826,\"publisher\":{\"@id\":\"https:\/\/www.notibras.com\/site\/#organization\"},\"image\":{\"@id\":\"https:\/\/www.notibras.com\/site\/caso-de-amor-juvenil-fica-gravado-na-memoria\/#primaryimage\"},\"thumbnailUrl\":\"https:\/\/www.notibras.com\/site\/wp-content\/uploads\/2023\/02\/Valentines_Day_Men_Two_Heart_Night_Jump_514328_1280x853.jpg\",\"articleSection\":[\"Quadradinho em Foco\"],\"inLanguage\":\"pt-BR\"},{\"@type\":\"WebPage\",\"@id\":\"https:\/\/www.notibras.com\/site\/caso-de-amor-juvenil-fica-gravado-na-memoria\/\",\"url\":\"https:\/\/www.notibras.com\/site\/caso-de-amor-juvenil-fica-gravado-na-memoria\/\",\"name\":\"Caso de amor juvenil fica gravado na mem\u00f3ria - Notibras\",\"isPartOf\":{\"@id\":\"https:\/\/www.notibras.com\/site\/#website\"},\"primaryImageOfPage\":{\"@id\":\"https:\/\/www.notibras.com\/site\/caso-de-amor-juvenil-fica-gravado-na-memoria\/#primaryimage\"},\"image\":{\"@id\":\"https:\/\/www.notibras.com\/site\/caso-de-amor-juvenil-fica-gravado-na-memoria\/#primaryimage\"},\"thumbnailUrl\":\"https:\/\/www.notibras.com\/site\/wp-content\/uploads\/2023\/02\/Valentines_Day_Men_Two_Heart_Night_Jump_514328_1280x853.jpg\",\"datePublished\":\"2023-02-07T11:09:26+00:00\",\"breadcrumb\":{\"@id\":\"https:\/\/www.notibras.com\/site\/caso-de-amor-juvenil-fica-gravado-na-memoria\/#breadcrumb\"},\"inLanguage\":\"pt-BR\",\"potentialAction\":[{\"@type\":\"ReadAction\",\"target\":[\"https:\/\/www.notibras.com\/site\/caso-de-amor-juvenil-fica-gravado-na-memoria\/\"]}]},{\"@type\":\"ImageObject\",\"inLanguage\":\"pt-BR\",\"@id\":\"https:\/\/www.notibras.com\/site\/caso-de-amor-juvenil-fica-gravado-na-memoria\/#primaryimage\",\"url\":\"https:\/\/www.notibras.com\/site\/wp-content\/uploads\/2023\/02\/Valentines_Day_Men_Two_Heart_Night_Jump_514328_1280x853.jpg\",\"contentUrl\":\"https:\/\/www.notibras.com\/site\/wp-content\/uploads\/2023\/02\/Valentines_Day_Men_Two_Heart_Night_Jump_514328_1280x853.jpg\",\"width\":1280,\"height\":853},{\"@type\":\"BreadcrumbList\",\"@id\":\"https:\/\/www.notibras.com\/site\/caso-de-amor-juvenil-fica-gravado-na-memoria\/#breadcrumb\",\"itemListElement\":[{\"@type\":\"ListItem\",\"position\":1,\"name\":\"In\u00edcio\",\"item\":\"https:\/\/www.notibras.com\/site\/\"},{\"@type\":\"ListItem\",\"position\":2,\"name\":\"Caso de amor juvenil fica gravado na mem\u00f3ria\"}]},{\"@type\":\"WebSite\",\"@id\":\"https:\/\/www.notibras.com\/site\/#website\",\"url\":\"https:\/\/www.notibras.com\/site\/\",\"name\":\"Notibras\",\"description\":\"Not\u00edcias de Bras\u00edlia, do Brasil e do Mundo\",\"publisher\":{\"@id\":\"https:\/\/www.notibras.com\/site\/#organization\"},\"potentialAction\":[{\"@type\":\"SearchAction\",\"target\":{\"@type\":\"EntryPoint\",\"urlTemplate\":\"https:\/\/www.notibras.com\/site\/?s={search_term_string}\"},\"query-input\":{\"@type\":\"PropertyValueSpecification\",\"valueRequired\":true,\"valueName\":\"search_term_string\"}}],\"inLanguage\":\"pt-BR\"},{\"@type\":\"Organization\",\"@id\":\"https:\/\/www.notibras.com\/site\/#organization\",\"name\":\"Grupo Notibras de Comunica\u00e7\u00e3o\",\"url\":\"https:\/\/www.notibras.com\/site\/\",\"logo\":{\"@type\":\"ImageObject\",\"inLanguage\":\"pt-BR\",\"@id\":\"https:\/\/www.notibras.com\/site\/#\/schema\/logo\/image\/\",\"url\":\"https:\/\/www.notibras.com\/site\/wp-content\/uploads\/2023\/01\/notibras23.png\",\"contentUrl\":\"https:\/\/www.notibras.com\/site\/wp-content\/uploads\/2023\/01\/notibras23.png\",\"width\":350,\"height\":87,\"caption\":\"Grupo Notibras de Comunica\u00e7\u00e3o\"},\"image\":{\"@id\":\"https:\/\/www.notibras.com\/site\/#\/schema\/logo\/image\/\"},\"sameAs\":[\"https:\/\/www.facebook.com\/notibras\/\",\"https:\/\/x.com\/Notibras\",\"https:\/\/www.instagram.com\/notibras\/\"]},{\"@type\":\"Person\",\"@id\":\"https:\/\/www.notibras.com\/site\/#\/schema\/person\/36ab0979449956132d3e5b517ea76ac8\",\"name\":\"Reda\u00e7\u00e3o\",\"image\":{\"@type\":\"ImageObject\",\"inLanguage\":\"pt-BR\",\"@id\":\"https:\/\/secure.gravatar.com\/avatar\/e0a867bdedb85fd243eadf09663511f96fc81e0720a4a42581f334ad4303aa6b?s=96&d=mm&r=g\",\"url\":\"https:\/\/secure.gravatar.com\/avatar\/e0a867bdedb85fd243eadf09663511f96fc81e0720a4a42581f334ad4303aa6b?s=96&d=mm&r=g\",\"contentUrl\":\"https:\/\/secure.gravatar.com\/avatar\/e0a867bdedb85fd243eadf09663511f96fc81e0720a4a42581f334ad4303aa6b?s=96&d=mm&r=g\",\"caption\":\"Reda\u00e7\u00e3o\"}}]}<\/script>\n<!-- \/ Yoast SEO plugin. -->","yoast_head_json":{"title":"Caso de amor juvenil fica gravado na mem\u00f3ria - Notibras","robots":{"index":"index","follow":"follow","max-snippet":"max-snippet:-1","max-image-preview":"max-image-preview:large","max-video-preview":"max-video-preview:-1"},"canonical":"https:\/\/www.notibras.com\/site\/caso-de-amor-juvenil-fica-gravado-na-memoria\/","og_locale":"pt_BR","og_type":"article","og_title":"Caso de amor juvenil fica gravado na mem\u00f3ria - Notibras","og_description":"O jeito supostamente engra\u00e7ado de contar hist\u00f3rias \u00e9 uma heran\u00e7a de meu av\u00f4, refugiado portugu\u00eas que, fugindo dos horrores da ditadura de Ant\u00f4nio de Oliveira Salazar, aportou no sub\u00farbio do Rio de Janeiro no in\u00edcio do s\u00e9culo passado. N\u00e3o sei se tenho gra\u00e7a, mas \u00e9 a forma de narrar hist\u00f3rias e contar est\u00f3rias. N\u00e3o costumo [&hellip;]","og_url":"https:\/\/www.notibras.com\/site\/caso-de-amor-juvenil-fica-gravado-na-memoria\/","og_site_name":"Notibras","article_publisher":"https:\/\/www.facebook.com\/notibras\/","article_published_time":"2023-02-07T11:09:26+00:00","og_image":[{"width":1280,"height":853,"url":"https:\/\/www.notibras.com\/site\/wp-content\/uploads\/2023\/02\/Valentines_Day_Men_Two_Heart_Night_Jump_514328_1280x853.jpg","type":"image\/jpeg"}],"author":"Reda\u00e7\u00e3o","twitter_card":"summary_large_image","twitter_creator":"@Notibras","twitter_site":"@Notibras","twitter_misc":{"Escrito por":"Reda\u00e7\u00e3o","Est. tempo de leitura":"5 minutos"},"schema":{"@context":"https:\/\/schema.org","@graph":[{"@type":"Article","@id":"https:\/\/www.notibras.com\/site\/caso-de-amor-juvenil-fica-gravado-na-memoria\/#article","isPartOf":{"@id":"https:\/\/www.notibras.com\/site\/caso-de-amor-juvenil-fica-gravado-na-memoria\/"},"author":{"name":"Reda\u00e7\u00e3o","@id":"https:\/\/www.notibras.com\/site\/#\/schema\/person\/36ab0979449956132d3e5b517ea76ac8"},"headline":"Caso de amor juvenil fica gravado na mem\u00f3ria","datePublished":"2023-02-07T11:09:26+00:00","mainEntityOfPage":{"@id":"https:\/\/www.notibras.com\/site\/caso-de-amor-juvenil-fica-gravado-na-memoria\/"},"wordCount":826,"publisher":{"@id":"https:\/\/www.notibras.com\/site\/#organization"},"image":{"@id":"https:\/\/www.notibras.com\/site\/caso-de-amor-juvenil-fica-gravado-na-memoria\/#primaryimage"},"thumbnailUrl":"https:\/\/www.notibras.com\/site\/wp-content\/uploads\/2023\/02\/Valentines_Day_Men_Two_Heart_Night_Jump_514328_1280x853.jpg","articleSection":["Quadradinho em Foco"],"inLanguage":"pt-BR"},{"@type":"WebPage","@id":"https:\/\/www.notibras.com\/site\/caso-de-amor-juvenil-fica-gravado-na-memoria\/","url":"https:\/\/www.notibras.com\/site\/caso-de-amor-juvenil-fica-gravado-na-memoria\/","name":"Caso de amor juvenil fica gravado na mem\u00f3ria - Notibras","isPartOf":{"@id":"https:\/\/www.notibras.com\/site\/#website"},"primaryImageOfPage":{"@id":"https:\/\/www.notibras.com\/site\/caso-de-amor-juvenil-fica-gravado-na-memoria\/#primaryimage"},"image":{"@id":"https:\/\/www.notibras.com\/site\/caso-de-amor-juvenil-fica-gravado-na-memoria\/#primaryimage"},"thumbnailUrl":"https:\/\/www.notibras.com\/site\/wp-content\/uploads\/2023\/02\/Valentines_Day_Men_Two_Heart_Night_Jump_514328_1280x853.jpg","datePublished":"2023-02-07T11:09:26+00:00","breadcrumb":{"@id":"https:\/\/www.notibras.com\/site\/caso-de-amor-juvenil-fica-gravado-na-memoria\/#breadcrumb"},"inLanguage":"pt-BR","potentialAction":[{"@type":"ReadAction","target":["https:\/\/www.notibras.com\/site\/caso-de-amor-juvenil-fica-gravado-na-memoria\/"]}]},{"@type":"ImageObject","inLanguage":"pt-BR","@id":"https:\/\/www.notibras.com\/site\/caso-de-amor-juvenil-fica-gravado-na-memoria\/#primaryimage","url":"https:\/\/www.notibras.com\/site\/wp-content\/uploads\/2023\/02\/Valentines_Day_Men_Two_Heart_Night_Jump_514328_1280x853.jpg","contentUrl":"https:\/\/www.notibras.com\/site\/wp-content\/uploads\/2023\/02\/Valentines_Day_Men_Two_Heart_Night_Jump_514328_1280x853.jpg","width":1280,"height":853},{"@type":"BreadcrumbList","@id":"https:\/\/www.notibras.com\/site\/caso-de-amor-juvenil-fica-gravado-na-memoria\/#breadcrumb","itemListElement":[{"@type":"ListItem","position":1,"name":"In\u00edcio","item":"https:\/\/www.notibras.com\/site\/"},{"@type":"ListItem","position":2,"name":"Caso de amor juvenil fica gravado na mem\u00f3ria"}]},{"@type":"WebSite","@id":"https:\/\/www.notibras.com\/site\/#website","url":"https:\/\/www.notibras.com\/site\/","name":"Notibras","description":"Not\u00edcias de Bras\u00edlia, do Brasil e do Mundo","publisher":{"@id":"https:\/\/www.notibras.com\/site\/#organization"},"potentialAction":[{"@type":"SearchAction","target":{"@type":"EntryPoint","urlTemplate":"https:\/\/www.notibras.com\/site\/?s={search_term_string}"},"query-input":{"@type":"PropertyValueSpecification","valueRequired":true,"valueName":"search_term_string"}}],"inLanguage":"pt-BR"},{"@type":"Organization","@id":"https:\/\/www.notibras.com\/site\/#organization","name":"Grupo Notibras de Comunica\u00e7\u00e3o","url":"https:\/\/www.notibras.com\/site\/","logo":{"@type":"ImageObject","inLanguage":"pt-BR","@id":"https:\/\/www.notibras.com\/site\/#\/schema\/logo\/image\/","url":"https:\/\/www.notibras.com\/site\/wp-content\/uploads\/2023\/01\/notibras23.png","contentUrl":"https:\/\/www.notibras.com\/site\/wp-content\/uploads\/2023\/01\/notibras23.png","width":350,"height":87,"caption":"Grupo Notibras de Comunica\u00e7\u00e3o"},"image":{"@id":"https:\/\/www.notibras.com\/site\/#\/schema\/logo\/image\/"},"sameAs":["https:\/\/www.facebook.com\/notibras\/","https:\/\/x.com\/Notibras","https:\/\/www.instagram.com\/notibras\/"]},{"@type":"Person","@id":"https:\/\/www.notibras.com\/site\/#\/schema\/person\/36ab0979449956132d3e5b517ea76ac8","name":"Reda\u00e7\u00e3o","image":{"@type":"ImageObject","inLanguage":"pt-BR","@id":"https:\/\/secure.gravatar.com\/avatar\/e0a867bdedb85fd243eadf09663511f96fc81e0720a4a42581f334ad4303aa6b?s=96&d=mm&r=g","url":"https:\/\/secure.gravatar.com\/avatar\/e0a867bdedb85fd243eadf09663511f96fc81e0720a4a42581f334ad4303aa6b?s=96&d=mm&r=g","contentUrl":"https:\/\/secure.gravatar.com\/avatar\/e0a867bdedb85fd243eadf09663511f96fc81e0720a4a42581f334ad4303aa6b?s=96&d=mm&r=g","caption":"Reda\u00e7\u00e3o"}}]}},"amp_enabled":true,"_links":{"self":[{"href":"https:\/\/www.notibras.com\/site\/wp-json\/wp\/v2\/posts\/299163","targetHints":{"allow":["GET"]}}],"collection":[{"href":"https:\/\/www.notibras.com\/site\/wp-json\/wp\/v2\/posts"}],"about":[{"href":"https:\/\/www.notibras.com\/site\/wp-json\/wp\/v2\/types\/post"}],"author":[{"embeddable":true,"href":"https:\/\/www.notibras.com\/site\/wp-json\/wp\/v2\/users\/2"}],"replies":[{"embeddable":true,"href":"https:\/\/www.notibras.com\/site\/wp-json\/wp\/v2\/comments?post=299163"}],"version-history":[{"count":1,"href":"https:\/\/www.notibras.com\/site\/wp-json\/wp\/v2\/posts\/299163\/revisions"}],"predecessor-version":[{"id":299165,"href":"https:\/\/www.notibras.com\/site\/wp-json\/wp\/v2\/posts\/299163\/revisions\/299165"}],"wp:featuredmedia":[{"embeddable":true,"href":"https:\/\/www.notibras.com\/site\/wp-json\/wp\/v2\/media\/299164"}],"wp:attachment":[{"href":"https:\/\/www.notibras.com\/site\/wp-json\/wp\/v2\/media?parent=299163"}],"wp:term":[{"taxonomy":"category","embeddable":true,"href":"https:\/\/www.notibras.com\/site\/wp-json\/wp\/v2\/categories?post=299163"},{"taxonomy":"post_tag","embeddable":true,"href":"https:\/\/www.notibras.com\/site\/wp-json\/wp\/v2\/tags?post=299163"}],"curies":[{"name":"wp","href":"https:\/\/api.w.org\/{rel}","templated":true}]}}