{"id":299248,"date":"2023-02-08T21:30:22","date_gmt":"2023-02-09T00:30:22","guid":{"rendered":"https:\/\/www.notibras.com\/site\/?p=299248"},"modified":"2023-02-08T21:30:22","modified_gmt":"2023-02-09T00:30:22","slug":"corrida-para-colocar-filhos-em-escola-privada","status":"publish","type":"post","link":"https:\/\/www.notibras.com\/site\/corrida-para-colocar-filhos-em-escola-privada\/","title":{"rendered":"Corrida para colocar filhos em escola privada"},"content":{"rendered":"<p>O Censo Escolar da Educa\u00e7\u00e3o B\u00e1sica 2022 indica que o n\u00famero de matr\u00edculas no Brasil aumentou ap\u00f3s o fim da emerg\u00eancia em sa\u00fade p\u00fablica por conta da covid-19. No ano passado, foram registrados 47,4 milh\u00f5es de estudantes em 178,3 mil escolas de educa\u00e7\u00e3o b\u00e1sica \u2013 714 mil alunos a mais que em 2021.<\/p>\n<p>O levantamento mostra que, no mesmo per\u00edodo, as escolas privadas apresentaram uma expans\u00e3o de 10,6% nas matr\u00edculas, o que as aproxima dos n\u00edveis observados em 2019, antes da pandemia. A queda mais significativa durante a crise sanit\u00e1ria, segundo o Minist\u00e9rio da Educa\u00e7\u00e3o (MEC), foi identificada justamente nessa rede de ensino.<\/p>\n<p>J\u00e1 na rede p\u00fablica de ensino, de acordo com o censo, os n\u00fameros na educa\u00e7\u00e3o b\u00e1sica n\u00e3o apresentaram grande varia\u00e7\u00e3o \u2013 foram 38,3 milh\u00f5es de matr\u00edculas registradas no ano passado, contra 38,5 milh\u00f5es contabilizadas no ano anterior.<\/p>\n<p>Durante coletiva de imprensa, o ministro da Educa\u00e7\u00e3o, Camilo Santana, avaliou que os resultados do censo mostram que o pa\u00eds est\u00e1 retomando os \u00edndices registrados antes da covid-19. \u201cA pandemia agravou o pa\u00eds em v\u00e1rias \u00e1reas, mas, principalmente, na \u00e1rea da educa\u00e7\u00e3o. Estamos retomando os patamares\u201d, disse.<\/p>\n<p><strong>Educa\u00e7\u00e3o infantil<\/strong><br \/>\nO censo mostra que as matr\u00edculas em creches, que haviam recuado entre 2019 e 2021, cresceram em 2022. Em compara\u00e7\u00e3o com o ano anterior, o aumento foi de 8,9% na rede p\u00fablica e de 29,9% na rede privada de ensino, ultrapassando os \u00edndices observados no per\u00edodo pr\u00e9-pandemia em ambas as redes.<\/p>\n<p>O levantamento registrou um total de 74,4 mil creches em funcionamento no pa\u00eds. Nesse universo, 66,4% das matr\u00edculas s\u00e3o da rede p\u00fablica e 33,6%, da privada, sendo que 50,7% dessas creches privadas possuem conv\u00eanio com o poder p\u00fablico.<\/p>\n<p>As matr\u00edculas na pr\u00e9-escola tamb\u00e9m aumentaram. Entre 2019 e 2021, houve uma redu\u00e7\u00e3o de 25,6% nos alunos de escolas privadas, mas a eleva\u00e7\u00e3o de 20% nessa rede ao longo do \u00faltimo ano possibilitou um crescimento de 3,9% do total de matriculados.<\/p>\n<p>Foram registrados, em 2022, mais de 5 milh\u00f5es de matr\u00edculas na pr\u00e9-escola. Desses, 78,8% s\u00e3o na rede p\u00fablica e 21,2%, na privada, sendo que 166,7 mil alunos frequentam escolas conveniadas com o poder p\u00fablico.<\/p>\n<p><strong>Ensino fundamental<\/strong><br \/>\nDe acordo com o censo, das 178,3 mil escolas de educa\u00e7\u00e3o b\u00e1sica, 122,5 mil ofertam alguma etapa do ensino fundamental. Dessas, 105,4 mil atendem a alunos nos anos iniciais (1\u00ba ao 5\u00ba) e 61,8 mil, nos anos finais (6\u00ba a 9\u00ba).<\/p>\n<p>A rede municipal \u00e9 a principal respons\u00e1vel pela oferta dos anos iniciais: s\u00e3o 10,1 milh\u00f5es de estudantes (69,3%), o que corresponde a 85,5% da rede p\u00fablica. Por outro lado, 18,9% dos alunos frequentam escolas privadas \u2013 a rede cresceu 5,3% de 2021 para 2022.<\/p>\n<p>J\u00e1 nos anos finais do ensino fundamental, h\u00e1 uma divis\u00e3o de responsabilidade entre estados e munic\u00edpios. A rede municipal atende a 5,3 milh\u00f5es de alunos (44,4%) e a estadual, a 4,8 milh\u00f5es (39,9%). As escolas privadas, com 1,8 milh\u00e3o de estudantes, re\u00fanem 15,5% das matr\u00edculas.<\/p>\n<p><strong>Ensino m\u00e9dio<\/strong><br \/>\nEm 2022, foram registrados 7,9 milh\u00f5es de matr\u00edculas no ensino m\u00e9dio \u2013 um aumento de 1,2% em rela\u00e7\u00e3o a 2021. \u201cConfigura-se uma tend\u00eancia de crescimento que chega a 5,4% desde o in\u00edcio da ascend\u00eancia dessa curva, em 2019\u201d, destacou o MEC.<\/p>\n<p>A rede estadual tem a maior participa\u00e7\u00e3o nessa etapa (84,2%), atendendo a 6,6 milh\u00f5es de alunos. Nela tamb\u00e9m est\u00e1 a maioria dos estudantes das escolas p\u00fablicas (87,7%), enquanto a rede federal participa com 232 mil alunos (3%). J\u00e1 a rede privada possui cerca de 971,5 mil matriculados (12,3%).<\/p>\n<p>Em rela\u00e7\u00e3o ao turno e \u00e0 oferta, 81,9% dos alunos do ensino m\u00e9dio estudam no turno diurno e 18,1% cursam o per\u00edodo noturno. Os dados indicam que 94,8% frequentam escolas urbanas e 43,8% das escolas de ensino m\u00e9dio atendem a mais de 500 estudantes.<\/p>\n<p><strong>Alfabetiza\u00e7\u00e3o<\/strong><br \/>\nO censo mostra que, de 2019 para 2020, houve uma eleva\u00e7\u00e3o acentuada na taxa de alunos aprovados, influenciada, segundo o MEC, por \u201cajustes no planejamento curricular das escolas\u201d em fun\u00e7\u00e3o da pandemia. J\u00e1 em 2021, observou-se uma queda nas aprova\u00e7\u00f5es, mas os percentuais se mantiveram num patamar superior ao observado antes da covid-19.<\/p>\n<p>Em rela\u00e7\u00e3o \u00e0 chamada taxa de insucesso, que considera reprova\u00e7\u00e3o e abandono, houve uma mudan\u00e7a consider\u00e1vel entre 2019 e 2020, com uma redu\u00e7\u00e3o consistente em todas as s\u00e9ries da rede p\u00fablica e a eleva\u00e7\u00e3o nas iniciais do fundamental, na rede privada. J\u00e1 em 2021, verificou-se um movimento em dire\u00e7\u00e3o ao padr\u00e3o observado antes da pandemia, mas ainda com taxas de insucesso inferiores.<\/p>\n<p><strong>EJA<\/strong><br \/>\nO censo avaliou ainda a educa\u00e7\u00e3o de jovens e adultos (EJA), que recebe pessoas que ainda n\u00e3o conclu\u00edram o ensino regular. De 2019 para 2020, cerca de 230 mil alunos dos anos finais do ensino fundamental e 160 mil do ensino m\u00e9dio migraram para a EJA.<\/p>\n<p>O MEC destacou que o Exame Nacional para Certifica\u00e7\u00e3o de Compet\u00eancias de Jovens e Adultos (Encceja) tem se firmado como uma alternativa para a obten\u00e7\u00e3o do certificado dessas etapas de ensino da educa\u00e7\u00e3o b\u00e1sica. Em 2019, foi registrado n\u00famero recorde de inscritos: 3 milh\u00f5es. Nas edi\u00e7\u00f5es de 2020 e 2022, foram 1,7 milh\u00e3o e 1,6 milh\u00e3o de pessoas inscritas, respectivamente. N\u00e3o houve aplica\u00e7\u00e3o em 2021 em fun\u00e7\u00e3o da pandemia.<\/p>\n<p><strong>Professores<\/strong><br \/>\nEm 2022, foram contabilizados 2,3 milh\u00f5es de professores e 162.847 diretores na educa\u00e7\u00e3o b\u00e1sica brasileira. Os dados do censo mostram que quem exerce cargo de dire\u00e7\u00e3o, em sua maioria, tem forma\u00e7\u00e3o superior (90%) e \u00e9 mulher (80,7%).<\/p>\n","protected":false},"excerpt":{"rendered":"<p>O Censo Escolar da Educa\u00e7\u00e3o B\u00e1sica 2022 indica que o n\u00famero de matr\u00edculas no Brasil aumentou ap\u00f3s o fim da emerg\u00eancia em sa\u00fade p\u00fablica por conta da covid-19. No ano passado, foram registrados 47,4 milh\u00f5es de estudantes em 178,3 mil escolas de educa\u00e7\u00e3o b\u00e1sica \u2013 714 mil alunos a mais que em 2021. O levantamento [&hellip;]<\/p>\n","protected":false},"author":2,"featured_media":299249,"comment_status":"closed","ping_status":"closed","sticky":false,"template":"","format":"standard","meta":{"_acf_changed":false,"footnotes":""},"categories":[161],"tags":[],"class_list":["post-299248","post","type-post","status-publish","format-standard","has-post-thumbnail","hentry","category-quadradinho-em-foco"],"acf":[],"yoast_head":"<!-- This site is optimized with the Yoast SEO plugin v27.2 - https:\/\/yoast.com\/product\/yoast-seo-wordpress\/ -->\n<title>Corrida para colocar filhos em escola privada - Notibras<\/title>\n<meta name=\"robots\" content=\"index, follow, max-snippet:-1, max-image-preview:large, max-video-preview:-1\" \/>\n<link rel=\"canonical\" href=\"https:\/\/www.notibras.com\/site\/corrida-para-colocar-filhos-em-escola-privada\/\" \/>\n<meta property=\"og:locale\" content=\"pt_BR\" \/>\n<meta property=\"og:type\" content=\"article\" \/>\n<meta property=\"og:title\" content=\"Corrida para colocar filhos em escola privada - Notibras\" \/>\n<meta property=\"og:description\" content=\"O Censo Escolar da Educa\u00e7\u00e3o B\u00e1sica 2022 indica que o n\u00famero de matr\u00edculas no Brasil aumentou ap\u00f3s o fim da emerg\u00eancia em sa\u00fade p\u00fablica por conta da covid-19. No ano passado, foram registrados 47,4 milh\u00f5es de estudantes em 178,3 mil escolas de educa\u00e7\u00e3o b\u00e1sica \u2013 714 mil alunos a mais que em 2021. O levantamento [&hellip;]\" \/>\n<meta property=\"og:url\" content=\"https:\/\/www.notibras.com\/site\/corrida-para-colocar-filhos-em-escola-privada\/\" \/>\n<meta property=\"og:site_name\" content=\"Notibras\" \/>\n<meta property=\"article:publisher\" content=\"https:\/\/www.facebook.com\/notibras\/\" \/>\n<meta property=\"article:published_time\" content=\"2023-02-09T00:30:22+00:00\" \/>\n<meta property=\"og:image\" content=\"https:\/\/www.notibras.com\/site\/wp-content\/uploads\/2023\/02\/trbr7116_0.jpg\" \/>\n\t<meta property=\"og:image:width\" content=\"1170\" \/>\n\t<meta property=\"og:image:height\" content=\"700\" \/>\n\t<meta property=\"og:image:type\" content=\"image\/jpeg\" \/>\n<meta name=\"author\" content=\"Reda\u00e7\u00e3o\" \/>\n<meta name=\"twitter:card\" content=\"summary_large_image\" \/>\n<meta name=\"twitter:creator\" content=\"@Notibras\" \/>\n<meta name=\"twitter:site\" content=\"@Notibras\" \/>\n<meta name=\"twitter:label1\" content=\"Escrito por\" \/>\n\t<meta name=\"twitter:data1\" content=\"Reda\u00e7\u00e3o\" \/>\n\t<meta name=\"twitter:label2\" content=\"Est. tempo de leitura\" \/>\n\t<meta name=\"twitter:data2\" content=\"5 minutos\" \/>\n<script type=\"application\/ld+json\" class=\"yoast-schema-graph\">{\"@context\":\"https:\/\/schema.org\",\"@graph\":[{\"@type\":\"Article\",\"@id\":\"https:\/\/www.notibras.com\/site\/corrida-para-colocar-filhos-em-escola-privada\/#article\",\"isPartOf\":{\"@id\":\"https:\/\/www.notibras.com\/site\/corrida-para-colocar-filhos-em-escola-privada\/\"},\"author\":{\"name\":\"Reda\u00e7\u00e3o\",\"@id\":\"https:\/\/www.notibras.com\/site\/#\/schema\/person\/36ab0979449956132d3e5b517ea76ac8\"},\"headline\":\"Corrida para colocar filhos em escola privada\",\"datePublished\":\"2023-02-09T00:30:22+00:00\",\"mainEntityOfPage\":{\"@id\":\"https:\/\/www.notibras.com\/site\/corrida-para-colocar-filhos-em-escola-privada\/\"},\"wordCount\":920,\"publisher\":{\"@id\":\"https:\/\/www.notibras.com\/site\/#organization\"},\"image\":{\"@id\":\"https:\/\/www.notibras.com\/site\/corrida-para-colocar-filhos-em-escola-privada\/#primaryimage\"},\"thumbnailUrl\":\"https:\/\/www.notibras.com\/site\/wp-content\/uploads\/2023\/02\/trbr7116_0.jpg\",\"articleSection\":[\"Quadradinho em Foco\"],\"inLanguage\":\"pt-BR\"},{\"@type\":\"WebPage\",\"@id\":\"https:\/\/www.notibras.com\/site\/corrida-para-colocar-filhos-em-escola-privada\/\",\"url\":\"https:\/\/www.notibras.com\/site\/corrida-para-colocar-filhos-em-escola-privada\/\",\"name\":\"Corrida para colocar filhos em escola privada - Notibras\",\"isPartOf\":{\"@id\":\"https:\/\/www.notibras.com\/site\/#website\"},\"primaryImageOfPage\":{\"@id\":\"https:\/\/www.notibras.com\/site\/corrida-para-colocar-filhos-em-escola-privada\/#primaryimage\"},\"image\":{\"@id\":\"https:\/\/www.notibras.com\/site\/corrida-para-colocar-filhos-em-escola-privada\/#primaryimage\"},\"thumbnailUrl\":\"https:\/\/www.notibras.com\/site\/wp-content\/uploads\/2023\/02\/trbr7116_0.jpg\",\"datePublished\":\"2023-02-09T00:30:22+00:00\",\"breadcrumb\":{\"@id\":\"https:\/\/www.notibras.com\/site\/corrida-para-colocar-filhos-em-escola-privada\/#breadcrumb\"},\"inLanguage\":\"pt-BR\",\"potentialAction\":[{\"@type\":\"ReadAction\",\"target\":[\"https:\/\/www.notibras.com\/site\/corrida-para-colocar-filhos-em-escola-privada\/\"]}]},{\"@type\":\"ImageObject\",\"inLanguage\":\"pt-BR\",\"@id\":\"https:\/\/www.notibras.com\/site\/corrida-para-colocar-filhos-em-escola-privada\/#primaryimage\",\"url\":\"https:\/\/www.notibras.com\/site\/wp-content\/uploads\/2023\/02\/trbr7116_0.jpg\",\"contentUrl\":\"https:\/\/www.notibras.com\/site\/wp-content\/uploads\/2023\/02\/trbr7116_0.jpg\",\"width\":1170,\"height\":700,\"caption\":\"Alunos da Escola Municipal Senador Corr\u00eaa, na zona sul da cidade, voltam \u00e0s aulas. Sob novos protocolos, redes municipal e estadual retomam hoje(07) ensino presencial.\"},{\"@type\":\"BreadcrumbList\",\"@id\":\"https:\/\/www.notibras.com\/site\/corrida-para-colocar-filhos-em-escola-privada\/#breadcrumb\",\"itemListElement\":[{\"@type\":\"ListItem\",\"position\":1,\"name\":\"In\u00edcio\",\"item\":\"https:\/\/www.notibras.com\/site\/\"},{\"@type\":\"ListItem\",\"position\":2,\"name\":\"Corrida para colocar filhos em escola privada\"}]},{\"@type\":\"WebSite\",\"@id\":\"https:\/\/www.notibras.com\/site\/#website\",\"url\":\"https:\/\/www.notibras.com\/site\/\",\"name\":\"Notibras\",\"description\":\"Not\u00edcias de Bras\u00edlia, do Brasil e do Mundo\",\"publisher\":{\"@id\":\"https:\/\/www.notibras.com\/site\/#organization\"},\"potentialAction\":[{\"@type\":\"SearchAction\",\"target\":{\"@type\":\"EntryPoint\",\"urlTemplate\":\"https:\/\/www.notibras.com\/site\/?s={search_term_string}\"},\"query-input\":{\"@type\":\"PropertyValueSpecification\",\"valueRequired\":true,\"valueName\":\"search_term_string\"}}],\"inLanguage\":\"pt-BR\"},{\"@type\":\"Organization\",\"@id\":\"https:\/\/www.notibras.com\/site\/#organization\",\"name\":\"Grupo Notibras de Comunica\u00e7\u00e3o\",\"url\":\"https:\/\/www.notibras.com\/site\/\",\"logo\":{\"@type\":\"ImageObject\",\"inLanguage\":\"pt-BR\",\"@id\":\"https:\/\/www.notibras.com\/site\/#\/schema\/logo\/image\/\",\"url\":\"https:\/\/www.notibras.com\/site\/wp-content\/uploads\/2023\/01\/notibras23.png\",\"contentUrl\":\"https:\/\/www.notibras.com\/site\/wp-content\/uploads\/2023\/01\/notibras23.png\",\"width\":350,\"height\":87,\"caption\":\"Grupo Notibras de Comunica\u00e7\u00e3o\"},\"image\":{\"@id\":\"https:\/\/www.notibras.com\/site\/#\/schema\/logo\/image\/\"},\"sameAs\":[\"https:\/\/www.facebook.com\/notibras\/\",\"https:\/\/x.com\/Notibras\",\"https:\/\/www.instagram.com\/notibras\/\"]},{\"@type\":\"Person\",\"@id\":\"https:\/\/www.notibras.com\/site\/#\/schema\/person\/36ab0979449956132d3e5b517ea76ac8\",\"name\":\"Reda\u00e7\u00e3o\",\"image\":{\"@type\":\"ImageObject\",\"inLanguage\":\"pt-BR\",\"@id\":\"https:\/\/secure.gravatar.com\/avatar\/e0a867bdedb85fd243eadf09663511f96fc81e0720a4a42581f334ad4303aa6b?s=96&d=mm&r=g\",\"url\":\"https:\/\/secure.gravatar.com\/avatar\/e0a867bdedb85fd243eadf09663511f96fc81e0720a4a42581f334ad4303aa6b?s=96&d=mm&r=g\",\"contentUrl\":\"https:\/\/secure.gravatar.com\/avatar\/e0a867bdedb85fd243eadf09663511f96fc81e0720a4a42581f334ad4303aa6b?s=96&d=mm&r=g\",\"caption\":\"Reda\u00e7\u00e3o\"}}]}<\/script>\n<!-- \/ Yoast SEO plugin. -->","yoast_head_json":{"title":"Corrida para colocar filhos em escola privada - Notibras","robots":{"index":"index","follow":"follow","max-snippet":"max-snippet:-1","max-image-preview":"max-image-preview:large","max-video-preview":"max-video-preview:-1"},"canonical":"https:\/\/www.notibras.com\/site\/corrida-para-colocar-filhos-em-escola-privada\/","og_locale":"pt_BR","og_type":"article","og_title":"Corrida para colocar filhos em escola privada - Notibras","og_description":"O Censo Escolar da Educa\u00e7\u00e3o B\u00e1sica 2022 indica que o n\u00famero de matr\u00edculas no Brasil aumentou ap\u00f3s o fim da emerg\u00eancia em sa\u00fade p\u00fablica por conta da covid-19. No ano passado, foram registrados 47,4 milh\u00f5es de estudantes em 178,3 mil escolas de educa\u00e7\u00e3o b\u00e1sica \u2013 714 mil alunos a mais que em 2021. O levantamento [&hellip;]","og_url":"https:\/\/www.notibras.com\/site\/corrida-para-colocar-filhos-em-escola-privada\/","og_site_name":"Notibras","article_publisher":"https:\/\/www.facebook.com\/notibras\/","article_published_time":"2023-02-09T00:30:22+00:00","og_image":[{"width":1170,"height":700,"url":"https:\/\/www.notibras.com\/site\/wp-content\/uploads\/2023\/02\/trbr7116_0.jpg","type":"image\/jpeg"}],"author":"Reda\u00e7\u00e3o","twitter_card":"summary_large_image","twitter_creator":"@Notibras","twitter_site":"@Notibras","twitter_misc":{"Escrito por":"Reda\u00e7\u00e3o","Est. tempo de leitura":"5 minutos"},"schema":{"@context":"https:\/\/schema.org","@graph":[{"@type":"Article","@id":"https:\/\/www.notibras.com\/site\/corrida-para-colocar-filhos-em-escola-privada\/#article","isPartOf":{"@id":"https:\/\/www.notibras.com\/site\/corrida-para-colocar-filhos-em-escola-privada\/"},"author":{"name":"Reda\u00e7\u00e3o","@id":"https:\/\/www.notibras.com\/site\/#\/schema\/person\/36ab0979449956132d3e5b517ea76ac8"},"headline":"Corrida para colocar filhos em escola privada","datePublished":"2023-02-09T00:30:22+00:00","mainEntityOfPage":{"@id":"https:\/\/www.notibras.com\/site\/corrida-para-colocar-filhos-em-escola-privada\/"},"wordCount":920,"publisher":{"@id":"https:\/\/www.notibras.com\/site\/#organization"},"image":{"@id":"https:\/\/www.notibras.com\/site\/corrida-para-colocar-filhos-em-escola-privada\/#primaryimage"},"thumbnailUrl":"https:\/\/www.notibras.com\/site\/wp-content\/uploads\/2023\/02\/trbr7116_0.jpg","articleSection":["Quadradinho em Foco"],"inLanguage":"pt-BR"},{"@type":"WebPage","@id":"https:\/\/www.notibras.com\/site\/corrida-para-colocar-filhos-em-escola-privada\/","url":"https:\/\/www.notibras.com\/site\/corrida-para-colocar-filhos-em-escola-privada\/","name":"Corrida para colocar filhos em escola privada - Notibras","isPartOf":{"@id":"https:\/\/www.notibras.com\/site\/#website"},"primaryImageOfPage":{"@id":"https:\/\/www.notibras.com\/site\/corrida-para-colocar-filhos-em-escola-privada\/#primaryimage"},"image":{"@id":"https:\/\/www.notibras.com\/site\/corrida-para-colocar-filhos-em-escola-privada\/#primaryimage"},"thumbnailUrl":"https:\/\/www.notibras.com\/site\/wp-content\/uploads\/2023\/02\/trbr7116_0.jpg","datePublished":"2023-02-09T00:30:22+00:00","breadcrumb":{"@id":"https:\/\/www.notibras.com\/site\/corrida-para-colocar-filhos-em-escola-privada\/#breadcrumb"},"inLanguage":"pt-BR","potentialAction":[{"@type":"ReadAction","target":["https:\/\/www.notibras.com\/site\/corrida-para-colocar-filhos-em-escola-privada\/"]}]},{"@type":"ImageObject","inLanguage":"pt-BR","@id":"https:\/\/www.notibras.com\/site\/corrida-para-colocar-filhos-em-escola-privada\/#primaryimage","url":"https:\/\/www.notibras.com\/site\/wp-content\/uploads\/2023\/02\/trbr7116_0.jpg","contentUrl":"https:\/\/www.notibras.com\/site\/wp-content\/uploads\/2023\/02\/trbr7116_0.jpg","width":1170,"height":700,"caption":"Alunos da Escola Municipal Senador Corr\u00eaa, na zona sul da cidade, voltam \u00e0s aulas. Sob novos protocolos, redes municipal e estadual retomam hoje(07) ensino presencial."},{"@type":"BreadcrumbList","@id":"https:\/\/www.notibras.com\/site\/corrida-para-colocar-filhos-em-escola-privada\/#breadcrumb","itemListElement":[{"@type":"ListItem","position":1,"name":"In\u00edcio","item":"https:\/\/www.notibras.com\/site\/"},{"@type":"ListItem","position":2,"name":"Corrida para colocar filhos em escola privada"}]},{"@type":"WebSite","@id":"https:\/\/www.notibras.com\/site\/#website","url":"https:\/\/www.notibras.com\/site\/","name":"Notibras","description":"Not\u00edcias de Bras\u00edlia, do Brasil e do Mundo","publisher":{"@id":"https:\/\/www.notibras.com\/site\/#organization"},"potentialAction":[{"@type":"SearchAction","target":{"@type":"EntryPoint","urlTemplate":"https:\/\/www.notibras.com\/site\/?s={search_term_string}"},"query-input":{"@type":"PropertyValueSpecification","valueRequired":true,"valueName":"search_term_string"}}],"inLanguage":"pt-BR"},{"@type":"Organization","@id":"https:\/\/www.notibras.com\/site\/#organization","name":"Grupo Notibras de Comunica\u00e7\u00e3o","url":"https:\/\/www.notibras.com\/site\/","logo":{"@type":"ImageObject","inLanguage":"pt-BR","@id":"https:\/\/www.notibras.com\/site\/#\/schema\/logo\/image\/","url":"https:\/\/www.notibras.com\/site\/wp-content\/uploads\/2023\/01\/notibras23.png","contentUrl":"https:\/\/www.notibras.com\/site\/wp-content\/uploads\/2023\/01\/notibras23.png","width":350,"height":87,"caption":"Grupo Notibras de Comunica\u00e7\u00e3o"},"image":{"@id":"https:\/\/www.notibras.com\/site\/#\/schema\/logo\/image\/"},"sameAs":["https:\/\/www.facebook.com\/notibras\/","https:\/\/x.com\/Notibras","https:\/\/www.instagram.com\/notibras\/"]},{"@type":"Person","@id":"https:\/\/www.notibras.com\/site\/#\/schema\/person\/36ab0979449956132d3e5b517ea76ac8","name":"Reda\u00e7\u00e3o","image":{"@type":"ImageObject","inLanguage":"pt-BR","@id":"https:\/\/secure.gravatar.com\/avatar\/e0a867bdedb85fd243eadf09663511f96fc81e0720a4a42581f334ad4303aa6b?s=96&d=mm&r=g","url":"https:\/\/secure.gravatar.com\/avatar\/e0a867bdedb85fd243eadf09663511f96fc81e0720a4a42581f334ad4303aa6b?s=96&d=mm&r=g","contentUrl":"https:\/\/secure.gravatar.com\/avatar\/e0a867bdedb85fd243eadf09663511f96fc81e0720a4a42581f334ad4303aa6b?s=96&d=mm&r=g","caption":"Reda\u00e7\u00e3o"}}]}},"amp_enabled":true,"_links":{"self":[{"href":"https:\/\/www.notibras.com\/site\/wp-json\/wp\/v2\/posts\/299248","targetHints":{"allow":["GET"]}}],"collection":[{"href":"https:\/\/www.notibras.com\/site\/wp-json\/wp\/v2\/posts"}],"about":[{"href":"https:\/\/www.notibras.com\/site\/wp-json\/wp\/v2\/types\/post"}],"author":[{"embeddable":true,"href":"https:\/\/www.notibras.com\/site\/wp-json\/wp\/v2\/users\/2"}],"replies":[{"embeddable":true,"href":"https:\/\/www.notibras.com\/site\/wp-json\/wp\/v2\/comments?post=299248"}],"version-history":[{"count":1,"href":"https:\/\/www.notibras.com\/site\/wp-json\/wp\/v2\/posts\/299248\/revisions"}],"predecessor-version":[{"id":299250,"href":"https:\/\/www.notibras.com\/site\/wp-json\/wp\/v2\/posts\/299248\/revisions\/299250"}],"wp:featuredmedia":[{"embeddable":true,"href":"https:\/\/www.notibras.com\/site\/wp-json\/wp\/v2\/media\/299249"}],"wp:attachment":[{"href":"https:\/\/www.notibras.com\/site\/wp-json\/wp\/v2\/media?parent=299248"}],"wp:term":[{"taxonomy":"category","embeddable":true,"href":"https:\/\/www.notibras.com\/site\/wp-json\/wp\/v2\/categories?post=299248"},{"taxonomy":"post_tag","embeddable":true,"href":"https:\/\/www.notibras.com\/site\/wp-json\/wp\/v2\/tags?post=299248"}],"curies":[{"name":"wp","href":"https:\/\/api.w.org\/{rel}","templated":true}]}}