{"id":299266,"date":"2023-02-08T00:00:56","date_gmt":"2023-02-08T03:00:56","guid":{"rendered":"https:\/\/www.notibras.com\/site\/?p=299266"},"modified":"2023-02-09T00:03:03","modified_gmt":"2023-02-09T03:03:03","slug":"acoes-do-gdf-recuperam-pracas-de-tres-quadras","status":"publish","type":"post","link":"https:\/\/www.notibras.com\/site\/acoes-do-gdf-recuperam-pracas-de-tres-quadras\/","title":{"rendered":"A\u00e7\u00f5es do GDF recuperam pra\u00e7as de tr\u00eas quadras"},"content":{"rendered":"<p>Tr\u00eas pracinhas do Guar\u00e1 agora est\u00e3o limpas e renovadas para o uso da popula\u00e7\u00e3o. Os locais \u2013 que incluem quadra poliesportiva e parquinho \u2013 das quadras QI 6, 9 e 14 foram higienizados, pintados e tiveram a grama cortada durante a\u00e7\u00e3o realizada pelo programa GDF Presente e pela administra\u00e7\u00e3o regional.<\/p>\n<p>Pontos de lazer muito frequentados pelos guaraenses, as pracinhas precisavam de um trato fino. Os playgrounds estavam com a areia perdendo espa\u00e7o para o mato, enquanto os bancos de cimento se encontravam desgastados e a grama, alta.<\/p>\n<p>Com o apoio de seis reeducandos da Secretaria de Administra\u00e7\u00e3o Penitenci\u00e1ria (Seape), os oper\u00e1rios executaram a ro\u00e7agem, pintaram os bancos e consertaram os alambrados do campinho da QI 9. Na quadra 14, pr\u00f3ximo \u00e0 pracinha, uma boca de lobo tamb\u00e9m foi reparada e ganhou tampa nova.<\/p>\n<p>Em cinco dias de trabalho, os parquinhos j\u00e1 est\u00e3o de visual novo. De acordo com o administrador do Guar\u00e1, Artur Nogueira, esse \u00e9 um servi\u00e7o que ser\u00e1 ampliado na cidade. \u201cS\u00e3o a\u00e7\u00f5es de fundamental import\u00e2ncia, e estou acompanhando no local. \u00c9 muito gratificante ver como a comunidade fica feliz\u201d, diz. \u201cVamos estender esta limpeza geral a outras pra\u00e7as do Guar\u00e1, Guar\u00e1 2 e Lucio Costa nas pr\u00f3ximas semanas\u201d.<\/p>\n<p>J\u00e1 o coordenador do Polo Central do GDF Presente, Carlos Alberto Alves, lembra que outros pontos da regi\u00e3o tamb\u00e9m est\u00e3o passando por uma boa faxina. \u201cRetiramos entulhos que estavam atr\u00e1s da esta\u00e7\u00e3o do metr\u00f4 e foi feita uma limpeza nos arredores da UBS 2, al\u00e9m de aparar a grama, que estava um pouco alta nestas quadras das pracinhas\u201d, conclui.<\/p>\n","protected":false},"excerpt":{"rendered":"<p>Tr\u00eas pracinhas do Guar\u00e1 agora est\u00e3o limpas e renovadas para o uso da popula\u00e7\u00e3o. Os locais \u2013 que incluem quadra poliesportiva e parquinho \u2013 das quadras QI 6, 9 e 14 foram higienizados, pintados e tiveram a grama cortada durante a\u00e7\u00e3o realizada pelo programa GDF Presente e pela administra\u00e7\u00e3o regional. Pontos de lazer muito frequentados [&hellip;]<\/p>\n","protected":false},"author":2,"featured_media":299267,"comment_status":"closed","ping_status":"closed","sticky":false,"template":"","format":"standard","meta":{"_acf_changed":false,"footnotes":""},"categories":[161],"tags":[],"class_list":["post-299266","post","type-post","status-publish","format-standard","has-post-thumbnail","hentry","category-quadradinho-em-foco"],"acf":[],"yoast_head":"<!-- This site is optimized with the Yoast SEO plugin v27.2 - https:\/\/yoast.com\/product\/yoast-seo-wordpress\/ -->\n<title>A\u00e7\u00f5es do GDF recuperam pra\u00e7as de tr\u00eas quadras - Notibras<\/title>\n<meta name=\"robots\" content=\"index, follow, max-snippet:-1, max-image-preview:large, max-video-preview:-1\" \/>\n<link rel=\"canonical\" href=\"https:\/\/www.notibras.com\/site\/acoes-do-gdf-recuperam-pracas-de-tres-quadras\/\" \/>\n<meta property=\"og:locale\" content=\"pt_BR\" \/>\n<meta property=\"og:type\" content=\"article\" \/>\n<meta property=\"og:title\" content=\"A\u00e7\u00f5es do GDF recuperam pra\u00e7as de tr\u00eas quadras - Notibras\" \/>\n<meta property=\"og:description\" content=\"Tr\u00eas pracinhas do Guar\u00e1 agora est\u00e3o limpas e renovadas para o uso da popula\u00e7\u00e3o. Os locais \u2013 que incluem quadra poliesportiva e parquinho \u2013 das quadras QI 6, 9 e 14 foram higienizados, pintados e tiveram a grama cortada durante a\u00e7\u00e3o realizada pelo programa GDF Presente e pela administra\u00e7\u00e3o regional. Pontos de lazer muito frequentados [&hellip;]\" \/>\n<meta property=\"og:url\" content=\"https:\/\/www.notibras.com\/site\/acoes-do-gdf-recuperam-pracas-de-tres-quadras\/\" \/>\n<meta property=\"og:site_name\" content=\"Notibras\" \/>\n<meta property=\"article:publisher\" content=\"https:\/\/www.facebook.com\/notibras\/\" \/>\n<meta property=\"article:published_time\" content=\"2023-02-08T03:00:56+00:00\" \/>\n<meta property=\"article:modified_time\" content=\"2023-02-09T03:03:03+00:00\" \/>\n<meta property=\"og:image\" content=\"https:\/\/www.notibras.com\/site\/wp-content\/uploads\/2023\/02\/Limpeza-de-Parquinhos-e-Pracas-publicas-1-1536x1024-1.jpg\" \/>\n\t<meta property=\"og:image:width\" content=\"1536\" \/>\n\t<meta property=\"og:image:height\" content=\"1024\" \/>\n\t<meta property=\"og:image:type\" content=\"image\/jpeg\" \/>\n<meta name=\"author\" content=\"Reda\u00e7\u00e3o\" \/>\n<meta name=\"twitter:card\" content=\"summary_large_image\" \/>\n<meta name=\"twitter:creator\" content=\"@Notibras\" \/>\n<meta name=\"twitter:site\" content=\"@Notibras\" \/>\n<meta name=\"twitter:label1\" content=\"Escrito por\" \/>\n\t<meta name=\"twitter:data1\" content=\"Reda\u00e7\u00e3o\" \/>\n\t<meta name=\"twitter:label2\" content=\"Est. tempo de leitura\" \/>\n\t<meta name=\"twitter:data2\" content=\"2 minutos\" \/>\n<script type=\"application\/ld+json\" class=\"yoast-schema-graph\">{\"@context\":\"https:\/\/schema.org\",\"@graph\":[{\"@type\":\"Article\",\"@id\":\"https:\/\/www.notibras.com\/site\/acoes-do-gdf-recuperam-pracas-de-tres-quadras\/#article\",\"isPartOf\":{\"@id\":\"https:\/\/www.notibras.com\/site\/acoes-do-gdf-recuperam-pracas-de-tres-quadras\/\"},\"author\":{\"name\":\"Reda\u00e7\u00e3o\",\"@id\":\"https:\/\/www.notibras.com\/site\/#\/schema\/person\/36ab0979449956132d3e5b517ea76ac8\"},\"headline\":\"A\u00e7\u00f5es do GDF recuperam pra\u00e7as de tr\u00eas quadras\",\"datePublished\":\"2023-02-08T03:00:56+00:00\",\"dateModified\":\"2023-02-09T03:03:03+00:00\",\"mainEntityOfPage\":{\"@id\":\"https:\/\/www.notibras.com\/site\/acoes-do-gdf-recuperam-pracas-de-tres-quadras\/\"},\"wordCount\":284,\"publisher\":{\"@id\":\"https:\/\/www.notibras.com\/site\/#organization\"},\"image\":{\"@id\":\"https:\/\/www.notibras.com\/site\/acoes-do-gdf-recuperam-pracas-de-tres-quadras\/#primaryimage\"},\"thumbnailUrl\":\"https:\/\/www.notibras.com\/site\/wp-content\/uploads\/2023\/02\/Limpeza-de-Parquinhos-e-Pracas-publicas-1-1536x1024-1.jpg\",\"articleSection\":[\"Quadradinho em Foco\"],\"inLanguage\":\"pt-BR\"},{\"@type\":\"WebPage\",\"@id\":\"https:\/\/www.notibras.com\/site\/acoes-do-gdf-recuperam-pracas-de-tres-quadras\/\",\"url\":\"https:\/\/www.notibras.com\/site\/acoes-do-gdf-recuperam-pracas-de-tres-quadras\/\",\"name\":\"A\u00e7\u00f5es do GDF recuperam pra\u00e7as de tr\u00eas quadras - Notibras\",\"isPartOf\":{\"@id\":\"https:\/\/www.notibras.com\/site\/#website\"},\"primaryImageOfPage\":{\"@id\":\"https:\/\/www.notibras.com\/site\/acoes-do-gdf-recuperam-pracas-de-tres-quadras\/#primaryimage\"},\"image\":{\"@id\":\"https:\/\/www.notibras.com\/site\/acoes-do-gdf-recuperam-pracas-de-tres-quadras\/#primaryimage\"},\"thumbnailUrl\":\"https:\/\/www.notibras.com\/site\/wp-content\/uploads\/2023\/02\/Limpeza-de-Parquinhos-e-Pracas-publicas-1-1536x1024-1.jpg\",\"datePublished\":\"2023-02-08T03:00:56+00:00\",\"dateModified\":\"2023-02-09T03:03:03+00:00\",\"breadcrumb\":{\"@id\":\"https:\/\/www.notibras.com\/site\/acoes-do-gdf-recuperam-pracas-de-tres-quadras\/#breadcrumb\"},\"inLanguage\":\"pt-BR\",\"potentialAction\":[{\"@type\":\"ReadAction\",\"target\":[\"https:\/\/www.notibras.com\/site\/acoes-do-gdf-recuperam-pracas-de-tres-quadras\/\"]}]},{\"@type\":\"ImageObject\",\"inLanguage\":\"pt-BR\",\"@id\":\"https:\/\/www.notibras.com\/site\/acoes-do-gdf-recuperam-pracas-de-tres-quadras\/#primaryimage\",\"url\":\"https:\/\/www.notibras.com\/site\/wp-content\/uploads\/2023\/02\/Limpeza-de-Parquinhos-e-Pracas-publicas-1-1536x1024-1.jpg\",\"contentUrl\":\"https:\/\/www.notibras.com\/site\/wp-content\/uploads\/2023\/02\/Limpeza-de-Parquinhos-e-Pracas-publicas-1-1536x1024-1.jpg\",\"width\":1536,\"height\":1024},{\"@type\":\"BreadcrumbList\",\"@id\":\"https:\/\/www.notibras.com\/site\/acoes-do-gdf-recuperam-pracas-de-tres-quadras\/#breadcrumb\",\"itemListElement\":[{\"@type\":\"ListItem\",\"position\":1,\"name\":\"In\u00edcio\",\"item\":\"https:\/\/www.notibras.com\/site\/\"},{\"@type\":\"ListItem\",\"position\":2,\"name\":\"A\u00e7\u00f5es do GDF recuperam pra\u00e7as de tr\u00eas quadras\"}]},{\"@type\":\"WebSite\",\"@id\":\"https:\/\/www.notibras.com\/site\/#website\",\"url\":\"https:\/\/www.notibras.com\/site\/\",\"name\":\"Notibras\",\"description\":\"Not\u00edcias de Bras\u00edlia, do Brasil e do Mundo\",\"publisher\":{\"@id\":\"https:\/\/www.notibras.com\/site\/#organization\"},\"potentialAction\":[{\"@type\":\"SearchAction\",\"target\":{\"@type\":\"EntryPoint\",\"urlTemplate\":\"https:\/\/www.notibras.com\/site\/?s={search_term_string}\"},\"query-input\":{\"@type\":\"PropertyValueSpecification\",\"valueRequired\":true,\"valueName\":\"search_term_string\"}}],\"inLanguage\":\"pt-BR\"},{\"@type\":\"Organization\",\"@id\":\"https:\/\/www.notibras.com\/site\/#organization\",\"name\":\"Grupo Notibras de Comunica\u00e7\u00e3o\",\"url\":\"https:\/\/www.notibras.com\/site\/\",\"logo\":{\"@type\":\"ImageObject\",\"inLanguage\":\"pt-BR\",\"@id\":\"https:\/\/www.notibras.com\/site\/#\/schema\/logo\/image\/\",\"url\":\"https:\/\/www.notibras.com\/site\/wp-content\/uploads\/2023\/01\/notibras23.png\",\"contentUrl\":\"https:\/\/www.notibras.com\/site\/wp-content\/uploads\/2023\/01\/notibras23.png\",\"width\":350,\"height\":87,\"caption\":\"Grupo Notibras de Comunica\u00e7\u00e3o\"},\"image\":{\"@id\":\"https:\/\/www.notibras.com\/site\/#\/schema\/logo\/image\/\"},\"sameAs\":[\"https:\/\/www.facebook.com\/notibras\/\",\"https:\/\/x.com\/Notibras\",\"https:\/\/www.instagram.com\/notibras\/\"]},{\"@type\":\"Person\",\"@id\":\"https:\/\/www.notibras.com\/site\/#\/schema\/person\/36ab0979449956132d3e5b517ea76ac8\",\"name\":\"Reda\u00e7\u00e3o\",\"image\":{\"@type\":\"ImageObject\",\"inLanguage\":\"pt-BR\",\"@id\":\"https:\/\/secure.gravatar.com\/avatar\/e0a867bdedb85fd243eadf09663511f96fc81e0720a4a42581f334ad4303aa6b?s=96&d=mm&r=g\",\"url\":\"https:\/\/secure.gravatar.com\/avatar\/e0a867bdedb85fd243eadf09663511f96fc81e0720a4a42581f334ad4303aa6b?s=96&d=mm&r=g\",\"contentUrl\":\"https:\/\/secure.gravatar.com\/avatar\/e0a867bdedb85fd243eadf09663511f96fc81e0720a4a42581f334ad4303aa6b?s=96&d=mm&r=g\",\"caption\":\"Reda\u00e7\u00e3o\"}}]}<\/script>\n<!-- \/ Yoast SEO plugin. -->","yoast_head_json":{"title":"A\u00e7\u00f5es do GDF recuperam pra\u00e7as de tr\u00eas quadras - Notibras","robots":{"index":"index","follow":"follow","max-snippet":"max-snippet:-1","max-image-preview":"max-image-preview:large","max-video-preview":"max-video-preview:-1"},"canonical":"https:\/\/www.notibras.com\/site\/acoes-do-gdf-recuperam-pracas-de-tres-quadras\/","og_locale":"pt_BR","og_type":"article","og_title":"A\u00e7\u00f5es do GDF recuperam pra\u00e7as de tr\u00eas quadras - Notibras","og_description":"Tr\u00eas pracinhas do Guar\u00e1 agora est\u00e3o limpas e renovadas para o uso da popula\u00e7\u00e3o. Os locais \u2013 que incluem quadra poliesportiva e parquinho \u2013 das quadras QI 6, 9 e 14 foram higienizados, pintados e tiveram a grama cortada durante a\u00e7\u00e3o realizada pelo programa GDF Presente e pela administra\u00e7\u00e3o regional. Pontos de lazer muito frequentados [&hellip;]","og_url":"https:\/\/www.notibras.com\/site\/acoes-do-gdf-recuperam-pracas-de-tres-quadras\/","og_site_name":"Notibras","article_publisher":"https:\/\/www.facebook.com\/notibras\/","article_published_time":"2023-02-08T03:00:56+00:00","article_modified_time":"2023-02-09T03:03:03+00:00","og_image":[{"width":1536,"height":1024,"url":"https:\/\/www.notibras.com\/site\/wp-content\/uploads\/2023\/02\/Limpeza-de-Parquinhos-e-Pracas-publicas-1-1536x1024-1.jpg","type":"image\/jpeg"}],"author":"Reda\u00e7\u00e3o","twitter_card":"summary_large_image","twitter_creator":"@Notibras","twitter_site":"@Notibras","twitter_misc":{"Escrito por":"Reda\u00e7\u00e3o","Est. tempo de leitura":"2 minutos"},"schema":{"@context":"https:\/\/schema.org","@graph":[{"@type":"Article","@id":"https:\/\/www.notibras.com\/site\/acoes-do-gdf-recuperam-pracas-de-tres-quadras\/#article","isPartOf":{"@id":"https:\/\/www.notibras.com\/site\/acoes-do-gdf-recuperam-pracas-de-tres-quadras\/"},"author":{"name":"Reda\u00e7\u00e3o","@id":"https:\/\/www.notibras.com\/site\/#\/schema\/person\/36ab0979449956132d3e5b517ea76ac8"},"headline":"A\u00e7\u00f5es do GDF recuperam pra\u00e7as de tr\u00eas quadras","datePublished":"2023-02-08T03:00:56+00:00","dateModified":"2023-02-09T03:03:03+00:00","mainEntityOfPage":{"@id":"https:\/\/www.notibras.com\/site\/acoes-do-gdf-recuperam-pracas-de-tres-quadras\/"},"wordCount":284,"publisher":{"@id":"https:\/\/www.notibras.com\/site\/#organization"},"image":{"@id":"https:\/\/www.notibras.com\/site\/acoes-do-gdf-recuperam-pracas-de-tres-quadras\/#primaryimage"},"thumbnailUrl":"https:\/\/www.notibras.com\/site\/wp-content\/uploads\/2023\/02\/Limpeza-de-Parquinhos-e-Pracas-publicas-1-1536x1024-1.jpg","articleSection":["Quadradinho em Foco"],"inLanguage":"pt-BR"},{"@type":"WebPage","@id":"https:\/\/www.notibras.com\/site\/acoes-do-gdf-recuperam-pracas-de-tres-quadras\/","url":"https:\/\/www.notibras.com\/site\/acoes-do-gdf-recuperam-pracas-de-tres-quadras\/","name":"A\u00e7\u00f5es do GDF recuperam pra\u00e7as de tr\u00eas quadras - Notibras","isPartOf":{"@id":"https:\/\/www.notibras.com\/site\/#website"},"primaryImageOfPage":{"@id":"https:\/\/www.notibras.com\/site\/acoes-do-gdf-recuperam-pracas-de-tres-quadras\/#primaryimage"},"image":{"@id":"https:\/\/www.notibras.com\/site\/acoes-do-gdf-recuperam-pracas-de-tres-quadras\/#primaryimage"},"thumbnailUrl":"https:\/\/www.notibras.com\/site\/wp-content\/uploads\/2023\/02\/Limpeza-de-Parquinhos-e-Pracas-publicas-1-1536x1024-1.jpg","datePublished":"2023-02-08T03:00:56+00:00","dateModified":"2023-02-09T03:03:03+00:00","breadcrumb":{"@id":"https:\/\/www.notibras.com\/site\/acoes-do-gdf-recuperam-pracas-de-tres-quadras\/#breadcrumb"},"inLanguage":"pt-BR","potentialAction":[{"@type":"ReadAction","target":["https:\/\/www.notibras.com\/site\/acoes-do-gdf-recuperam-pracas-de-tres-quadras\/"]}]},{"@type":"ImageObject","inLanguage":"pt-BR","@id":"https:\/\/www.notibras.com\/site\/acoes-do-gdf-recuperam-pracas-de-tres-quadras\/#primaryimage","url":"https:\/\/www.notibras.com\/site\/wp-content\/uploads\/2023\/02\/Limpeza-de-Parquinhos-e-Pracas-publicas-1-1536x1024-1.jpg","contentUrl":"https:\/\/www.notibras.com\/site\/wp-content\/uploads\/2023\/02\/Limpeza-de-Parquinhos-e-Pracas-publicas-1-1536x1024-1.jpg","width":1536,"height":1024},{"@type":"BreadcrumbList","@id":"https:\/\/www.notibras.com\/site\/acoes-do-gdf-recuperam-pracas-de-tres-quadras\/#breadcrumb","itemListElement":[{"@type":"ListItem","position":1,"name":"In\u00edcio","item":"https:\/\/www.notibras.com\/site\/"},{"@type":"ListItem","position":2,"name":"A\u00e7\u00f5es do GDF recuperam pra\u00e7as de tr\u00eas quadras"}]},{"@type":"WebSite","@id":"https:\/\/www.notibras.com\/site\/#website","url":"https:\/\/www.notibras.com\/site\/","name":"Notibras","description":"Not\u00edcias de Bras\u00edlia, do Brasil e do Mundo","publisher":{"@id":"https:\/\/www.notibras.com\/site\/#organization"},"potentialAction":[{"@type":"SearchAction","target":{"@type":"EntryPoint","urlTemplate":"https:\/\/www.notibras.com\/site\/?s={search_term_string}"},"query-input":{"@type":"PropertyValueSpecification","valueRequired":true,"valueName":"search_term_string"}}],"inLanguage":"pt-BR"},{"@type":"Organization","@id":"https:\/\/www.notibras.com\/site\/#organization","name":"Grupo Notibras de Comunica\u00e7\u00e3o","url":"https:\/\/www.notibras.com\/site\/","logo":{"@type":"ImageObject","inLanguage":"pt-BR","@id":"https:\/\/www.notibras.com\/site\/#\/schema\/logo\/image\/","url":"https:\/\/www.notibras.com\/site\/wp-content\/uploads\/2023\/01\/notibras23.png","contentUrl":"https:\/\/www.notibras.com\/site\/wp-content\/uploads\/2023\/01\/notibras23.png","width":350,"height":87,"caption":"Grupo Notibras de Comunica\u00e7\u00e3o"},"image":{"@id":"https:\/\/www.notibras.com\/site\/#\/schema\/logo\/image\/"},"sameAs":["https:\/\/www.facebook.com\/notibras\/","https:\/\/x.com\/Notibras","https:\/\/www.instagram.com\/notibras\/"]},{"@type":"Person","@id":"https:\/\/www.notibras.com\/site\/#\/schema\/person\/36ab0979449956132d3e5b517ea76ac8","name":"Reda\u00e7\u00e3o","image":{"@type":"ImageObject","inLanguage":"pt-BR","@id":"https:\/\/secure.gravatar.com\/avatar\/e0a867bdedb85fd243eadf09663511f96fc81e0720a4a42581f334ad4303aa6b?s=96&d=mm&r=g","url":"https:\/\/secure.gravatar.com\/avatar\/e0a867bdedb85fd243eadf09663511f96fc81e0720a4a42581f334ad4303aa6b?s=96&d=mm&r=g","contentUrl":"https:\/\/secure.gravatar.com\/avatar\/e0a867bdedb85fd243eadf09663511f96fc81e0720a4a42581f334ad4303aa6b?s=96&d=mm&r=g","caption":"Reda\u00e7\u00e3o"}}]}},"amp_enabled":true,"_links":{"self":[{"href":"https:\/\/www.notibras.com\/site\/wp-json\/wp\/v2\/posts\/299266","targetHints":{"allow":["GET"]}}],"collection":[{"href":"https:\/\/www.notibras.com\/site\/wp-json\/wp\/v2\/posts"}],"about":[{"href":"https:\/\/www.notibras.com\/site\/wp-json\/wp\/v2\/types\/post"}],"author":[{"embeddable":true,"href":"https:\/\/www.notibras.com\/site\/wp-json\/wp\/v2\/users\/2"}],"replies":[{"embeddable":true,"href":"https:\/\/www.notibras.com\/site\/wp-json\/wp\/v2\/comments?post=299266"}],"version-history":[{"count":1,"href":"https:\/\/www.notibras.com\/site\/wp-json\/wp\/v2\/posts\/299266\/revisions"}],"predecessor-version":[{"id":299268,"href":"https:\/\/www.notibras.com\/site\/wp-json\/wp\/v2\/posts\/299266\/revisions\/299268"}],"wp:featuredmedia":[{"embeddable":true,"href":"https:\/\/www.notibras.com\/site\/wp-json\/wp\/v2\/media\/299267"}],"wp:attachment":[{"href":"https:\/\/www.notibras.com\/site\/wp-json\/wp\/v2\/media?parent=299266"}],"wp:term":[{"taxonomy":"category","embeddable":true,"href":"https:\/\/www.notibras.com\/site\/wp-json\/wp\/v2\/categories?post=299266"},{"taxonomy":"post_tag","embeddable":true,"href":"https:\/\/www.notibras.com\/site\/wp-json\/wp\/v2\/tags?post=299266"}],"curies":[{"name":"wp","href":"https:\/\/api.w.org\/{rel}","templated":true}]}}