{"id":299269,"date":"2023-02-08T00:05:28","date_gmt":"2023-02-08T03:05:28","guid":{"rendered":"https:\/\/www.notibras.com\/site\/?p=299269"},"modified":"2023-02-09T00:07:48","modified_gmt":"2023-02-09T03:07:48","slug":"merendeiras-sao-capacitadas-antes-da-volta-as-aulas","status":"publish","type":"post","link":"https:\/\/www.notibras.com\/site\/merendeiras-sao-capacitadas-antes-da-volta-as-aulas\/","title":{"rendered":"Merendeiras s\u00e3o capacitadas antes da volta \u00e0s aulas"},"content":{"rendered":"<p>At\u00e9 sexta-feira (10), servidores da rede de ensino p\u00fablica que trabalham direta ou indiretamente com merenda escolar participam de uma capacita\u00e7\u00e3o promovida pela Diretoria de Alimenta\u00e7\u00e3o Escolar (Diae) da Subsecretaria de Apoio \u00e0s Pol\u00edticas Educacionais (Suape).<\/p>\n<p>O DF conta com o servi\u00e7o de manipula\u00e7\u00e3o de alimentos oferecido por empresas terceirizadas, e anualmente, antes do in\u00edcio das aulas, a Secretaria de Educa\u00e7\u00e3o (SEE) oferece treinamento para colaboradores desse segmento.<\/p>\n<p>Capacita\u00e7\u00e3o \u00e9 oferecida anualmente pela Secretaria de Educa\u00e7\u00e3o antes do in\u00edcio do per\u00edodo letivo; participantes podem interagir por meio de chat | Foto: Mary Leal\/SEE<\/p>\n<p>Em sistema online, as aulas, que t\u00eam dura\u00e7\u00e3o de 2h30 cada, s\u00e3o transmitidas pelo canal Educa DF. Um dos principais temas abordados \u00e9 o Programa de Alimenta\u00e7\u00e3o Escolar (Pnae) \u2013 objetivos, diretrizes, card\u00e1pios e boas pr\u00e1ticas de fabrica\u00e7\u00e3o, bem como o papel de nutricionistas, merendeiros, escola, professores e fam\u00edlia envolvidos na vida escolar.<\/p>\n<p>T\u00f3picos como seguran\u00e7a no trabalho e uso de equipamentos de prote\u00e7\u00e3o individual tamb\u00e9m s\u00e3o abordados, e os participantes podem interagir por meio de um chat disponibilizado no canal.<\/p>\n","protected":false},"excerpt":{"rendered":"<p>At\u00e9 sexta-feira (10), servidores da rede de ensino p\u00fablica que trabalham direta ou indiretamente com merenda escolar participam de uma capacita\u00e7\u00e3o promovida pela Diretoria de Alimenta\u00e7\u00e3o Escolar (Diae) da Subsecretaria de Apoio \u00e0s Pol\u00edticas Educacionais (Suape). O DF conta com o servi\u00e7o de manipula\u00e7\u00e3o de alimentos oferecido por empresas terceirizadas, e anualmente, antes do in\u00edcio [&hellip;]<\/p>\n","protected":false},"author":2,"featured_media":299271,"comment_status":"closed","ping_status":"closed","sticky":false,"template":"","format":"standard","meta":{"_acf_changed":false,"footnotes":""},"categories":[161],"tags":[],"class_list":["post-299269","post","type-post","status-publish","format-standard","has-post-thumbnail","hentry","category-quadradinho-em-foco"],"acf":[],"yoast_head":"<!-- This site is optimized with the Yoast SEO plugin v27.2 - https:\/\/yoast.com\/product\/yoast-seo-wordpress\/ -->\n<title>Merendeiras s\u00e3o capacitadas antes da volta \u00e0s aulas - Notibras<\/title>\n<meta name=\"robots\" content=\"index, follow, max-snippet:-1, max-image-preview:large, max-video-preview:-1\" \/>\n<link rel=\"canonical\" href=\"https:\/\/www.notibras.com\/site\/merendeiras-sao-capacitadas-antes-da-volta-as-aulas\/\" \/>\n<meta property=\"og:locale\" content=\"pt_BR\" \/>\n<meta property=\"og:type\" content=\"article\" \/>\n<meta property=\"og:title\" content=\"Merendeiras s\u00e3o capacitadas antes da volta \u00e0s aulas - Notibras\" \/>\n<meta property=\"og:description\" content=\"At\u00e9 sexta-feira (10), servidores da rede de ensino p\u00fablica que trabalham direta ou indiretamente com merenda escolar participam de uma capacita\u00e7\u00e3o promovida pela Diretoria de Alimenta\u00e7\u00e3o Escolar (Diae) da Subsecretaria de Apoio \u00e0s Pol\u00edticas Educacionais (Suape). O DF conta com o servi\u00e7o de manipula\u00e7\u00e3o de alimentos oferecido por empresas terceirizadas, e anualmente, antes do in\u00edcio [&hellip;]\" \/>\n<meta property=\"og:url\" content=\"https:\/\/www.notibras.com\/site\/merendeiras-sao-capacitadas-antes-da-volta-as-aulas\/\" \/>\n<meta property=\"og:site_name\" content=\"Notibras\" \/>\n<meta property=\"article:publisher\" content=\"https:\/\/www.facebook.com\/notibras\/\" \/>\n<meta property=\"article:published_time\" content=\"2023-02-08T03:05:28+00:00\" \/>\n<meta property=\"article:modified_time\" content=\"2023-02-09T03:07:48+00:00\" \/>\n<meta property=\"og:image\" content=\"https:\/\/www.notibras.com\/site\/wp-content\/uploads\/2023\/02\/7.2.-Alimentacao-escolar.-Foto-Mary-Leal-SEE.jpg\" \/>\n\t<meta property=\"og:image:width\" content=\"2500\" \/>\n\t<meta property=\"og:image:height\" content=\"1407\" \/>\n\t<meta property=\"og:image:type\" content=\"image\/jpeg\" \/>\n<meta name=\"author\" content=\"Reda\u00e7\u00e3o\" \/>\n<meta name=\"twitter:card\" content=\"summary_large_image\" \/>\n<meta name=\"twitter:creator\" content=\"@Notibras\" \/>\n<meta name=\"twitter:site\" content=\"@Notibras\" \/>\n<meta name=\"twitter:label1\" content=\"Escrito por\" \/>\n\t<meta name=\"twitter:data1\" content=\"Reda\u00e7\u00e3o\" \/>\n\t<meta name=\"twitter:label2\" content=\"Est. tempo de leitura\" \/>\n\t<meta name=\"twitter:data2\" content=\"1 minuto\" \/>\n<script type=\"application\/ld+json\" class=\"yoast-schema-graph\">{\"@context\":\"https:\/\/schema.org\",\"@graph\":[{\"@type\":\"Article\",\"@id\":\"https:\/\/www.notibras.com\/site\/merendeiras-sao-capacitadas-antes-da-volta-as-aulas\/#article\",\"isPartOf\":{\"@id\":\"https:\/\/www.notibras.com\/site\/merendeiras-sao-capacitadas-antes-da-volta-as-aulas\/\"},\"author\":{\"name\":\"Reda\u00e7\u00e3o\",\"@id\":\"https:\/\/www.notibras.com\/site\/#\/schema\/person\/36ab0979449956132d3e5b517ea76ac8\"},\"headline\":\"Merendeiras s\u00e3o capacitadas antes da volta \u00e0s aulas\",\"datePublished\":\"2023-02-08T03:05:28+00:00\",\"dateModified\":\"2023-02-09T03:07:48+00:00\",\"mainEntityOfPage\":{\"@id\":\"https:\/\/www.notibras.com\/site\/merendeiras-sao-capacitadas-antes-da-volta-as-aulas\/\"},\"wordCount\":204,\"publisher\":{\"@id\":\"https:\/\/www.notibras.com\/site\/#organization\"},\"image\":{\"@id\":\"https:\/\/www.notibras.com\/site\/merendeiras-sao-capacitadas-antes-da-volta-as-aulas\/#primaryimage\"},\"thumbnailUrl\":\"https:\/\/www.notibras.com\/site\/wp-content\/uploads\/2023\/02\/7.2.-Alimentacao-escolar.-Foto-Mary-Leal-SEE.jpg\",\"articleSection\":[\"Quadradinho em Foco\"],\"inLanguage\":\"pt-BR\"},{\"@type\":\"WebPage\",\"@id\":\"https:\/\/www.notibras.com\/site\/merendeiras-sao-capacitadas-antes-da-volta-as-aulas\/\",\"url\":\"https:\/\/www.notibras.com\/site\/merendeiras-sao-capacitadas-antes-da-volta-as-aulas\/\",\"name\":\"Merendeiras s\u00e3o capacitadas antes da volta \u00e0s aulas - Notibras\",\"isPartOf\":{\"@id\":\"https:\/\/www.notibras.com\/site\/#website\"},\"primaryImageOfPage\":{\"@id\":\"https:\/\/www.notibras.com\/site\/merendeiras-sao-capacitadas-antes-da-volta-as-aulas\/#primaryimage\"},\"image\":{\"@id\":\"https:\/\/www.notibras.com\/site\/merendeiras-sao-capacitadas-antes-da-volta-as-aulas\/#primaryimage\"},\"thumbnailUrl\":\"https:\/\/www.notibras.com\/site\/wp-content\/uploads\/2023\/02\/7.2.-Alimentacao-escolar.-Foto-Mary-Leal-SEE.jpg\",\"datePublished\":\"2023-02-08T03:05:28+00:00\",\"dateModified\":\"2023-02-09T03:07:48+00:00\",\"breadcrumb\":{\"@id\":\"https:\/\/www.notibras.com\/site\/merendeiras-sao-capacitadas-antes-da-volta-as-aulas\/#breadcrumb\"},\"inLanguage\":\"pt-BR\",\"potentialAction\":[{\"@type\":\"ReadAction\",\"target\":[\"https:\/\/www.notibras.com\/site\/merendeiras-sao-capacitadas-antes-da-volta-as-aulas\/\"]}]},{\"@type\":\"ImageObject\",\"inLanguage\":\"pt-BR\",\"@id\":\"https:\/\/www.notibras.com\/site\/merendeiras-sao-capacitadas-antes-da-volta-as-aulas\/#primaryimage\",\"url\":\"https:\/\/www.notibras.com\/site\/wp-content\/uploads\/2023\/02\/7.2.-Alimentacao-escolar.-Foto-Mary-Leal-SEE.jpg\",\"contentUrl\":\"https:\/\/www.notibras.com\/site\/wp-content\/uploads\/2023\/02\/7.2.-Alimentacao-escolar.-Foto-Mary-Leal-SEE.jpg\",\"width\":2500,\"height\":1407},{\"@type\":\"BreadcrumbList\",\"@id\":\"https:\/\/www.notibras.com\/site\/merendeiras-sao-capacitadas-antes-da-volta-as-aulas\/#breadcrumb\",\"itemListElement\":[{\"@type\":\"ListItem\",\"position\":1,\"name\":\"In\u00edcio\",\"item\":\"https:\/\/www.notibras.com\/site\/\"},{\"@type\":\"ListItem\",\"position\":2,\"name\":\"Merendeiras s\u00e3o capacitadas antes da volta \u00e0s aulas\"}]},{\"@type\":\"WebSite\",\"@id\":\"https:\/\/www.notibras.com\/site\/#website\",\"url\":\"https:\/\/www.notibras.com\/site\/\",\"name\":\"Notibras\",\"description\":\"Not\u00edcias de Bras\u00edlia, do Brasil e do Mundo\",\"publisher\":{\"@id\":\"https:\/\/www.notibras.com\/site\/#organization\"},\"potentialAction\":[{\"@type\":\"SearchAction\",\"target\":{\"@type\":\"EntryPoint\",\"urlTemplate\":\"https:\/\/www.notibras.com\/site\/?s={search_term_string}\"},\"query-input\":{\"@type\":\"PropertyValueSpecification\",\"valueRequired\":true,\"valueName\":\"search_term_string\"}}],\"inLanguage\":\"pt-BR\"},{\"@type\":\"Organization\",\"@id\":\"https:\/\/www.notibras.com\/site\/#organization\",\"name\":\"Grupo Notibras de Comunica\u00e7\u00e3o\",\"url\":\"https:\/\/www.notibras.com\/site\/\",\"logo\":{\"@type\":\"ImageObject\",\"inLanguage\":\"pt-BR\",\"@id\":\"https:\/\/www.notibras.com\/site\/#\/schema\/logo\/image\/\",\"url\":\"https:\/\/www.notibras.com\/site\/wp-content\/uploads\/2023\/01\/notibras23.png\",\"contentUrl\":\"https:\/\/www.notibras.com\/site\/wp-content\/uploads\/2023\/01\/notibras23.png\",\"width\":350,\"height\":87,\"caption\":\"Grupo Notibras de Comunica\u00e7\u00e3o\"},\"image\":{\"@id\":\"https:\/\/www.notibras.com\/site\/#\/schema\/logo\/image\/\"},\"sameAs\":[\"https:\/\/www.facebook.com\/notibras\/\",\"https:\/\/x.com\/Notibras\",\"https:\/\/www.instagram.com\/notibras\/\"]},{\"@type\":\"Person\",\"@id\":\"https:\/\/www.notibras.com\/site\/#\/schema\/person\/36ab0979449956132d3e5b517ea76ac8\",\"name\":\"Reda\u00e7\u00e3o\",\"image\":{\"@type\":\"ImageObject\",\"inLanguage\":\"pt-BR\",\"@id\":\"https:\/\/secure.gravatar.com\/avatar\/e0a867bdedb85fd243eadf09663511f96fc81e0720a4a42581f334ad4303aa6b?s=96&d=mm&r=g\",\"url\":\"https:\/\/secure.gravatar.com\/avatar\/e0a867bdedb85fd243eadf09663511f96fc81e0720a4a42581f334ad4303aa6b?s=96&d=mm&r=g\",\"contentUrl\":\"https:\/\/secure.gravatar.com\/avatar\/e0a867bdedb85fd243eadf09663511f96fc81e0720a4a42581f334ad4303aa6b?s=96&d=mm&r=g\",\"caption\":\"Reda\u00e7\u00e3o\"}}]}<\/script>\n<!-- \/ Yoast SEO plugin. -->","yoast_head_json":{"title":"Merendeiras s\u00e3o capacitadas antes da volta \u00e0s aulas - Notibras","robots":{"index":"index","follow":"follow","max-snippet":"max-snippet:-1","max-image-preview":"max-image-preview:large","max-video-preview":"max-video-preview:-1"},"canonical":"https:\/\/www.notibras.com\/site\/merendeiras-sao-capacitadas-antes-da-volta-as-aulas\/","og_locale":"pt_BR","og_type":"article","og_title":"Merendeiras s\u00e3o capacitadas antes da volta \u00e0s aulas - Notibras","og_description":"At\u00e9 sexta-feira (10), servidores da rede de ensino p\u00fablica que trabalham direta ou indiretamente com merenda escolar participam de uma capacita\u00e7\u00e3o promovida pela Diretoria de Alimenta\u00e7\u00e3o Escolar (Diae) da Subsecretaria de Apoio \u00e0s Pol\u00edticas Educacionais (Suape). O DF conta com o servi\u00e7o de manipula\u00e7\u00e3o de alimentos oferecido por empresas terceirizadas, e anualmente, antes do in\u00edcio [&hellip;]","og_url":"https:\/\/www.notibras.com\/site\/merendeiras-sao-capacitadas-antes-da-volta-as-aulas\/","og_site_name":"Notibras","article_publisher":"https:\/\/www.facebook.com\/notibras\/","article_published_time":"2023-02-08T03:05:28+00:00","article_modified_time":"2023-02-09T03:07:48+00:00","og_image":[{"width":2500,"height":1407,"url":"https:\/\/www.notibras.com\/site\/wp-content\/uploads\/2023\/02\/7.2.-Alimentacao-escolar.-Foto-Mary-Leal-SEE.jpg","type":"image\/jpeg"}],"author":"Reda\u00e7\u00e3o","twitter_card":"summary_large_image","twitter_creator":"@Notibras","twitter_site":"@Notibras","twitter_misc":{"Escrito por":"Reda\u00e7\u00e3o","Est. tempo de leitura":"1 minuto"},"schema":{"@context":"https:\/\/schema.org","@graph":[{"@type":"Article","@id":"https:\/\/www.notibras.com\/site\/merendeiras-sao-capacitadas-antes-da-volta-as-aulas\/#article","isPartOf":{"@id":"https:\/\/www.notibras.com\/site\/merendeiras-sao-capacitadas-antes-da-volta-as-aulas\/"},"author":{"name":"Reda\u00e7\u00e3o","@id":"https:\/\/www.notibras.com\/site\/#\/schema\/person\/36ab0979449956132d3e5b517ea76ac8"},"headline":"Merendeiras s\u00e3o capacitadas antes da volta \u00e0s aulas","datePublished":"2023-02-08T03:05:28+00:00","dateModified":"2023-02-09T03:07:48+00:00","mainEntityOfPage":{"@id":"https:\/\/www.notibras.com\/site\/merendeiras-sao-capacitadas-antes-da-volta-as-aulas\/"},"wordCount":204,"publisher":{"@id":"https:\/\/www.notibras.com\/site\/#organization"},"image":{"@id":"https:\/\/www.notibras.com\/site\/merendeiras-sao-capacitadas-antes-da-volta-as-aulas\/#primaryimage"},"thumbnailUrl":"https:\/\/www.notibras.com\/site\/wp-content\/uploads\/2023\/02\/7.2.-Alimentacao-escolar.-Foto-Mary-Leal-SEE.jpg","articleSection":["Quadradinho em Foco"],"inLanguage":"pt-BR"},{"@type":"WebPage","@id":"https:\/\/www.notibras.com\/site\/merendeiras-sao-capacitadas-antes-da-volta-as-aulas\/","url":"https:\/\/www.notibras.com\/site\/merendeiras-sao-capacitadas-antes-da-volta-as-aulas\/","name":"Merendeiras s\u00e3o capacitadas antes da volta \u00e0s aulas - Notibras","isPartOf":{"@id":"https:\/\/www.notibras.com\/site\/#website"},"primaryImageOfPage":{"@id":"https:\/\/www.notibras.com\/site\/merendeiras-sao-capacitadas-antes-da-volta-as-aulas\/#primaryimage"},"image":{"@id":"https:\/\/www.notibras.com\/site\/merendeiras-sao-capacitadas-antes-da-volta-as-aulas\/#primaryimage"},"thumbnailUrl":"https:\/\/www.notibras.com\/site\/wp-content\/uploads\/2023\/02\/7.2.-Alimentacao-escolar.-Foto-Mary-Leal-SEE.jpg","datePublished":"2023-02-08T03:05:28+00:00","dateModified":"2023-02-09T03:07:48+00:00","breadcrumb":{"@id":"https:\/\/www.notibras.com\/site\/merendeiras-sao-capacitadas-antes-da-volta-as-aulas\/#breadcrumb"},"inLanguage":"pt-BR","potentialAction":[{"@type":"ReadAction","target":["https:\/\/www.notibras.com\/site\/merendeiras-sao-capacitadas-antes-da-volta-as-aulas\/"]}]},{"@type":"ImageObject","inLanguage":"pt-BR","@id":"https:\/\/www.notibras.com\/site\/merendeiras-sao-capacitadas-antes-da-volta-as-aulas\/#primaryimage","url":"https:\/\/www.notibras.com\/site\/wp-content\/uploads\/2023\/02\/7.2.-Alimentacao-escolar.-Foto-Mary-Leal-SEE.jpg","contentUrl":"https:\/\/www.notibras.com\/site\/wp-content\/uploads\/2023\/02\/7.2.-Alimentacao-escolar.-Foto-Mary-Leal-SEE.jpg","width":2500,"height":1407},{"@type":"BreadcrumbList","@id":"https:\/\/www.notibras.com\/site\/merendeiras-sao-capacitadas-antes-da-volta-as-aulas\/#breadcrumb","itemListElement":[{"@type":"ListItem","position":1,"name":"In\u00edcio","item":"https:\/\/www.notibras.com\/site\/"},{"@type":"ListItem","position":2,"name":"Merendeiras s\u00e3o capacitadas antes da volta \u00e0s aulas"}]},{"@type":"WebSite","@id":"https:\/\/www.notibras.com\/site\/#website","url":"https:\/\/www.notibras.com\/site\/","name":"Notibras","description":"Not\u00edcias de Bras\u00edlia, do Brasil e do Mundo","publisher":{"@id":"https:\/\/www.notibras.com\/site\/#organization"},"potentialAction":[{"@type":"SearchAction","target":{"@type":"EntryPoint","urlTemplate":"https:\/\/www.notibras.com\/site\/?s={search_term_string}"},"query-input":{"@type":"PropertyValueSpecification","valueRequired":true,"valueName":"search_term_string"}}],"inLanguage":"pt-BR"},{"@type":"Organization","@id":"https:\/\/www.notibras.com\/site\/#organization","name":"Grupo Notibras de Comunica\u00e7\u00e3o","url":"https:\/\/www.notibras.com\/site\/","logo":{"@type":"ImageObject","inLanguage":"pt-BR","@id":"https:\/\/www.notibras.com\/site\/#\/schema\/logo\/image\/","url":"https:\/\/www.notibras.com\/site\/wp-content\/uploads\/2023\/01\/notibras23.png","contentUrl":"https:\/\/www.notibras.com\/site\/wp-content\/uploads\/2023\/01\/notibras23.png","width":350,"height":87,"caption":"Grupo Notibras de Comunica\u00e7\u00e3o"},"image":{"@id":"https:\/\/www.notibras.com\/site\/#\/schema\/logo\/image\/"},"sameAs":["https:\/\/www.facebook.com\/notibras\/","https:\/\/x.com\/Notibras","https:\/\/www.instagram.com\/notibras\/"]},{"@type":"Person","@id":"https:\/\/www.notibras.com\/site\/#\/schema\/person\/36ab0979449956132d3e5b517ea76ac8","name":"Reda\u00e7\u00e3o","image":{"@type":"ImageObject","inLanguage":"pt-BR","@id":"https:\/\/secure.gravatar.com\/avatar\/e0a867bdedb85fd243eadf09663511f96fc81e0720a4a42581f334ad4303aa6b?s=96&d=mm&r=g","url":"https:\/\/secure.gravatar.com\/avatar\/e0a867bdedb85fd243eadf09663511f96fc81e0720a4a42581f334ad4303aa6b?s=96&d=mm&r=g","contentUrl":"https:\/\/secure.gravatar.com\/avatar\/e0a867bdedb85fd243eadf09663511f96fc81e0720a4a42581f334ad4303aa6b?s=96&d=mm&r=g","caption":"Reda\u00e7\u00e3o"}}]}},"amp_enabled":true,"_links":{"self":[{"href":"https:\/\/www.notibras.com\/site\/wp-json\/wp\/v2\/posts\/299269","targetHints":{"allow":["GET"]}}],"collection":[{"href":"https:\/\/www.notibras.com\/site\/wp-json\/wp\/v2\/posts"}],"about":[{"href":"https:\/\/www.notibras.com\/site\/wp-json\/wp\/v2\/types\/post"}],"author":[{"embeddable":true,"href":"https:\/\/www.notibras.com\/site\/wp-json\/wp\/v2\/users\/2"}],"replies":[{"embeddable":true,"href":"https:\/\/www.notibras.com\/site\/wp-json\/wp\/v2\/comments?post=299269"}],"version-history":[{"count":1,"href":"https:\/\/www.notibras.com\/site\/wp-json\/wp\/v2\/posts\/299269\/revisions"}],"predecessor-version":[{"id":299270,"href":"https:\/\/www.notibras.com\/site\/wp-json\/wp\/v2\/posts\/299269\/revisions\/299270"}],"wp:featuredmedia":[{"embeddable":true,"href":"https:\/\/www.notibras.com\/site\/wp-json\/wp\/v2\/media\/299271"}],"wp:attachment":[{"href":"https:\/\/www.notibras.com\/site\/wp-json\/wp\/v2\/media?parent=299269"}],"wp:term":[{"taxonomy":"category","embeddable":true,"href":"https:\/\/www.notibras.com\/site\/wp-json\/wp\/v2\/categories?post=299269"},{"taxonomy":"post_tag","embeddable":true,"href":"https:\/\/www.notibras.com\/site\/wp-json\/wp\/v2\/tags?post=299269"}],"curies":[{"name":"wp","href":"https:\/\/api.w.org\/{rel}","templated":true}]}}