{"id":299272,"date":"2023-02-08T00:10:34","date_gmt":"2023-02-08T03:10:34","guid":{"rendered":"https:\/\/www.notibras.com\/site\/?p=299272"},"modified":"2023-02-09T00:12:30","modified_gmt":"2023-02-09T03:12:30","slug":"lancada-forca-tarefa-para-combater-feminicidio","status":"publish","type":"post","link":"https:\/\/www.notibras.com\/site\/lancada-forca-tarefa-para-combater-feminicidio\/","title":{"rendered":"Lan\u00e7ada for\u00e7a-tarefa para combater feminic\u00eddio"},"content":{"rendered":"<p>Uma a\u00e7\u00e3o coordenada pela Secretaria da Mulher do Distrito Federal vai propor pol\u00edticas p\u00fablicas voltadas \u00e0 preven\u00e7\u00e3o do feminic\u00eddio, \u00e0 prote\u00e7\u00e3o, ao acolhimento e \u00e0 elimina\u00e7\u00e3o de todas as formas de discrimina\u00e7\u00e3o e viol\u00eancia contra as mulheres. Foi publicado no Di\u00e1rio Oficial do Distrito Federal (DODF), o Decreto n\u00ba 44.206, que institui a for\u00e7a-tarefa para atuar nesse sentido.<\/p>\n<p>Composta por nove secretarias do DF, o grupo atuar\u00e1 com medidas e campanhas de combate \u00e0 viol\u00eancia contra a mulher. A for\u00e7a-tarefa ter\u00e1 prazo de 45 dias para apresenta\u00e7\u00e3o de relat\u00f3rio final, com as medidas a serem implementadas. A inten\u00e7\u00e3o do governo \u00e9 fazer com que a popula\u00e7\u00e3o entenda que a viol\u00eancia dom\u00e9stica \u00e9 um problema de toda a sociedade e que todos os \u00f3rg\u00e3os trabalhem de forma conjunta e transversal no combate aos crimes contra as mulheres, no enfrentamento \u00e0 viol\u00eancia e tamb\u00e9m na promo\u00e7\u00e3o da mulher, principalmente no que se trata de sua autonomia econ\u00f4mica.<\/p>\n<p>Para a secret\u00e1ria da Mulher, Giselle Ferreira, \u00e9 de fundamental import\u00e2ncia a uni\u00e3o de todos no combate \u00e0 viol\u00eancia de g\u00eanero. \u201cTodos n\u00f3s devemos entender como \u00e9 importante denunciar os casos de viol\u00eancia contra a mulher, porque a den\u00fancia pode salvar uma vida. J\u00e1 que por meio da den\u00fancia, a mulher pode ser abrigada, receber medidas protetivas e o agressor ser punido. Al\u00e9m da iniciativa da pr\u00f3pria v\u00edtima, tamb\u00e9m \u00e9 um dever de toda a sociedade, todos n\u00f3s \u2013 homens e mulheres \u2013 cuidarmos das outras mulheres e, se for o caso, denunciar o agressor, meter a colher na briga sim\u201d.<\/p>\n<p>A equipe t\u00e9cnica ser\u00e1 formada por servidores das secretarias da Mulher, Justi\u00e7a e Cidadania, Fam\u00edlia e Juventude, Sa\u00fade e Educa\u00e7\u00e3o; secret\u00e1rios de Comunica\u00e7\u00e3o; Seguran\u00e7a P\u00fablica e Desenvolvimento Social; Defensor P\u00fablico-Geral do Distrito Federal e presidente da Companhia Energ\u00e9tica de Bras\u00edlia.<\/p>\n<p>Al\u00e9m dessas secretarias, tamb\u00e9m foram convidados a participar o Tribunal de Justi\u00e7a do Distrito Federal e dos Territ\u00f3rios (TJDFT); Minist\u00e9rio P\u00fablico do Distrito Federal e Territ\u00f3rios (MPDFT); C\u00e2mara Legislativa do Distrito Federal (CLDF), por interm\u00e9dio da Procuradora Especial da Mulher, e a Ordem dos Advogados do Brasil, por interm\u00e9dio da Comiss\u00e3o da Mulher.<\/p>\n","protected":false},"excerpt":{"rendered":"<p>Uma a\u00e7\u00e3o coordenada pela Secretaria da Mulher do Distrito Federal vai propor pol\u00edticas p\u00fablicas voltadas \u00e0 preven\u00e7\u00e3o do feminic\u00eddio, \u00e0 prote\u00e7\u00e3o, ao acolhimento e \u00e0 elimina\u00e7\u00e3o de todas as formas de discrimina\u00e7\u00e3o e viol\u00eancia contra as mulheres. Foi publicado no Di\u00e1rio Oficial do Distrito Federal (DODF), o Decreto n\u00ba 44.206, que institui a for\u00e7a-tarefa para [&hellip;]<\/p>\n","protected":false},"author":2,"featured_media":299273,"comment_status":"closed","ping_status":"closed","sticky":false,"template":"","format":"standard","meta":{"_acf_changed":false,"footnotes":""},"categories":[161],"tags":[],"class_list":["post-299272","post","type-post","status-publish","format-standard","has-post-thumbnail","hentry","category-quadradinho-em-foco"],"acf":[],"yoast_head":"<!-- This site is optimized with the Yoast SEO plugin v27.2 - https:\/\/yoast.com\/product\/yoast-seo-wordpress\/ -->\n<title>Lan\u00e7ada for\u00e7a-tarefa para combater feminic\u00eddio - Notibras<\/title>\n<meta name=\"robots\" content=\"index, follow, max-snippet:-1, max-image-preview:large, max-video-preview:-1\" \/>\n<link rel=\"canonical\" href=\"https:\/\/www.notibras.com\/site\/lancada-forca-tarefa-para-combater-feminicidio\/\" \/>\n<meta property=\"og:locale\" content=\"pt_BR\" \/>\n<meta property=\"og:type\" content=\"article\" \/>\n<meta property=\"og:title\" content=\"Lan\u00e7ada for\u00e7a-tarefa para combater feminic\u00eddio - Notibras\" \/>\n<meta property=\"og:description\" content=\"Uma a\u00e7\u00e3o coordenada pela Secretaria da Mulher do Distrito Federal vai propor pol\u00edticas p\u00fablicas voltadas \u00e0 preven\u00e7\u00e3o do feminic\u00eddio, \u00e0 prote\u00e7\u00e3o, ao acolhimento e \u00e0 elimina\u00e7\u00e3o de todas as formas de discrimina\u00e7\u00e3o e viol\u00eancia contra as mulheres. Foi publicado no Di\u00e1rio Oficial do Distrito Federal (DODF), o Decreto n\u00ba 44.206, que institui a for\u00e7a-tarefa para [&hellip;]\" \/>\n<meta property=\"og:url\" content=\"https:\/\/www.notibras.com\/site\/lancada-forca-tarefa-para-combater-feminicidio\/\" \/>\n<meta property=\"og:site_name\" content=\"Notibras\" \/>\n<meta property=\"article:publisher\" content=\"https:\/\/www.facebook.com\/notibras\/\" \/>\n<meta property=\"article:published_time\" content=\"2023-02-08T03:10:34+00:00\" \/>\n<meta property=\"article:modified_time\" content=\"2023-02-09T03:12:30+00:00\" \/>\n<meta property=\"og:image\" content=\"https:\/\/www.notibras.com\/site\/wp-content\/uploads\/2023\/02\/WhatsApp-Image-2023-02-07-at-20.15.57-1-1536x1020-1.jpeg\" \/>\n\t<meta property=\"og:image:width\" content=\"1536\" \/>\n\t<meta property=\"og:image:height\" content=\"1020\" \/>\n\t<meta property=\"og:image:type\" content=\"image\/jpeg\" \/>\n<meta name=\"author\" content=\"Reda\u00e7\u00e3o\" \/>\n<meta name=\"twitter:card\" content=\"summary_large_image\" \/>\n<meta name=\"twitter:creator\" content=\"@Notibras\" \/>\n<meta name=\"twitter:site\" content=\"@Notibras\" \/>\n<meta name=\"twitter:label1\" content=\"Escrito por\" \/>\n\t<meta name=\"twitter:data1\" content=\"Reda\u00e7\u00e3o\" \/>\n\t<meta name=\"twitter:label2\" content=\"Est. tempo de leitura\" \/>\n\t<meta name=\"twitter:data2\" content=\"2 minutos\" \/>\n<script type=\"application\/ld+json\" class=\"yoast-schema-graph\">{\"@context\":\"https:\/\/schema.org\",\"@graph\":[{\"@type\":\"Article\",\"@id\":\"https:\/\/www.notibras.com\/site\/lancada-forca-tarefa-para-combater-feminicidio\/#article\",\"isPartOf\":{\"@id\":\"https:\/\/www.notibras.com\/site\/lancada-forca-tarefa-para-combater-feminicidio\/\"},\"author\":{\"name\":\"Reda\u00e7\u00e3o\",\"@id\":\"https:\/\/www.notibras.com\/site\/#\/schema\/person\/36ab0979449956132d3e5b517ea76ac8\"},\"headline\":\"Lan\u00e7ada for\u00e7a-tarefa para combater feminic\u00eddio\",\"datePublished\":\"2023-02-08T03:10:34+00:00\",\"dateModified\":\"2023-02-09T03:12:30+00:00\",\"mainEntityOfPage\":{\"@id\":\"https:\/\/www.notibras.com\/site\/lancada-forca-tarefa-para-combater-feminicidio\/\"},\"wordCount\":403,\"publisher\":{\"@id\":\"https:\/\/www.notibras.com\/site\/#organization\"},\"image\":{\"@id\":\"https:\/\/www.notibras.com\/site\/lancada-forca-tarefa-para-combater-feminicidio\/#primaryimage\"},\"thumbnailUrl\":\"https:\/\/www.notibras.com\/site\/wp-content\/uploads\/2023\/02\/WhatsApp-Image-2023-02-07-at-20.15.57-1-1536x1020-1.jpeg\",\"articleSection\":[\"Quadradinho em Foco\"],\"inLanguage\":\"pt-BR\"},{\"@type\":\"WebPage\",\"@id\":\"https:\/\/www.notibras.com\/site\/lancada-forca-tarefa-para-combater-feminicidio\/\",\"url\":\"https:\/\/www.notibras.com\/site\/lancada-forca-tarefa-para-combater-feminicidio\/\",\"name\":\"Lan\u00e7ada for\u00e7a-tarefa para combater feminic\u00eddio - Notibras\",\"isPartOf\":{\"@id\":\"https:\/\/www.notibras.com\/site\/#website\"},\"primaryImageOfPage\":{\"@id\":\"https:\/\/www.notibras.com\/site\/lancada-forca-tarefa-para-combater-feminicidio\/#primaryimage\"},\"image\":{\"@id\":\"https:\/\/www.notibras.com\/site\/lancada-forca-tarefa-para-combater-feminicidio\/#primaryimage\"},\"thumbnailUrl\":\"https:\/\/www.notibras.com\/site\/wp-content\/uploads\/2023\/02\/WhatsApp-Image-2023-02-07-at-20.15.57-1-1536x1020-1.jpeg\",\"datePublished\":\"2023-02-08T03:10:34+00:00\",\"dateModified\":\"2023-02-09T03:12:30+00:00\",\"breadcrumb\":{\"@id\":\"https:\/\/www.notibras.com\/site\/lancada-forca-tarefa-para-combater-feminicidio\/#breadcrumb\"},\"inLanguage\":\"pt-BR\",\"potentialAction\":[{\"@type\":\"ReadAction\",\"target\":[\"https:\/\/www.notibras.com\/site\/lancada-forca-tarefa-para-combater-feminicidio\/\"]}]},{\"@type\":\"ImageObject\",\"inLanguage\":\"pt-BR\",\"@id\":\"https:\/\/www.notibras.com\/site\/lancada-forca-tarefa-para-combater-feminicidio\/#primaryimage\",\"url\":\"https:\/\/www.notibras.com\/site\/wp-content\/uploads\/2023\/02\/WhatsApp-Image-2023-02-07-at-20.15.57-1-1536x1020-1.jpeg\",\"contentUrl\":\"https:\/\/www.notibras.com\/site\/wp-content\/uploads\/2023\/02\/WhatsApp-Image-2023-02-07-at-20.15.57-1-1536x1020-1.jpeg\",\"width\":1536,\"height\":1020},{\"@type\":\"BreadcrumbList\",\"@id\":\"https:\/\/www.notibras.com\/site\/lancada-forca-tarefa-para-combater-feminicidio\/#breadcrumb\",\"itemListElement\":[{\"@type\":\"ListItem\",\"position\":1,\"name\":\"In\u00edcio\",\"item\":\"https:\/\/www.notibras.com\/site\/\"},{\"@type\":\"ListItem\",\"position\":2,\"name\":\"Lan\u00e7ada for\u00e7a-tarefa para combater feminic\u00eddio\"}]},{\"@type\":\"WebSite\",\"@id\":\"https:\/\/www.notibras.com\/site\/#website\",\"url\":\"https:\/\/www.notibras.com\/site\/\",\"name\":\"Notibras\",\"description\":\"Not\u00edcias de Bras\u00edlia, do Brasil e do Mundo\",\"publisher\":{\"@id\":\"https:\/\/www.notibras.com\/site\/#organization\"},\"potentialAction\":[{\"@type\":\"SearchAction\",\"target\":{\"@type\":\"EntryPoint\",\"urlTemplate\":\"https:\/\/www.notibras.com\/site\/?s={search_term_string}\"},\"query-input\":{\"@type\":\"PropertyValueSpecification\",\"valueRequired\":true,\"valueName\":\"search_term_string\"}}],\"inLanguage\":\"pt-BR\"},{\"@type\":\"Organization\",\"@id\":\"https:\/\/www.notibras.com\/site\/#organization\",\"name\":\"Grupo Notibras de Comunica\u00e7\u00e3o\",\"url\":\"https:\/\/www.notibras.com\/site\/\",\"logo\":{\"@type\":\"ImageObject\",\"inLanguage\":\"pt-BR\",\"@id\":\"https:\/\/www.notibras.com\/site\/#\/schema\/logo\/image\/\",\"url\":\"https:\/\/www.notibras.com\/site\/wp-content\/uploads\/2023\/01\/notibras23.png\",\"contentUrl\":\"https:\/\/www.notibras.com\/site\/wp-content\/uploads\/2023\/01\/notibras23.png\",\"width\":350,\"height\":87,\"caption\":\"Grupo Notibras de Comunica\u00e7\u00e3o\"},\"image\":{\"@id\":\"https:\/\/www.notibras.com\/site\/#\/schema\/logo\/image\/\"},\"sameAs\":[\"https:\/\/www.facebook.com\/notibras\/\",\"https:\/\/x.com\/Notibras\",\"https:\/\/www.instagram.com\/notibras\/\"]},{\"@type\":\"Person\",\"@id\":\"https:\/\/www.notibras.com\/site\/#\/schema\/person\/36ab0979449956132d3e5b517ea76ac8\",\"name\":\"Reda\u00e7\u00e3o\",\"image\":{\"@type\":\"ImageObject\",\"inLanguage\":\"pt-BR\",\"@id\":\"https:\/\/secure.gravatar.com\/avatar\/e0a867bdedb85fd243eadf09663511f96fc81e0720a4a42581f334ad4303aa6b?s=96&d=mm&r=g\",\"url\":\"https:\/\/secure.gravatar.com\/avatar\/e0a867bdedb85fd243eadf09663511f96fc81e0720a4a42581f334ad4303aa6b?s=96&d=mm&r=g\",\"contentUrl\":\"https:\/\/secure.gravatar.com\/avatar\/e0a867bdedb85fd243eadf09663511f96fc81e0720a4a42581f334ad4303aa6b?s=96&d=mm&r=g\",\"caption\":\"Reda\u00e7\u00e3o\"}}]}<\/script>\n<!-- \/ Yoast SEO plugin. -->","yoast_head_json":{"title":"Lan\u00e7ada for\u00e7a-tarefa para combater feminic\u00eddio - Notibras","robots":{"index":"index","follow":"follow","max-snippet":"max-snippet:-1","max-image-preview":"max-image-preview:large","max-video-preview":"max-video-preview:-1"},"canonical":"https:\/\/www.notibras.com\/site\/lancada-forca-tarefa-para-combater-feminicidio\/","og_locale":"pt_BR","og_type":"article","og_title":"Lan\u00e7ada for\u00e7a-tarefa para combater feminic\u00eddio - Notibras","og_description":"Uma a\u00e7\u00e3o coordenada pela Secretaria da Mulher do Distrito Federal vai propor pol\u00edticas p\u00fablicas voltadas \u00e0 preven\u00e7\u00e3o do feminic\u00eddio, \u00e0 prote\u00e7\u00e3o, ao acolhimento e \u00e0 elimina\u00e7\u00e3o de todas as formas de discrimina\u00e7\u00e3o e viol\u00eancia contra as mulheres. Foi publicado no Di\u00e1rio Oficial do Distrito Federal (DODF), o Decreto n\u00ba 44.206, que institui a for\u00e7a-tarefa para [&hellip;]","og_url":"https:\/\/www.notibras.com\/site\/lancada-forca-tarefa-para-combater-feminicidio\/","og_site_name":"Notibras","article_publisher":"https:\/\/www.facebook.com\/notibras\/","article_published_time":"2023-02-08T03:10:34+00:00","article_modified_time":"2023-02-09T03:12:30+00:00","og_image":[{"width":1536,"height":1020,"url":"https:\/\/www.notibras.com\/site\/wp-content\/uploads\/2023\/02\/WhatsApp-Image-2023-02-07-at-20.15.57-1-1536x1020-1.jpeg","type":"image\/jpeg"}],"author":"Reda\u00e7\u00e3o","twitter_card":"summary_large_image","twitter_creator":"@Notibras","twitter_site":"@Notibras","twitter_misc":{"Escrito por":"Reda\u00e7\u00e3o","Est. tempo de leitura":"2 minutos"},"schema":{"@context":"https:\/\/schema.org","@graph":[{"@type":"Article","@id":"https:\/\/www.notibras.com\/site\/lancada-forca-tarefa-para-combater-feminicidio\/#article","isPartOf":{"@id":"https:\/\/www.notibras.com\/site\/lancada-forca-tarefa-para-combater-feminicidio\/"},"author":{"name":"Reda\u00e7\u00e3o","@id":"https:\/\/www.notibras.com\/site\/#\/schema\/person\/36ab0979449956132d3e5b517ea76ac8"},"headline":"Lan\u00e7ada for\u00e7a-tarefa para combater feminic\u00eddio","datePublished":"2023-02-08T03:10:34+00:00","dateModified":"2023-02-09T03:12:30+00:00","mainEntityOfPage":{"@id":"https:\/\/www.notibras.com\/site\/lancada-forca-tarefa-para-combater-feminicidio\/"},"wordCount":403,"publisher":{"@id":"https:\/\/www.notibras.com\/site\/#organization"},"image":{"@id":"https:\/\/www.notibras.com\/site\/lancada-forca-tarefa-para-combater-feminicidio\/#primaryimage"},"thumbnailUrl":"https:\/\/www.notibras.com\/site\/wp-content\/uploads\/2023\/02\/WhatsApp-Image-2023-02-07-at-20.15.57-1-1536x1020-1.jpeg","articleSection":["Quadradinho em Foco"],"inLanguage":"pt-BR"},{"@type":"WebPage","@id":"https:\/\/www.notibras.com\/site\/lancada-forca-tarefa-para-combater-feminicidio\/","url":"https:\/\/www.notibras.com\/site\/lancada-forca-tarefa-para-combater-feminicidio\/","name":"Lan\u00e7ada for\u00e7a-tarefa para combater feminic\u00eddio - Notibras","isPartOf":{"@id":"https:\/\/www.notibras.com\/site\/#website"},"primaryImageOfPage":{"@id":"https:\/\/www.notibras.com\/site\/lancada-forca-tarefa-para-combater-feminicidio\/#primaryimage"},"image":{"@id":"https:\/\/www.notibras.com\/site\/lancada-forca-tarefa-para-combater-feminicidio\/#primaryimage"},"thumbnailUrl":"https:\/\/www.notibras.com\/site\/wp-content\/uploads\/2023\/02\/WhatsApp-Image-2023-02-07-at-20.15.57-1-1536x1020-1.jpeg","datePublished":"2023-02-08T03:10:34+00:00","dateModified":"2023-02-09T03:12:30+00:00","breadcrumb":{"@id":"https:\/\/www.notibras.com\/site\/lancada-forca-tarefa-para-combater-feminicidio\/#breadcrumb"},"inLanguage":"pt-BR","potentialAction":[{"@type":"ReadAction","target":["https:\/\/www.notibras.com\/site\/lancada-forca-tarefa-para-combater-feminicidio\/"]}]},{"@type":"ImageObject","inLanguage":"pt-BR","@id":"https:\/\/www.notibras.com\/site\/lancada-forca-tarefa-para-combater-feminicidio\/#primaryimage","url":"https:\/\/www.notibras.com\/site\/wp-content\/uploads\/2023\/02\/WhatsApp-Image-2023-02-07-at-20.15.57-1-1536x1020-1.jpeg","contentUrl":"https:\/\/www.notibras.com\/site\/wp-content\/uploads\/2023\/02\/WhatsApp-Image-2023-02-07-at-20.15.57-1-1536x1020-1.jpeg","width":1536,"height":1020},{"@type":"BreadcrumbList","@id":"https:\/\/www.notibras.com\/site\/lancada-forca-tarefa-para-combater-feminicidio\/#breadcrumb","itemListElement":[{"@type":"ListItem","position":1,"name":"In\u00edcio","item":"https:\/\/www.notibras.com\/site\/"},{"@type":"ListItem","position":2,"name":"Lan\u00e7ada for\u00e7a-tarefa para combater feminic\u00eddio"}]},{"@type":"WebSite","@id":"https:\/\/www.notibras.com\/site\/#website","url":"https:\/\/www.notibras.com\/site\/","name":"Notibras","description":"Not\u00edcias de Bras\u00edlia, do Brasil e do Mundo","publisher":{"@id":"https:\/\/www.notibras.com\/site\/#organization"},"potentialAction":[{"@type":"SearchAction","target":{"@type":"EntryPoint","urlTemplate":"https:\/\/www.notibras.com\/site\/?s={search_term_string}"},"query-input":{"@type":"PropertyValueSpecification","valueRequired":true,"valueName":"search_term_string"}}],"inLanguage":"pt-BR"},{"@type":"Organization","@id":"https:\/\/www.notibras.com\/site\/#organization","name":"Grupo Notibras de Comunica\u00e7\u00e3o","url":"https:\/\/www.notibras.com\/site\/","logo":{"@type":"ImageObject","inLanguage":"pt-BR","@id":"https:\/\/www.notibras.com\/site\/#\/schema\/logo\/image\/","url":"https:\/\/www.notibras.com\/site\/wp-content\/uploads\/2023\/01\/notibras23.png","contentUrl":"https:\/\/www.notibras.com\/site\/wp-content\/uploads\/2023\/01\/notibras23.png","width":350,"height":87,"caption":"Grupo Notibras de Comunica\u00e7\u00e3o"},"image":{"@id":"https:\/\/www.notibras.com\/site\/#\/schema\/logo\/image\/"},"sameAs":["https:\/\/www.facebook.com\/notibras\/","https:\/\/x.com\/Notibras","https:\/\/www.instagram.com\/notibras\/"]},{"@type":"Person","@id":"https:\/\/www.notibras.com\/site\/#\/schema\/person\/36ab0979449956132d3e5b517ea76ac8","name":"Reda\u00e7\u00e3o","image":{"@type":"ImageObject","inLanguage":"pt-BR","@id":"https:\/\/secure.gravatar.com\/avatar\/e0a867bdedb85fd243eadf09663511f96fc81e0720a4a42581f334ad4303aa6b?s=96&d=mm&r=g","url":"https:\/\/secure.gravatar.com\/avatar\/e0a867bdedb85fd243eadf09663511f96fc81e0720a4a42581f334ad4303aa6b?s=96&d=mm&r=g","contentUrl":"https:\/\/secure.gravatar.com\/avatar\/e0a867bdedb85fd243eadf09663511f96fc81e0720a4a42581f334ad4303aa6b?s=96&d=mm&r=g","caption":"Reda\u00e7\u00e3o"}}]}},"amp_enabled":true,"_links":{"self":[{"href":"https:\/\/www.notibras.com\/site\/wp-json\/wp\/v2\/posts\/299272","targetHints":{"allow":["GET"]}}],"collection":[{"href":"https:\/\/www.notibras.com\/site\/wp-json\/wp\/v2\/posts"}],"about":[{"href":"https:\/\/www.notibras.com\/site\/wp-json\/wp\/v2\/types\/post"}],"author":[{"embeddable":true,"href":"https:\/\/www.notibras.com\/site\/wp-json\/wp\/v2\/users\/2"}],"replies":[{"embeddable":true,"href":"https:\/\/www.notibras.com\/site\/wp-json\/wp\/v2\/comments?post=299272"}],"version-history":[{"count":1,"href":"https:\/\/www.notibras.com\/site\/wp-json\/wp\/v2\/posts\/299272\/revisions"}],"predecessor-version":[{"id":299274,"href":"https:\/\/www.notibras.com\/site\/wp-json\/wp\/v2\/posts\/299272\/revisions\/299274"}],"wp:featuredmedia":[{"embeddable":true,"href":"https:\/\/www.notibras.com\/site\/wp-json\/wp\/v2\/media\/299273"}],"wp:attachment":[{"href":"https:\/\/www.notibras.com\/site\/wp-json\/wp\/v2\/media?parent=299272"}],"wp:term":[{"taxonomy":"category","embeddable":true,"href":"https:\/\/www.notibras.com\/site\/wp-json\/wp\/v2\/categories?post=299272"},{"taxonomy":"post_tag","embeddable":true,"href":"https:\/\/www.notibras.com\/site\/wp-json\/wp\/v2\/tags?post=299272"}],"curies":[{"name":"wp","href":"https:\/\/api.w.org\/{rel}","templated":true}]}}