{"id":299276,"date":"2023-02-09T00:22:15","date_gmt":"2023-02-09T03:22:15","guid":{"rendered":"https:\/\/www.notibras.com\/site\/?p=299276"},"modified":"2023-02-09T00:22:15","modified_gmt":"2023-02-09T03:22:15","slug":"aceita-a-derrota-jair-do-cerrado-que-doi-menos","status":"publish","type":"post","link":"https:\/\/www.notibras.com\/site\/aceita-a-derrota-jair-do-cerrado-que-doi-menos\/","title":{"rendered":"Aceita a derrota, Jair do Cerrado, que d\u00f3i menos"},"content":{"rendered":"<p class=\"v1MsoNormal\">Varia\u00e7\u00e3o gen\u00e9rica atribu\u00edda aos cultos afro-brasileiros, sincretizados com influ\u00eancias da religi\u00e3o cat\u00f3lica, do ocultismo, de cultos amer\u00edndios e do espiritismo, macumba (do quimbundo ma&#8217;k\u00f4ba) \u00e9 apenas um instrumento de percuss\u00e3o criado na \u00c1frica, semelhante ao reco-reco. No Brasil, por meio de um processo de amplia\u00e7\u00e3o de sentido, o termo passou a referir tamb\u00e9m, de forma pejorativa, \u00e0s oferendas ligadas \u00e0s religi\u00f5es de matizes africanas. Diferentes int\u00e9rpretes revelam que essa religi\u00e3o surgiu no Sudeste brasileiro nas primeiras d\u00e9cadas do s\u00e9culo XIX. As pr\u00e1ticas nominadas &#8220;macumba&#8221; e associadas aos afrodescendentes podem ser pensadas como a origem da umbanda. Como religi\u00e3o cada um tem a sua, n\u00e3o quero discorrer sobre o umbandismo, tampouco a respeito de suas deriva\u00e7\u00f5es.<\/p>\n<p class=\"v1MsoNormal\">No entanto, devo lembrar que, mesmo que induzido \u00e0 maldade, umbandista \u00e9 um ser do bem. Tenho provas incontest\u00e1veis disso na fam\u00edlia e entre amigos s\u00e9rios, devotados e, sobretudo, solid\u00e1rios. Para o fil\u00f3sofo Prot\u00e1goras, &#8220;o homem \u00e9 a medida de todas as coisas&#8221;. Por isso, cada um tem o direito de determinar, por si, o que \u00e9 o bem e o que \u00e9 o mal. Conforme Santo Agostinho, o mal \u00e9 a aus\u00eancia do bem, da mesma forma\u00a0 que as trevas s\u00e3o a aus\u00eancia da luz. Filosofia \u00e0 parte, todo esse pre\u00e2mbulo para afirmar que a maldade n\u00e3o \u00e9 gerada pela religi\u00e3o, mas por quem a conduz. Particularmente, desejo sempre boa sorte a quem age com maldade, pois cedo ou tarde ele (ou ela) sempre precisar\u00e1.<\/p>\n<p class=\"v1MsoNormal\">Aprendi com dona Alfredina que o mundo \u00e9 um lugar perigoso de se viver. N\u00e3o por causa daqueles que fazem o mal, mas por conta dos que observam e deixam o mal acontecer. Muitos anos depois descobri que Albert Einstein, o mestre dos mestres, era o verdadeiro autor da frase. Entre surpreso e feliz, a partir da\u00ed comecei a descobrir que, muito mais do que guerreira e batalhadora, a vizinha de falas longas tamb\u00e9m tinha atributos mentais, filos\u00f3ficos, cient\u00edficos e culturais, os quais pelo menos cinco dos seis filhos desconheciam. Rei do cinismo, Bas\u00edlio era o artista da querida fam\u00edlia. Seu dom art\u00edstico era de ber\u00e7o. Patriota at\u00e9 no nome de batismo, dona Alfredina, minha parceira de molecagens s\u00e9rias e das hebraicas escrituras do Judas no S\u00e1bado de Aleluia, ensinou ao sujeito (meu amigo do cora\u00e7\u00e3o) at\u00e9 a forma de chorar sorrindo.<\/p>\n<p class=\"v1MsoNormal\">Com a humildade do povo de Miracema, munic\u00edpio do Noroeste do Estado do Rio de Janeiro, e extremada dedica\u00e7\u00e3o aos afazeres do lar e da r\u00edgida cria\u00e7\u00e3o dos filhos Eliseu (falecido), Aloe Vera, Merylange, Alva. Ac\u00e1cia, al\u00e9m de Bas\u00edlio, Alfredina vez por outra se arriscava em outras searas, inclusive as religiosas. De certa feita, para ajudar dona Alice, vizinha de ch\u00e1cara, aventurou-se pelos caminhos do al\u00e9m. Alice dos bolinhos vivia uma vida de c\u00e3o com o marido Benedito, de quem apanhava um dia sim e outro tamb\u00e9m. Desesperada, Alice pediu a Alfredina a indica\u00e7\u00e3o de um pai de santo capaz de melhorar o jeit\u00e3o violento de Ben\u00e9 ou afast\u00e1-lo em definitivo de sua humilde resid\u00eancia. Matreira, esperta e l\u00f3gica, Alfredina co\u00e7ou a cabe\u00e7a, deu duas pensadas e disse a amiga que ela mesma resolveria o problema.<\/p>\n<p class=\"v1MsoNormal\">Estava criada para o resto da vida de ambas uma nova figura no bairro: M\u00e3e Alfredina. A pretexto de fazer o servi\u00e7o longe do safardana e pertinho de seus guias espirituais, entre eles Pai Jair do Cerrado, a nova curandeira semanalmente enviava \u00e0 vizinha aflita uma lista de compras. Ne\u00f3fita no curandeirismo, mas s\u00e1bia quanto \u00e0s necessidades familiares, Alfredina n\u00e3o pedia nada com exagero. Tamb\u00e9m abria m\u00e3o das marcas nobres. Exigia para os seis &#8220;guias&#8221; da casa apenas o suficiente para a semana: um pacote de cinco quilos de arroz Tio Herm\u00ednio, dois de feij\u00e3o \u00c9zio, sal Be\u00edco, farinha, fub\u00e1, uma lata de \u00f3leo Pep\u00e9, uma galinha carij\u00f3 e outra preta, usada para &#8220;trabalhos&#8221; mais espec\u00edficos, mais pesados. Foi desse jeito que ela ajudou o velho Ti\u00e3o a alimentar os filhos por meses a fio. Soube dessa hist\u00f3ria somente 20 anos ap\u00f3s o passamento de M\u00e3e Alfredina, pessoa do bem, da paz e do amor, mas com expertise na arte da malandragem saud\u00e1vel.<\/p>\n<p class=\"v1MsoNormal\">Prova disso \u00e9 que, a pedido do filho c\u00ednico, ela havia requerido sigilo de 100 anos em todas as a\u00e7\u00f5es nas quais utilizou Pai Jair do Cerrado como caboclo de frente. Por intercess\u00e3o do babalorix\u00e1 Bil\u00fa da Carumb\u00e9, conseguiu rapidamente &#8220;arquivar&#8221; seus feitos mitol\u00f3gicos nos por\u00f5es do Pal\u00e1cio de Curicica. Como ainda n\u00e3o cheguei por l\u00e1, n\u00e3o posso afirmar, mas creio piamente que ela, a exemplo de Xand\u00e3o aqui na terra, est\u00e1 no c\u00e9u tentando catequizar Deus e o mundo. Como? Produzindo a listinha dos antidemocratas para o pasquim do judas. Mijou fora do penico, dan\u00e7ou. O primeiro nome certamente \u00e9 o do suposto ide\u00f3logo e polemista Olavo de Carvalho, astr\u00f3logo de nove entre dez aprendizes do terror. De l\u00e1, a sacerdotisa do bem manda um recado para o Pai Jair do Cerrado: &#8220;Voc\u00ea perdeu. Ent\u00e3o, aceite a derrota. D\u00f3i menos&#8221;. Sua ben\u00e7\u00e3o, M\u00e3e Alfredina. Sarav\u00e1!<\/p>\n","protected":false},"excerpt":{"rendered":"<p>Varia\u00e7\u00e3o gen\u00e9rica atribu\u00edda aos cultos afro-brasileiros, sincretizados com influ\u00eancias da religi\u00e3o cat\u00f3lica, do ocultismo, de cultos amer\u00edndios e do espiritismo, macumba (do quimbundo ma&#8217;k\u00f4ba) \u00e9 apenas um instrumento de percuss\u00e3o criado na \u00c1frica, semelhante ao reco-reco. No Brasil, por meio de um processo de amplia\u00e7\u00e3o de sentido, o termo passou a referir tamb\u00e9m, de forma [&hellip;]<\/p>\n","protected":false},"author":2,"featured_media":299277,"comment_status":"closed","ping_status":"closed","sticky":false,"template":"","format":"standard","meta":{"_acf_changed":false,"footnotes":""},"categories":[161],"tags":[],"class_list":["post-299276","post","type-post","status-publish","format-standard","has-post-thumbnail","hentry","category-quadradinho-em-foco"],"acf":[],"yoast_head":"<!-- This site is optimized with the Yoast SEO plugin v27.2 - https:\/\/yoast.com\/product\/yoast-seo-wordpress\/ -->\n<title>Aceita a derrota, Jair do Cerrado, que d\u00f3i menos - Notibras<\/title>\n<meta name=\"robots\" content=\"index, follow, max-snippet:-1, max-image-preview:large, max-video-preview:-1\" \/>\n<link rel=\"canonical\" href=\"https:\/\/www.notibras.com\/site\/aceita-a-derrota-jair-do-cerrado-que-doi-menos\/\" \/>\n<meta property=\"og:locale\" content=\"pt_BR\" \/>\n<meta property=\"og:type\" content=\"article\" \/>\n<meta property=\"og:title\" content=\"Aceita a derrota, Jair do Cerrado, que d\u00f3i menos - Notibras\" \/>\n<meta property=\"og:description\" content=\"Varia\u00e7\u00e3o gen\u00e9rica atribu\u00edda aos cultos afro-brasileiros, sincretizados com influ\u00eancias da religi\u00e3o cat\u00f3lica, do ocultismo, de cultos amer\u00edndios e do espiritismo, macumba (do quimbundo ma&#8217;k\u00f4ba) \u00e9 apenas um instrumento de percuss\u00e3o criado na \u00c1frica, semelhante ao reco-reco. No Brasil, por meio de um processo de amplia\u00e7\u00e3o de sentido, o termo passou a referir tamb\u00e9m, de forma [&hellip;]\" \/>\n<meta property=\"og:url\" content=\"https:\/\/www.notibras.com\/site\/aceita-a-derrota-jair-do-cerrado-que-doi-menos\/\" \/>\n<meta property=\"og:site_name\" content=\"Notibras\" \/>\n<meta property=\"article:publisher\" content=\"https:\/\/www.facebook.com\/notibras\/\" \/>\n<meta property=\"article:published_time\" content=\"2023-02-09T03:22:15+00:00\" \/>\n<meta property=\"og:image\" content=\"https:\/\/www.notibras.com\/site\/wp-content\/uploads\/2023\/02\/macuba.jpg\" \/>\n\t<meta property=\"og:image:width\" content=\"736\" \/>\n\t<meta property=\"og:image:height\" content=\"448\" \/>\n\t<meta property=\"og:image:type\" content=\"image\/jpeg\" \/>\n<meta name=\"author\" content=\"Reda\u00e7\u00e3o\" \/>\n<meta name=\"twitter:card\" content=\"summary_large_image\" \/>\n<meta name=\"twitter:creator\" content=\"@Notibras\" \/>\n<meta name=\"twitter:site\" content=\"@Notibras\" \/>\n<meta name=\"twitter:label1\" content=\"Escrito por\" \/>\n\t<meta name=\"twitter:data1\" content=\"Reda\u00e7\u00e3o\" \/>\n\t<meta name=\"twitter:label2\" content=\"Est. tempo de leitura\" \/>\n\t<meta name=\"twitter:data2\" content=\"5 minutos\" \/>\n<script type=\"application\/ld+json\" class=\"yoast-schema-graph\">{\"@context\":\"https:\/\/schema.org\",\"@graph\":[{\"@type\":\"Article\",\"@id\":\"https:\/\/www.notibras.com\/site\/aceita-a-derrota-jair-do-cerrado-que-doi-menos\/#article\",\"isPartOf\":{\"@id\":\"https:\/\/www.notibras.com\/site\/aceita-a-derrota-jair-do-cerrado-que-doi-menos\/\"},\"author\":{\"name\":\"Reda\u00e7\u00e3o\",\"@id\":\"https:\/\/www.notibras.com\/site\/#\/schema\/person\/36ab0979449956132d3e5b517ea76ac8\"},\"headline\":\"Aceita a derrota, Jair do Cerrado, que d\u00f3i menos\",\"datePublished\":\"2023-02-09T03:22:15+00:00\",\"mainEntityOfPage\":{\"@id\":\"https:\/\/www.notibras.com\/site\/aceita-a-derrota-jair-do-cerrado-que-doi-menos\/\"},\"wordCount\":917,\"publisher\":{\"@id\":\"https:\/\/www.notibras.com\/site\/#organization\"},\"image\":{\"@id\":\"https:\/\/www.notibras.com\/site\/aceita-a-derrota-jair-do-cerrado-que-doi-menos\/#primaryimage\"},\"thumbnailUrl\":\"https:\/\/www.notibras.com\/site\/wp-content\/uploads\/2023\/02\/macuba.jpg\",\"articleSection\":[\"Quadradinho em Foco\"],\"inLanguage\":\"pt-BR\"},{\"@type\":\"WebPage\",\"@id\":\"https:\/\/www.notibras.com\/site\/aceita-a-derrota-jair-do-cerrado-que-doi-menos\/\",\"url\":\"https:\/\/www.notibras.com\/site\/aceita-a-derrota-jair-do-cerrado-que-doi-menos\/\",\"name\":\"Aceita a derrota, Jair do Cerrado, que d\u00f3i menos - Notibras\",\"isPartOf\":{\"@id\":\"https:\/\/www.notibras.com\/site\/#website\"},\"primaryImageOfPage\":{\"@id\":\"https:\/\/www.notibras.com\/site\/aceita-a-derrota-jair-do-cerrado-que-doi-menos\/#primaryimage\"},\"image\":{\"@id\":\"https:\/\/www.notibras.com\/site\/aceita-a-derrota-jair-do-cerrado-que-doi-menos\/#primaryimage\"},\"thumbnailUrl\":\"https:\/\/www.notibras.com\/site\/wp-content\/uploads\/2023\/02\/macuba.jpg\",\"datePublished\":\"2023-02-09T03:22:15+00:00\",\"breadcrumb\":{\"@id\":\"https:\/\/www.notibras.com\/site\/aceita-a-derrota-jair-do-cerrado-que-doi-menos\/#breadcrumb\"},\"inLanguage\":\"pt-BR\",\"potentialAction\":[{\"@type\":\"ReadAction\",\"target\":[\"https:\/\/www.notibras.com\/site\/aceita-a-derrota-jair-do-cerrado-que-doi-menos\/\"]}]},{\"@type\":\"ImageObject\",\"inLanguage\":\"pt-BR\",\"@id\":\"https:\/\/www.notibras.com\/site\/aceita-a-derrota-jair-do-cerrado-que-doi-menos\/#primaryimage\",\"url\":\"https:\/\/www.notibras.com\/site\/wp-content\/uploads\/2023\/02\/macuba.jpg\",\"contentUrl\":\"https:\/\/www.notibras.com\/site\/wp-content\/uploads\/2023\/02\/macuba.jpg\",\"width\":736,\"height\":448},{\"@type\":\"BreadcrumbList\",\"@id\":\"https:\/\/www.notibras.com\/site\/aceita-a-derrota-jair-do-cerrado-que-doi-menos\/#breadcrumb\",\"itemListElement\":[{\"@type\":\"ListItem\",\"position\":1,\"name\":\"In\u00edcio\",\"item\":\"https:\/\/www.notibras.com\/site\/\"},{\"@type\":\"ListItem\",\"position\":2,\"name\":\"Aceita a derrota, Jair do Cerrado, que d\u00f3i menos\"}]},{\"@type\":\"WebSite\",\"@id\":\"https:\/\/www.notibras.com\/site\/#website\",\"url\":\"https:\/\/www.notibras.com\/site\/\",\"name\":\"Notibras\",\"description\":\"Not\u00edcias de Bras\u00edlia, do Brasil e do Mundo\",\"publisher\":{\"@id\":\"https:\/\/www.notibras.com\/site\/#organization\"},\"potentialAction\":[{\"@type\":\"SearchAction\",\"target\":{\"@type\":\"EntryPoint\",\"urlTemplate\":\"https:\/\/www.notibras.com\/site\/?s={search_term_string}\"},\"query-input\":{\"@type\":\"PropertyValueSpecification\",\"valueRequired\":true,\"valueName\":\"search_term_string\"}}],\"inLanguage\":\"pt-BR\"},{\"@type\":\"Organization\",\"@id\":\"https:\/\/www.notibras.com\/site\/#organization\",\"name\":\"Grupo Notibras de Comunica\u00e7\u00e3o\",\"url\":\"https:\/\/www.notibras.com\/site\/\",\"logo\":{\"@type\":\"ImageObject\",\"inLanguage\":\"pt-BR\",\"@id\":\"https:\/\/www.notibras.com\/site\/#\/schema\/logo\/image\/\",\"url\":\"https:\/\/www.notibras.com\/site\/wp-content\/uploads\/2023\/01\/notibras23.png\",\"contentUrl\":\"https:\/\/www.notibras.com\/site\/wp-content\/uploads\/2023\/01\/notibras23.png\",\"width\":350,\"height\":87,\"caption\":\"Grupo Notibras de Comunica\u00e7\u00e3o\"},\"image\":{\"@id\":\"https:\/\/www.notibras.com\/site\/#\/schema\/logo\/image\/\"},\"sameAs\":[\"https:\/\/www.facebook.com\/notibras\/\",\"https:\/\/x.com\/Notibras\",\"https:\/\/www.instagram.com\/notibras\/\"]},{\"@type\":\"Person\",\"@id\":\"https:\/\/www.notibras.com\/site\/#\/schema\/person\/36ab0979449956132d3e5b517ea76ac8\",\"name\":\"Reda\u00e7\u00e3o\",\"image\":{\"@type\":\"ImageObject\",\"inLanguage\":\"pt-BR\",\"@id\":\"https:\/\/secure.gravatar.com\/avatar\/e0a867bdedb85fd243eadf09663511f96fc81e0720a4a42581f334ad4303aa6b?s=96&d=mm&r=g\",\"url\":\"https:\/\/secure.gravatar.com\/avatar\/e0a867bdedb85fd243eadf09663511f96fc81e0720a4a42581f334ad4303aa6b?s=96&d=mm&r=g\",\"contentUrl\":\"https:\/\/secure.gravatar.com\/avatar\/e0a867bdedb85fd243eadf09663511f96fc81e0720a4a42581f334ad4303aa6b?s=96&d=mm&r=g\",\"caption\":\"Reda\u00e7\u00e3o\"}}]}<\/script>\n<!-- \/ Yoast SEO plugin. -->","yoast_head_json":{"title":"Aceita a derrota, Jair do Cerrado, que d\u00f3i menos - Notibras","robots":{"index":"index","follow":"follow","max-snippet":"max-snippet:-1","max-image-preview":"max-image-preview:large","max-video-preview":"max-video-preview:-1"},"canonical":"https:\/\/www.notibras.com\/site\/aceita-a-derrota-jair-do-cerrado-que-doi-menos\/","og_locale":"pt_BR","og_type":"article","og_title":"Aceita a derrota, Jair do Cerrado, que d\u00f3i menos - Notibras","og_description":"Varia\u00e7\u00e3o gen\u00e9rica atribu\u00edda aos cultos afro-brasileiros, sincretizados com influ\u00eancias da religi\u00e3o cat\u00f3lica, do ocultismo, de cultos amer\u00edndios e do espiritismo, macumba (do quimbundo ma&#8217;k\u00f4ba) \u00e9 apenas um instrumento de percuss\u00e3o criado na \u00c1frica, semelhante ao reco-reco. No Brasil, por meio de um processo de amplia\u00e7\u00e3o de sentido, o termo passou a referir tamb\u00e9m, de forma [&hellip;]","og_url":"https:\/\/www.notibras.com\/site\/aceita-a-derrota-jair-do-cerrado-que-doi-menos\/","og_site_name":"Notibras","article_publisher":"https:\/\/www.facebook.com\/notibras\/","article_published_time":"2023-02-09T03:22:15+00:00","og_image":[{"width":736,"height":448,"url":"https:\/\/www.notibras.com\/site\/wp-content\/uploads\/2023\/02\/macuba.jpg","type":"image\/jpeg"}],"author":"Reda\u00e7\u00e3o","twitter_card":"summary_large_image","twitter_creator":"@Notibras","twitter_site":"@Notibras","twitter_misc":{"Escrito por":"Reda\u00e7\u00e3o","Est. tempo de leitura":"5 minutos"},"schema":{"@context":"https:\/\/schema.org","@graph":[{"@type":"Article","@id":"https:\/\/www.notibras.com\/site\/aceita-a-derrota-jair-do-cerrado-que-doi-menos\/#article","isPartOf":{"@id":"https:\/\/www.notibras.com\/site\/aceita-a-derrota-jair-do-cerrado-que-doi-menos\/"},"author":{"name":"Reda\u00e7\u00e3o","@id":"https:\/\/www.notibras.com\/site\/#\/schema\/person\/36ab0979449956132d3e5b517ea76ac8"},"headline":"Aceita a derrota, Jair do Cerrado, que d\u00f3i menos","datePublished":"2023-02-09T03:22:15+00:00","mainEntityOfPage":{"@id":"https:\/\/www.notibras.com\/site\/aceita-a-derrota-jair-do-cerrado-que-doi-menos\/"},"wordCount":917,"publisher":{"@id":"https:\/\/www.notibras.com\/site\/#organization"},"image":{"@id":"https:\/\/www.notibras.com\/site\/aceita-a-derrota-jair-do-cerrado-que-doi-menos\/#primaryimage"},"thumbnailUrl":"https:\/\/www.notibras.com\/site\/wp-content\/uploads\/2023\/02\/macuba.jpg","articleSection":["Quadradinho em Foco"],"inLanguage":"pt-BR"},{"@type":"WebPage","@id":"https:\/\/www.notibras.com\/site\/aceita-a-derrota-jair-do-cerrado-que-doi-menos\/","url":"https:\/\/www.notibras.com\/site\/aceita-a-derrota-jair-do-cerrado-que-doi-menos\/","name":"Aceita a derrota, Jair do Cerrado, que d\u00f3i menos - Notibras","isPartOf":{"@id":"https:\/\/www.notibras.com\/site\/#website"},"primaryImageOfPage":{"@id":"https:\/\/www.notibras.com\/site\/aceita-a-derrota-jair-do-cerrado-que-doi-menos\/#primaryimage"},"image":{"@id":"https:\/\/www.notibras.com\/site\/aceita-a-derrota-jair-do-cerrado-que-doi-menos\/#primaryimage"},"thumbnailUrl":"https:\/\/www.notibras.com\/site\/wp-content\/uploads\/2023\/02\/macuba.jpg","datePublished":"2023-02-09T03:22:15+00:00","breadcrumb":{"@id":"https:\/\/www.notibras.com\/site\/aceita-a-derrota-jair-do-cerrado-que-doi-menos\/#breadcrumb"},"inLanguage":"pt-BR","potentialAction":[{"@type":"ReadAction","target":["https:\/\/www.notibras.com\/site\/aceita-a-derrota-jair-do-cerrado-que-doi-menos\/"]}]},{"@type":"ImageObject","inLanguage":"pt-BR","@id":"https:\/\/www.notibras.com\/site\/aceita-a-derrota-jair-do-cerrado-que-doi-menos\/#primaryimage","url":"https:\/\/www.notibras.com\/site\/wp-content\/uploads\/2023\/02\/macuba.jpg","contentUrl":"https:\/\/www.notibras.com\/site\/wp-content\/uploads\/2023\/02\/macuba.jpg","width":736,"height":448},{"@type":"BreadcrumbList","@id":"https:\/\/www.notibras.com\/site\/aceita-a-derrota-jair-do-cerrado-que-doi-menos\/#breadcrumb","itemListElement":[{"@type":"ListItem","position":1,"name":"In\u00edcio","item":"https:\/\/www.notibras.com\/site\/"},{"@type":"ListItem","position":2,"name":"Aceita a derrota, Jair do Cerrado, que d\u00f3i menos"}]},{"@type":"WebSite","@id":"https:\/\/www.notibras.com\/site\/#website","url":"https:\/\/www.notibras.com\/site\/","name":"Notibras","description":"Not\u00edcias de Bras\u00edlia, do Brasil e do Mundo","publisher":{"@id":"https:\/\/www.notibras.com\/site\/#organization"},"potentialAction":[{"@type":"SearchAction","target":{"@type":"EntryPoint","urlTemplate":"https:\/\/www.notibras.com\/site\/?s={search_term_string}"},"query-input":{"@type":"PropertyValueSpecification","valueRequired":true,"valueName":"search_term_string"}}],"inLanguage":"pt-BR"},{"@type":"Organization","@id":"https:\/\/www.notibras.com\/site\/#organization","name":"Grupo Notibras de Comunica\u00e7\u00e3o","url":"https:\/\/www.notibras.com\/site\/","logo":{"@type":"ImageObject","inLanguage":"pt-BR","@id":"https:\/\/www.notibras.com\/site\/#\/schema\/logo\/image\/","url":"https:\/\/www.notibras.com\/site\/wp-content\/uploads\/2023\/01\/notibras23.png","contentUrl":"https:\/\/www.notibras.com\/site\/wp-content\/uploads\/2023\/01\/notibras23.png","width":350,"height":87,"caption":"Grupo Notibras de Comunica\u00e7\u00e3o"},"image":{"@id":"https:\/\/www.notibras.com\/site\/#\/schema\/logo\/image\/"},"sameAs":["https:\/\/www.facebook.com\/notibras\/","https:\/\/x.com\/Notibras","https:\/\/www.instagram.com\/notibras\/"]},{"@type":"Person","@id":"https:\/\/www.notibras.com\/site\/#\/schema\/person\/36ab0979449956132d3e5b517ea76ac8","name":"Reda\u00e7\u00e3o","image":{"@type":"ImageObject","inLanguage":"pt-BR","@id":"https:\/\/secure.gravatar.com\/avatar\/e0a867bdedb85fd243eadf09663511f96fc81e0720a4a42581f334ad4303aa6b?s=96&d=mm&r=g","url":"https:\/\/secure.gravatar.com\/avatar\/e0a867bdedb85fd243eadf09663511f96fc81e0720a4a42581f334ad4303aa6b?s=96&d=mm&r=g","contentUrl":"https:\/\/secure.gravatar.com\/avatar\/e0a867bdedb85fd243eadf09663511f96fc81e0720a4a42581f334ad4303aa6b?s=96&d=mm&r=g","caption":"Reda\u00e7\u00e3o"}}]}},"amp_enabled":true,"_links":{"self":[{"href":"https:\/\/www.notibras.com\/site\/wp-json\/wp\/v2\/posts\/299276","targetHints":{"allow":["GET"]}}],"collection":[{"href":"https:\/\/www.notibras.com\/site\/wp-json\/wp\/v2\/posts"}],"about":[{"href":"https:\/\/www.notibras.com\/site\/wp-json\/wp\/v2\/types\/post"}],"author":[{"embeddable":true,"href":"https:\/\/www.notibras.com\/site\/wp-json\/wp\/v2\/users\/2"}],"replies":[{"embeddable":true,"href":"https:\/\/www.notibras.com\/site\/wp-json\/wp\/v2\/comments?post=299276"}],"version-history":[{"count":1,"href":"https:\/\/www.notibras.com\/site\/wp-json\/wp\/v2\/posts\/299276\/revisions"}],"predecessor-version":[{"id":299278,"href":"https:\/\/www.notibras.com\/site\/wp-json\/wp\/v2\/posts\/299276\/revisions\/299278"}],"wp:featuredmedia":[{"embeddable":true,"href":"https:\/\/www.notibras.com\/site\/wp-json\/wp\/v2\/media\/299277"}],"wp:attachment":[{"href":"https:\/\/www.notibras.com\/site\/wp-json\/wp\/v2\/media?parent=299276"}],"wp:term":[{"taxonomy":"category","embeddable":true,"href":"https:\/\/www.notibras.com\/site\/wp-json\/wp\/v2\/categories?post=299276"},{"taxonomy":"post_tag","embeddable":true,"href":"https:\/\/www.notibras.com\/site\/wp-json\/wp\/v2\/tags?post=299276"}],"curies":[{"name":"wp","href":"https:\/\/api.w.org\/{rel}","templated":true}]}}