{"id":299324,"date":"2023-02-10T05:54:50","date_gmt":"2023-02-10T08:54:50","guid":{"rendered":"https:\/\/www.notibras.com\/site\/?p=299324"},"modified":"2023-02-10T06:58:08","modified_gmt":"2023-02-10T09:58:08","slug":"po-amplia-entrega-de-kits-escolares-a-funcionarios","status":"publish","type":"post","link":"https:\/\/www.notibras.com\/site\/po-amplia-entrega-de-kits-escolares-a-funcionarios\/","title":{"rendered":"PO amplia entrega de kits escolares a funcion\u00e1rios"},"content":{"rendered":"<p>Uma tradi\u00e7\u00e3o de 23 anos ganhou uma significativa amplia\u00e7\u00e3o este ano. Desde o ano 2000, a Construtora PaulOOctavio entrega kits com materiais escolares para oper\u00e1rios que t\u00eam filhos e\/ou netos matriculados em estabelecimentos de ensino do DF e Entorno. Em 2022, foram 503 conjuntos doados. Este ano, o total saltou para 1.312 kits, compostos por cadernos, canetas, l\u00e1pis, apontador, borracha e r\u00e9guas, entre outros itens indispens\u00e1veis para os alunos dos Ensinos Fundamental e M\u00e9dio.<\/p>\n<p>Como sempre ocorre, as entregas s\u00e3o repletas de hist\u00f3rias emocionantes. Uma delas \u00e9 a de Amilton Pereira da Silva, encarregado de carpinteiro que trabalha nas obras do Manhattan Shopping, em \u00c1guas Claras. Ao receber os dois kits, agora pertencentes aos netos, fez quest\u00e3o de contar o quanto os materiais s\u00e3o importantes na hist\u00f3ria de sua fam\u00edlia. \u201cEsses materiais aben\u00e7oaram meus filhos no passado e agora v\u00e3o aben\u00e7oar meus netos. Sou muito grato porque, h\u00e1 20 anos, mudei de Tocantins e cheguei a Bras\u00edlia sem nada. E encontrei a oportunidade de criar minha fam\u00edlia. Hoje tenho um filho, formado em engenharia, com muita luta e dignidade, que trabalha na PaulOOctavio. A empresa me d\u00e1 muita alegria\u201d, contou.<\/p>\n<p>Ao ouvir as palavras, Paulo Oct\u00e1vio fez quest\u00e3o de agradecer a Amilton. \u201cAnos atr\u00e1s, este kit foi entregue ao filho, que se dedicou, estudou e \u00e9 engenheiro da empresa. \u00c9 emocionante ver um companheiro de luta nosso poder entregar aos netos um kit semelhante ao que o pai ganhava h\u00e1 20 anos. A vida \u00e9 emocionante por estes momentos\u201d, disse o empres\u00e1rio, desejando que os netos de Amilton sigam o mesmo caminho.<\/p>\n<p>Os kits escolares tamb\u00e9m proporcionam um grande al\u00edvio nas despesas de come\u00e7o de ano. O bombeiro Manoel Rodrigues Vinuto, com sete anos de PaulOOctavio, recebeu oito kits, cinco para os filhos e tr\u00eas para os netos. \u201c\u00c9 uma ajuda grande. S\u00e3o materiais caros que ajudam meus filhos que j\u00e1 s\u00e3o pais\u201d, disse o trabalhador das obras do residencial N\u00edvio Gon\u00e7alves, no Noroeste. Jos\u00e9 Coelho da Silva, que trabalha no Oceania, em \u00c1guas Claras, tamb\u00e9m levou oito kits. Com dez filhos, 19 netos e seis bisnetos, conseguiu aliviar bastante o or\u00e7amento familiar, pois o custo dos materiais entregues gira em torno dos R$ 250.<\/p>\n<p>Para Paulo Oct\u00e1vio, o programa de distribui\u00e7\u00e3o dos kits escolares permite proximidade maior entre pais e filhos. \u201cEntregar, como fizemos nos \u00faltimos 23 anos, os materiais que as crian\u00e7as usam na escola cria sintonia familiar. V\u00e1rios trabalhadores nossos formaram seus filhos como engenheiros, m\u00e9dicos e advogados e alguns trazem os netos para este projeto. Esse \u00e9 o papel social de uma empresa como a nossa: cuidar de todas as gera\u00e7\u00f5es\u201d, acrescentou.<\/p>\n<p>Andr\u00e9 Oct\u00e1vio Kubitschek acompanhou o pai nas entregas. E fez quest\u00e3o de recordar o trabalho da empresa em prol da educa\u00e7\u00e3o. \u201cA PaulOOctavio \u00e9 pioneira deste projeto no Brasil. E \u00e9 importante os pais, os av\u00f3s, terem essa aproxima\u00e7\u00e3o com os seus descendentes, estimular-los a estudar e buscar algo que poder\u00e3o levar adiante profissionalmente. Lembro quando eu era mais novo e recebia um caderno ou livro dava mais vontade de estudar\u201d, acrescentou.<\/p>\n<p>Cuidar da educa\u00e7\u00e3o \u00e9 meta antiga da PaulOOctavio. Al\u00e9m da distribui\u00e7\u00e3o de materiais escolares, a empresa foi pioneira na alfabetiza\u00e7\u00e3o dos oper\u00e1rios nos anos 1990 e a primeira a oferecer cursos de inform\u00e1tica nos canteiros, na d\u00e9cada passada.<\/p>\n","protected":false},"excerpt":{"rendered":"<p>Uma tradi\u00e7\u00e3o de 23 anos ganhou uma significativa amplia\u00e7\u00e3o este ano. Desde o ano 2000, a Construtora PaulOOctavio entrega kits com materiais escolares para oper\u00e1rios que t\u00eam filhos e\/ou netos matriculados em estabelecimentos de ensino do DF e Entorno. Em 2022, foram 503 conjuntos doados. Este ano, o total saltou para 1.312 kits, compostos por [&hellip;]<\/p>\n","protected":false},"author":2,"featured_media":299325,"comment_status":"closed","ping_status":"closed","sticky":false,"template":"","format":"standard","meta":{"_acf_changed":false,"footnotes":""},"categories":[161],"tags":[],"class_list":["post-299324","post","type-post","status-publish","format-standard","has-post-thumbnail","hentry","category-quadradinho-em-foco"],"acf":[],"yoast_head":"<!-- This site is optimized with the Yoast SEO plugin v27.2 - https:\/\/yoast.com\/product\/yoast-seo-wordpress\/ -->\n<title>PO amplia entrega de kits escolares a funcion\u00e1rios - Notibras<\/title>\n<meta name=\"robots\" content=\"index, follow, max-snippet:-1, max-image-preview:large, max-video-preview:-1\" \/>\n<link rel=\"canonical\" href=\"https:\/\/www.notibras.com\/site\/po-amplia-entrega-de-kits-escolares-a-funcionarios\/\" \/>\n<meta property=\"og:locale\" content=\"pt_BR\" \/>\n<meta property=\"og:type\" content=\"article\" \/>\n<meta property=\"og:title\" content=\"PO amplia entrega de kits escolares a funcion\u00e1rios - Notibras\" \/>\n<meta property=\"og:description\" content=\"Uma tradi\u00e7\u00e3o de 23 anos ganhou uma significativa amplia\u00e7\u00e3o este ano. Desde o ano 2000, a Construtora PaulOOctavio entrega kits com materiais escolares para oper\u00e1rios que t\u00eam filhos e\/ou netos matriculados em estabelecimentos de ensino do DF e Entorno. Em 2022, foram 503 conjuntos doados. Este ano, o total saltou para 1.312 kits, compostos por [&hellip;]\" \/>\n<meta property=\"og:url\" content=\"https:\/\/www.notibras.com\/site\/po-amplia-entrega-de-kits-escolares-a-funcionarios\/\" \/>\n<meta property=\"og:site_name\" content=\"Notibras\" \/>\n<meta property=\"article:publisher\" content=\"https:\/\/www.facebook.com\/notibras\/\" \/>\n<meta property=\"article:published_time\" content=\"2023-02-10T08:54:50+00:00\" \/>\n<meta property=\"article:modified_time\" content=\"2023-02-10T09:58:08+00:00\" \/>\n<meta property=\"og:image\" content=\"https:\/\/www.notibras.com\/site\/wp-content\/uploads\/2023\/02\/d0e07495-ad4b-42ae-a4e1-98d78514b57a.jpg\" \/>\n\t<meta property=\"og:image:width\" content=\"1080\" \/>\n\t<meta property=\"og:image:height\" content=\"720\" \/>\n\t<meta property=\"og:image:type\" content=\"image\/jpeg\" \/>\n<meta name=\"author\" content=\"Reda\u00e7\u00e3o\" \/>\n<meta name=\"twitter:card\" content=\"summary_large_image\" \/>\n<meta name=\"twitter:creator\" content=\"@Notibras\" \/>\n<meta name=\"twitter:site\" content=\"@Notibras\" \/>\n<meta name=\"twitter:label1\" content=\"Escrito por\" \/>\n\t<meta name=\"twitter:data1\" content=\"Reda\u00e7\u00e3o\" \/>\n\t<meta name=\"twitter:label2\" content=\"Est. tempo de leitura\" \/>\n\t<meta name=\"twitter:data2\" content=\"4 minutos\" \/>\n<script type=\"application\/ld+json\" class=\"yoast-schema-graph\">{\"@context\":\"https:\/\/schema.org\",\"@graph\":[{\"@type\":\"Article\",\"@id\":\"https:\/\/www.notibras.com\/site\/po-amplia-entrega-de-kits-escolares-a-funcionarios\/#article\",\"isPartOf\":{\"@id\":\"https:\/\/www.notibras.com\/site\/po-amplia-entrega-de-kits-escolares-a-funcionarios\/\"},\"author\":{\"name\":\"Reda\u00e7\u00e3o\",\"@id\":\"https:\/\/www.notibras.com\/site\/#\/schema\/person\/36ab0979449956132d3e5b517ea76ac8\"},\"headline\":\"PO amplia entrega de kits escolares a funcion\u00e1rios\",\"datePublished\":\"2023-02-10T08:54:50+00:00\",\"dateModified\":\"2023-02-10T09:58:08+00:00\",\"mainEntityOfPage\":{\"@id\":\"https:\/\/www.notibras.com\/site\/po-amplia-entrega-de-kits-escolares-a-funcionarios\/\"},\"wordCount\":588,\"publisher\":{\"@id\":\"https:\/\/www.notibras.com\/site\/#organization\"},\"image\":{\"@id\":\"https:\/\/www.notibras.com\/site\/po-amplia-entrega-de-kits-escolares-a-funcionarios\/#primaryimage\"},\"thumbnailUrl\":\"https:\/\/www.notibras.com\/site\/wp-content\/uploads\/2023\/02\/d0e07495-ad4b-42ae-a4e1-98d78514b57a.jpg\",\"articleSection\":[\"Quadradinho em Foco\"],\"inLanguage\":\"pt-BR\"},{\"@type\":\"WebPage\",\"@id\":\"https:\/\/www.notibras.com\/site\/po-amplia-entrega-de-kits-escolares-a-funcionarios\/\",\"url\":\"https:\/\/www.notibras.com\/site\/po-amplia-entrega-de-kits-escolares-a-funcionarios\/\",\"name\":\"PO amplia entrega de kits escolares a funcion\u00e1rios - Notibras\",\"isPartOf\":{\"@id\":\"https:\/\/www.notibras.com\/site\/#website\"},\"primaryImageOfPage\":{\"@id\":\"https:\/\/www.notibras.com\/site\/po-amplia-entrega-de-kits-escolares-a-funcionarios\/#primaryimage\"},\"image\":{\"@id\":\"https:\/\/www.notibras.com\/site\/po-amplia-entrega-de-kits-escolares-a-funcionarios\/#primaryimage\"},\"thumbnailUrl\":\"https:\/\/www.notibras.com\/site\/wp-content\/uploads\/2023\/02\/d0e07495-ad4b-42ae-a4e1-98d78514b57a.jpg\",\"datePublished\":\"2023-02-10T08:54:50+00:00\",\"dateModified\":\"2023-02-10T09:58:08+00:00\",\"breadcrumb\":{\"@id\":\"https:\/\/www.notibras.com\/site\/po-amplia-entrega-de-kits-escolares-a-funcionarios\/#breadcrumb\"},\"inLanguage\":\"pt-BR\",\"potentialAction\":[{\"@type\":\"ReadAction\",\"target\":[\"https:\/\/www.notibras.com\/site\/po-amplia-entrega-de-kits-escolares-a-funcionarios\/\"]}]},{\"@type\":\"ImageObject\",\"inLanguage\":\"pt-BR\",\"@id\":\"https:\/\/www.notibras.com\/site\/po-amplia-entrega-de-kits-escolares-a-funcionarios\/#primaryimage\",\"url\":\"https:\/\/www.notibras.com\/site\/wp-content\/uploads\/2023\/02\/d0e07495-ad4b-42ae-a4e1-98d78514b57a.jpg\",\"contentUrl\":\"https:\/\/www.notibras.com\/site\/wp-content\/uploads\/2023\/02\/d0e07495-ad4b-42ae-a4e1-98d78514b57a.jpg\",\"width\":1080,\"height\":720},{\"@type\":\"BreadcrumbList\",\"@id\":\"https:\/\/www.notibras.com\/site\/po-amplia-entrega-de-kits-escolares-a-funcionarios\/#breadcrumb\",\"itemListElement\":[{\"@type\":\"ListItem\",\"position\":1,\"name\":\"In\u00edcio\",\"item\":\"https:\/\/www.notibras.com\/site\/\"},{\"@type\":\"ListItem\",\"position\":2,\"name\":\"PO amplia entrega de kits escolares a funcion\u00e1rios\"}]},{\"@type\":\"WebSite\",\"@id\":\"https:\/\/www.notibras.com\/site\/#website\",\"url\":\"https:\/\/www.notibras.com\/site\/\",\"name\":\"Notibras\",\"description\":\"Not\u00edcias de Bras\u00edlia, do Brasil e do Mundo\",\"publisher\":{\"@id\":\"https:\/\/www.notibras.com\/site\/#organization\"},\"potentialAction\":[{\"@type\":\"SearchAction\",\"target\":{\"@type\":\"EntryPoint\",\"urlTemplate\":\"https:\/\/www.notibras.com\/site\/?s={search_term_string}\"},\"query-input\":{\"@type\":\"PropertyValueSpecification\",\"valueRequired\":true,\"valueName\":\"search_term_string\"}}],\"inLanguage\":\"pt-BR\"},{\"@type\":\"Organization\",\"@id\":\"https:\/\/www.notibras.com\/site\/#organization\",\"name\":\"Grupo Notibras de Comunica\u00e7\u00e3o\",\"url\":\"https:\/\/www.notibras.com\/site\/\",\"logo\":{\"@type\":\"ImageObject\",\"inLanguage\":\"pt-BR\",\"@id\":\"https:\/\/www.notibras.com\/site\/#\/schema\/logo\/image\/\",\"url\":\"https:\/\/www.notibras.com\/site\/wp-content\/uploads\/2023\/01\/notibras23.png\",\"contentUrl\":\"https:\/\/www.notibras.com\/site\/wp-content\/uploads\/2023\/01\/notibras23.png\",\"width\":350,\"height\":87,\"caption\":\"Grupo Notibras de Comunica\u00e7\u00e3o\"},\"image\":{\"@id\":\"https:\/\/www.notibras.com\/site\/#\/schema\/logo\/image\/\"},\"sameAs\":[\"https:\/\/www.facebook.com\/notibras\/\",\"https:\/\/x.com\/Notibras\",\"https:\/\/www.instagram.com\/notibras\/\"]},{\"@type\":\"Person\",\"@id\":\"https:\/\/www.notibras.com\/site\/#\/schema\/person\/36ab0979449956132d3e5b517ea76ac8\",\"name\":\"Reda\u00e7\u00e3o\",\"image\":{\"@type\":\"ImageObject\",\"inLanguage\":\"pt-BR\",\"@id\":\"https:\/\/secure.gravatar.com\/avatar\/e0a867bdedb85fd243eadf09663511f96fc81e0720a4a42581f334ad4303aa6b?s=96&d=mm&r=g\",\"url\":\"https:\/\/secure.gravatar.com\/avatar\/e0a867bdedb85fd243eadf09663511f96fc81e0720a4a42581f334ad4303aa6b?s=96&d=mm&r=g\",\"contentUrl\":\"https:\/\/secure.gravatar.com\/avatar\/e0a867bdedb85fd243eadf09663511f96fc81e0720a4a42581f334ad4303aa6b?s=96&d=mm&r=g\",\"caption\":\"Reda\u00e7\u00e3o\"}}]}<\/script>\n<!-- \/ Yoast SEO plugin. -->","yoast_head_json":{"title":"PO amplia entrega de kits escolares a funcion\u00e1rios - Notibras","robots":{"index":"index","follow":"follow","max-snippet":"max-snippet:-1","max-image-preview":"max-image-preview:large","max-video-preview":"max-video-preview:-1"},"canonical":"https:\/\/www.notibras.com\/site\/po-amplia-entrega-de-kits-escolares-a-funcionarios\/","og_locale":"pt_BR","og_type":"article","og_title":"PO amplia entrega de kits escolares a funcion\u00e1rios - Notibras","og_description":"Uma tradi\u00e7\u00e3o de 23 anos ganhou uma significativa amplia\u00e7\u00e3o este ano. Desde o ano 2000, a Construtora PaulOOctavio entrega kits com materiais escolares para oper\u00e1rios que t\u00eam filhos e\/ou netos matriculados em estabelecimentos de ensino do DF e Entorno. Em 2022, foram 503 conjuntos doados. Este ano, o total saltou para 1.312 kits, compostos por [&hellip;]","og_url":"https:\/\/www.notibras.com\/site\/po-amplia-entrega-de-kits-escolares-a-funcionarios\/","og_site_name":"Notibras","article_publisher":"https:\/\/www.facebook.com\/notibras\/","article_published_time":"2023-02-10T08:54:50+00:00","article_modified_time":"2023-02-10T09:58:08+00:00","og_image":[{"width":1080,"height":720,"url":"https:\/\/www.notibras.com\/site\/wp-content\/uploads\/2023\/02\/d0e07495-ad4b-42ae-a4e1-98d78514b57a.jpg","type":"image\/jpeg"}],"author":"Reda\u00e7\u00e3o","twitter_card":"summary_large_image","twitter_creator":"@Notibras","twitter_site":"@Notibras","twitter_misc":{"Escrito por":"Reda\u00e7\u00e3o","Est. tempo de leitura":"4 minutos"},"schema":{"@context":"https:\/\/schema.org","@graph":[{"@type":"Article","@id":"https:\/\/www.notibras.com\/site\/po-amplia-entrega-de-kits-escolares-a-funcionarios\/#article","isPartOf":{"@id":"https:\/\/www.notibras.com\/site\/po-amplia-entrega-de-kits-escolares-a-funcionarios\/"},"author":{"name":"Reda\u00e7\u00e3o","@id":"https:\/\/www.notibras.com\/site\/#\/schema\/person\/36ab0979449956132d3e5b517ea76ac8"},"headline":"PO amplia entrega de kits escolares a funcion\u00e1rios","datePublished":"2023-02-10T08:54:50+00:00","dateModified":"2023-02-10T09:58:08+00:00","mainEntityOfPage":{"@id":"https:\/\/www.notibras.com\/site\/po-amplia-entrega-de-kits-escolares-a-funcionarios\/"},"wordCount":588,"publisher":{"@id":"https:\/\/www.notibras.com\/site\/#organization"},"image":{"@id":"https:\/\/www.notibras.com\/site\/po-amplia-entrega-de-kits-escolares-a-funcionarios\/#primaryimage"},"thumbnailUrl":"https:\/\/www.notibras.com\/site\/wp-content\/uploads\/2023\/02\/d0e07495-ad4b-42ae-a4e1-98d78514b57a.jpg","articleSection":["Quadradinho em Foco"],"inLanguage":"pt-BR"},{"@type":"WebPage","@id":"https:\/\/www.notibras.com\/site\/po-amplia-entrega-de-kits-escolares-a-funcionarios\/","url":"https:\/\/www.notibras.com\/site\/po-amplia-entrega-de-kits-escolares-a-funcionarios\/","name":"PO amplia entrega de kits escolares a funcion\u00e1rios - Notibras","isPartOf":{"@id":"https:\/\/www.notibras.com\/site\/#website"},"primaryImageOfPage":{"@id":"https:\/\/www.notibras.com\/site\/po-amplia-entrega-de-kits-escolares-a-funcionarios\/#primaryimage"},"image":{"@id":"https:\/\/www.notibras.com\/site\/po-amplia-entrega-de-kits-escolares-a-funcionarios\/#primaryimage"},"thumbnailUrl":"https:\/\/www.notibras.com\/site\/wp-content\/uploads\/2023\/02\/d0e07495-ad4b-42ae-a4e1-98d78514b57a.jpg","datePublished":"2023-02-10T08:54:50+00:00","dateModified":"2023-02-10T09:58:08+00:00","breadcrumb":{"@id":"https:\/\/www.notibras.com\/site\/po-amplia-entrega-de-kits-escolares-a-funcionarios\/#breadcrumb"},"inLanguage":"pt-BR","potentialAction":[{"@type":"ReadAction","target":["https:\/\/www.notibras.com\/site\/po-amplia-entrega-de-kits-escolares-a-funcionarios\/"]}]},{"@type":"ImageObject","inLanguage":"pt-BR","@id":"https:\/\/www.notibras.com\/site\/po-amplia-entrega-de-kits-escolares-a-funcionarios\/#primaryimage","url":"https:\/\/www.notibras.com\/site\/wp-content\/uploads\/2023\/02\/d0e07495-ad4b-42ae-a4e1-98d78514b57a.jpg","contentUrl":"https:\/\/www.notibras.com\/site\/wp-content\/uploads\/2023\/02\/d0e07495-ad4b-42ae-a4e1-98d78514b57a.jpg","width":1080,"height":720},{"@type":"BreadcrumbList","@id":"https:\/\/www.notibras.com\/site\/po-amplia-entrega-de-kits-escolares-a-funcionarios\/#breadcrumb","itemListElement":[{"@type":"ListItem","position":1,"name":"In\u00edcio","item":"https:\/\/www.notibras.com\/site\/"},{"@type":"ListItem","position":2,"name":"PO amplia entrega de kits escolares a funcion\u00e1rios"}]},{"@type":"WebSite","@id":"https:\/\/www.notibras.com\/site\/#website","url":"https:\/\/www.notibras.com\/site\/","name":"Notibras","description":"Not\u00edcias de Bras\u00edlia, do Brasil e do Mundo","publisher":{"@id":"https:\/\/www.notibras.com\/site\/#organization"},"potentialAction":[{"@type":"SearchAction","target":{"@type":"EntryPoint","urlTemplate":"https:\/\/www.notibras.com\/site\/?s={search_term_string}"},"query-input":{"@type":"PropertyValueSpecification","valueRequired":true,"valueName":"search_term_string"}}],"inLanguage":"pt-BR"},{"@type":"Organization","@id":"https:\/\/www.notibras.com\/site\/#organization","name":"Grupo Notibras de Comunica\u00e7\u00e3o","url":"https:\/\/www.notibras.com\/site\/","logo":{"@type":"ImageObject","inLanguage":"pt-BR","@id":"https:\/\/www.notibras.com\/site\/#\/schema\/logo\/image\/","url":"https:\/\/www.notibras.com\/site\/wp-content\/uploads\/2023\/01\/notibras23.png","contentUrl":"https:\/\/www.notibras.com\/site\/wp-content\/uploads\/2023\/01\/notibras23.png","width":350,"height":87,"caption":"Grupo Notibras de Comunica\u00e7\u00e3o"},"image":{"@id":"https:\/\/www.notibras.com\/site\/#\/schema\/logo\/image\/"},"sameAs":["https:\/\/www.facebook.com\/notibras\/","https:\/\/x.com\/Notibras","https:\/\/www.instagram.com\/notibras\/"]},{"@type":"Person","@id":"https:\/\/www.notibras.com\/site\/#\/schema\/person\/36ab0979449956132d3e5b517ea76ac8","name":"Reda\u00e7\u00e3o","image":{"@type":"ImageObject","inLanguage":"pt-BR","@id":"https:\/\/secure.gravatar.com\/avatar\/e0a867bdedb85fd243eadf09663511f96fc81e0720a4a42581f334ad4303aa6b?s=96&d=mm&r=g","url":"https:\/\/secure.gravatar.com\/avatar\/e0a867bdedb85fd243eadf09663511f96fc81e0720a4a42581f334ad4303aa6b?s=96&d=mm&r=g","contentUrl":"https:\/\/secure.gravatar.com\/avatar\/e0a867bdedb85fd243eadf09663511f96fc81e0720a4a42581f334ad4303aa6b?s=96&d=mm&r=g","caption":"Reda\u00e7\u00e3o"}}]}},"amp_enabled":true,"_links":{"self":[{"href":"https:\/\/www.notibras.com\/site\/wp-json\/wp\/v2\/posts\/299324","targetHints":{"allow":["GET"]}}],"collection":[{"href":"https:\/\/www.notibras.com\/site\/wp-json\/wp\/v2\/posts"}],"about":[{"href":"https:\/\/www.notibras.com\/site\/wp-json\/wp\/v2\/types\/post"}],"author":[{"embeddable":true,"href":"https:\/\/www.notibras.com\/site\/wp-json\/wp\/v2\/users\/2"}],"replies":[{"embeddable":true,"href":"https:\/\/www.notibras.com\/site\/wp-json\/wp\/v2\/comments?post=299324"}],"version-history":[{"count":1,"href":"https:\/\/www.notibras.com\/site\/wp-json\/wp\/v2\/posts\/299324\/revisions"}],"predecessor-version":[{"id":299326,"href":"https:\/\/www.notibras.com\/site\/wp-json\/wp\/v2\/posts\/299324\/revisions\/299326"}],"wp:featuredmedia":[{"embeddable":true,"href":"https:\/\/www.notibras.com\/site\/wp-json\/wp\/v2\/media\/299325"}],"wp:attachment":[{"href":"https:\/\/www.notibras.com\/site\/wp-json\/wp\/v2\/media?parent=299324"}],"wp:term":[{"taxonomy":"category","embeddable":true,"href":"https:\/\/www.notibras.com\/site\/wp-json\/wp\/v2\/categories?post=299324"},{"taxonomy":"post_tag","embeddable":true,"href":"https:\/\/www.notibras.com\/site\/wp-json\/wp\/v2\/tags?post=299324"}],"curies":[{"name":"wp","href":"https:\/\/api.w.org\/{rel}","templated":true}]}}