{"id":299438,"date":"2023-02-12T21:24:28","date_gmt":"2023-02-13T00:24:28","guid":{"rendered":"https:\/\/www.notibras.com\/site\/?p=299438"},"modified":"2023-02-12T23:28:44","modified_gmt":"2023-02-13T02:28:44","slug":"curso-orienta-educador-como-levar-natureza-a-escola","status":"publish","type":"post","link":"https:\/\/www.notibras.com\/site\/curso-orienta-educador-como-levar-natureza-a-escola\/","title":{"rendered":"Curso orienta educador como levar natureza \u00e0 escola"},"content":{"rendered":"<p>Os educadores que querem levar a natureza para dentro de seus col\u00e9gios contam, agora, com um curso de forma\u00e7\u00e3o on-line e gratuito destinado a professoras e professores da educa\u00e7\u00e3o infantil, ensino fundamental I e educadores do contexto n\u00e3o formal.<\/p>\n<p>A ideia \u00e9 que os professores incentivem seus alunos a criar, dentro da escola, canteiros, jardins e hortas com o intuito de transformar os jovens em agentes de mudan\u00e7a para um mundo sustent\u00e1vel.<\/p>\n<p>Com a forma\u00e7\u00e3o adequada e certificada como curso de extens\u00e3o universit\u00e1ria, os educadores poder\u00e3o replicar o conceito das TiNis \u2013 Terra das Crian\u00e7as, que nada mais s\u00e3o que peda\u00e7os de terra que proporcionam contato com a natureza, desenvolvendo nas crian\u00e7as e adolescentes empatia por todas as formas de vida.<\/p>\n<p>\u201cProporciona a oferta de espa\u00e7os mais verdes e desafiadores, com rotinas escolares que incentivam o movimento, o tempo, o espa\u00e7o e a aprendizagem ao ar livre&#8221;, explica a coordenadora de TiNis no Brasil, Tha\u00eds Chita.<\/p>\n<p>A iniciativa \u00e9 do Instituto Alana, organiza\u00e7\u00e3o da sociedade civil que promove a\u00e7\u00f5es voltadas \u00e0 forma\u00e7\u00e3o de crian\u00e7as, em correaliza\u00e7\u00e3o com o Instituto Singularidades, refer\u00eancia nacional para a forma\u00e7\u00e3o inicial e continuada de professores. A certifica\u00e7\u00e3o \u00e9 do Instituto Singularidades e a forma\u00e7\u00e3o \u00e9 realizada em parceria com a Uni\u00e3o Nacional dos Dirigentes Municipais de Educa\u00e7\u00e3o (Undime) e a Plataforma Conviva Educa\u00e7\u00e3o.<\/p>\n<p>&#8220;Al\u00e9m disso, contribuem para a cria\u00e7\u00e3o de p\u00e1tios escolares naturalizados e de sistemas de \u00e1reas verdes da cidade. As TiNis ainda contribuem efetivamente com merenda escolar mais saud\u00e1vel e colabora para a constru\u00e7\u00e3o de uma cultura que reconhece as crian\u00e7as como agentes de transforma\u00e7\u00e3o\u201d, conta Tha\u00eds.<\/p>\n<p>Para as cidades, completa a coordenadora, as TiNis contribuem com os sistemas de \u00e1reas verdes e para o conforto t\u00e9rmico, verdejando e embelezando o espa\u00e7o, para cria\u00e7\u00e3o de microclima e habitats e para um ar mais limpo.<\/p>\n<p>\u201cS\u00e3o espa\u00e7os para que elas expressem sua autonomia e protagonismo, transformando o ambiente que frequentam, brincando e aprendendo com a Natureza em uma troca constante que gera benef\u00edcios para a pr\u00f3pria crian\u00e7a, para sua comunidade e para a Natureza. Sugerimos o tamanho de meio metro quadrado de terra ou tr\u00eas vasos\u201d, diz a coordenadora.<\/p>\n<p>Tha\u00eds conta que o conceito de TiNis \u00e9 recente e foi desenvolvido pelo peruano Joaqu\u00edn Legu\u00eda. A ideia j\u00e1 est\u00e1 presente em pa\u00edses como Equador, Bol\u00edvia, Costa Rica, Indon\u00e9sia e Jap\u00e3o. Chegou ao Brasil em 2021, em uma parceria entre o Instituto Alana e Gisele B\u00fcndchen, e j\u00e1 se espalhou por mais de 200 casas e escolas do nosso pa\u00eds.<\/p>\n<p><strong>O curso<\/strong><br \/>\nO curso online tem dura\u00e7\u00e3o de 40 horas e oferece aos educadores acesso a pr\u00e1ticas de centramento, videoaulas, apostilas, v\u00eddeos e materiais de aprofundamento, entrevistas com convidados especiais e atividades pr\u00e1ticas. O curso ser\u00e1 dividido em quatro m\u00f3dulos.<\/p>\n<p>No cronograma de aulas, os educadores v\u00e3o conhecer mais sobre o que s\u00e3o TiNis, seus conceitos e seu potencial educativo; a necessidade de formar v\u00ednculos afetivos com a natureza, o conceito da \u201ccria\u00e7\u00e3o rec\u00edproca\u201d e a no\u00e7\u00e3o de interdepend\u00eancia.<\/p>\n<p>No curso, os professores tamb\u00e9m v\u00e3o saber mais sobre o protagonismo infantil na cria\u00e7\u00e3o das TiNis, sobre o papel e a contribui\u00e7\u00e3o do educador para fomentar uma rela\u00e7\u00e3o saud\u00e1vel entre a crian\u00e7a e a natureza, sobre como engajar os estudantes com as TiNis e, tamb\u00e9m, t\u00e9cnicas b\u00e1sicas de plantio e de manejo.<\/p>\n<p><strong>Inscri\u00e7\u00f5es<\/strong><br \/>\nAs inscri\u00e7\u00f5es podem ser feitas pelo site e o in\u00edcio do curso \u00e9 imediato, n\u00e3o sendo necess\u00e1rio esperar para formar um turma.<\/p>\n<p>Para se inscrever, o professor deve seguir o passo a passo como se fosse efetuar a compra do curso pelo site. No entanto, por ser gratuito, o custo do curso aparecer\u00e1 como R$ 0,00 (zero reais). Para mais informa\u00e7\u00f5es, basta enviar um e-mail para: suportetecnico@singularidades.com.br<\/p>\n<p><strong>Exemplos de TiNis<\/strong><br \/>\nEm pouco menos de dois anos, a iniciativa j\u00e1 engajou cerca de mil educadores no Brasil, com exemplos bem-sucedidos em Jundia\u00ed e S\u00e3o Paulo (SP), Maca\u00edba (RN) e Benevides (PA).<\/p>\n<p>O Col\u00e9gio Paulo Freire de Jundia\u00ed foi o primeiro a ter uma coordenadora de TiNis. Karina Mitiko completou a forma\u00e7\u00e3o em 2021 e implantou o TiNi para Ser na institui\u00e7\u00e3o com a contribui\u00e7\u00f5es de outras professoras e fam\u00edlias.<\/p>\n<p>A escola incorporou o projeto no planejamento pedag\u00f3gico e vai incluir TiNis no curr\u00edculo para 2023, com envolvimento de todos os alunos (da educa\u00e7\u00e3o infantil ao fundamental II).<\/p>\n<p>A Escola do Sesc em Maca\u00edba implantou a TiNi Tempo de Semear. Al\u00e9m de plantar com seus alunos, a professora Josefa Lucila Felix Moreira j\u00e1 criou m\u00fasicas, mandalas e envolveu as fam\u00edlias na aventura de semear e colher.<\/p>\n<p>No Par\u00e1, a Rede Municipal de Educa\u00e7\u00e3o em Benevides implantou a TiNi Caminho do Girassol e a TiNi Doce Encanto. Em parceria com a Secretaria Municipal de Educa\u00e7\u00e3o, a iniciativa envolveu 90 gestores e coordenadores, al\u00e9m de 35 educadores.<\/p>\n","protected":false},"excerpt":{"rendered":"<p>Os educadores que querem levar a natureza para dentro de seus col\u00e9gios contam, agora, com um curso de forma\u00e7\u00e3o on-line e gratuito destinado a professoras e professores da educa\u00e7\u00e3o infantil, ensino fundamental I e educadores do contexto n\u00e3o formal. A ideia \u00e9 que os professores incentivem seus alunos a criar, dentro da escola, canteiros, jardins [&hellip;]<\/p>\n","protected":false},"author":2,"featured_media":299439,"comment_status":"closed","ping_status":"closed","sticky":false,"template":"","format":"standard","meta":{"_acf_changed":false,"footnotes":""},"categories":[161],"tags":[],"class_list":["post-299438","post","type-post","status-publish","format-standard","has-post-thumbnail","hentry","category-quadradinho-em-foco"],"acf":[],"yoast_head":"<!-- This site is optimized with the Yoast SEO plugin v27.2 - https:\/\/yoast.com\/product\/yoast-seo-wordpress\/ -->\n<title>Curso orienta educador como levar natureza \u00e0 escola - Notibras<\/title>\n<meta name=\"robots\" content=\"index, follow, max-snippet:-1, max-image-preview:large, max-video-preview:-1\" \/>\n<link rel=\"canonical\" href=\"https:\/\/www.notibras.com\/site\/curso-orienta-educador-como-levar-natureza-a-escola\/\" \/>\n<meta property=\"og:locale\" content=\"pt_BR\" \/>\n<meta property=\"og:type\" content=\"article\" \/>\n<meta property=\"og:title\" content=\"Curso orienta educador como levar natureza \u00e0 escola - Notibras\" \/>\n<meta property=\"og:description\" content=\"Os educadores que querem levar a natureza para dentro de seus col\u00e9gios contam, agora, com um curso de forma\u00e7\u00e3o on-line e gratuito destinado a professoras e professores da educa\u00e7\u00e3o infantil, ensino fundamental I e educadores do contexto n\u00e3o formal. A ideia \u00e9 que os professores incentivem seus alunos a criar, dentro da escola, canteiros, jardins [&hellip;]\" \/>\n<meta property=\"og:url\" content=\"https:\/\/www.notibras.com\/site\/curso-orienta-educador-como-levar-natureza-a-escola\/\" \/>\n<meta property=\"og:site_name\" content=\"Notibras\" \/>\n<meta property=\"article:publisher\" content=\"https:\/\/www.facebook.com\/notibras\/\" \/>\n<meta property=\"article:published_time\" content=\"2023-02-13T00:24:28+00:00\" \/>\n<meta property=\"article:modified_time\" content=\"2023-02-13T02:28:44+00:00\" \/>\n<meta property=\"og:image\" content=\"https:\/\/www.notibras.com\/site\/wp-content\/uploads\/2023\/02\/rvsa_abr_1409210332.jpg\" \/>\n\t<meta property=\"og:image:width\" content=\"1170\" \/>\n\t<meta property=\"og:image:height\" content=\"700\" \/>\n\t<meta property=\"og:image:type\" content=\"image\/jpeg\" \/>\n<meta name=\"author\" content=\"Reda\u00e7\u00e3o\" \/>\n<meta name=\"twitter:card\" content=\"summary_large_image\" \/>\n<meta name=\"twitter:creator\" content=\"@Notibras\" \/>\n<meta name=\"twitter:site\" content=\"@Notibras\" \/>\n<meta name=\"twitter:label1\" content=\"Escrito por\" \/>\n\t<meta name=\"twitter:data1\" content=\"Reda\u00e7\u00e3o\" \/>\n\t<meta name=\"twitter:label2\" content=\"Est. tempo de leitura\" \/>\n\t<meta name=\"twitter:data2\" content=\"5 minutos\" \/>\n<script type=\"application\/ld+json\" class=\"yoast-schema-graph\">{\"@context\":\"https:\/\/schema.org\",\"@graph\":[{\"@type\":\"Article\",\"@id\":\"https:\/\/www.notibras.com\/site\/curso-orienta-educador-como-levar-natureza-a-escola\/#article\",\"isPartOf\":{\"@id\":\"https:\/\/www.notibras.com\/site\/curso-orienta-educador-como-levar-natureza-a-escola\/\"},\"author\":{\"name\":\"Reda\u00e7\u00e3o\",\"@id\":\"https:\/\/www.notibras.com\/site\/#\/schema\/person\/36ab0979449956132d3e5b517ea76ac8\"},\"headline\":\"Curso orienta educador como levar natureza \u00e0 escola\",\"datePublished\":\"2023-02-13T00:24:28+00:00\",\"dateModified\":\"2023-02-13T02:28:44+00:00\",\"mainEntityOfPage\":{\"@id\":\"https:\/\/www.notibras.com\/site\/curso-orienta-educador-como-levar-natureza-a-escola\/\"},\"wordCount\":884,\"publisher\":{\"@id\":\"https:\/\/www.notibras.com\/site\/#organization\"},\"image\":{\"@id\":\"https:\/\/www.notibras.com\/site\/curso-orienta-educador-como-levar-natureza-a-escola\/#primaryimage\"},\"thumbnailUrl\":\"https:\/\/www.notibras.com\/site\/wp-content\/uploads\/2023\/02\/rvsa_abr_1409210332.jpg\",\"articleSection\":[\"Quadradinho em Foco\"],\"inLanguage\":\"pt-BR\"},{\"@type\":\"WebPage\",\"@id\":\"https:\/\/www.notibras.com\/site\/curso-orienta-educador-como-levar-natureza-a-escola\/\",\"url\":\"https:\/\/www.notibras.com\/site\/curso-orienta-educador-como-levar-natureza-a-escola\/\",\"name\":\"Curso orienta educador como levar natureza \u00e0 escola - Notibras\",\"isPartOf\":{\"@id\":\"https:\/\/www.notibras.com\/site\/#website\"},\"primaryImageOfPage\":{\"@id\":\"https:\/\/www.notibras.com\/site\/curso-orienta-educador-como-levar-natureza-a-escola\/#primaryimage\"},\"image\":{\"@id\":\"https:\/\/www.notibras.com\/site\/curso-orienta-educador-como-levar-natureza-a-escola\/#primaryimage\"},\"thumbnailUrl\":\"https:\/\/www.notibras.com\/site\/wp-content\/uploads\/2023\/02\/rvsa_abr_1409210332.jpg\",\"datePublished\":\"2023-02-13T00:24:28+00:00\",\"dateModified\":\"2023-02-13T02:28:44+00:00\",\"breadcrumb\":{\"@id\":\"https:\/\/www.notibras.com\/site\/curso-orienta-educador-como-levar-natureza-a-escola\/#breadcrumb\"},\"inLanguage\":\"pt-BR\",\"potentialAction\":[{\"@type\":\"ReadAction\",\"target\":[\"https:\/\/www.notibras.com\/site\/curso-orienta-educador-como-levar-natureza-a-escola\/\"]}]},{\"@type\":\"ImageObject\",\"inLanguage\":\"pt-BR\",\"@id\":\"https:\/\/www.notibras.com\/site\/curso-orienta-educador-como-levar-natureza-a-escola\/#primaryimage\",\"url\":\"https:\/\/www.notibras.com\/site\/wp-content\/uploads\/2023\/02\/rvsa_abr_1409210332.jpg\",\"contentUrl\":\"https:\/\/www.notibras.com\/site\/wp-content\/uploads\/2023\/02\/rvsa_abr_1409210332.jpg\",\"width\":1170,\"height\":700,\"caption\":\"S\u00e3o Paulo - Aula presencial na horta da Escola Estadual Terezine Arantes Ferraz Bibliotecaria, no Parque Casa de Pedra, zona norte da capital.\"},{\"@type\":\"BreadcrumbList\",\"@id\":\"https:\/\/www.notibras.com\/site\/curso-orienta-educador-como-levar-natureza-a-escola\/#breadcrumb\",\"itemListElement\":[{\"@type\":\"ListItem\",\"position\":1,\"name\":\"In\u00edcio\",\"item\":\"https:\/\/www.notibras.com\/site\/\"},{\"@type\":\"ListItem\",\"position\":2,\"name\":\"Curso orienta educador como levar natureza \u00e0 escola\"}]},{\"@type\":\"WebSite\",\"@id\":\"https:\/\/www.notibras.com\/site\/#website\",\"url\":\"https:\/\/www.notibras.com\/site\/\",\"name\":\"Notibras\",\"description\":\"Not\u00edcias de Bras\u00edlia, do Brasil e do Mundo\",\"publisher\":{\"@id\":\"https:\/\/www.notibras.com\/site\/#organization\"},\"potentialAction\":[{\"@type\":\"SearchAction\",\"target\":{\"@type\":\"EntryPoint\",\"urlTemplate\":\"https:\/\/www.notibras.com\/site\/?s={search_term_string}\"},\"query-input\":{\"@type\":\"PropertyValueSpecification\",\"valueRequired\":true,\"valueName\":\"search_term_string\"}}],\"inLanguage\":\"pt-BR\"},{\"@type\":\"Organization\",\"@id\":\"https:\/\/www.notibras.com\/site\/#organization\",\"name\":\"Grupo Notibras de Comunica\u00e7\u00e3o\",\"url\":\"https:\/\/www.notibras.com\/site\/\",\"logo\":{\"@type\":\"ImageObject\",\"inLanguage\":\"pt-BR\",\"@id\":\"https:\/\/www.notibras.com\/site\/#\/schema\/logo\/image\/\",\"url\":\"https:\/\/www.notibras.com\/site\/wp-content\/uploads\/2023\/01\/notibras23.png\",\"contentUrl\":\"https:\/\/www.notibras.com\/site\/wp-content\/uploads\/2023\/01\/notibras23.png\",\"width\":350,\"height\":87,\"caption\":\"Grupo Notibras de Comunica\u00e7\u00e3o\"},\"image\":{\"@id\":\"https:\/\/www.notibras.com\/site\/#\/schema\/logo\/image\/\"},\"sameAs\":[\"https:\/\/www.facebook.com\/notibras\/\",\"https:\/\/x.com\/Notibras\",\"https:\/\/www.instagram.com\/notibras\/\"]},{\"@type\":\"Person\",\"@id\":\"https:\/\/www.notibras.com\/site\/#\/schema\/person\/36ab0979449956132d3e5b517ea76ac8\",\"name\":\"Reda\u00e7\u00e3o\",\"image\":{\"@type\":\"ImageObject\",\"inLanguage\":\"pt-BR\",\"@id\":\"https:\/\/secure.gravatar.com\/avatar\/e0a867bdedb85fd243eadf09663511f96fc81e0720a4a42581f334ad4303aa6b?s=96&d=mm&r=g\",\"url\":\"https:\/\/secure.gravatar.com\/avatar\/e0a867bdedb85fd243eadf09663511f96fc81e0720a4a42581f334ad4303aa6b?s=96&d=mm&r=g\",\"contentUrl\":\"https:\/\/secure.gravatar.com\/avatar\/e0a867bdedb85fd243eadf09663511f96fc81e0720a4a42581f334ad4303aa6b?s=96&d=mm&r=g\",\"caption\":\"Reda\u00e7\u00e3o\"}}]}<\/script>\n<!-- \/ Yoast SEO plugin. -->","yoast_head_json":{"title":"Curso orienta educador como levar natureza \u00e0 escola - Notibras","robots":{"index":"index","follow":"follow","max-snippet":"max-snippet:-1","max-image-preview":"max-image-preview:large","max-video-preview":"max-video-preview:-1"},"canonical":"https:\/\/www.notibras.com\/site\/curso-orienta-educador-como-levar-natureza-a-escola\/","og_locale":"pt_BR","og_type":"article","og_title":"Curso orienta educador como levar natureza \u00e0 escola - Notibras","og_description":"Os educadores que querem levar a natureza para dentro de seus col\u00e9gios contam, agora, com um curso de forma\u00e7\u00e3o on-line e gratuito destinado a professoras e professores da educa\u00e7\u00e3o infantil, ensino fundamental I e educadores do contexto n\u00e3o formal. A ideia \u00e9 que os professores incentivem seus alunos a criar, dentro da escola, canteiros, jardins [&hellip;]","og_url":"https:\/\/www.notibras.com\/site\/curso-orienta-educador-como-levar-natureza-a-escola\/","og_site_name":"Notibras","article_publisher":"https:\/\/www.facebook.com\/notibras\/","article_published_time":"2023-02-13T00:24:28+00:00","article_modified_time":"2023-02-13T02:28:44+00:00","og_image":[{"width":1170,"height":700,"url":"https:\/\/www.notibras.com\/site\/wp-content\/uploads\/2023\/02\/rvsa_abr_1409210332.jpg","type":"image\/jpeg"}],"author":"Reda\u00e7\u00e3o","twitter_card":"summary_large_image","twitter_creator":"@Notibras","twitter_site":"@Notibras","twitter_misc":{"Escrito por":"Reda\u00e7\u00e3o","Est. tempo de leitura":"5 minutos"},"schema":{"@context":"https:\/\/schema.org","@graph":[{"@type":"Article","@id":"https:\/\/www.notibras.com\/site\/curso-orienta-educador-como-levar-natureza-a-escola\/#article","isPartOf":{"@id":"https:\/\/www.notibras.com\/site\/curso-orienta-educador-como-levar-natureza-a-escola\/"},"author":{"name":"Reda\u00e7\u00e3o","@id":"https:\/\/www.notibras.com\/site\/#\/schema\/person\/36ab0979449956132d3e5b517ea76ac8"},"headline":"Curso orienta educador como levar natureza \u00e0 escola","datePublished":"2023-02-13T00:24:28+00:00","dateModified":"2023-02-13T02:28:44+00:00","mainEntityOfPage":{"@id":"https:\/\/www.notibras.com\/site\/curso-orienta-educador-como-levar-natureza-a-escola\/"},"wordCount":884,"publisher":{"@id":"https:\/\/www.notibras.com\/site\/#organization"},"image":{"@id":"https:\/\/www.notibras.com\/site\/curso-orienta-educador-como-levar-natureza-a-escola\/#primaryimage"},"thumbnailUrl":"https:\/\/www.notibras.com\/site\/wp-content\/uploads\/2023\/02\/rvsa_abr_1409210332.jpg","articleSection":["Quadradinho em Foco"],"inLanguage":"pt-BR"},{"@type":"WebPage","@id":"https:\/\/www.notibras.com\/site\/curso-orienta-educador-como-levar-natureza-a-escola\/","url":"https:\/\/www.notibras.com\/site\/curso-orienta-educador-como-levar-natureza-a-escola\/","name":"Curso orienta educador como levar natureza \u00e0 escola - Notibras","isPartOf":{"@id":"https:\/\/www.notibras.com\/site\/#website"},"primaryImageOfPage":{"@id":"https:\/\/www.notibras.com\/site\/curso-orienta-educador-como-levar-natureza-a-escola\/#primaryimage"},"image":{"@id":"https:\/\/www.notibras.com\/site\/curso-orienta-educador-como-levar-natureza-a-escola\/#primaryimage"},"thumbnailUrl":"https:\/\/www.notibras.com\/site\/wp-content\/uploads\/2023\/02\/rvsa_abr_1409210332.jpg","datePublished":"2023-02-13T00:24:28+00:00","dateModified":"2023-02-13T02:28:44+00:00","breadcrumb":{"@id":"https:\/\/www.notibras.com\/site\/curso-orienta-educador-como-levar-natureza-a-escola\/#breadcrumb"},"inLanguage":"pt-BR","potentialAction":[{"@type":"ReadAction","target":["https:\/\/www.notibras.com\/site\/curso-orienta-educador-como-levar-natureza-a-escola\/"]}]},{"@type":"ImageObject","inLanguage":"pt-BR","@id":"https:\/\/www.notibras.com\/site\/curso-orienta-educador-como-levar-natureza-a-escola\/#primaryimage","url":"https:\/\/www.notibras.com\/site\/wp-content\/uploads\/2023\/02\/rvsa_abr_1409210332.jpg","contentUrl":"https:\/\/www.notibras.com\/site\/wp-content\/uploads\/2023\/02\/rvsa_abr_1409210332.jpg","width":1170,"height":700,"caption":"S\u00e3o Paulo - Aula presencial na horta da Escola Estadual Terezine Arantes Ferraz Bibliotecaria, no Parque Casa de Pedra, zona norte da capital."},{"@type":"BreadcrumbList","@id":"https:\/\/www.notibras.com\/site\/curso-orienta-educador-como-levar-natureza-a-escola\/#breadcrumb","itemListElement":[{"@type":"ListItem","position":1,"name":"In\u00edcio","item":"https:\/\/www.notibras.com\/site\/"},{"@type":"ListItem","position":2,"name":"Curso orienta educador como levar natureza \u00e0 escola"}]},{"@type":"WebSite","@id":"https:\/\/www.notibras.com\/site\/#website","url":"https:\/\/www.notibras.com\/site\/","name":"Notibras","description":"Not\u00edcias de Bras\u00edlia, do Brasil e do Mundo","publisher":{"@id":"https:\/\/www.notibras.com\/site\/#organization"},"potentialAction":[{"@type":"SearchAction","target":{"@type":"EntryPoint","urlTemplate":"https:\/\/www.notibras.com\/site\/?s={search_term_string}"},"query-input":{"@type":"PropertyValueSpecification","valueRequired":true,"valueName":"search_term_string"}}],"inLanguage":"pt-BR"},{"@type":"Organization","@id":"https:\/\/www.notibras.com\/site\/#organization","name":"Grupo Notibras de Comunica\u00e7\u00e3o","url":"https:\/\/www.notibras.com\/site\/","logo":{"@type":"ImageObject","inLanguage":"pt-BR","@id":"https:\/\/www.notibras.com\/site\/#\/schema\/logo\/image\/","url":"https:\/\/www.notibras.com\/site\/wp-content\/uploads\/2023\/01\/notibras23.png","contentUrl":"https:\/\/www.notibras.com\/site\/wp-content\/uploads\/2023\/01\/notibras23.png","width":350,"height":87,"caption":"Grupo Notibras de Comunica\u00e7\u00e3o"},"image":{"@id":"https:\/\/www.notibras.com\/site\/#\/schema\/logo\/image\/"},"sameAs":["https:\/\/www.facebook.com\/notibras\/","https:\/\/x.com\/Notibras","https:\/\/www.instagram.com\/notibras\/"]},{"@type":"Person","@id":"https:\/\/www.notibras.com\/site\/#\/schema\/person\/36ab0979449956132d3e5b517ea76ac8","name":"Reda\u00e7\u00e3o","image":{"@type":"ImageObject","inLanguage":"pt-BR","@id":"https:\/\/secure.gravatar.com\/avatar\/e0a867bdedb85fd243eadf09663511f96fc81e0720a4a42581f334ad4303aa6b?s=96&d=mm&r=g","url":"https:\/\/secure.gravatar.com\/avatar\/e0a867bdedb85fd243eadf09663511f96fc81e0720a4a42581f334ad4303aa6b?s=96&d=mm&r=g","contentUrl":"https:\/\/secure.gravatar.com\/avatar\/e0a867bdedb85fd243eadf09663511f96fc81e0720a4a42581f334ad4303aa6b?s=96&d=mm&r=g","caption":"Reda\u00e7\u00e3o"}}]}},"amp_enabled":true,"_links":{"self":[{"href":"https:\/\/www.notibras.com\/site\/wp-json\/wp\/v2\/posts\/299438","targetHints":{"allow":["GET"]}}],"collection":[{"href":"https:\/\/www.notibras.com\/site\/wp-json\/wp\/v2\/posts"}],"about":[{"href":"https:\/\/www.notibras.com\/site\/wp-json\/wp\/v2\/types\/post"}],"author":[{"embeddable":true,"href":"https:\/\/www.notibras.com\/site\/wp-json\/wp\/v2\/users\/2"}],"replies":[{"embeddable":true,"href":"https:\/\/www.notibras.com\/site\/wp-json\/wp\/v2\/comments?post=299438"}],"version-history":[{"count":1,"href":"https:\/\/www.notibras.com\/site\/wp-json\/wp\/v2\/posts\/299438\/revisions"}],"predecessor-version":[{"id":299440,"href":"https:\/\/www.notibras.com\/site\/wp-json\/wp\/v2\/posts\/299438\/revisions\/299440"}],"wp:featuredmedia":[{"embeddable":true,"href":"https:\/\/www.notibras.com\/site\/wp-json\/wp\/v2\/media\/299439"}],"wp:attachment":[{"href":"https:\/\/www.notibras.com\/site\/wp-json\/wp\/v2\/media?parent=299438"}],"wp:term":[{"taxonomy":"category","embeddable":true,"href":"https:\/\/www.notibras.com\/site\/wp-json\/wp\/v2\/categories?post=299438"},{"taxonomy":"post_tag","embeddable":true,"href":"https:\/\/www.notibras.com\/site\/wp-json\/wp\/v2\/tags?post=299438"}],"curies":[{"name":"wp","href":"https:\/\/api.w.org\/{rel}","templated":true}]}}