{"id":299445,"date":"2023-02-12T14:40:06","date_gmt":"2023-02-12T17:40:06","guid":{"rendered":"https:\/\/www.notibras.com\/site\/?p=299445"},"modified":"2023-02-12T23:43:15","modified_gmt":"2023-02-13T02:43:15","slug":"cartilha-da-dicas-sobre-uso-seguro-de-redes-sociais","status":"publish","type":"post","link":"https:\/\/www.notibras.com\/site\/cartilha-da-dicas-sobre-uso-seguro-de-redes-sociais\/","title":{"rendered":"Cartilha d\u00e1 dicas sobre uso seguro de redes sociais"},"content":{"rendered":"<p>O Centro de Estudos, Resposta e Tratamento de Incidentes de Seguran\u00e7a no Brasil (CERT.br) preparou uma cartilha com orienta\u00e7\u00f5es para uso seguro das redes sociais. A publica\u00e7\u00e3o foi disponibilizada pelo N\u00facleo de Informa\u00e7\u00e3o e Coordena\u00e7\u00e3o do Ponto BR (NIC.br), ao qual o centro est\u00e1 vinculado. \u00a0Para acess\u00e1-la,\u00a0<a href=\"https:\/\/cartilha.cert.br\/fasciculos\/#redes-sociais\" target=\"_blank\" rel=\"noopener\">clique aqui<\/a>.<img decoding=\"async\" src=\"https:\/\/agenciabrasil.ebc.com.br\/ebc.png?id=1509600&amp;o=node\" \/><img decoding=\"async\" src=\"https:\/\/agenciabrasil.ebc.com.br\/ebc.gif?id=1509600&amp;o=node\" \/><\/p>\n<p>A publica\u00e7\u00e3o foi lan\u00e7ada em comemora\u00e7\u00e3o ao Dia da Internet Segura (7 de fevereiro), com o apoio do Comit\u00ea Gestor da Internet no Brasil (CGI.br) e da Safernet Brasil.<\/p>\n<p>O fasc\u00edculo Redes Sociais faz parte da Cartilha de Seguran\u00e7a para Internet do CERT.br, e est\u00e1 dividido em duas partes: Cuidados essenciais nas redes sociais e Cuidados com sua reputa\u00e7\u00e3o online.<\/p>\n<p>Segundo o NIC.br, a primeira parte \u00e9 uma reflex\u00e3o que deve ser adotada antes de se publicar um conte\u00fado e compartilhar de informa\u00e7\u00f5es, apresentando algumas configura\u00e7\u00f5es de seguran\u00e7a e privacidade.<\/p>\n<p>A segunda parte apresenta dicas para a prote\u00e7\u00e3o de um futuro profissional. Aborda quest\u00f5es sobre respeito \u00e0 privacidade alheia e mostra exemplos de \u201cconte\u00fado indevido que n\u00e3o deve ser \u2018curtido\u2019 ou compartilhado\u201d.<\/p>\n<p>\u201cAs redes sociais se tornaram mais do que um meio de intera\u00e7\u00e3o e entretenimento. Ao se manifestarem nesses locais, os usu\u00e1rios deixam rastros digitais que ajudam a moldar sua reputa\u00e7\u00e3o online. O que ela curte ou compartilha diz muito sobre a pessoa. Por isso, o fasc\u00edculo fornece instru\u00e7\u00f5es sobre como evitar preju\u00edzos e se proteger\u201d, destaca a gerente do CERT.br, Cristine Hoepers.<\/p>\n<p>Ela acrescenta que a publica\u00e7\u00e3o d\u00e1 instru\u00e7\u00f5es sobre como proteger as contas em redes sociais, que s\u00e3o muito visadas por pessoas de m\u00e1-f\u00e9. \u201cDepois de invadi-las, eles se aproveitam da confian\u00e7a entre os usu\u00e1rios e da velocidade com que as informa\u00e7\u00f5es se propagam para disseminar malware [qualquer tipo de software de computador com inten\u00e7\u00e3o maliciosa] e aplicar golpes na rede de contatos da v\u00edtima\u201d.<\/p>\n<p>Veja algumas das orienta\u00e7\u00f5es apresentadas no fasc\u00edculo Redes Sociais da cartilha:<\/p>\n<p>Pense bem antes de postar: Nas redes sociais, as informa\u00e7\u00f5es se propagam rapidamente e, depois que algo \u00e9 divulgado, dificilmente pode ser apagado ou controlado. Lembre-se: uma vez postado, sempre postado;<br \/>\nSeja seletivo ao aceitar seguidores: Quanto maior sua rede, maior a exposi\u00e7\u00e3o de seus dados, postagens e lista de contatos. Isso aumenta o risco de abuso dessas informa\u00e7\u00f5es. Configure sua conta como privada, quando poss\u00edvel, e verifique a identidade da pessoa antes de aceit\u00e1-la em sua rede;<br \/>\nProteja o acesso \u00e0 sua conta: Crie senhas fortes e ative a verifica\u00e7\u00e3o em duas etapas; ative alertas e notifica\u00e7\u00f5es de tentativas de acesso em suas contas, redobrando a aten\u00e7\u00e3o com contas que d\u00e3o acesso a outras; se alguma conta sua foi invadida: troque a senha e siga os procedimentos para recupera\u00e7\u00e3o do acesso, se necess\u00e1rio;<br \/>\nCuidado com aplicativos de terceiros: Apps de jogos, testes de personalidade e edi\u00e7\u00e3o de imagens podem capturar suas informa\u00e7\u00f5es pessoais, fotos, hist\u00f3rico de navega\u00e7\u00e3o e lista de contatos para usos diversos e abusivos. Pense bem antes de dar acessos e leia os termos de uso e privacidade;<br \/>\nAjuste as configura\u00e7\u00f5es de seguran\u00e7a e privacidade das plataformas: Elas ajudam a definir quais informa\u00e7\u00f5es s\u00e3o compartilhadas sobre voc\u00ea e como seus dados s\u00e3o tratados. Configure suas redes sociais de forma que se sinta confort\u00e1vel, procurando o equil\u00edbrio entre exposi\u00e7\u00e3o, seguran\u00e7a e privacidade;<br \/>\nCuidado com o que curte ou compartilha: Suas intera\u00e7\u00f5es sociais, como curtidas e compartilhamentos, dizem muito sobre voc\u00ea, pois demonstram seu apoio \u00e0quele conte\u00fado. Se o conte\u00fado for indevido, isso pode gerar consequ\u00eancias, inclusive judiciais;<br \/>\nRespeite a privacidade alheia: Evite falar sobre as a\u00e7\u00f5es, h\u00e1bitos e rotina de outras pessoas; pense como elas se sentiriam se aquilo se tornasse p\u00fablico. Pe\u00e7a tamb\u00e9m autoriza\u00e7\u00e3o antes de postar imagens em que outros apare\u00e7am ou de compartilhar postagens alheias.<\/p>\n","protected":false},"excerpt":{"rendered":"<p>O Centro de Estudos, Resposta e Tratamento de Incidentes de Seguran\u00e7a no Brasil (CERT.br) preparou uma cartilha com orienta\u00e7\u00f5es para uso seguro das redes sociais. A publica\u00e7\u00e3o foi disponibilizada pelo N\u00facleo de Informa\u00e7\u00e3o e Coordena\u00e7\u00e3o do Ponto BR (NIC.br), ao qual o centro est\u00e1 vinculado. \u00a0Para acess\u00e1-la,\u00a0clique aqui. A publica\u00e7\u00e3o foi lan\u00e7ada em comemora\u00e7\u00e3o ao [&hellip;]<\/p>\n","protected":false},"author":2,"featured_media":299446,"comment_status":"closed","ping_status":"closed","sticky":false,"template":"","format":"standard","meta":{"_acf_changed":false,"footnotes":""},"categories":[161],"tags":[],"class_list":["post-299445","post","type-post","status-publish","format-standard","has-post-thumbnail","hentry","category-quadradinho-em-foco"],"acf":[],"yoast_head":"<!-- This site is optimized with the Yoast SEO plugin v27.2 - https:\/\/yoast.com\/product\/yoast-seo-wordpress\/ -->\n<title>Cartilha d\u00e1 dicas sobre uso seguro de redes sociais - Notibras<\/title>\n<meta name=\"robots\" content=\"index, follow, max-snippet:-1, max-image-preview:large, max-video-preview:-1\" \/>\n<link rel=\"canonical\" href=\"https:\/\/www.notibras.com\/site\/cartilha-da-dicas-sobre-uso-seguro-de-redes-sociais\/\" \/>\n<meta property=\"og:locale\" content=\"pt_BR\" \/>\n<meta property=\"og:type\" content=\"article\" \/>\n<meta property=\"og:title\" content=\"Cartilha d\u00e1 dicas sobre uso seguro de redes sociais - Notibras\" \/>\n<meta property=\"og:description\" content=\"O Centro de Estudos, Resposta e Tratamento de Incidentes de Seguran\u00e7a no Brasil (CERT.br) preparou uma cartilha com orienta\u00e7\u00f5es para uso seguro das redes sociais. A publica\u00e7\u00e3o foi disponibilizada pelo N\u00facleo de Informa\u00e7\u00e3o e Coordena\u00e7\u00e3o do Ponto BR (NIC.br), ao qual o centro est\u00e1 vinculado. \u00a0Para acess\u00e1-la,\u00a0clique aqui. A publica\u00e7\u00e3o foi lan\u00e7ada em comemora\u00e7\u00e3o ao [&hellip;]\" \/>\n<meta property=\"og:url\" content=\"https:\/\/www.notibras.com\/site\/cartilha-da-dicas-sobre-uso-seguro-de-redes-sociais\/\" \/>\n<meta property=\"og:site_name\" content=\"Notibras\" \/>\n<meta property=\"article:publisher\" content=\"https:\/\/www.facebook.com\/notibras\/\" \/>\n<meta property=\"article:published_time\" content=\"2023-02-12T17:40:06+00:00\" \/>\n<meta property=\"article:modified_time\" content=\"2023-02-13T02:43:15+00:00\" \/>\n<meta property=\"og:image\" content=\"https:\/\/www.notibras.com\/site\/wp-content\/uploads\/2023\/02\/uso_de_redes_sociais_em_telefones_smartphone_ffraz_abr_290620213650.jpg\" \/>\n\t<meta property=\"og:image:width\" content=\"1170\" \/>\n\t<meta property=\"og:image:height\" content=\"700\" \/>\n\t<meta property=\"og:image:type\" content=\"image\/jpeg\" \/>\n<meta name=\"author\" content=\"Reda\u00e7\u00e3o\" \/>\n<meta name=\"twitter:card\" content=\"summary_large_image\" \/>\n<meta name=\"twitter:creator\" content=\"@Notibras\" \/>\n<meta name=\"twitter:site\" content=\"@Notibras\" \/>\n<meta name=\"twitter:label1\" content=\"Escrito por\" \/>\n\t<meta name=\"twitter:data1\" content=\"Reda\u00e7\u00e3o\" \/>\n\t<meta name=\"twitter:label2\" content=\"Est. tempo de leitura\" \/>\n\t<meta name=\"twitter:data2\" content=\"4 minutos\" \/>\n<script type=\"application\/ld+json\" class=\"yoast-schema-graph\">{\"@context\":\"https:\/\/schema.org\",\"@graph\":[{\"@type\":\"Article\",\"@id\":\"https:\/\/www.notibras.com\/site\/cartilha-da-dicas-sobre-uso-seguro-de-redes-sociais\/#article\",\"isPartOf\":{\"@id\":\"https:\/\/www.notibras.com\/site\/cartilha-da-dicas-sobre-uso-seguro-de-redes-sociais\/\"},\"author\":{\"name\":\"Reda\u00e7\u00e3o\",\"@id\":\"https:\/\/www.notibras.com\/site\/#\/schema\/person\/36ab0979449956132d3e5b517ea76ac8\"},\"headline\":\"Cartilha d\u00e1 dicas sobre uso seguro de redes sociais\",\"datePublished\":\"2023-02-12T17:40:06+00:00\",\"dateModified\":\"2023-02-13T02:43:15+00:00\",\"mainEntityOfPage\":{\"@id\":\"https:\/\/www.notibras.com\/site\/cartilha-da-dicas-sobre-uso-seguro-de-redes-sociais\/\"},\"wordCount\":692,\"publisher\":{\"@id\":\"https:\/\/www.notibras.com\/site\/#organization\"},\"image\":{\"@id\":\"https:\/\/www.notibras.com\/site\/cartilha-da-dicas-sobre-uso-seguro-de-redes-sociais\/#primaryimage\"},\"thumbnailUrl\":\"https:\/\/www.notibras.com\/site\/wp-content\/uploads\/2023\/02\/uso_de_redes_sociais_em_telefones_smartphone_ffraz_abr_290620213650.jpg\",\"articleSection\":[\"Quadradinho em Foco\"],\"inLanguage\":\"pt-BR\"},{\"@type\":\"WebPage\",\"@id\":\"https:\/\/www.notibras.com\/site\/cartilha-da-dicas-sobre-uso-seguro-de-redes-sociais\/\",\"url\":\"https:\/\/www.notibras.com\/site\/cartilha-da-dicas-sobre-uso-seguro-de-redes-sociais\/\",\"name\":\"Cartilha d\u00e1 dicas sobre uso seguro de redes sociais - Notibras\",\"isPartOf\":{\"@id\":\"https:\/\/www.notibras.com\/site\/#website\"},\"primaryImageOfPage\":{\"@id\":\"https:\/\/www.notibras.com\/site\/cartilha-da-dicas-sobre-uso-seguro-de-redes-sociais\/#primaryimage\"},\"image\":{\"@id\":\"https:\/\/www.notibras.com\/site\/cartilha-da-dicas-sobre-uso-seguro-de-redes-sociais\/#primaryimage\"},\"thumbnailUrl\":\"https:\/\/www.notibras.com\/site\/wp-content\/uploads\/2023\/02\/uso_de_redes_sociais_em_telefones_smartphone_ffraz_abr_290620213650.jpg\",\"datePublished\":\"2023-02-12T17:40:06+00:00\",\"dateModified\":\"2023-02-13T02:43:15+00:00\",\"breadcrumb\":{\"@id\":\"https:\/\/www.notibras.com\/site\/cartilha-da-dicas-sobre-uso-seguro-de-redes-sociais\/#breadcrumb\"},\"inLanguage\":\"pt-BR\",\"potentialAction\":[{\"@type\":\"ReadAction\",\"target\":[\"https:\/\/www.notibras.com\/site\/cartilha-da-dicas-sobre-uso-seguro-de-redes-sociais\/\"]}]},{\"@type\":\"ImageObject\",\"inLanguage\":\"pt-BR\",\"@id\":\"https:\/\/www.notibras.com\/site\/cartilha-da-dicas-sobre-uso-seguro-de-redes-sociais\/#primaryimage\",\"url\":\"https:\/\/www.notibras.com\/site\/wp-content\/uploads\/2023\/02\/uso_de_redes_sociais_em_telefones_smartphone_ffraz_abr_290620213650.jpg\",\"contentUrl\":\"https:\/\/www.notibras.com\/site\/wp-content\/uploads\/2023\/02\/uso_de_redes_sociais_em_telefones_smartphone_ffraz_abr_290620213650.jpg\",\"width\":1170,\"height\":700,\"caption\":\"Rio de Janeiro - Uso de redes sociais para navega\u00e7\u00e3o na internet em telefones celulares do tipo smartphone para comunica\u00e7\u00e3o. (Fernando Fraz\u00e3o\/Ag\u00eancia Brasil)\"},{\"@type\":\"BreadcrumbList\",\"@id\":\"https:\/\/www.notibras.com\/site\/cartilha-da-dicas-sobre-uso-seguro-de-redes-sociais\/#breadcrumb\",\"itemListElement\":[{\"@type\":\"ListItem\",\"position\":1,\"name\":\"In\u00edcio\",\"item\":\"https:\/\/www.notibras.com\/site\/\"},{\"@type\":\"ListItem\",\"position\":2,\"name\":\"Cartilha d\u00e1 dicas sobre uso seguro de redes sociais\"}]},{\"@type\":\"WebSite\",\"@id\":\"https:\/\/www.notibras.com\/site\/#website\",\"url\":\"https:\/\/www.notibras.com\/site\/\",\"name\":\"Notibras\",\"description\":\"Not\u00edcias de Bras\u00edlia, do Brasil e do Mundo\",\"publisher\":{\"@id\":\"https:\/\/www.notibras.com\/site\/#organization\"},\"potentialAction\":[{\"@type\":\"SearchAction\",\"target\":{\"@type\":\"EntryPoint\",\"urlTemplate\":\"https:\/\/www.notibras.com\/site\/?s={search_term_string}\"},\"query-input\":{\"@type\":\"PropertyValueSpecification\",\"valueRequired\":true,\"valueName\":\"search_term_string\"}}],\"inLanguage\":\"pt-BR\"},{\"@type\":\"Organization\",\"@id\":\"https:\/\/www.notibras.com\/site\/#organization\",\"name\":\"Grupo Notibras de Comunica\u00e7\u00e3o\",\"url\":\"https:\/\/www.notibras.com\/site\/\",\"logo\":{\"@type\":\"ImageObject\",\"inLanguage\":\"pt-BR\",\"@id\":\"https:\/\/www.notibras.com\/site\/#\/schema\/logo\/image\/\",\"url\":\"https:\/\/www.notibras.com\/site\/wp-content\/uploads\/2023\/01\/notibras23.png\",\"contentUrl\":\"https:\/\/www.notibras.com\/site\/wp-content\/uploads\/2023\/01\/notibras23.png\",\"width\":350,\"height\":87,\"caption\":\"Grupo Notibras de Comunica\u00e7\u00e3o\"},\"image\":{\"@id\":\"https:\/\/www.notibras.com\/site\/#\/schema\/logo\/image\/\"},\"sameAs\":[\"https:\/\/www.facebook.com\/notibras\/\",\"https:\/\/x.com\/Notibras\",\"https:\/\/www.instagram.com\/notibras\/\"]},{\"@type\":\"Person\",\"@id\":\"https:\/\/www.notibras.com\/site\/#\/schema\/person\/36ab0979449956132d3e5b517ea76ac8\",\"name\":\"Reda\u00e7\u00e3o\",\"image\":{\"@type\":\"ImageObject\",\"inLanguage\":\"pt-BR\",\"@id\":\"https:\/\/secure.gravatar.com\/avatar\/e0a867bdedb85fd243eadf09663511f96fc81e0720a4a42581f334ad4303aa6b?s=96&d=mm&r=g\",\"url\":\"https:\/\/secure.gravatar.com\/avatar\/e0a867bdedb85fd243eadf09663511f96fc81e0720a4a42581f334ad4303aa6b?s=96&d=mm&r=g\",\"contentUrl\":\"https:\/\/secure.gravatar.com\/avatar\/e0a867bdedb85fd243eadf09663511f96fc81e0720a4a42581f334ad4303aa6b?s=96&d=mm&r=g\",\"caption\":\"Reda\u00e7\u00e3o\"}}]}<\/script>\n<!-- \/ Yoast SEO plugin. -->","yoast_head_json":{"title":"Cartilha d\u00e1 dicas sobre uso seguro de redes sociais - Notibras","robots":{"index":"index","follow":"follow","max-snippet":"max-snippet:-1","max-image-preview":"max-image-preview:large","max-video-preview":"max-video-preview:-1"},"canonical":"https:\/\/www.notibras.com\/site\/cartilha-da-dicas-sobre-uso-seguro-de-redes-sociais\/","og_locale":"pt_BR","og_type":"article","og_title":"Cartilha d\u00e1 dicas sobre uso seguro de redes sociais - Notibras","og_description":"O Centro de Estudos, Resposta e Tratamento de Incidentes de Seguran\u00e7a no Brasil (CERT.br) preparou uma cartilha com orienta\u00e7\u00f5es para uso seguro das redes sociais. A publica\u00e7\u00e3o foi disponibilizada pelo N\u00facleo de Informa\u00e7\u00e3o e Coordena\u00e7\u00e3o do Ponto BR (NIC.br), ao qual o centro est\u00e1 vinculado. \u00a0Para acess\u00e1-la,\u00a0clique aqui. A publica\u00e7\u00e3o foi lan\u00e7ada em comemora\u00e7\u00e3o ao [&hellip;]","og_url":"https:\/\/www.notibras.com\/site\/cartilha-da-dicas-sobre-uso-seguro-de-redes-sociais\/","og_site_name":"Notibras","article_publisher":"https:\/\/www.facebook.com\/notibras\/","article_published_time":"2023-02-12T17:40:06+00:00","article_modified_time":"2023-02-13T02:43:15+00:00","og_image":[{"width":1170,"height":700,"url":"https:\/\/www.notibras.com\/site\/wp-content\/uploads\/2023\/02\/uso_de_redes_sociais_em_telefones_smartphone_ffraz_abr_290620213650.jpg","type":"image\/jpeg"}],"author":"Reda\u00e7\u00e3o","twitter_card":"summary_large_image","twitter_creator":"@Notibras","twitter_site":"@Notibras","twitter_misc":{"Escrito por":"Reda\u00e7\u00e3o","Est. tempo de leitura":"4 minutos"},"schema":{"@context":"https:\/\/schema.org","@graph":[{"@type":"Article","@id":"https:\/\/www.notibras.com\/site\/cartilha-da-dicas-sobre-uso-seguro-de-redes-sociais\/#article","isPartOf":{"@id":"https:\/\/www.notibras.com\/site\/cartilha-da-dicas-sobre-uso-seguro-de-redes-sociais\/"},"author":{"name":"Reda\u00e7\u00e3o","@id":"https:\/\/www.notibras.com\/site\/#\/schema\/person\/36ab0979449956132d3e5b517ea76ac8"},"headline":"Cartilha d\u00e1 dicas sobre uso seguro de redes sociais","datePublished":"2023-02-12T17:40:06+00:00","dateModified":"2023-02-13T02:43:15+00:00","mainEntityOfPage":{"@id":"https:\/\/www.notibras.com\/site\/cartilha-da-dicas-sobre-uso-seguro-de-redes-sociais\/"},"wordCount":692,"publisher":{"@id":"https:\/\/www.notibras.com\/site\/#organization"},"image":{"@id":"https:\/\/www.notibras.com\/site\/cartilha-da-dicas-sobre-uso-seguro-de-redes-sociais\/#primaryimage"},"thumbnailUrl":"https:\/\/www.notibras.com\/site\/wp-content\/uploads\/2023\/02\/uso_de_redes_sociais_em_telefones_smartphone_ffraz_abr_290620213650.jpg","articleSection":["Quadradinho em Foco"],"inLanguage":"pt-BR"},{"@type":"WebPage","@id":"https:\/\/www.notibras.com\/site\/cartilha-da-dicas-sobre-uso-seguro-de-redes-sociais\/","url":"https:\/\/www.notibras.com\/site\/cartilha-da-dicas-sobre-uso-seguro-de-redes-sociais\/","name":"Cartilha d\u00e1 dicas sobre uso seguro de redes sociais - Notibras","isPartOf":{"@id":"https:\/\/www.notibras.com\/site\/#website"},"primaryImageOfPage":{"@id":"https:\/\/www.notibras.com\/site\/cartilha-da-dicas-sobre-uso-seguro-de-redes-sociais\/#primaryimage"},"image":{"@id":"https:\/\/www.notibras.com\/site\/cartilha-da-dicas-sobre-uso-seguro-de-redes-sociais\/#primaryimage"},"thumbnailUrl":"https:\/\/www.notibras.com\/site\/wp-content\/uploads\/2023\/02\/uso_de_redes_sociais_em_telefones_smartphone_ffraz_abr_290620213650.jpg","datePublished":"2023-02-12T17:40:06+00:00","dateModified":"2023-02-13T02:43:15+00:00","breadcrumb":{"@id":"https:\/\/www.notibras.com\/site\/cartilha-da-dicas-sobre-uso-seguro-de-redes-sociais\/#breadcrumb"},"inLanguage":"pt-BR","potentialAction":[{"@type":"ReadAction","target":["https:\/\/www.notibras.com\/site\/cartilha-da-dicas-sobre-uso-seguro-de-redes-sociais\/"]}]},{"@type":"ImageObject","inLanguage":"pt-BR","@id":"https:\/\/www.notibras.com\/site\/cartilha-da-dicas-sobre-uso-seguro-de-redes-sociais\/#primaryimage","url":"https:\/\/www.notibras.com\/site\/wp-content\/uploads\/2023\/02\/uso_de_redes_sociais_em_telefones_smartphone_ffraz_abr_290620213650.jpg","contentUrl":"https:\/\/www.notibras.com\/site\/wp-content\/uploads\/2023\/02\/uso_de_redes_sociais_em_telefones_smartphone_ffraz_abr_290620213650.jpg","width":1170,"height":700,"caption":"Rio de Janeiro - Uso de redes sociais para navega\u00e7\u00e3o na internet em telefones celulares do tipo smartphone para comunica\u00e7\u00e3o. (Fernando Fraz\u00e3o\/Ag\u00eancia Brasil)"},{"@type":"BreadcrumbList","@id":"https:\/\/www.notibras.com\/site\/cartilha-da-dicas-sobre-uso-seguro-de-redes-sociais\/#breadcrumb","itemListElement":[{"@type":"ListItem","position":1,"name":"In\u00edcio","item":"https:\/\/www.notibras.com\/site\/"},{"@type":"ListItem","position":2,"name":"Cartilha d\u00e1 dicas sobre uso seguro de redes sociais"}]},{"@type":"WebSite","@id":"https:\/\/www.notibras.com\/site\/#website","url":"https:\/\/www.notibras.com\/site\/","name":"Notibras","description":"Not\u00edcias de Bras\u00edlia, do Brasil e do Mundo","publisher":{"@id":"https:\/\/www.notibras.com\/site\/#organization"},"potentialAction":[{"@type":"SearchAction","target":{"@type":"EntryPoint","urlTemplate":"https:\/\/www.notibras.com\/site\/?s={search_term_string}"},"query-input":{"@type":"PropertyValueSpecification","valueRequired":true,"valueName":"search_term_string"}}],"inLanguage":"pt-BR"},{"@type":"Organization","@id":"https:\/\/www.notibras.com\/site\/#organization","name":"Grupo Notibras de Comunica\u00e7\u00e3o","url":"https:\/\/www.notibras.com\/site\/","logo":{"@type":"ImageObject","inLanguage":"pt-BR","@id":"https:\/\/www.notibras.com\/site\/#\/schema\/logo\/image\/","url":"https:\/\/www.notibras.com\/site\/wp-content\/uploads\/2023\/01\/notibras23.png","contentUrl":"https:\/\/www.notibras.com\/site\/wp-content\/uploads\/2023\/01\/notibras23.png","width":350,"height":87,"caption":"Grupo Notibras de Comunica\u00e7\u00e3o"},"image":{"@id":"https:\/\/www.notibras.com\/site\/#\/schema\/logo\/image\/"},"sameAs":["https:\/\/www.facebook.com\/notibras\/","https:\/\/x.com\/Notibras","https:\/\/www.instagram.com\/notibras\/"]},{"@type":"Person","@id":"https:\/\/www.notibras.com\/site\/#\/schema\/person\/36ab0979449956132d3e5b517ea76ac8","name":"Reda\u00e7\u00e3o","image":{"@type":"ImageObject","inLanguage":"pt-BR","@id":"https:\/\/secure.gravatar.com\/avatar\/e0a867bdedb85fd243eadf09663511f96fc81e0720a4a42581f334ad4303aa6b?s=96&d=mm&r=g","url":"https:\/\/secure.gravatar.com\/avatar\/e0a867bdedb85fd243eadf09663511f96fc81e0720a4a42581f334ad4303aa6b?s=96&d=mm&r=g","contentUrl":"https:\/\/secure.gravatar.com\/avatar\/e0a867bdedb85fd243eadf09663511f96fc81e0720a4a42581f334ad4303aa6b?s=96&d=mm&r=g","caption":"Reda\u00e7\u00e3o"}}]}},"amp_enabled":true,"_links":{"self":[{"href":"https:\/\/www.notibras.com\/site\/wp-json\/wp\/v2\/posts\/299445","targetHints":{"allow":["GET"]}}],"collection":[{"href":"https:\/\/www.notibras.com\/site\/wp-json\/wp\/v2\/posts"}],"about":[{"href":"https:\/\/www.notibras.com\/site\/wp-json\/wp\/v2\/types\/post"}],"author":[{"embeddable":true,"href":"https:\/\/www.notibras.com\/site\/wp-json\/wp\/v2\/users\/2"}],"replies":[{"embeddable":true,"href":"https:\/\/www.notibras.com\/site\/wp-json\/wp\/v2\/comments?post=299445"}],"version-history":[{"count":1,"href":"https:\/\/www.notibras.com\/site\/wp-json\/wp\/v2\/posts\/299445\/revisions"}],"predecessor-version":[{"id":299447,"href":"https:\/\/www.notibras.com\/site\/wp-json\/wp\/v2\/posts\/299445\/revisions\/299447"}],"wp:featuredmedia":[{"embeddable":true,"href":"https:\/\/www.notibras.com\/site\/wp-json\/wp\/v2\/media\/299446"}],"wp:attachment":[{"href":"https:\/\/www.notibras.com\/site\/wp-json\/wp\/v2\/media?parent=299445"}],"wp:term":[{"taxonomy":"category","embeddable":true,"href":"https:\/\/www.notibras.com\/site\/wp-json\/wp\/v2\/categories?post=299445"},{"taxonomy":"post_tag","embeddable":true,"href":"https:\/\/www.notibras.com\/site\/wp-json\/wp\/v2\/tags?post=299445"}],"curies":[{"name":"wp","href":"https:\/\/api.w.org\/{rel}","templated":true}]}}