{"id":299483,"date":"2023-02-14T07:30:28","date_gmt":"2023-02-14T10:30:28","guid":{"rendered":"https:\/\/www.notibras.com\/site\/?p=299483"},"modified":"2023-02-14T07:30:28","modified_gmt":"2023-02-14T10:30:28","slug":"flora-a-menina-sardenta-que-voltava-e-tricotava","status":"publish","type":"post","link":"https:\/\/www.notibras.com\/site\/flora-a-menina-sardenta-que-voltava-e-tricotava\/","title":{"rendered":"Flora, a menina sardenta que voltava e tricotava"},"content":{"rendered":"<p>Lucinda, mal pisou no ch\u00e3o frio de vermelh\u00e3o, se arrependeu de ter colocado o despertador para t\u00e3o cedo. A franja ca\u00edda protegia os olhos da luminosidade, que atravessava sem piedade a janela de vidro do seu quarto. Olhou de relance e, assustada, percebeu um vulto andando apressado pelo jardim ali na afastada ch\u00e1cara do N\u00facleo Rural Lago Oeste. Tentou, mas n\u00e3o conseguiu vislumbrar o rosto.<\/p>\n<p>Intrigada, cal\u00e7ou o chinelo de tric\u00f4 e correu, mas n\u00e3o encontrou viva alma no local. Apenas o amplo gramado, onde se destacavam uma mangueira e um enorme abacateiro, al\u00e9m das roseiras e hort\u00eansias. Voltou os olhos para o alpendre, onde costumava ficar Mel, a cadela de cor trigueira, morta h\u00e1 n\u00e3o mais de um ano. Talvez impressionada, imaginou ter ouvido o \u00faltimo uivo de lam\u00faria da cachorra, que havia sido picada por uma cascavel.<\/p>\n<p>Tornou a olhar para o amplo gramado. Balan\u00e7ou a cabe\u00e7a de um lado para o outro, at\u00e9 que desistiu e entrou. Foi direto para a cozinha, onde j\u00e1 se encontrava Flora, t\u00e3o ruiva e sardenta como uma crian\u00e7a de seis anos pode ser. A menina se virou e abriu um amplo sorriso ao ver a m\u00e3e. As duas se abra\u00e7aram. Em seguida, Lucinda preparou o caf\u00e9 da manh\u00e3.<\/p>\n<p>Flora parecia adorar cada tipo de biscoito que a m\u00e3e lhe preparava. A geleia era t\u00e3o generosamente espalhada pelo p\u00e3o quentinho,\u00a0 que escorria sem cerim\u00f4nia pelos cantos. As faces rosadas da pirralha ficavam lambuzadas de felicidade.<\/p>\n<p>Da cozinha, passavam para a sala, onde Flora tentava aprender cada ponto de croch\u00ea. De t\u00e3o esperta que era, logo come\u00e7ou a fazer amplas colchas, que atra\u00edam fregueses vindos de bem longe at\u00e9 o s\u00edtio, que ficava grudado ao p\u00e9 da serra. Horas e mais horas, at\u00e9 que a luz do dia se findava por completo, obrigando Lucinda a acender as lamparinas. N\u00e3o tardava, as duas adormeciam abra\u00e7adas.<\/p>\n<p>Na manh\u00e3 seguinte, a rotina prosseguia. Lucinda, o jardim, Flora, o caf\u00e9 da manh\u00e3, as colchas, lembran\u00e7as cada vez mais distantes da cadela Mel.\u00a0 A ciranda rodava como na \u00faltima volta, repleta de uma nota s\u00f3. At\u00e9 que, certa manh\u00e3, quando as duas ainda estavam fazendo o dejejum na cozinha, foram despertadas daquele transe de felicidade por um incessante bater de palmas vindo da porteira.<\/p>\n<p>Lucinda foi at\u00e9 o alpendre, de onde pode avistar um jovem casal, que parecia perdido. Pelo menos ela nunca havia visto aqueles dois, que logo se apresentaram. Eram da cidade e estavam fazendo trilha pela regi\u00e3o. Pediram um pouco de \u00e1gua, Lucinda os convidou para entrar.<\/p>\n<p>J\u00e1 na cozinha, foram servidos pela anfitri\u00e3, que os apresentou \u00e0 filha. O casal olhou para a cadeira, onde Flora costumava se sentar. A menina lhes sorriu. Os jovens beberam mais que depressa a \u00e1gua, agradeceram pela hospitalidade e se afastaram at\u00e9 quase a porteira. Ao se virarem para se despedir pela \u00faltima vez, avistaram um pequeno monte, de onde aparecia uma l\u00e1pide. Nela estava escrito: &#8220;Saudade eterna da minha amada Flora&#8221;.<\/p>\n","protected":false},"excerpt":{"rendered":"<p>Lucinda, mal pisou no ch\u00e3o frio de vermelh\u00e3o, se arrependeu de ter colocado o despertador para t\u00e3o cedo. A franja ca\u00edda protegia os olhos da luminosidade, que atravessava sem piedade a janela de vidro do seu quarto. Olhou de relance e, assustada, percebeu um vulto andando apressado pelo jardim ali na afastada ch\u00e1cara do N\u00facleo [&hellip;]<\/p>\n","protected":false},"author":2,"featured_media":299484,"comment_status":"closed","ping_status":"closed","sticky":false,"template":"","format":"standard","meta":{"_acf_changed":false,"footnotes":""},"categories":[161],"tags":[],"class_list":["post-299483","post","type-post","status-publish","format-standard","has-post-thumbnail","hentry","category-quadradinho-em-foco"],"acf":[],"yoast_head":"<!-- This site is optimized with the Yoast SEO plugin v27.2 - https:\/\/yoast.com\/product\/yoast-seo-wordpress\/ -->\n<title>Flora, a menina sardenta que voltava e tricotava - Notibras<\/title>\n<meta name=\"robots\" content=\"index, follow, max-snippet:-1, max-image-preview:large, max-video-preview:-1\" \/>\n<link rel=\"canonical\" href=\"https:\/\/www.notibras.com\/site\/flora-a-menina-sardenta-que-voltava-e-tricotava\/\" \/>\n<meta property=\"og:locale\" content=\"pt_BR\" \/>\n<meta property=\"og:type\" content=\"article\" \/>\n<meta property=\"og:title\" content=\"Flora, a menina sardenta que voltava e tricotava - Notibras\" \/>\n<meta property=\"og:description\" content=\"Lucinda, mal pisou no ch\u00e3o frio de vermelh\u00e3o, se arrependeu de ter colocado o despertador para t\u00e3o cedo. A franja ca\u00edda protegia os olhos da luminosidade, que atravessava sem piedade a janela de vidro do seu quarto. Olhou de relance e, assustada, percebeu um vulto andando apressado pelo jardim ali na afastada ch\u00e1cara do N\u00facleo [&hellip;]\" \/>\n<meta property=\"og:url\" content=\"https:\/\/www.notibras.com\/site\/flora-a-menina-sardenta-que-voltava-e-tricotava\/\" \/>\n<meta property=\"og:site_name\" content=\"Notibras\" \/>\n<meta property=\"article:publisher\" content=\"https:\/\/www.facebook.com\/notibras\/\" \/>\n<meta property=\"article:published_time\" content=\"2023-02-14T10:30:28+00:00\" \/>\n<meta property=\"og:image\" content=\"https:\/\/www.notibras.com\/site\/wp-content\/uploads\/2023\/02\/flora.webp\" \/>\n\t<meta property=\"og:image:width\" content=\"888\" \/>\n\t<meta property=\"og:image:height\" content=\"500\" \/>\n\t<meta property=\"og:image:type\" content=\"image\/webp\" \/>\n<meta name=\"author\" content=\"Reda\u00e7\u00e3o\" \/>\n<meta name=\"twitter:card\" content=\"summary_large_image\" \/>\n<meta name=\"twitter:creator\" content=\"@Notibras\" \/>\n<meta name=\"twitter:site\" content=\"@Notibras\" \/>\n<meta name=\"twitter:label1\" content=\"Escrito por\" \/>\n\t<meta name=\"twitter:data1\" content=\"Reda\u00e7\u00e3o\" \/>\n\t<meta name=\"twitter:label2\" content=\"Est. tempo de leitura\" \/>\n\t<meta name=\"twitter:data2\" content=\"3 minutos\" \/>\n<script type=\"application\/ld+json\" class=\"yoast-schema-graph\">{\"@context\":\"https:\/\/schema.org\",\"@graph\":[{\"@type\":\"Article\",\"@id\":\"https:\/\/www.notibras.com\/site\/flora-a-menina-sardenta-que-voltava-e-tricotava\/#article\",\"isPartOf\":{\"@id\":\"https:\/\/www.notibras.com\/site\/flora-a-menina-sardenta-que-voltava-e-tricotava\/\"},\"author\":{\"name\":\"Reda\u00e7\u00e3o\",\"@id\":\"https:\/\/www.notibras.com\/site\/#\/schema\/person\/36ab0979449956132d3e5b517ea76ac8\"},\"headline\":\"Flora, a menina sardenta que voltava e tricotava\",\"datePublished\":\"2023-02-14T10:30:28+00:00\",\"mainEntityOfPage\":{\"@id\":\"https:\/\/www.notibras.com\/site\/flora-a-menina-sardenta-que-voltava-e-tricotava\/\"},\"wordCount\":533,\"publisher\":{\"@id\":\"https:\/\/www.notibras.com\/site\/#organization\"},\"image\":{\"@id\":\"https:\/\/www.notibras.com\/site\/flora-a-menina-sardenta-que-voltava-e-tricotava\/#primaryimage\"},\"thumbnailUrl\":\"https:\/\/www.notibras.com\/site\/wp-content\/uploads\/2023\/02\/flora.webp\",\"articleSection\":[\"Quadradinho em Foco\"],\"inLanguage\":\"pt-BR\"},{\"@type\":\"WebPage\",\"@id\":\"https:\/\/www.notibras.com\/site\/flora-a-menina-sardenta-que-voltava-e-tricotava\/\",\"url\":\"https:\/\/www.notibras.com\/site\/flora-a-menina-sardenta-que-voltava-e-tricotava\/\",\"name\":\"Flora, a menina sardenta que voltava e tricotava - Notibras\",\"isPartOf\":{\"@id\":\"https:\/\/www.notibras.com\/site\/#website\"},\"primaryImageOfPage\":{\"@id\":\"https:\/\/www.notibras.com\/site\/flora-a-menina-sardenta-que-voltava-e-tricotava\/#primaryimage\"},\"image\":{\"@id\":\"https:\/\/www.notibras.com\/site\/flora-a-menina-sardenta-que-voltava-e-tricotava\/#primaryimage\"},\"thumbnailUrl\":\"https:\/\/www.notibras.com\/site\/wp-content\/uploads\/2023\/02\/flora.webp\",\"datePublished\":\"2023-02-14T10:30:28+00:00\",\"breadcrumb\":{\"@id\":\"https:\/\/www.notibras.com\/site\/flora-a-menina-sardenta-que-voltava-e-tricotava\/#breadcrumb\"},\"inLanguage\":\"pt-BR\",\"potentialAction\":[{\"@type\":\"ReadAction\",\"target\":[\"https:\/\/www.notibras.com\/site\/flora-a-menina-sardenta-que-voltava-e-tricotava\/\"]}]},{\"@type\":\"ImageObject\",\"inLanguage\":\"pt-BR\",\"@id\":\"https:\/\/www.notibras.com\/site\/flora-a-menina-sardenta-que-voltava-e-tricotava\/#primaryimage\",\"url\":\"https:\/\/www.notibras.com\/site\/wp-content\/uploads\/2023\/02\/flora.webp\",\"contentUrl\":\"https:\/\/www.notibras.com\/site\/wp-content\/uploads\/2023\/02\/flora.webp\",\"width\":888,\"height\":500},{\"@type\":\"BreadcrumbList\",\"@id\":\"https:\/\/www.notibras.com\/site\/flora-a-menina-sardenta-que-voltava-e-tricotava\/#breadcrumb\",\"itemListElement\":[{\"@type\":\"ListItem\",\"position\":1,\"name\":\"In\u00edcio\",\"item\":\"https:\/\/www.notibras.com\/site\/\"},{\"@type\":\"ListItem\",\"position\":2,\"name\":\"Flora, a menina sardenta que voltava e tricotava\"}]},{\"@type\":\"WebSite\",\"@id\":\"https:\/\/www.notibras.com\/site\/#website\",\"url\":\"https:\/\/www.notibras.com\/site\/\",\"name\":\"Notibras\",\"description\":\"Not\u00edcias de Bras\u00edlia, do Brasil e do Mundo\",\"publisher\":{\"@id\":\"https:\/\/www.notibras.com\/site\/#organization\"},\"potentialAction\":[{\"@type\":\"SearchAction\",\"target\":{\"@type\":\"EntryPoint\",\"urlTemplate\":\"https:\/\/www.notibras.com\/site\/?s={search_term_string}\"},\"query-input\":{\"@type\":\"PropertyValueSpecification\",\"valueRequired\":true,\"valueName\":\"search_term_string\"}}],\"inLanguage\":\"pt-BR\"},{\"@type\":\"Organization\",\"@id\":\"https:\/\/www.notibras.com\/site\/#organization\",\"name\":\"Grupo Notibras de Comunica\u00e7\u00e3o\",\"url\":\"https:\/\/www.notibras.com\/site\/\",\"logo\":{\"@type\":\"ImageObject\",\"inLanguage\":\"pt-BR\",\"@id\":\"https:\/\/www.notibras.com\/site\/#\/schema\/logo\/image\/\",\"url\":\"https:\/\/www.notibras.com\/site\/wp-content\/uploads\/2023\/01\/notibras23.png\",\"contentUrl\":\"https:\/\/www.notibras.com\/site\/wp-content\/uploads\/2023\/01\/notibras23.png\",\"width\":350,\"height\":87,\"caption\":\"Grupo Notibras de Comunica\u00e7\u00e3o\"},\"image\":{\"@id\":\"https:\/\/www.notibras.com\/site\/#\/schema\/logo\/image\/\"},\"sameAs\":[\"https:\/\/www.facebook.com\/notibras\/\",\"https:\/\/x.com\/Notibras\",\"https:\/\/www.instagram.com\/notibras\/\"]},{\"@type\":\"Person\",\"@id\":\"https:\/\/www.notibras.com\/site\/#\/schema\/person\/36ab0979449956132d3e5b517ea76ac8\",\"name\":\"Reda\u00e7\u00e3o\",\"image\":{\"@type\":\"ImageObject\",\"inLanguage\":\"pt-BR\",\"@id\":\"https:\/\/secure.gravatar.com\/avatar\/e0a867bdedb85fd243eadf09663511f96fc81e0720a4a42581f334ad4303aa6b?s=96&d=mm&r=g\",\"url\":\"https:\/\/secure.gravatar.com\/avatar\/e0a867bdedb85fd243eadf09663511f96fc81e0720a4a42581f334ad4303aa6b?s=96&d=mm&r=g\",\"contentUrl\":\"https:\/\/secure.gravatar.com\/avatar\/e0a867bdedb85fd243eadf09663511f96fc81e0720a4a42581f334ad4303aa6b?s=96&d=mm&r=g\",\"caption\":\"Reda\u00e7\u00e3o\"}}]}<\/script>\n<!-- \/ Yoast SEO plugin. -->","yoast_head_json":{"title":"Flora, a menina sardenta que voltava e tricotava - Notibras","robots":{"index":"index","follow":"follow","max-snippet":"max-snippet:-1","max-image-preview":"max-image-preview:large","max-video-preview":"max-video-preview:-1"},"canonical":"https:\/\/www.notibras.com\/site\/flora-a-menina-sardenta-que-voltava-e-tricotava\/","og_locale":"pt_BR","og_type":"article","og_title":"Flora, a menina sardenta que voltava e tricotava - Notibras","og_description":"Lucinda, mal pisou no ch\u00e3o frio de vermelh\u00e3o, se arrependeu de ter colocado o despertador para t\u00e3o cedo. A franja ca\u00edda protegia os olhos da luminosidade, que atravessava sem piedade a janela de vidro do seu quarto. Olhou de relance e, assustada, percebeu um vulto andando apressado pelo jardim ali na afastada ch\u00e1cara do N\u00facleo [&hellip;]","og_url":"https:\/\/www.notibras.com\/site\/flora-a-menina-sardenta-que-voltava-e-tricotava\/","og_site_name":"Notibras","article_publisher":"https:\/\/www.facebook.com\/notibras\/","article_published_time":"2023-02-14T10:30:28+00:00","og_image":[{"width":888,"height":500,"url":"https:\/\/www.notibras.com\/site\/wp-content\/uploads\/2023\/02\/flora.webp","type":"image\/webp"}],"author":"Reda\u00e7\u00e3o","twitter_card":"summary_large_image","twitter_creator":"@Notibras","twitter_site":"@Notibras","twitter_misc":{"Escrito por":"Reda\u00e7\u00e3o","Est. tempo de leitura":"3 minutos"},"schema":{"@context":"https:\/\/schema.org","@graph":[{"@type":"Article","@id":"https:\/\/www.notibras.com\/site\/flora-a-menina-sardenta-que-voltava-e-tricotava\/#article","isPartOf":{"@id":"https:\/\/www.notibras.com\/site\/flora-a-menina-sardenta-que-voltava-e-tricotava\/"},"author":{"name":"Reda\u00e7\u00e3o","@id":"https:\/\/www.notibras.com\/site\/#\/schema\/person\/36ab0979449956132d3e5b517ea76ac8"},"headline":"Flora, a menina sardenta que voltava e tricotava","datePublished":"2023-02-14T10:30:28+00:00","mainEntityOfPage":{"@id":"https:\/\/www.notibras.com\/site\/flora-a-menina-sardenta-que-voltava-e-tricotava\/"},"wordCount":533,"publisher":{"@id":"https:\/\/www.notibras.com\/site\/#organization"},"image":{"@id":"https:\/\/www.notibras.com\/site\/flora-a-menina-sardenta-que-voltava-e-tricotava\/#primaryimage"},"thumbnailUrl":"https:\/\/www.notibras.com\/site\/wp-content\/uploads\/2023\/02\/flora.webp","articleSection":["Quadradinho em Foco"],"inLanguage":"pt-BR"},{"@type":"WebPage","@id":"https:\/\/www.notibras.com\/site\/flora-a-menina-sardenta-que-voltava-e-tricotava\/","url":"https:\/\/www.notibras.com\/site\/flora-a-menina-sardenta-que-voltava-e-tricotava\/","name":"Flora, a menina sardenta que voltava e tricotava - Notibras","isPartOf":{"@id":"https:\/\/www.notibras.com\/site\/#website"},"primaryImageOfPage":{"@id":"https:\/\/www.notibras.com\/site\/flora-a-menina-sardenta-que-voltava-e-tricotava\/#primaryimage"},"image":{"@id":"https:\/\/www.notibras.com\/site\/flora-a-menina-sardenta-que-voltava-e-tricotava\/#primaryimage"},"thumbnailUrl":"https:\/\/www.notibras.com\/site\/wp-content\/uploads\/2023\/02\/flora.webp","datePublished":"2023-02-14T10:30:28+00:00","breadcrumb":{"@id":"https:\/\/www.notibras.com\/site\/flora-a-menina-sardenta-que-voltava-e-tricotava\/#breadcrumb"},"inLanguage":"pt-BR","potentialAction":[{"@type":"ReadAction","target":["https:\/\/www.notibras.com\/site\/flora-a-menina-sardenta-que-voltava-e-tricotava\/"]}]},{"@type":"ImageObject","inLanguage":"pt-BR","@id":"https:\/\/www.notibras.com\/site\/flora-a-menina-sardenta-que-voltava-e-tricotava\/#primaryimage","url":"https:\/\/www.notibras.com\/site\/wp-content\/uploads\/2023\/02\/flora.webp","contentUrl":"https:\/\/www.notibras.com\/site\/wp-content\/uploads\/2023\/02\/flora.webp","width":888,"height":500},{"@type":"BreadcrumbList","@id":"https:\/\/www.notibras.com\/site\/flora-a-menina-sardenta-que-voltava-e-tricotava\/#breadcrumb","itemListElement":[{"@type":"ListItem","position":1,"name":"In\u00edcio","item":"https:\/\/www.notibras.com\/site\/"},{"@type":"ListItem","position":2,"name":"Flora, a menina sardenta que voltava e tricotava"}]},{"@type":"WebSite","@id":"https:\/\/www.notibras.com\/site\/#website","url":"https:\/\/www.notibras.com\/site\/","name":"Notibras","description":"Not\u00edcias de Bras\u00edlia, do Brasil e do Mundo","publisher":{"@id":"https:\/\/www.notibras.com\/site\/#organization"},"potentialAction":[{"@type":"SearchAction","target":{"@type":"EntryPoint","urlTemplate":"https:\/\/www.notibras.com\/site\/?s={search_term_string}"},"query-input":{"@type":"PropertyValueSpecification","valueRequired":true,"valueName":"search_term_string"}}],"inLanguage":"pt-BR"},{"@type":"Organization","@id":"https:\/\/www.notibras.com\/site\/#organization","name":"Grupo Notibras de Comunica\u00e7\u00e3o","url":"https:\/\/www.notibras.com\/site\/","logo":{"@type":"ImageObject","inLanguage":"pt-BR","@id":"https:\/\/www.notibras.com\/site\/#\/schema\/logo\/image\/","url":"https:\/\/www.notibras.com\/site\/wp-content\/uploads\/2023\/01\/notibras23.png","contentUrl":"https:\/\/www.notibras.com\/site\/wp-content\/uploads\/2023\/01\/notibras23.png","width":350,"height":87,"caption":"Grupo Notibras de Comunica\u00e7\u00e3o"},"image":{"@id":"https:\/\/www.notibras.com\/site\/#\/schema\/logo\/image\/"},"sameAs":["https:\/\/www.facebook.com\/notibras\/","https:\/\/x.com\/Notibras","https:\/\/www.instagram.com\/notibras\/"]},{"@type":"Person","@id":"https:\/\/www.notibras.com\/site\/#\/schema\/person\/36ab0979449956132d3e5b517ea76ac8","name":"Reda\u00e7\u00e3o","image":{"@type":"ImageObject","inLanguage":"pt-BR","@id":"https:\/\/secure.gravatar.com\/avatar\/e0a867bdedb85fd243eadf09663511f96fc81e0720a4a42581f334ad4303aa6b?s=96&d=mm&r=g","url":"https:\/\/secure.gravatar.com\/avatar\/e0a867bdedb85fd243eadf09663511f96fc81e0720a4a42581f334ad4303aa6b?s=96&d=mm&r=g","contentUrl":"https:\/\/secure.gravatar.com\/avatar\/e0a867bdedb85fd243eadf09663511f96fc81e0720a4a42581f334ad4303aa6b?s=96&d=mm&r=g","caption":"Reda\u00e7\u00e3o"}}]}},"amp_enabled":true,"_links":{"self":[{"href":"https:\/\/www.notibras.com\/site\/wp-json\/wp\/v2\/posts\/299483","targetHints":{"allow":["GET"]}}],"collection":[{"href":"https:\/\/www.notibras.com\/site\/wp-json\/wp\/v2\/posts"}],"about":[{"href":"https:\/\/www.notibras.com\/site\/wp-json\/wp\/v2\/types\/post"}],"author":[{"embeddable":true,"href":"https:\/\/www.notibras.com\/site\/wp-json\/wp\/v2\/users\/2"}],"replies":[{"embeddable":true,"href":"https:\/\/www.notibras.com\/site\/wp-json\/wp\/v2\/comments?post=299483"}],"version-history":[{"count":1,"href":"https:\/\/www.notibras.com\/site\/wp-json\/wp\/v2\/posts\/299483\/revisions"}],"predecessor-version":[{"id":299485,"href":"https:\/\/www.notibras.com\/site\/wp-json\/wp\/v2\/posts\/299483\/revisions\/299485"}],"wp:featuredmedia":[{"embeddable":true,"href":"https:\/\/www.notibras.com\/site\/wp-json\/wp\/v2\/media\/299484"}],"wp:attachment":[{"href":"https:\/\/www.notibras.com\/site\/wp-json\/wp\/v2\/media?parent=299483"}],"wp:term":[{"taxonomy":"category","embeddable":true,"href":"https:\/\/www.notibras.com\/site\/wp-json\/wp\/v2\/categories?post=299483"},{"taxonomy":"post_tag","embeddable":true,"href":"https:\/\/www.notibras.com\/site\/wp-json\/wp\/v2\/tags?post=299483"}],"curies":[{"name":"wp","href":"https:\/\/api.w.org\/{rel}","templated":true}]}}