{"id":299550,"date":"2023-02-15T08:03:03","date_gmt":"2023-02-15T11:03:03","guid":{"rendered":"https:\/\/www.notibras.com\/site\/?p=299550"},"modified":"2023-02-15T08:03:51","modified_gmt":"2023-02-15T11:03:51","slug":"envelhecer-e-uma-arte-no-brasil-sem-memoria","status":"publish","type":"post","link":"https:\/\/www.notibras.com\/site\/envelhecer-e-uma-arte-no-brasil-sem-memoria\/","title":{"rendered":"Envelhecer \u00e9 uma arte no Brasil sem mem\u00f3ria"},"content":{"rendered":"<p>Feliz, de bem com a vida e gaiato quando sobra algum cacau antes de terminar o m\u00eas, estou aproveitando o que ainda me resta de criatividade. J\u00e1 ouvi dizer que envelhecer \u00e9 moderno. \u00c9 por a\u00ed, pois, nas rodas de jovens, valho menos do que um celular da Feira do Rolo. \u00c0s vezes, consigo ser abduzido por figuras que teimo em n\u00e3o conhecer, entre elas os tais Facebook, Twitter, Instagram e Streaming. Espero e confio, mas um dia partirei para o after. Por isso, tenho pressa. No Brasil, sem mem\u00f3ria, onde at\u00e9 a natureza \u00e9 obscena, sorrio sempre, ainda que saiba que gaiatice tamb\u00e9m tem limite. Egresso da gera\u00e7\u00e3o Asdr\u00fabal Trouxe o Trombone, grupo do qual era groupie, hoje decepciono na gest\u00e3o de ladeira. Tenho dificuldades para controlar o freio de m\u00e3o. Nada disso me preocupa mais.<\/p>\n<p>O que me tira da caixinha \u00e9 justamente a falta de apoio para aqueles que, por for\u00e7a do tempo, est\u00e3o obrigados a agir, a pensar e a viver compulsoriamente. Qualquer deslize pode significar o fim. Atualmente, nem preciso de bebidas ou drogas para ficar tonto. Basta levantar r\u00e1pido. Em s\u00edntese, para a maioria dos brasileiros, eu inclusive, envelhecer \u00e9 uma arte. Daqui por diante, meu pressuposto \u00e9 que n\u00e3o h\u00e1 fatos eternos, assim como n\u00e3o h\u00e1 verdades absolutas. Numa analogia com a pol\u00edtica moderna, basta compararmos um santo com um ladr\u00e3o e concluiremos que o santo era do pau oco. Do que aprendi, jamais esqueci que, em \u00e9poca de mentiras universais, dizer a verdade \u00e9 um ato revolucion\u00e1rio. Boas ou ruins, lend\u00e1rias ou fict\u00edcias, as melhores verdades s\u00e3o aquelas que v\u00eam da alma. Lembro de uma frase c\u00e9lebre do poeta Vin\u00edcius de Moraes sobre religi\u00e3o e espiritualidade.<\/p>\n<p>Adepto do paganismo e constantemente flertando com o ate\u00edsmo e com os bord\u00e9is, Vin\u00edcius \u00e9 imorr\u00edvel. Infelizmente, boa parte dos jovens n\u00e3o o conheceu. Uma pena. De certa feita, ele foi pr\u00e1tico ao responder a uma indaga\u00e7\u00e3o relativa \u00e0 reencarna\u00e7\u00e3o. &#8220;Tenho d\u00favidas, mas, se pudesse reencarnar, gostaria de voltar exatamente como sou. Apenas com o bilau um pouquinho maior&#8221;. \u00c9 a minha filosofia e o meu desejo. Vin\u00edcius partiu em julho de 1980, mas deixou ensinamentos infind\u00e1veis. Um deles \u00e9 cada vez mais atual: &#8220;O que faz a diferen\u00e7a \u00e9 a qualidade das rela\u00e7\u00f5es a partir dos 50 anos&#8221;. Eita sabedoria pai d&#8217;\u00e9gua. Seguindo a m\u00e1xima de Vin\u00edcius de Moraes, n\u00e3o tenho medo da idade. Saudades s\u00f3 do creme N\u00edvea, substitu\u00eddo pelo Cataflam gel.<\/p>\n<p>Tamb\u00e9m sigo o exemplo de M\u00e1rio Lago: &#8220;Fiz um acordo com o tempo&#8230;Nem ele me persegue, nem eu fujo dele. Qualquer dia a gente se encontra&#8221;. \u00c9 dessa forma que vou vivendo intensamente cada momento. Ali\u00e1s, mais prazerosa do que intensamente. Por exemplo, com o passar dos anos fiquei mais h\u00e1bil. Hoje, sem muito esfor\u00e7o e com algum cinismo, consigo rir, tossir, espirrar, urinar e bufar ao mesmo tempo. Querem coisa melhor? Eu conto. Passei dos 50 e uns e continuo desejado. Obrigado pernilongos. At\u00e9 na cama n\u00e3o tenho mais limites. Noite passada ca\u00ed duas vezes. Minha \u00fanica preocupa\u00e7\u00e3o \u00e9 sair de bra\u00e7os dados com uma das filhas ou sobrinhas \u2013 todas lindas e laboriosas \u2013 e cair na boca do povo por estar se envolvendo com uma mo\u00e7a que deu mau passo.<\/p>\n<p>Privil\u00e9gio negado a muitos, envelhecer \u00e9 pura poesia, porque at\u00e9 o sorriso fica entre aspas. Costumo dizer que n\u00e3o sou velho, mas sim um adolescente vintage, reciclado. Antes de come\u00e7ar a esquecer de tudo que sei, mantenho apenas uma certeza: terei iniciado o processo de envelhecimento no dia em que deixar de me indignar com as injusti\u00e7as do mundo, particularmente com as do Brasil, onde os \u00edndios valem menos do que um grama de ouro. Resumindo, para me reerguer, recorro a Mill\u00f4r Fernandes, cuja tese mais famosa \u00e9 a mais simples: &#8220;\u00c9 preciso muito talento para envelhecer&#8221;. Diria tamb\u00e9m que envelhecer \u00e9 obrigat\u00f3rio. Ficar chato \u00e9 opcional.<\/p>\n<p>Ser feliz \u00e9 o que importa. Parafraseando o escritor mo\u00e7ambicano Mia Couto, n\u00e3o tenho medo de pensar na velhice. Tenho medo \u00e9 que a velhice pense em mim. Consciente de que o tempo \u00e9 um escultor de ru\u00ednas, n\u00e3o deixo barato. A performance de alcova continua a mesma. As tr\u00eas tentativas e as tr\u00eas desist\u00eancias de molesta\u00e7\u00e3o s\u00e3o sagradas a cada seis meses. Para minha sorte, as mulheres de certa idade nunca s\u00e3o de idade certa. Por isso, sempre as levo \u00e0 loucura quando acaba a pilha da pr\u00f3tese tomada emprestada de um amigo militar. Ali\u00e1s, perdoem-me a pressa. Descobri que hoje completam seis meses do \u00faltimo espet\u00e1culo. \u00c9 dia de sali\u00eancia. Estou correndo pra ver se acho o escondidinho que cozinhei e n\u00e3o acho.<\/p>\n","protected":false},"excerpt":{"rendered":"<p>Feliz, de bem com a vida e gaiato quando sobra algum cacau antes de terminar o m\u00eas, estou aproveitando o que ainda me resta de criatividade. J\u00e1 ouvi dizer que envelhecer \u00e9 moderno. \u00c9 por a\u00ed, pois, nas rodas de jovens, valho menos do que um celular da Feira do Rolo. \u00c0s vezes, consigo ser [&hellip;]<\/p>\n","protected":false},"author":2,"featured_media":199108,"comment_status":"closed","ping_status":"closed","sticky":false,"template":"","format":"standard","meta":{"_acf_changed":false,"footnotes":""},"categories":[161],"tags":[],"class_list":["post-299550","post","type-post","status-publish","format-standard","has-post-thumbnail","hentry","category-quadradinho-em-foco"],"acf":[],"yoast_head":"<!-- This site is optimized with the Yoast SEO plugin v27.2 - https:\/\/yoast.com\/product\/yoast-seo-wordpress\/ -->\n<title>Envelhecer \u00e9 uma arte no Brasil sem mem\u00f3ria - Notibras<\/title>\n<meta name=\"robots\" content=\"index, follow, max-snippet:-1, max-image-preview:large, max-video-preview:-1\" \/>\n<link rel=\"canonical\" href=\"https:\/\/www.notibras.com\/site\/envelhecer-e-uma-arte-no-brasil-sem-memoria\/\" \/>\n<meta property=\"og:locale\" content=\"pt_BR\" \/>\n<meta property=\"og:type\" content=\"article\" \/>\n<meta property=\"og:title\" content=\"Envelhecer \u00e9 uma arte no Brasil sem mem\u00f3ria - Notibras\" \/>\n<meta property=\"og:description\" content=\"Feliz, de bem com a vida e gaiato quando sobra algum cacau antes de terminar o m\u00eas, estou aproveitando o que ainda me resta de criatividade. J\u00e1 ouvi dizer que envelhecer \u00e9 moderno. \u00c9 por a\u00ed, pois, nas rodas de jovens, valho menos do que um celular da Feira do Rolo. \u00c0s vezes, consigo ser [&hellip;]\" \/>\n<meta property=\"og:url\" content=\"https:\/\/www.notibras.com\/site\/envelhecer-e-uma-arte-no-brasil-sem-memoria\/\" \/>\n<meta property=\"og:site_name\" content=\"Notibras\" \/>\n<meta property=\"article:publisher\" content=\"https:\/\/www.facebook.com\/notibras\/\" \/>\n<meta property=\"article:published_time\" content=\"2023-02-15T11:03:03+00:00\" \/>\n<meta property=\"article:modified_time\" content=\"2023-02-15T11:03:51+00:00\" \/>\n<meta property=\"og:image\" content=\"https:\/\/www.notibras.com\/site\/wp-content\/uploads\/2019\/01\/Saude-2.jpg\" \/>\n\t<meta property=\"og:image:width\" content=\"1600\" \/>\n\t<meta property=\"og:image:height\" content=\"843\" \/>\n\t<meta property=\"og:image:type\" content=\"image\/jpeg\" \/>\n<meta name=\"author\" content=\"Reda\u00e7\u00e3o\" \/>\n<meta name=\"twitter:card\" content=\"summary_large_image\" \/>\n<meta name=\"twitter:creator\" content=\"@Notibras\" \/>\n<meta name=\"twitter:site\" content=\"@Notibras\" \/>\n<meta name=\"twitter:label1\" content=\"Escrito por\" \/>\n\t<meta name=\"twitter:data1\" content=\"Reda\u00e7\u00e3o\" \/>\n\t<meta name=\"twitter:label2\" content=\"Est. tempo de leitura\" \/>\n\t<meta name=\"twitter:data2\" content=\"5 minutos\" \/>\n<script type=\"application\/ld+json\" class=\"yoast-schema-graph\">{\"@context\":\"https:\/\/schema.org\",\"@graph\":[{\"@type\":\"Article\",\"@id\":\"https:\/\/www.notibras.com\/site\/envelhecer-e-uma-arte-no-brasil-sem-memoria\/#article\",\"isPartOf\":{\"@id\":\"https:\/\/www.notibras.com\/site\/envelhecer-e-uma-arte-no-brasil-sem-memoria\/\"},\"author\":{\"name\":\"Reda\u00e7\u00e3o\",\"@id\":\"https:\/\/www.notibras.com\/site\/#\/schema\/person\/36ab0979449956132d3e5b517ea76ac8\"},\"headline\":\"Envelhecer \u00e9 uma arte no Brasil sem mem\u00f3ria\",\"datePublished\":\"2023-02-15T11:03:03+00:00\",\"dateModified\":\"2023-02-15T11:03:51+00:00\",\"mainEntityOfPage\":{\"@id\":\"https:\/\/www.notibras.com\/site\/envelhecer-e-uma-arte-no-brasil-sem-memoria\/\"},\"wordCount\":827,\"publisher\":{\"@id\":\"https:\/\/www.notibras.com\/site\/#organization\"},\"image\":{\"@id\":\"https:\/\/www.notibras.com\/site\/envelhecer-e-uma-arte-no-brasil-sem-memoria\/#primaryimage\"},\"thumbnailUrl\":\"https:\/\/www.notibras.com\/site\/wp-content\/uploads\/2019\/01\/Saude-2.jpg\",\"articleSection\":[\"Quadradinho em Foco\"],\"inLanguage\":\"pt-BR\"},{\"@type\":\"WebPage\",\"@id\":\"https:\/\/www.notibras.com\/site\/envelhecer-e-uma-arte-no-brasil-sem-memoria\/\",\"url\":\"https:\/\/www.notibras.com\/site\/envelhecer-e-uma-arte-no-brasil-sem-memoria\/\",\"name\":\"Envelhecer \u00e9 uma arte no Brasil sem mem\u00f3ria - Notibras\",\"isPartOf\":{\"@id\":\"https:\/\/www.notibras.com\/site\/#website\"},\"primaryImageOfPage\":{\"@id\":\"https:\/\/www.notibras.com\/site\/envelhecer-e-uma-arte-no-brasil-sem-memoria\/#primaryimage\"},\"image\":{\"@id\":\"https:\/\/www.notibras.com\/site\/envelhecer-e-uma-arte-no-brasil-sem-memoria\/#primaryimage\"},\"thumbnailUrl\":\"https:\/\/www.notibras.com\/site\/wp-content\/uploads\/2019\/01\/Saude-2.jpg\",\"datePublished\":\"2023-02-15T11:03:03+00:00\",\"dateModified\":\"2023-02-15T11:03:51+00:00\",\"breadcrumb\":{\"@id\":\"https:\/\/www.notibras.com\/site\/envelhecer-e-uma-arte-no-brasil-sem-memoria\/#breadcrumb\"},\"inLanguage\":\"pt-BR\",\"potentialAction\":[{\"@type\":\"ReadAction\",\"target\":[\"https:\/\/www.notibras.com\/site\/envelhecer-e-uma-arte-no-brasil-sem-memoria\/\"]}]},{\"@type\":\"ImageObject\",\"inLanguage\":\"pt-BR\",\"@id\":\"https:\/\/www.notibras.com\/site\/envelhecer-e-uma-arte-no-brasil-sem-memoria\/#primaryimage\",\"url\":\"https:\/\/www.notibras.com\/site\/wp-content\/uploads\/2019\/01\/Saude-2.jpg\",\"contentUrl\":\"https:\/\/www.notibras.com\/site\/wp-content\/uploads\/2019\/01\/Saude-2.jpg\",\"width\":1600,\"height\":843},{\"@type\":\"BreadcrumbList\",\"@id\":\"https:\/\/www.notibras.com\/site\/envelhecer-e-uma-arte-no-brasil-sem-memoria\/#breadcrumb\",\"itemListElement\":[{\"@type\":\"ListItem\",\"position\":1,\"name\":\"In\u00edcio\",\"item\":\"https:\/\/www.notibras.com\/site\/\"},{\"@type\":\"ListItem\",\"position\":2,\"name\":\"Envelhecer \u00e9 uma arte no Brasil sem mem\u00f3ria\"}]},{\"@type\":\"WebSite\",\"@id\":\"https:\/\/www.notibras.com\/site\/#website\",\"url\":\"https:\/\/www.notibras.com\/site\/\",\"name\":\"Notibras\",\"description\":\"Not\u00edcias de Bras\u00edlia, do Brasil e do Mundo\",\"publisher\":{\"@id\":\"https:\/\/www.notibras.com\/site\/#organization\"},\"potentialAction\":[{\"@type\":\"SearchAction\",\"target\":{\"@type\":\"EntryPoint\",\"urlTemplate\":\"https:\/\/www.notibras.com\/site\/?s={search_term_string}\"},\"query-input\":{\"@type\":\"PropertyValueSpecification\",\"valueRequired\":true,\"valueName\":\"search_term_string\"}}],\"inLanguage\":\"pt-BR\"},{\"@type\":\"Organization\",\"@id\":\"https:\/\/www.notibras.com\/site\/#organization\",\"name\":\"Grupo Notibras de Comunica\u00e7\u00e3o\",\"url\":\"https:\/\/www.notibras.com\/site\/\",\"logo\":{\"@type\":\"ImageObject\",\"inLanguage\":\"pt-BR\",\"@id\":\"https:\/\/www.notibras.com\/site\/#\/schema\/logo\/image\/\",\"url\":\"https:\/\/www.notibras.com\/site\/wp-content\/uploads\/2023\/01\/notibras23.png\",\"contentUrl\":\"https:\/\/www.notibras.com\/site\/wp-content\/uploads\/2023\/01\/notibras23.png\",\"width\":350,\"height\":87,\"caption\":\"Grupo Notibras de Comunica\u00e7\u00e3o\"},\"image\":{\"@id\":\"https:\/\/www.notibras.com\/site\/#\/schema\/logo\/image\/\"},\"sameAs\":[\"https:\/\/www.facebook.com\/notibras\/\",\"https:\/\/x.com\/Notibras\",\"https:\/\/www.instagram.com\/notibras\/\"]},{\"@type\":\"Person\",\"@id\":\"https:\/\/www.notibras.com\/site\/#\/schema\/person\/36ab0979449956132d3e5b517ea76ac8\",\"name\":\"Reda\u00e7\u00e3o\",\"image\":{\"@type\":\"ImageObject\",\"inLanguage\":\"pt-BR\",\"@id\":\"https:\/\/secure.gravatar.com\/avatar\/e0a867bdedb85fd243eadf09663511f96fc81e0720a4a42581f334ad4303aa6b?s=96&d=mm&r=g\",\"url\":\"https:\/\/secure.gravatar.com\/avatar\/e0a867bdedb85fd243eadf09663511f96fc81e0720a4a42581f334ad4303aa6b?s=96&d=mm&r=g\",\"contentUrl\":\"https:\/\/secure.gravatar.com\/avatar\/e0a867bdedb85fd243eadf09663511f96fc81e0720a4a42581f334ad4303aa6b?s=96&d=mm&r=g\",\"caption\":\"Reda\u00e7\u00e3o\"}}]}<\/script>\n<!-- \/ Yoast SEO plugin. -->","yoast_head_json":{"title":"Envelhecer \u00e9 uma arte no Brasil sem mem\u00f3ria - Notibras","robots":{"index":"index","follow":"follow","max-snippet":"max-snippet:-1","max-image-preview":"max-image-preview:large","max-video-preview":"max-video-preview:-1"},"canonical":"https:\/\/www.notibras.com\/site\/envelhecer-e-uma-arte-no-brasil-sem-memoria\/","og_locale":"pt_BR","og_type":"article","og_title":"Envelhecer \u00e9 uma arte no Brasil sem mem\u00f3ria - Notibras","og_description":"Feliz, de bem com a vida e gaiato quando sobra algum cacau antes de terminar o m\u00eas, estou aproveitando o que ainda me resta de criatividade. J\u00e1 ouvi dizer que envelhecer \u00e9 moderno. \u00c9 por a\u00ed, pois, nas rodas de jovens, valho menos do que um celular da Feira do Rolo. \u00c0s vezes, consigo ser [&hellip;]","og_url":"https:\/\/www.notibras.com\/site\/envelhecer-e-uma-arte-no-brasil-sem-memoria\/","og_site_name":"Notibras","article_publisher":"https:\/\/www.facebook.com\/notibras\/","article_published_time":"2023-02-15T11:03:03+00:00","article_modified_time":"2023-02-15T11:03:51+00:00","og_image":[{"width":1600,"height":843,"url":"https:\/\/www.notibras.com\/site\/wp-content\/uploads\/2019\/01\/Saude-2.jpg","type":"image\/jpeg"}],"author":"Reda\u00e7\u00e3o","twitter_card":"summary_large_image","twitter_creator":"@Notibras","twitter_site":"@Notibras","twitter_misc":{"Escrito por":"Reda\u00e7\u00e3o","Est. tempo de leitura":"5 minutos"},"schema":{"@context":"https:\/\/schema.org","@graph":[{"@type":"Article","@id":"https:\/\/www.notibras.com\/site\/envelhecer-e-uma-arte-no-brasil-sem-memoria\/#article","isPartOf":{"@id":"https:\/\/www.notibras.com\/site\/envelhecer-e-uma-arte-no-brasil-sem-memoria\/"},"author":{"name":"Reda\u00e7\u00e3o","@id":"https:\/\/www.notibras.com\/site\/#\/schema\/person\/36ab0979449956132d3e5b517ea76ac8"},"headline":"Envelhecer \u00e9 uma arte no Brasil sem mem\u00f3ria","datePublished":"2023-02-15T11:03:03+00:00","dateModified":"2023-02-15T11:03:51+00:00","mainEntityOfPage":{"@id":"https:\/\/www.notibras.com\/site\/envelhecer-e-uma-arte-no-brasil-sem-memoria\/"},"wordCount":827,"publisher":{"@id":"https:\/\/www.notibras.com\/site\/#organization"},"image":{"@id":"https:\/\/www.notibras.com\/site\/envelhecer-e-uma-arte-no-brasil-sem-memoria\/#primaryimage"},"thumbnailUrl":"https:\/\/www.notibras.com\/site\/wp-content\/uploads\/2019\/01\/Saude-2.jpg","articleSection":["Quadradinho em Foco"],"inLanguage":"pt-BR"},{"@type":"WebPage","@id":"https:\/\/www.notibras.com\/site\/envelhecer-e-uma-arte-no-brasil-sem-memoria\/","url":"https:\/\/www.notibras.com\/site\/envelhecer-e-uma-arte-no-brasil-sem-memoria\/","name":"Envelhecer \u00e9 uma arte no Brasil sem mem\u00f3ria - Notibras","isPartOf":{"@id":"https:\/\/www.notibras.com\/site\/#website"},"primaryImageOfPage":{"@id":"https:\/\/www.notibras.com\/site\/envelhecer-e-uma-arte-no-brasil-sem-memoria\/#primaryimage"},"image":{"@id":"https:\/\/www.notibras.com\/site\/envelhecer-e-uma-arte-no-brasil-sem-memoria\/#primaryimage"},"thumbnailUrl":"https:\/\/www.notibras.com\/site\/wp-content\/uploads\/2019\/01\/Saude-2.jpg","datePublished":"2023-02-15T11:03:03+00:00","dateModified":"2023-02-15T11:03:51+00:00","breadcrumb":{"@id":"https:\/\/www.notibras.com\/site\/envelhecer-e-uma-arte-no-brasil-sem-memoria\/#breadcrumb"},"inLanguage":"pt-BR","potentialAction":[{"@type":"ReadAction","target":["https:\/\/www.notibras.com\/site\/envelhecer-e-uma-arte-no-brasil-sem-memoria\/"]}]},{"@type":"ImageObject","inLanguage":"pt-BR","@id":"https:\/\/www.notibras.com\/site\/envelhecer-e-uma-arte-no-brasil-sem-memoria\/#primaryimage","url":"https:\/\/www.notibras.com\/site\/wp-content\/uploads\/2019\/01\/Saude-2.jpg","contentUrl":"https:\/\/www.notibras.com\/site\/wp-content\/uploads\/2019\/01\/Saude-2.jpg","width":1600,"height":843},{"@type":"BreadcrumbList","@id":"https:\/\/www.notibras.com\/site\/envelhecer-e-uma-arte-no-brasil-sem-memoria\/#breadcrumb","itemListElement":[{"@type":"ListItem","position":1,"name":"In\u00edcio","item":"https:\/\/www.notibras.com\/site\/"},{"@type":"ListItem","position":2,"name":"Envelhecer \u00e9 uma arte no Brasil sem mem\u00f3ria"}]},{"@type":"WebSite","@id":"https:\/\/www.notibras.com\/site\/#website","url":"https:\/\/www.notibras.com\/site\/","name":"Notibras","description":"Not\u00edcias de Bras\u00edlia, do Brasil e do Mundo","publisher":{"@id":"https:\/\/www.notibras.com\/site\/#organization"},"potentialAction":[{"@type":"SearchAction","target":{"@type":"EntryPoint","urlTemplate":"https:\/\/www.notibras.com\/site\/?s={search_term_string}"},"query-input":{"@type":"PropertyValueSpecification","valueRequired":true,"valueName":"search_term_string"}}],"inLanguage":"pt-BR"},{"@type":"Organization","@id":"https:\/\/www.notibras.com\/site\/#organization","name":"Grupo Notibras de Comunica\u00e7\u00e3o","url":"https:\/\/www.notibras.com\/site\/","logo":{"@type":"ImageObject","inLanguage":"pt-BR","@id":"https:\/\/www.notibras.com\/site\/#\/schema\/logo\/image\/","url":"https:\/\/www.notibras.com\/site\/wp-content\/uploads\/2023\/01\/notibras23.png","contentUrl":"https:\/\/www.notibras.com\/site\/wp-content\/uploads\/2023\/01\/notibras23.png","width":350,"height":87,"caption":"Grupo Notibras de Comunica\u00e7\u00e3o"},"image":{"@id":"https:\/\/www.notibras.com\/site\/#\/schema\/logo\/image\/"},"sameAs":["https:\/\/www.facebook.com\/notibras\/","https:\/\/x.com\/Notibras","https:\/\/www.instagram.com\/notibras\/"]},{"@type":"Person","@id":"https:\/\/www.notibras.com\/site\/#\/schema\/person\/36ab0979449956132d3e5b517ea76ac8","name":"Reda\u00e7\u00e3o","image":{"@type":"ImageObject","inLanguage":"pt-BR","@id":"https:\/\/secure.gravatar.com\/avatar\/e0a867bdedb85fd243eadf09663511f96fc81e0720a4a42581f334ad4303aa6b?s=96&d=mm&r=g","url":"https:\/\/secure.gravatar.com\/avatar\/e0a867bdedb85fd243eadf09663511f96fc81e0720a4a42581f334ad4303aa6b?s=96&d=mm&r=g","contentUrl":"https:\/\/secure.gravatar.com\/avatar\/e0a867bdedb85fd243eadf09663511f96fc81e0720a4a42581f334ad4303aa6b?s=96&d=mm&r=g","caption":"Reda\u00e7\u00e3o"}}]}},"amp_enabled":true,"_links":{"self":[{"href":"https:\/\/www.notibras.com\/site\/wp-json\/wp\/v2\/posts\/299550","targetHints":{"allow":["GET"]}}],"collection":[{"href":"https:\/\/www.notibras.com\/site\/wp-json\/wp\/v2\/posts"}],"about":[{"href":"https:\/\/www.notibras.com\/site\/wp-json\/wp\/v2\/types\/post"}],"author":[{"embeddable":true,"href":"https:\/\/www.notibras.com\/site\/wp-json\/wp\/v2\/users\/2"}],"replies":[{"embeddable":true,"href":"https:\/\/www.notibras.com\/site\/wp-json\/wp\/v2\/comments?post=299550"}],"version-history":[{"count":2,"href":"https:\/\/www.notibras.com\/site\/wp-json\/wp\/v2\/posts\/299550\/revisions"}],"predecessor-version":[{"id":299552,"href":"https:\/\/www.notibras.com\/site\/wp-json\/wp\/v2\/posts\/299550\/revisions\/299552"}],"wp:featuredmedia":[{"embeddable":true,"href":"https:\/\/www.notibras.com\/site\/wp-json\/wp\/v2\/media\/199108"}],"wp:attachment":[{"href":"https:\/\/www.notibras.com\/site\/wp-json\/wp\/v2\/media?parent=299550"}],"wp:term":[{"taxonomy":"category","embeddable":true,"href":"https:\/\/www.notibras.com\/site\/wp-json\/wp\/v2\/categories?post=299550"},{"taxonomy":"post_tag","embeddable":true,"href":"https:\/\/www.notibras.com\/site\/wp-json\/wp\/v2\/tags?post=299550"}],"curies":[{"name":"wp","href":"https:\/\/api.w.org\/{rel}","templated":true}]}}