{"id":299627,"date":"2023-02-16T15:36:11","date_gmt":"2023-02-16T18:36:11","guid":{"rendered":"https:\/\/www.notibras.com\/site\/?p=299627"},"modified":"2023-02-16T15:36:11","modified_gmt":"2023-02-16T18:36:11","slug":"hora-de-vender-veiculos-no-formato-de-coworking","status":"publish","type":"post","link":"https:\/\/www.notibras.com\/site\/hora-de-vender-veiculos-no-formato-de-coworking\/","title":{"rendered":"Hora de vender ve\u00edculos no formato de Coworking"},"content":{"rendered":"<p>Uma maneira diferente de vender carros chega a Bras\u00edlia com a inaugura\u00e7\u00e3o do Garagem Auto Shopping, no JK Shopping. A loja, que possui um conceito novo no mercado brasileiro, abrir\u00e1 as portas no dia 15 de fevereiro e oferecer\u00e1 aos clientes a oportunidade de buscar o sonhado autom\u00f3vel em um local com diferentes vendedores, que podem ser tanto revendedoras quanto pessoas que querem negociar o pr\u00f3prio ve\u00edculo, em local seguro e com total apoio, j\u00e1 que o espa\u00e7o abrigar\u00e1 tamb\u00e9m um banco para financiamento e uma empresa de seguro veicular.<\/p>\n<p>A loja funcionar\u00e1 no piso L1 do shopping, pr\u00f3ximo ao Outback, e ter\u00e1 capacidade para abrigar dez vendedores diferentes ao mesmo tempo, que funcionar\u00e3o em formato de coworking, onde as mesas estar\u00e3o dispon\u00edveis para aluguel por tempo determinado.<\/p>\n<p>Al\u00e9m do espa\u00e7o para atender os clientes, cada vendedor tamb\u00e9m ter\u00e1 vagas de garagem para expor os carros \u00e0 venda, no estacionamento coberto do JK Shopping, oferecendo assim a experi\u00eancia completa para os compradores, com o conforto de estar abrigado do sol e da chuva. O formato inovador tamb\u00e9m resolve um problema de seguran\u00e7a comum para quem quer vender o pr\u00f3prio ve\u00edculo, j\u00e1 que muitos desistem por medo de receber estranhos na pr\u00f3pria casa.<\/p>\n<p>Este modelo de neg\u00f3cio \u00e9 in\u00e9dito no mercado automobil\u00edstico brasileiro. Por estar instalado em um grande centro comercial como o JK Shopping, o Garagem Auto Shopping tamb\u00e9m pode oferecer boa visibilidade, j\u00e1 que cerca de 800 mil pessoas circulam todos os meses no shopping. O posicionamento dentro do mall tamb\u00e9m oferece comodidade e conforto para a compra do ve\u00edculo, devido \u00e0 grande variedade de lojas e restaurantes, al\u00e9m de lazer e divers\u00e3o para aqueles que v\u00e3o acompanhados dos familiares.<\/p>\n","protected":false},"excerpt":{"rendered":"<p>Uma maneira diferente de vender carros chega a Bras\u00edlia com a inaugura\u00e7\u00e3o do Garagem Auto Shopping, no JK Shopping. A loja, que possui um conceito novo no mercado brasileiro, abrir\u00e1 as portas no dia 15 de fevereiro e oferecer\u00e1 aos clientes a oportunidade de buscar o sonhado autom\u00f3vel em um local com diferentes vendedores, que [&hellip;]<\/p>\n","protected":false},"author":2,"featured_media":299628,"comment_status":"closed","ping_status":"closed","sticky":false,"template":"","format":"standard","meta":{"_acf_changed":false,"footnotes":""},"categories":[161],"tags":[],"class_list":["post-299627","post","type-post","status-publish","format-standard","has-post-thumbnail","hentry","category-quadradinho-em-foco"],"acf":[],"yoast_head":"<!-- This site is optimized with the Yoast SEO plugin v27.2 - https:\/\/yoast.com\/product\/yoast-seo-wordpress\/ -->\n<title>Hora de vender ve\u00edculos no formato de Coworking - Notibras<\/title>\n<meta name=\"robots\" content=\"index, follow, max-snippet:-1, max-image-preview:large, max-video-preview:-1\" \/>\n<link rel=\"canonical\" href=\"https:\/\/www.notibras.com\/site\/hora-de-vender-veiculos-no-formato-de-coworking\/\" \/>\n<meta property=\"og:locale\" content=\"pt_BR\" \/>\n<meta property=\"og:type\" content=\"article\" \/>\n<meta property=\"og:title\" content=\"Hora de vender ve\u00edculos no formato de Coworking - Notibras\" \/>\n<meta property=\"og:description\" content=\"Uma maneira diferente de vender carros chega a Bras\u00edlia com a inaugura\u00e7\u00e3o do Garagem Auto Shopping, no JK Shopping. A loja, que possui um conceito novo no mercado brasileiro, abrir\u00e1 as portas no dia 15 de fevereiro e oferecer\u00e1 aos clientes a oportunidade de buscar o sonhado autom\u00f3vel em um local com diferentes vendedores, que [&hellip;]\" \/>\n<meta property=\"og:url\" content=\"https:\/\/www.notibras.com\/site\/hora-de-vender-veiculos-no-formato-de-coworking\/\" \/>\n<meta property=\"og:site_name\" content=\"Notibras\" \/>\n<meta property=\"article:publisher\" content=\"https:\/\/www.facebook.com\/notibras\/\" \/>\n<meta property=\"article:published_time\" content=\"2023-02-16T18:36:11+00:00\" \/>\n<meta property=\"og:image\" content=\"https:\/\/www.notibras.com\/site\/wp-content\/uploads\/2023\/02\/fe4721ba-5719-426c-9542-160a889fc225.jpg\" \/>\n\t<meta property=\"og:image:width\" content=\"1600\" \/>\n\t<meta property=\"og:image:height\" content=\"1066\" \/>\n\t<meta property=\"og:image:type\" content=\"image\/jpeg\" \/>\n<meta name=\"author\" content=\"Reda\u00e7\u00e3o\" \/>\n<meta name=\"twitter:card\" content=\"summary_large_image\" \/>\n<meta name=\"twitter:creator\" content=\"@Notibras\" \/>\n<meta name=\"twitter:site\" content=\"@Notibras\" \/>\n<meta name=\"twitter:label1\" content=\"Escrito por\" \/>\n\t<meta name=\"twitter:data1\" content=\"Reda\u00e7\u00e3o\" \/>\n\t<meta name=\"twitter:label2\" content=\"Est. tempo de leitura\" \/>\n\t<meta name=\"twitter:data2\" content=\"2 minutos\" \/>\n<script type=\"application\/ld+json\" class=\"yoast-schema-graph\">{\"@context\":\"https:\/\/schema.org\",\"@graph\":[{\"@type\":\"Article\",\"@id\":\"https:\/\/www.notibras.com\/site\/hora-de-vender-veiculos-no-formato-de-coworking\/#article\",\"isPartOf\":{\"@id\":\"https:\/\/www.notibras.com\/site\/hora-de-vender-veiculos-no-formato-de-coworking\/\"},\"author\":{\"name\":\"Reda\u00e7\u00e3o\",\"@id\":\"https:\/\/www.notibras.com\/site\/#\/schema\/person\/36ab0979449956132d3e5b517ea76ac8\"},\"headline\":\"Hora de vender ve\u00edculos no formato de Coworking\",\"datePublished\":\"2023-02-16T18:36:11+00:00\",\"mainEntityOfPage\":{\"@id\":\"https:\/\/www.notibras.com\/site\/hora-de-vender-veiculos-no-formato-de-coworking\/\"},\"wordCount\":314,\"publisher\":{\"@id\":\"https:\/\/www.notibras.com\/site\/#organization\"},\"image\":{\"@id\":\"https:\/\/www.notibras.com\/site\/hora-de-vender-veiculos-no-formato-de-coworking\/#primaryimage\"},\"thumbnailUrl\":\"https:\/\/www.notibras.com\/site\/wp-content\/uploads\/2023\/02\/fe4721ba-5719-426c-9542-160a889fc225.jpg\",\"articleSection\":[\"Quadradinho em Foco\"],\"inLanguage\":\"pt-BR\"},{\"@type\":\"WebPage\",\"@id\":\"https:\/\/www.notibras.com\/site\/hora-de-vender-veiculos-no-formato-de-coworking\/\",\"url\":\"https:\/\/www.notibras.com\/site\/hora-de-vender-veiculos-no-formato-de-coworking\/\",\"name\":\"Hora de vender ve\u00edculos no formato de Coworking - Notibras\",\"isPartOf\":{\"@id\":\"https:\/\/www.notibras.com\/site\/#website\"},\"primaryImageOfPage\":{\"@id\":\"https:\/\/www.notibras.com\/site\/hora-de-vender-veiculos-no-formato-de-coworking\/#primaryimage\"},\"image\":{\"@id\":\"https:\/\/www.notibras.com\/site\/hora-de-vender-veiculos-no-formato-de-coworking\/#primaryimage\"},\"thumbnailUrl\":\"https:\/\/www.notibras.com\/site\/wp-content\/uploads\/2023\/02\/fe4721ba-5719-426c-9542-160a889fc225.jpg\",\"datePublished\":\"2023-02-16T18:36:11+00:00\",\"breadcrumb\":{\"@id\":\"https:\/\/www.notibras.com\/site\/hora-de-vender-veiculos-no-formato-de-coworking\/#breadcrumb\"},\"inLanguage\":\"pt-BR\",\"potentialAction\":[{\"@type\":\"ReadAction\",\"target\":[\"https:\/\/www.notibras.com\/site\/hora-de-vender-veiculos-no-formato-de-coworking\/\"]}]},{\"@type\":\"ImageObject\",\"inLanguage\":\"pt-BR\",\"@id\":\"https:\/\/www.notibras.com\/site\/hora-de-vender-veiculos-no-formato-de-coworking\/#primaryimage\",\"url\":\"https:\/\/www.notibras.com\/site\/wp-content\/uploads\/2023\/02\/fe4721ba-5719-426c-9542-160a889fc225.jpg\",\"contentUrl\":\"https:\/\/www.notibras.com\/site\/wp-content\/uploads\/2023\/02\/fe4721ba-5719-426c-9542-160a889fc225.jpg\",\"width\":1600,\"height\":1066},{\"@type\":\"BreadcrumbList\",\"@id\":\"https:\/\/www.notibras.com\/site\/hora-de-vender-veiculos-no-formato-de-coworking\/#breadcrumb\",\"itemListElement\":[{\"@type\":\"ListItem\",\"position\":1,\"name\":\"In\u00edcio\",\"item\":\"https:\/\/www.notibras.com\/site\/\"},{\"@type\":\"ListItem\",\"position\":2,\"name\":\"Hora de vender ve\u00edculos no formato de Coworking\"}]},{\"@type\":\"WebSite\",\"@id\":\"https:\/\/www.notibras.com\/site\/#website\",\"url\":\"https:\/\/www.notibras.com\/site\/\",\"name\":\"Notibras\",\"description\":\"Not\u00edcias de Bras\u00edlia, do Brasil e do Mundo\",\"publisher\":{\"@id\":\"https:\/\/www.notibras.com\/site\/#organization\"},\"potentialAction\":[{\"@type\":\"SearchAction\",\"target\":{\"@type\":\"EntryPoint\",\"urlTemplate\":\"https:\/\/www.notibras.com\/site\/?s={search_term_string}\"},\"query-input\":{\"@type\":\"PropertyValueSpecification\",\"valueRequired\":true,\"valueName\":\"search_term_string\"}}],\"inLanguage\":\"pt-BR\"},{\"@type\":\"Organization\",\"@id\":\"https:\/\/www.notibras.com\/site\/#organization\",\"name\":\"Grupo Notibras de Comunica\u00e7\u00e3o\",\"url\":\"https:\/\/www.notibras.com\/site\/\",\"logo\":{\"@type\":\"ImageObject\",\"inLanguage\":\"pt-BR\",\"@id\":\"https:\/\/www.notibras.com\/site\/#\/schema\/logo\/image\/\",\"url\":\"https:\/\/www.notibras.com\/site\/wp-content\/uploads\/2023\/01\/notibras23.png\",\"contentUrl\":\"https:\/\/www.notibras.com\/site\/wp-content\/uploads\/2023\/01\/notibras23.png\",\"width\":350,\"height\":87,\"caption\":\"Grupo Notibras de Comunica\u00e7\u00e3o\"},\"image\":{\"@id\":\"https:\/\/www.notibras.com\/site\/#\/schema\/logo\/image\/\"},\"sameAs\":[\"https:\/\/www.facebook.com\/notibras\/\",\"https:\/\/x.com\/Notibras\",\"https:\/\/www.instagram.com\/notibras\/\"]},{\"@type\":\"Person\",\"@id\":\"https:\/\/www.notibras.com\/site\/#\/schema\/person\/36ab0979449956132d3e5b517ea76ac8\",\"name\":\"Reda\u00e7\u00e3o\",\"image\":{\"@type\":\"ImageObject\",\"inLanguage\":\"pt-BR\",\"@id\":\"https:\/\/secure.gravatar.com\/avatar\/e0a867bdedb85fd243eadf09663511f96fc81e0720a4a42581f334ad4303aa6b?s=96&d=mm&r=g\",\"url\":\"https:\/\/secure.gravatar.com\/avatar\/e0a867bdedb85fd243eadf09663511f96fc81e0720a4a42581f334ad4303aa6b?s=96&d=mm&r=g\",\"contentUrl\":\"https:\/\/secure.gravatar.com\/avatar\/e0a867bdedb85fd243eadf09663511f96fc81e0720a4a42581f334ad4303aa6b?s=96&d=mm&r=g\",\"caption\":\"Reda\u00e7\u00e3o\"}}]}<\/script>\n<!-- \/ Yoast SEO plugin. -->","yoast_head_json":{"title":"Hora de vender ve\u00edculos no formato de Coworking - Notibras","robots":{"index":"index","follow":"follow","max-snippet":"max-snippet:-1","max-image-preview":"max-image-preview:large","max-video-preview":"max-video-preview:-1"},"canonical":"https:\/\/www.notibras.com\/site\/hora-de-vender-veiculos-no-formato-de-coworking\/","og_locale":"pt_BR","og_type":"article","og_title":"Hora de vender ve\u00edculos no formato de Coworking - Notibras","og_description":"Uma maneira diferente de vender carros chega a Bras\u00edlia com a inaugura\u00e7\u00e3o do Garagem Auto Shopping, no JK Shopping. A loja, que possui um conceito novo no mercado brasileiro, abrir\u00e1 as portas no dia 15 de fevereiro e oferecer\u00e1 aos clientes a oportunidade de buscar o sonhado autom\u00f3vel em um local com diferentes vendedores, que [&hellip;]","og_url":"https:\/\/www.notibras.com\/site\/hora-de-vender-veiculos-no-formato-de-coworking\/","og_site_name":"Notibras","article_publisher":"https:\/\/www.facebook.com\/notibras\/","article_published_time":"2023-02-16T18:36:11+00:00","og_image":[{"width":1600,"height":1066,"url":"https:\/\/www.notibras.com\/site\/wp-content\/uploads\/2023\/02\/fe4721ba-5719-426c-9542-160a889fc225.jpg","type":"image\/jpeg"}],"author":"Reda\u00e7\u00e3o","twitter_card":"summary_large_image","twitter_creator":"@Notibras","twitter_site":"@Notibras","twitter_misc":{"Escrito por":"Reda\u00e7\u00e3o","Est. tempo de leitura":"2 minutos"},"schema":{"@context":"https:\/\/schema.org","@graph":[{"@type":"Article","@id":"https:\/\/www.notibras.com\/site\/hora-de-vender-veiculos-no-formato-de-coworking\/#article","isPartOf":{"@id":"https:\/\/www.notibras.com\/site\/hora-de-vender-veiculos-no-formato-de-coworking\/"},"author":{"name":"Reda\u00e7\u00e3o","@id":"https:\/\/www.notibras.com\/site\/#\/schema\/person\/36ab0979449956132d3e5b517ea76ac8"},"headline":"Hora de vender ve\u00edculos no formato de Coworking","datePublished":"2023-02-16T18:36:11+00:00","mainEntityOfPage":{"@id":"https:\/\/www.notibras.com\/site\/hora-de-vender-veiculos-no-formato-de-coworking\/"},"wordCount":314,"publisher":{"@id":"https:\/\/www.notibras.com\/site\/#organization"},"image":{"@id":"https:\/\/www.notibras.com\/site\/hora-de-vender-veiculos-no-formato-de-coworking\/#primaryimage"},"thumbnailUrl":"https:\/\/www.notibras.com\/site\/wp-content\/uploads\/2023\/02\/fe4721ba-5719-426c-9542-160a889fc225.jpg","articleSection":["Quadradinho em Foco"],"inLanguage":"pt-BR"},{"@type":"WebPage","@id":"https:\/\/www.notibras.com\/site\/hora-de-vender-veiculos-no-formato-de-coworking\/","url":"https:\/\/www.notibras.com\/site\/hora-de-vender-veiculos-no-formato-de-coworking\/","name":"Hora de vender ve\u00edculos no formato de Coworking - Notibras","isPartOf":{"@id":"https:\/\/www.notibras.com\/site\/#website"},"primaryImageOfPage":{"@id":"https:\/\/www.notibras.com\/site\/hora-de-vender-veiculos-no-formato-de-coworking\/#primaryimage"},"image":{"@id":"https:\/\/www.notibras.com\/site\/hora-de-vender-veiculos-no-formato-de-coworking\/#primaryimage"},"thumbnailUrl":"https:\/\/www.notibras.com\/site\/wp-content\/uploads\/2023\/02\/fe4721ba-5719-426c-9542-160a889fc225.jpg","datePublished":"2023-02-16T18:36:11+00:00","breadcrumb":{"@id":"https:\/\/www.notibras.com\/site\/hora-de-vender-veiculos-no-formato-de-coworking\/#breadcrumb"},"inLanguage":"pt-BR","potentialAction":[{"@type":"ReadAction","target":["https:\/\/www.notibras.com\/site\/hora-de-vender-veiculos-no-formato-de-coworking\/"]}]},{"@type":"ImageObject","inLanguage":"pt-BR","@id":"https:\/\/www.notibras.com\/site\/hora-de-vender-veiculos-no-formato-de-coworking\/#primaryimage","url":"https:\/\/www.notibras.com\/site\/wp-content\/uploads\/2023\/02\/fe4721ba-5719-426c-9542-160a889fc225.jpg","contentUrl":"https:\/\/www.notibras.com\/site\/wp-content\/uploads\/2023\/02\/fe4721ba-5719-426c-9542-160a889fc225.jpg","width":1600,"height":1066},{"@type":"BreadcrumbList","@id":"https:\/\/www.notibras.com\/site\/hora-de-vender-veiculos-no-formato-de-coworking\/#breadcrumb","itemListElement":[{"@type":"ListItem","position":1,"name":"In\u00edcio","item":"https:\/\/www.notibras.com\/site\/"},{"@type":"ListItem","position":2,"name":"Hora de vender ve\u00edculos no formato de Coworking"}]},{"@type":"WebSite","@id":"https:\/\/www.notibras.com\/site\/#website","url":"https:\/\/www.notibras.com\/site\/","name":"Notibras","description":"Not\u00edcias de Bras\u00edlia, do Brasil e do Mundo","publisher":{"@id":"https:\/\/www.notibras.com\/site\/#organization"},"potentialAction":[{"@type":"SearchAction","target":{"@type":"EntryPoint","urlTemplate":"https:\/\/www.notibras.com\/site\/?s={search_term_string}"},"query-input":{"@type":"PropertyValueSpecification","valueRequired":true,"valueName":"search_term_string"}}],"inLanguage":"pt-BR"},{"@type":"Organization","@id":"https:\/\/www.notibras.com\/site\/#organization","name":"Grupo Notibras de Comunica\u00e7\u00e3o","url":"https:\/\/www.notibras.com\/site\/","logo":{"@type":"ImageObject","inLanguage":"pt-BR","@id":"https:\/\/www.notibras.com\/site\/#\/schema\/logo\/image\/","url":"https:\/\/www.notibras.com\/site\/wp-content\/uploads\/2023\/01\/notibras23.png","contentUrl":"https:\/\/www.notibras.com\/site\/wp-content\/uploads\/2023\/01\/notibras23.png","width":350,"height":87,"caption":"Grupo Notibras de Comunica\u00e7\u00e3o"},"image":{"@id":"https:\/\/www.notibras.com\/site\/#\/schema\/logo\/image\/"},"sameAs":["https:\/\/www.facebook.com\/notibras\/","https:\/\/x.com\/Notibras","https:\/\/www.instagram.com\/notibras\/"]},{"@type":"Person","@id":"https:\/\/www.notibras.com\/site\/#\/schema\/person\/36ab0979449956132d3e5b517ea76ac8","name":"Reda\u00e7\u00e3o","image":{"@type":"ImageObject","inLanguage":"pt-BR","@id":"https:\/\/secure.gravatar.com\/avatar\/e0a867bdedb85fd243eadf09663511f96fc81e0720a4a42581f334ad4303aa6b?s=96&d=mm&r=g","url":"https:\/\/secure.gravatar.com\/avatar\/e0a867bdedb85fd243eadf09663511f96fc81e0720a4a42581f334ad4303aa6b?s=96&d=mm&r=g","contentUrl":"https:\/\/secure.gravatar.com\/avatar\/e0a867bdedb85fd243eadf09663511f96fc81e0720a4a42581f334ad4303aa6b?s=96&d=mm&r=g","caption":"Reda\u00e7\u00e3o"}}]}},"amp_enabled":true,"_links":{"self":[{"href":"https:\/\/www.notibras.com\/site\/wp-json\/wp\/v2\/posts\/299627","targetHints":{"allow":["GET"]}}],"collection":[{"href":"https:\/\/www.notibras.com\/site\/wp-json\/wp\/v2\/posts"}],"about":[{"href":"https:\/\/www.notibras.com\/site\/wp-json\/wp\/v2\/types\/post"}],"author":[{"embeddable":true,"href":"https:\/\/www.notibras.com\/site\/wp-json\/wp\/v2\/users\/2"}],"replies":[{"embeddable":true,"href":"https:\/\/www.notibras.com\/site\/wp-json\/wp\/v2\/comments?post=299627"}],"version-history":[{"count":1,"href":"https:\/\/www.notibras.com\/site\/wp-json\/wp\/v2\/posts\/299627\/revisions"}],"predecessor-version":[{"id":299629,"href":"https:\/\/www.notibras.com\/site\/wp-json\/wp\/v2\/posts\/299627\/revisions\/299629"}],"wp:featuredmedia":[{"embeddable":true,"href":"https:\/\/www.notibras.com\/site\/wp-json\/wp\/v2\/media\/299628"}],"wp:attachment":[{"href":"https:\/\/www.notibras.com\/site\/wp-json\/wp\/v2\/media?parent=299627"}],"wp:term":[{"taxonomy":"category","embeddable":true,"href":"https:\/\/www.notibras.com\/site\/wp-json\/wp\/v2\/categories?post=299627"},{"taxonomy":"post_tag","embeddable":true,"href":"https:\/\/www.notibras.com\/site\/wp-json\/wp\/v2\/tags?post=299627"}],"curies":[{"name":"wp","href":"https:\/\/api.w.org\/{rel}","templated":true}]}}