{"id":299660,"date":"2023-02-17T00:01:59","date_gmt":"2023-02-17T03:01:59","guid":{"rendered":"https:\/\/www.notibras.com\/site\/?p=299660"},"modified":"2023-02-17T08:28:56","modified_gmt":"2023-02-17T11:28:56","slug":"ponto-turistico-bairro-recebe-acoes-de-zeladoria","status":"publish","type":"post","link":"https:\/\/www.notibras.com\/site\/ponto-turistico-bairro-recebe-acoes-de-zeladoria\/","title":{"rendered":"Ponto tur\u00edstico, bairro recebe a\u00e7\u00f5es de zeladoria"},"content":{"rendered":"<p>O Polo Central 3 do GDF Presente, Administra\u00e7\u00e3o Regional do Plano Piloto, Servi\u00e7o de Limpeza Urbana (SLU), Novacap e o Departamento de Tr\u00e2nsito (Detran), entre outros \u00f3rg\u00e3os, iniciaram nesta semana uma grande opera\u00e7\u00e3o de zeladoria na Vila Planalto. O trabalho, que come\u00e7ou na \u00e1rea da Fazendinha (ponto tur\u00edstico da localidade), vai chegar a todas as quadras da comunidade.<\/p>\n<p>At\u00e9 o momento, j\u00e1 foram retiradas 24 toneladas de lixo. Est\u00e3o previstos tamb\u00e9m servi\u00e7o de frisagem (capinagem), pintura de meios-fios, troca de tampa de bueiros e recupera\u00e7\u00e3o das sinaliza\u00e7\u00f5es horizontal e vertical da cidade. De acordo com o secret\u00e1rio de Governo, Jos\u00e9 Humberto Pires Ara\u00fajo, a a\u00e7\u00e3o est\u00e1 atendendo uma regi\u00e3o muito importante de Bras\u00edlia.<\/p>\n<p>\u201cA Vila Planalto tem rela\u00e7\u00e3o hist\u00f3rica com nossa cidade, e n\u00e3o podemos descuidar\u201d, informou. O gestor afirmou que depois ser\u00e1 a vez de a Vila Telebras\u00edlia receber servi\u00e7os de zeladoria do GDF Presente e, a seguir, a Granja do Torto. \u201cA cidade acontece na porta do cidad\u00e3o, e \u00e9 por isso que ela deve estar bem cuidada.\u201d<\/p>\n<p>\u201cCom esta zeladoria, estamos atendendo uma reivindica\u00e7\u00e3o dos moradores. Estava na hora de uma a\u00e7\u00e3o como esta. Vamos deixar a Vila Planalto mais bonita do que ela j\u00e1 \u00e9\u201d, disse o administrador do Plano Piloto, Valdemar Medeiros.<\/p>\n<p>Jos\u00e9 Humberto Pires Ara\u00fajo lembrou que a zeladoria na Vila Planalto foi uma reivindica\u00e7\u00e3o dos moradores que frequentam a Igreja Nossa Senhora da Pomp\u00e9ia, que \u00e9 a par\u00f3quia local. \u201cAssim, foi solicitada uma a\u00e7\u00e3o r\u00e1pida para retirada de lixo, corre\u00e7\u00e3o de buracos e limpeza, principalmente na regi\u00e3o mais tur\u00edstica da regi\u00e3o. Estamos fazendo, est\u00e1 indo muito bem, as pessoas est\u00e3o felizes\u201d, avaliou o secret\u00e1rio.<\/p>\n<p>Segundo o coordenador do Polo Central 3 do GDF Presente, Alexandro Cesar, um dos servi\u00e7os importantes que est\u00e3o sendo realizados na Fazendinha \u00e9 a poda e erradica\u00e7\u00e3o de \u00e1rvores. \u201cAlgumas est\u00e3o completamente ocas, precisam ser erradicadas por motivo de seguran\u00e7a\u201d, explicou. O gestor destacou que uma a\u00e7\u00e3o de conscientiza\u00e7\u00e3o ser\u00e1 feita junto \u00e0 popula\u00e7\u00e3o para manter a cidade limpa.<\/p>\n<p>A previs\u00e3o \u00e9 que os \u00f3rg\u00e3os do GDF atuem durante duas semanas na Vila Planalto. O administrador Valdemar Medeiros disse que, assim que o servi\u00e7o for conclu\u00eddo na Fazendinha, ser\u00e1 expandido para outros pontos da cidade. \u201cVamos a todas as ruas da comunidade\u201d, garantiu.<\/p>\n","protected":false},"excerpt":{"rendered":"<p>O Polo Central 3 do GDF Presente, Administra\u00e7\u00e3o Regional do Plano Piloto, Servi\u00e7o de Limpeza Urbana (SLU), Novacap e o Departamento de Tr\u00e2nsito (Detran), entre outros \u00f3rg\u00e3os, iniciaram nesta semana uma grande opera\u00e7\u00e3o de zeladoria na Vila Planalto. O trabalho, que come\u00e7ou na \u00e1rea da Fazendinha (ponto tur\u00edstico da localidade), vai chegar a todas as [&hellip;]<\/p>\n","protected":false},"author":2,"featured_media":299661,"comment_status":"closed","ping_status":"closed","sticky":false,"template":"","format":"standard","meta":{"_acf_changed":false,"footnotes":""},"categories":[161],"tags":[],"class_list":["post-299660","post","type-post","status-publish","format-standard","has-post-thumbnail","hentry","category-quadradinho-em-foco"],"acf":[],"yoast_head":"<!-- This site is optimized with the Yoast SEO plugin v27.2 - https:\/\/yoast.com\/product\/yoast-seo-wordpress\/ -->\n<title>Ponto tur\u00edstico, bairro recebe a\u00e7\u00f5es de zeladoria - Notibras<\/title>\n<meta name=\"robots\" content=\"index, follow, max-snippet:-1, max-image-preview:large, max-video-preview:-1\" \/>\n<link rel=\"canonical\" href=\"https:\/\/www.notibras.com\/site\/ponto-turistico-bairro-recebe-acoes-de-zeladoria\/\" \/>\n<meta property=\"og:locale\" content=\"pt_BR\" \/>\n<meta property=\"og:type\" content=\"article\" \/>\n<meta property=\"og:title\" content=\"Ponto tur\u00edstico, bairro recebe a\u00e7\u00f5es de zeladoria - Notibras\" \/>\n<meta property=\"og:description\" content=\"O Polo Central 3 do GDF Presente, Administra\u00e7\u00e3o Regional do Plano Piloto, Servi\u00e7o de Limpeza Urbana (SLU), Novacap e o Departamento de Tr\u00e2nsito (Detran), entre outros \u00f3rg\u00e3os, iniciaram nesta semana uma grande opera\u00e7\u00e3o de zeladoria na Vila Planalto. O trabalho, que come\u00e7ou na \u00e1rea da Fazendinha (ponto tur\u00edstico da localidade), vai chegar a todas as [&hellip;]\" \/>\n<meta property=\"og:url\" content=\"https:\/\/www.notibras.com\/site\/ponto-turistico-bairro-recebe-acoes-de-zeladoria\/\" \/>\n<meta property=\"og:site_name\" content=\"Notibras\" \/>\n<meta property=\"article:publisher\" content=\"https:\/\/www.facebook.com\/notibras\/\" \/>\n<meta property=\"article:published_time\" content=\"2023-02-17T03:01:59+00:00\" \/>\n<meta property=\"article:modified_time\" content=\"2023-02-17T11:28:56+00:00\" \/>\n<meta property=\"og:image\" content=\"https:\/\/www.notibras.com\/site\/wp-content\/uploads\/2023\/02\/52691571228_0286dc6bfb_c.jpg\" \/>\n\t<meta property=\"og:image:width\" content=\"799\" \/>\n\t<meta property=\"og:image:height\" content=\"533\" \/>\n\t<meta property=\"og:image:type\" content=\"image\/jpeg\" \/>\n<meta name=\"author\" content=\"Reda\u00e7\u00e3o\" \/>\n<meta name=\"twitter:card\" content=\"summary_large_image\" \/>\n<meta name=\"twitter:creator\" content=\"@Notibras\" \/>\n<meta name=\"twitter:site\" content=\"@Notibras\" \/>\n<meta name=\"twitter:label1\" content=\"Escrito por\" \/>\n\t<meta name=\"twitter:data1\" content=\"Reda\u00e7\u00e3o\" \/>\n\t<meta name=\"twitter:label2\" content=\"Est. tempo de leitura\" \/>\n\t<meta name=\"twitter:data2\" content=\"3 minutos\" \/>\n<script type=\"application\/ld+json\" class=\"yoast-schema-graph\">{\"@context\":\"https:\/\/schema.org\",\"@graph\":[{\"@type\":\"Article\",\"@id\":\"https:\/\/www.notibras.com\/site\/ponto-turistico-bairro-recebe-acoes-de-zeladoria\/#article\",\"isPartOf\":{\"@id\":\"https:\/\/www.notibras.com\/site\/ponto-turistico-bairro-recebe-acoes-de-zeladoria\/\"},\"author\":{\"name\":\"Reda\u00e7\u00e3o\",\"@id\":\"https:\/\/www.notibras.com\/site\/#\/schema\/person\/36ab0979449956132d3e5b517ea76ac8\"},\"headline\":\"Ponto tur\u00edstico, bairro recebe a\u00e7\u00f5es de zeladoria\",\"datePublished\":\"2023-02-17T03:01:59+00:00\",\"dateModified\":\"2023-02-17T11:28:56+00:00\",\"mainEntityOfPage\":{\"@id\":\"https:\/\/www.notibras.com\/site\/ponto-turistico-bairro-recebe-acoes-de-zeladoria\/\"},\"wordCount\":423,\"publisher\":{\"@id\":\"https:\/\/www.notibras.com\/site\/#organization\"},\"image\":{\"@id\":\"https:\/\/www.notibras.com\/site\/ponto-turistico-bairro-recebe-acoes-de-zeladoria\/#primaryimage\"},\"thumbnailUrl\":\"https:\/\/www.notibras.com\/site\/wp-content\/uploads\/2023\/02\/52691571228_0286dc6bfb_c.jpg\",\"articleSection\":[\"Quadradinho em Foco\"],\"inLanguage\":\"pt-BR\"},{\"@type\":\"WebPage\",\"@id\":\"https:\/\/www.notibras.com\/site\/ponto-turistico-bairro-recebe-acoes-de-zeladoria\/\",\"url\":\"https:\/\/www.notibras.com\/site\/ponto-turistico-bairro-recebe-acoes-de-zeladoria\/\",\"name\":\"Ponto tur\u00edstico, bairro recebe a\u00e7\u00f5es de zeladoria - Notibras\",\"isPartOf\":{\"@id\":\"https:\/\/www.notibras.com\/site\/#website\"},\"primaryImageOfPage\":{\"@id\":\"https:\/\/www.notibras.com\/site\/ponto-turistico-bairro-recebe-acoes-de-zeladoria\/#primaryimage\"},\"image\":{\"@id\":\"https:\/\/www.notibras.com\/site\/ponto-turistico-bairro-recebe-acoes-de-zeladoria\/#primaryimage\"},\"thumbnailUrl\":\"https:\/\/www.notibras.com\/site\/wp-content\/uploads\/2023\/02\/52691571228_0286dc6bfb_c.jpg\",\"datePublished\":\"2023-02-17T03:01:59+00:00\",\"dateModified\":\"2023-02-17T11:28:56+00:00\",\"breadcrumb\":{\"@id\":\"https:\/\/www.notibras.com\/site\/ponto-turistico-bairro-recebe-acoes-de-zeladoria\/#breadcrumb\"},\"inLanguage\":\"pt-BR\",\"potentialAction\":[{\"@type\":\"ReadAction\",\"target\":[\"https:\/\/www.notibras.com\/site\/ponto-turistico-bairro-recebe-acoes-de-zeladoria\/\"]}]},{\"@type\":\"ImageObject\",\"inLanguage\":\"pt-BR\",\"@id\":\"https:\/\/www.notibras.com\/site\/ponto-turistico-bairro-recebe-acoes-de-zeladoria\/#primaryimage\",\"url\":\"https:\/\/www.notibras.com\/site\/wp-content\/uploads\/2023\/02\/52691571228_0286dc6bfb_c.jpg\",\"contentUrl\":\"https:\/\/www.notibras.com\/site\/wp-content\/uploads\/2023\/02\/52691571228_0286dc6bfb_c.jpg\",\"width\":799,\"height\":533},{\"@type\":\"BreadcrumbList\",\"@id\":\"https:\/\/www.notibras.com\/site\/ponto-turistico-bairro-recebe-acoes-de-zeladoria\/#breadcrumb\",\"itemListElement\":[{\"@type\":\"ListItem\",\"position\":1,\"name\":\"In\u00edcio\",\"item\":\"https:\/\/www.notibras.com\/site\/\"},{\"@type\":\"ListItem\",\"position\":2,\"name\":\"Ponto tur\u00edstico, bairro recebe a\u00e7\u00f5es de zeladoria\"}]},{\"@type\":\"WebSite\",\"@id\":\"https:\/\/www.notibras.com\/site\/#website\",\"url\":\"https:\/\/www.notibras.com\/site\/\",\"name\":\"Notibras\",\"description\":\"Not\u00edcias de Bras\u00edlia, do Brasil e do Mundo\",\"publisher\":{\"@id\":\"https:\/\/www.notibras.com\/site\/#organization\"},\"potentialAction\":[{\"@type\":\"SearchAction\",\"target\":{\"@type\":\"EntryPoint\",\"urlTemplate\":\"https:\/\/www.notibras.com\/site\/?s={search_term_string}\"},\"query-input\":{\"@type\":\"PropertyValueSpecification\",\"valueRequired\":true,\"valueName\":\"search_term_string\"}}],\"inLanguage\":\"pt-BR\"},{\"@type\":\"Organization\",\"@id\":\"https:\/\/www.notibras.com\/site\/#organization\",\"name\":\"Grupo Notibras de Comunica\u00e7\u00e3o\",\"url\":\"https:\/\/www.notibras.com\/site\/\",\"logo\":{\"@type\":\"ImageObject\",\"inLanguage\":\"pt-BR\",\"@id\":\"https:\/\/www.notibras.com\/site\/#\/schema\/logo\/image\/\",\"url\":\"https:\/\/www.notibras.com\/site\/wp-content\/uploads\/2023\/01\/notibras23.png\",\"contentUrl\":\"https:\/\/www.notibras.com\/site\/wp-content\/uploads\/2023\/01\/notibras23.png\",\"width\":350,\"height\":87,\"caption\":\"Grupo Notibras de Comunica\u00e7\u00e3o\"},\"image\":{\"@id\":\"https:\/\/www.notibras.com\/site\/#\/schema\/logo\/image\/\"},\"sameAs\":[\"https:\/\/www.facebook.com\/notibras\/\",\"https:\/\/x.com\/Notibras\",\"https:\/\/www.instagram.com\/notibras\/\"]},{\"@type\":\"Person\",\"@id\":\"https:\/\/www.notibras.com\/site\/#\/schema\/person\/36ab0979449956132d3e5b517ea76ac8\",\"name\":\"Reda\u00e7\u00e3o\",\"image\":{\"@type\":\"ImageObject\",\"inLanguage\":\"pt-BR\",\"@id\":\"https:\/\/secure.gravatar.com\/avatar\/e0a867bdedb85fd243eadf09663511f96fc81e0720a4a42581f334ad4303aa6b?s=96&d=mm&r=g\",\"url\":\"https:\/\/secure.gravatar.com\/avatar\/e0a867bdedb85fd243eadf09663511f96fc81e0720a4a42581f334ad4303aa6b?s=96&d=mm&r=g\",\"contentUrl\":\"https:\/\/secure.gravatar.com\/avatar\/e0a867bdedb85fd243eadf09663511f96fc81e0720a4a42581f334ad4303aa6b?s=96&d=mm&r=g\",\"caption\":\"Reda\u00e7\u00e3o\"}}]}<\/script>\n<!-- \/ Yoast SEO plugin. -->","yoast_head_json":{"title":"Ponto tur\u00edstico, bairro recebe a\u00e7\u00f5es de zeladoria - Notibras","robots":{"index":"index","follow":"follow","max-snippet":"max-snippet:-1","max-image-preview":"max-image-preview:large","max-video-preview":"max-video-preview:-1"},"canonical":"https:\/\/www.notibras.com\/site\/ponto-turistico-bairro-recebe-acoes-de-zeladoria\/","og_locale":"pt_BR","og_type":"article","og_title":"Ponto tur\u00edstico, bairro recebe a\u00e7\u00f5es de zeladoria - Notibras","og_description":"O Polo Central 3 do GDF Presente, Administra\u00e7\u00e3o Regional do Plano Piloto, Servi\u00e7o de Limpeza Urbana (SLU), Novacap e o Departamento de Tr\u00e2nsito (Detran), entre outros \u00f3rg\u00e3os, iniciaram nesta semana uma grande opera\u00e7\u00e3o de zeladoria na Vila Planalto. O trabalho, que come\u00e7ou na \u00e1rea da Fazendinha (ponto tur\u00edstico da localidade), vai chegar a todas as [&hellip;]","og_url":"https:\/\/www.notibras.com\/site\/ponto-turistico-bairro-recebe-acoes-de-zeladoria\/","og_site_name":"Notibras","article_publisher":"https:\/\/www.facebook.com\/notibras\/","article_published_time":"2023-02-17T03:01:59+00:00","article_modified_time":"2023-02-17T11:28:56+00:00","og_image":[{"width":799,"height":533,"url":"https:\/\/www.notibras.com\/site\/wp-content\/uploads\/2023\/02\/52691571228_0286dc6bfb_c.jpg","type":"image\/jpeg"}],"author":"Reda\u00e7\u00e3o","twitter_card":"summary_large_image","twitter_creator":"@Notibras","twitter_site":"@Notibras","twitter_misc":{"Escrito por":"Reda\u00e7\u00e3o","Est. tempo de leitura":"3 minutos"},"schema":{"@context":"https:\/\/schema.org","@graph":[{"@type":"Article","@id":"https:\/\/www.notibras.com\/site\/ponto-turistico-bairro-recebe-acoes-de-zeladoria\/#article","isPartOf":{"@id":"https:\/\/www.notibras.com\/site\/ponto-turistico-bairro-recebe-acoes-de-zeladoria\/"},"author":{"name":"Reda\u00e7\u00e3o","@id":"https:\/\/www.notibras.com\/site\/#\/schema\/person\/36ab0979449956132d3e5b517ea76ac8"},"headline":"Ponto tur\u00edstico, bairro recebe a\u00e7\u00f5es de zeladoria","datePublished":"2023-02-17T03:01:59+00:00","dateModified":"2023-02-17T11:28:56+00:00","mainEntityOfPage":{"@id":"https:\/\/www.notibras.com\/site\/ponto-turistico-bairro-recebe-acoes-de-zeladoria\/"},"wordCount":423,"publisher":{"@id":"https:\/\/www.notibras.com\/site\/#organization"},"image":{"@id":"https:\/\/www.notibras.com\/site\/ponto-turistico-bairro-recebe-acoes-de-zeladoria\/#primaryimage"},"thumbnailUrl":"https:\/\/www.notibras.com\/site\/wp-content\/uploads\/2023\/02\/52691571228_0286dc6bfb_c.jpg","articleSection":["Quadradinho em Foco"],"inLanguage":"pt-BR"},{"@type":"WebPage","@id":"https:\/\/www.notibras.com\/site\/ponto-turistico-bairro-recebe-acoes-de-zeladoria\/","url":"https:\/\/www.notibras.com\/site\/ponto-turistico-bairro-recebe-acoes-de-zeladoria\/","name":"Ponto tur\u00edstico, bairro recebe a\u00e7\u00f5es de zeladoria - Notibras","isPartOf":{"@id":"https:\/\/www.notibras.com\/site\/#website"},"primaryImageOfPage":{"@id":"https:\/\/www.notibras.com\/site\/ponto-turistico-bairro-recebe-acoes-de-zeladoria\/#primaryimage"},"image":{"@id":"https:\/\/www.notibras.com\/site\/ponto-turistico-bairro-recebe-acoes-de-zeladoria\/#primaryimage"},"thumbnailUrl":"https:\/\/www.notibras.com\/site\/wp-content\/uploads\/2023\/02\/52691571228_0286dc6bfb_c.jpg","datePublished":"2023-02-17T03:01:59+00:00","dateModified":"2023-02-17T11:28:56+00:00","breadcrumb":{"@id":"https:\/\/www.notibras.com\/site\/ponto-turistico-bairro-recebe-acoes-de-zeladoria\/#breadcrumb"},"inLanguage":"pt-BR","potentialAction":[{"@type":"ReadAction","target":["https:\/\/www.notibras.com\/site\/ponto-turistico-bairro-recebe-acoes-de-zeladoria\/"]}]},{"@type":"ImageObject","inLanguage":"pt-BR","@id":"https:\/\/www.notibras.com\/site\/ponto-turistico-bairro-recebe-acoes-de-zeladoria\/#primaryimage","url":"https:\/\/www.notibras.com\/site\/wp-content\/uploads\/2023\/02\/52691571228_0286dc6bfb_c.jpg","contentUrl":"https:\/\/www.notibras.com\/site\/wp-content\/uploads\/2023\/02\/52691571228_0286dc6bfb_c.jpg","width":799,"height":533},{"@type":"BreadcrumbList","@id":"https:\/\/www.notibras.com\/site\/ponto-turistico-bairro-recebe-acoes-de-zeladoria\/#breadcrumb","itemListElement":[{"@type":"ListItem","position":1,"name":"In\u00edcio","item":"https:\/\/www.notibras.com\/site\/"},{"@type":"ListItem","position":2,"name":"Ponto tur\u00edstico, bairro recebe a\u00e7\u00f5es de zeladoria"}]},{"@type":"WebSite","@id":"https:\/\/www.notibras.com\/site\/#website","url":"https:\/\/www.notibras.com\/site\/","name":"Notibras","description":"Not\u00edcias de Bras\u00edlia, do Brasil e do Mundo","publisher":{"@id":"https:\/\/www.notibras.com\/site\/#organization"},"potentialAction":[{"@type":"SearchAction","target":{"@type":"EntryPoint","urlTemplate":"https:\/\/www.notibras.com\/site\/?s={search_term_string}"},"query-input":{"@type":"PropertyValueSpecification","valueRequired":true,"valueName":"search_term_string"}}],"inLanguage":"pt-BR"},{"@type":"Organization","@id":"https:\/\/www.notibras.com\/site\/#organization","name":"Grupo Notibras de Comunica\u00e7\u00e3o","url":"https:\/\/www.notibras.com\/site\/","logo":{"@type":"ImageObject","inLanguage":"pt-BR","@id":"https:\/\/www.notibras.com\/site\/#\/schema\/logo\/image\/","url":"https:\/\/www.notibras.com\/site\/wp-content\/uploads\/2023\/01\/notibras23.png","contentUrl":"https:\/\/www.notibras.com\/site\/wp-content\/uploads\/2023\/01\/notibras23.png","width":350,"height":87,"caption":"Grupo Notibras de Comunica\u00e7\u00e3o"},"image":{"@id":"https:\/\/www.notibras.com\/site\/#\/schema\/logo\/image\/"},"sameAs":["https:\/\/www.facebook.com\/notibras\/","https:\/\/x.com\/Notibras","https:\/\/www.instagram.com\/notibras\/"]},{"@type":"Person","@id":"https:\/\/www.notibras.com\/site\/#\/schema\/person\/36ab0979449956132d3e5b517ea76ac8","name":"Reda\u00e7\u00e3o","image":{"@type":"ImageObject","inLanguage":"pt-BR","@id":"https:\/\/secure.gravatar.com\/avatar\/e0a867bdedb85fd243eadf09663511f96fc81e0720a4a42581f334ad4303aa6b?s=96&d=mm&r=g","url":"https:\/\/secure.gravatar.com\/avatar\/e0a867bdedb85fd243eadf09663511f96fc81e0720a4a42581f334ad4303aa6b?s=96&d=mm&r=g","contentUrl":"https:\/\/secure.gravatar.com\/avatar\/e0a867bdedb85fd243eadf09663511f96fc81e0720a4a42581f334ad4303aa6b?s=96&d=mm&r=g","caption":"Reda\u00e7\u00e3o"}}]}},"amp_enabled":true,"_links":{"self":[{"href":"https:\/\/www.notibras.com\/site\/wp-json\/wp\/v2\/posts\/299660","targetHints":{"allow":["GET"]}}],"collection":[{"href":"https:\/\/www.notibras.com\/site\/wp-json\/wp\/v2\/posts"}],"about":[{"href":"https:\/\/www.notibras.com\/site\/wp-json\/wp\/v2\/types\/post"}],"author":[{"embeddable":true,"href":"https:\/\/www.notibras.com\/site\/wp-json\/wp\/v2\/users\/2"}],"replies":[{"embeddable":true,"href":"https:\/\/www.notibras.com\/site\/wp-json\/wp\/v2\/comments?post=299660"}],"version-history":[{"count":1,"href":"https:\/\/www.notibras.com\/site\/wp-json\/wp\/v2\/posts\/299660\/revisions"}],"predecessor-version":[{"id":299662,"href":"https:\/\/www.notibras.com\/site\/wp-json\/wp\/v2\/posts\/299660\/revisions\/299662"}],"wp:featuredmedia":[{"embeddable":true,"href":"https:\/\/www.notibras.com\/site\/wp-json\/wp\/v2\/media\/299661"}],"wp:attachment":[{"href":"https:\/\/www.notibras.com\/site\/wp-json\/wp\/v2\/media?parent=299660"}],"wp:term":[{"taxonomy":"category","embeddable":true,"href":"https:\/\/www.notibras.com\/site\/wp-json\/wp\/v2\/categories?post=299660"},{"taxonomy":"post_tag","embeddable":true,"href":"https:\/\/www.notibras.com\/site\/wp-json\/wp\/v2\/tags?post=299660"}],"curies":[{"name":"wp","href":"https:\/\/api.w.org\/{rel}","templated":true}]}}