{"id":299777,"date":"2023-02-19T00:00:24","date_gmt":"2023-02-19T03:00:24","guid":{"rendered":"https:\/\/www.notibras.com\/site\/?p=299777"},"modified":"2023-02-19T09:48:12","modified_gmt":"2023-02-19T12:48:12","slug":"pandemia-de-covid-cria-uma-geracao-perdida-de-jovens","status":"publish","type":"post","link":"https:\/\/www.notibras.com\/site\/pandemia-de-covid-cria-uma-geracao-perdida-de-jovens\/","title":{"rendered":"Pandemia de Covid cria uma gera\u00e7\u00e3o perdida de jovens"},"content":{"rendered":"<p>A pandemia de covid-19 comprometeu o desenvolvimento de milh\u00f5es de crian\u00e7as e jovens nos pa\u00edses de baixa e m\u00e9dia renda, divulgou o Banco Mundial. A combina\u00e7\u00e3o de ensino remoto ineficiente, fechamento de locais de trabalho e inseguran\u00e7a alimentar comprometer\u00e1 a produtividade na vida adulta.<\/p>\n<p>De acordo com relat\u00f3rio da institui\u00e7\u00e3o financeira, a defici\u00eancia de conhecimento nas crian\u00e7as de at\u00e9 5 anos pode se traduzir em queda de 25% nos ganhos na vida adulta. Nas crian\u00e7as em idade escolar, a perda pode ser de at\u00e9 10% dos rendimentos. A pandemia, ressaltou o Banco Mundial, impactou o capital humano, definido como conhecimento, compet\u00eancias e sa\u00fade acumulada ao longo da vida.<\/p>\n<p>Segundo o relat\u00f3rio, intitulado Colapso e recupera\u00e7\u00e3o: como a pandemia de covid-19 deteriorou o capital humano e o que fazer a respeito, os \u00edndices de aprendizagem est\u00e3o longe de se recuperar em rela\u00e7\u00e3o ao per\u00edodo pr\u00e9-pandemia. As crian\u00e7as em idade pr\u00e9-escolar (at\u00e9 4 anos) tiveram desempenho 34% pior em linguagem e alfabetiza\u00e7\u00e3o e 29% em matem\u00e1tica na compara\u00e7\u00e3o com 2019.<\/p>\n<p>A deteriora\u00e7\u00e3o repete-se nas matr\u00edculas. No fim de 2021, as matr\u00edculas em diversos pa\u00edses estavam mais de 10 pontos percentuais abaixo do observado antes da pandemia. As crian\u00e7as em idade escolar (6 a 14 anos) perderam 32 dias de aprendizagem para cada 30 dias de fechamento das escolas. Isso porque os alunos n\u00e3o apenas deixaram de aprender, mas esqueceram parte do que haviam aprendido.<\/p>\n<p>O efeito \u00e9 ainda mais cruel nos pa\u00edses de m\u00e9dia e de baixa renda, que n\u00e3o puderam implementar pol\u00edticas eficientes de ensino remoto. A insufici\u00eancia de aprendizagem aumentou e, agora, cerca de 70% das crian\u00e7as de 10 anos n\u00e3o conseguem entender um texto b\u00e1sico. Quase 1 bilh\u00e3o de crian\u00e7as perdeu pelo menos um ano de ensino presencial e mais de 700 milh\u00f5es perderam pelo menos um ano e meio nesses pa\u00edses.<\/p>\n<p><strong>Jovens<\/strong><br \/>\nEm rela\u00e7\u00e3o aos jovens (15 a 24 anos), a covid-19 traduziu-se em menos empregos e menores sal\u00e1rios. No fim de 2021, o n\u00edvel absoluto de emprego jovem recuperou-se em rela\u00e7\u00e3o a antes da pandemia, mas a recupera\u00e7\u00e3o n\u00e3o foi suficiente para incorporar quem acabou de entrar no mercado de trabalho. Cerca de 40 milh\u00f5es de pessoas que teriam emprego n\u00e3o fosse a pandemia estavam desempregadas.<\/p>\n<p>Os rendimentos dos jovens ca\u00edram 15% em 2020 e 12% em 2021. O relat\u00f3rio estima em at\u00e9 10 anos o impacto do desemprego ou de empregos mal remunerados para quem entra no mercado de trabalho, com remunera\u00e7\u00f5es 13% mais baixas em m\u00e9dia. Segundo o Banco Mundial, as pessoas com menos de 25 anos hoje, que comp\u00f5em a popula\u00e7\u00e3o mais afetada pela pandemia, representar\u00e3o mais de 90% da for\u00e7a de trabalho ativa em 2050.<\/p>\n<p>No Brasil, o n\u00famero de jovens da categoria \u201cnem-nem\u201d, que n\u00e3o estudavam nem trabalhavam, subiu significativamente e atingiu 22% no \u00faltimo trimestre de 2021.<\/p>\n<p>Na Am\u00e9rica Latina, as crian\u00e7as perderam 1,7 ano de aprendizado por causa de fechamentos escolares particularmente longos. No Brasil, as escolas ficaram totalmente fechadas por 44% do tempo de 1\u00ba de abril de 2020 a 31 de mar\u00e7o de 2022 e 90% do tempo parcialmente fechadas. As matr\u00edculas no pr\u00e9-escolar ca\u00edram mais de 13 pontos percentuais no fim de 2021 em rela\u00e7\u00e3o ao per\u00edodo pr\u00e9-pandemia, com recuo maior em crian\u00e7as de faixas mais baixas de renda.<\/p>\n<p><strong>Medidas<\/strong><br \/>\nO Banco Mundial listou medidas de curto e de longo prazo para lidar com a deteriora\u00e7\u00e3o do capital humano. No curto prazo, os pa\u00edses devem promover e apoiar campanhas de vacina\u00e7\u00e3o e de suplementa\u00e7\u00e3o nutricional das crian\u00e7as pequenas; aumentar o acesso \u00e0 pr\u00e9-escola e aumentar a cobertura dos programas de transfer\u00eancias de renda a fam\u00edlias vulner\u00e1veis.<\/p>\n<p>Para crian\u00e7as em idade escolar, o relat\u00f3rio sugere o aumento do tempo de instru\u00e7\u00e3o, a avalia\u00e7\u00e3o da aprendizagem para adequar o ensino ao n\u00edvel dos alunos e a simplifica\u00e7\u00e3o dos curr\u00edculos com foco na aprendizagem b\u00e1sica. Para os jovens, o Banco Mundial sugere apoio para \u00e0 capacita\u00e7\u00e3o adaptada, \u00e0 intermedia\u00e7\u00e3o de empregos, a programas de empreendedorismo e a novas iniciativas voltadas para a for\u00e7a de trabalho.<\/p>\n<p>No longo prazo, destaca o relat\u00f3rio, os pa\u00edses devem construir sistemas de sa\u00fade, educa\u00e7\u00e3o e prote\u00e7\u00e3o social \u00e1geis, resilientes e adapt\u00e1veis a choques atuais e futuros, como novas pandemias ou desafios decorrentes da mudan\u00e7a clim\u00e1tica. Caso isso n\u00e3o seja feito, alertou o Banco Mundial, haver\u00e1 n\u00e3o apenas uma, mas v\u00e1rias gera\u00e7\u00f5es perdidas.<\/p>\n<p>Os financiamentos do Grupo Banco Mundial para lidar com a pandemia somaram US$ 72,8 bilh\u00f5es entre abril de 2020 e junho de 2022. Desse total, US$ 37,6 bilh\u00f5es referem-se a linhas de cr\u00e9dito do pr\u00f3prio Banco Mundial e US$ 35,1 bilh\u00f5es em financiamentos da Ag\u00eancia Internacional de Desenvolvimento. No mesmo per\u00edodo, 300 projetos de desenvolvimento de capital humano (a\u00e7\u00f5es de educa\u00e7\u00e3o, capacita\u00e7\u00e3o e sa\u00fade) em pa\u00edses de m\u00e9dia e baixa renda receberam apoio do grupo, num total de US$ 47,5 bilh\u00f5es.<\/p>\n","protected":false},"excerpt":{"rendered":"<p>A pandemia de covid-19 comprometeu o desenvolvimento de milh\u00f5es de crian\u00e7as e jovens nos pa\u00edses de baixa e m\u00e9dia renda, divulgou o Banco Mundial. A combina\u00e7\u00e3o de ensino remoto ineficiente, fechamento de locais de trabalho e inseguran\u00e7a alimentar comprometer\u00e1 a produtividade na vida adulta. De acordo com relat\u00f3rio da institui\u00e7\u00e3o financeira, a defici\u00eancia de conhecimento [&hellip;]<\/p>\n","protected":false},"author":2,"featured_media":299778,"comment_status":"closed","ping_status":"closed","sticky":false,"template":"","format":"standard","meta":{"_acf_changed":false,"footnotes":""},"categories":[161],"tags":[],"class_list":["post-299777","post","type-post","status-publish","format-standard","has-post-thumbnail","hentry","category-quadradinho-em-foco"],"acf":[],"yoast_head":"<!-- This site is optimized with the Yoast SEO plugin v27.2 - https:\/\/yoast.com\/product\/yoast-seo-wordpress\/ -->\n<title>Pandemia de Covid cria uma gera\u00e7\u00e3o perdida de jovens - Notibras<\/title>\n<meta name=\"robots\" content=\"index, follow, max-snippet:-1, max-image-preview:large, max-video-preview:-1\" \/>\n<link rel=\"canonical\" href=\"https:\/\/www.notibras.com\/site\/pandemia-de-covid-cria-uma-geracao-perdida-de-jovens\/\" \/>\n<meta property=\"og:locale\" content=\"pt_BR\" \/>\n<meta property=\"og:type\" content=\"article\" \/>\n<meta property=\"og:title\" content=\"Pandemia de Covid cria uma gera\u00e7\u00e3o perdida de jovens - Notibras\" \/>\n<meta property=\"og:description\" content=\"A pandemia de covid-19 comprometeu o desenvolvimento de milh\u00f5es de crian\u00e7as e jovens nos pa\u00edses de baixa e m\u00e9dia renda, divulgou o Banco Mundial. A combina\u00e7\u00e3o de ensino remoto ineficiente, fechamento de locais de trabalho e inseguran\u00e7a alimentar comprometer\u00e1 a produtividade na vida adulta. De acordo com relat\u00f3rio da institui\u00e7\u00e3o financeira, a defici\u00eancia de conhecimento [&hellip;]\" \/>\n<meta property=\"og:url\" content=\"https:\/\/www.notibras.com\/site\/pandemia-de-covid-cria-uma-geracao-perdida-de-jovens\/\" \/>\n<meta property=\"og:site_name\" content=\"Notibras\" \/>\n<meta property=\"article:publisher\" content=\"https:\/\/www.facebook.com\/notibras\/\" \/>\n<meta property=\"article:published_time\" content=\"2023-02-19T03:00:24+00:00\" \/>\n<meta property=\"article:modified_time\" content=\"2023-02-19T12:48:12+00:00\" \/>\n<meta property=\"og:image\" content=\"https:\/\/www.notibras.com\/site\/wp-content\/uploads\/2023\/02\/08_07_2020_sala_de_aula_covid.jpg\" \/>\n\t<meta property=\"og:image:width\" content=\"1170\" \/>\n\t<meta property=\"og:image:height\" content=\"700\" \/>\n\t<meta property=\"og:image:type\" content=\"image\/jpeg\" \/>\n<meta name=\"author\" content=\"Reda\u00e7\u00e3o\" \/>\n<meta name=\"twitter:card\" content=\"summary_large_image\" \/>\n<meta name=\"twitter:creator\" content=\"@Notibras\" \/>\n<meta name=\"twitter:site\" content=\"@Notibras\" \/>\n<meta name=\"twitter:label1\" content=\"Escrito por\" \/>\n\t<meta name=\"twitter:data1\" content=\"Reda\u00e7\u00e3o\" \/>\n\t<meta name=\"twitter:label2\" content=\"Est. tempo de leitura\" \/>\n\t<meta name=\"twitter:data2\" content=\"5 minutos\" \/>\n<script type=\"application\/ld+json\" class=\"yoast-schema-graph\">{\"@context\":\"https:\/\/schema.org\",\"@graph\":[{\"@type\":\"Article\",\"@id\":\"https:\/\/www.notibras.com\/site\/pandemia-de-covid-cria-uma-geracao-perdida-de-jovens\/#article\",\"isPartOf\":{\"@id\":\"https:\/\/www.notibras.com\/site\/pandemia-de-covid-cria-uma-geracao-perdida-de-jovens\/\"},\"author\":{\"name\":\"Reda\u00e7\u00e3o\",\"@id\":\"https:\/\/www.notibras.com\/site\/#\/schema\/person\/36ab0979449956132d3e5b517ea76ac8\"},\"headline\":\"Pandemia de Covid cria uma gera\u00e7\u00e3o perdida de jovens\",\"datePublished\":\"2023-02-19T03:00:24+00:00\",\"dateModified\":\"2023-02-19T12:48:12+00:00\",\"mainEntityOfPage\":{\"@id\":\"https:\/\/www.notibras.com\/site\/pandemia-de-covid-cria-uma-geracao-perdida-de-jovens\/\"},\"wordCount\":872,\"publisher\":{\"@id\":\"https:\/\/www.notibras.com\/site\/#organization\"},\"image\":{\"@id\":\"https:\/\/www.notibras.com\/site\/pandemia-de-covid-cria-uma-geracao-perdida-de-jovens\/#primaryimage\"},\"thumbnailUrl\":\"https:\/\/www.notibras.com\/site\/wp-content\/uploads\/2023\/02\/08_07_2020_sala_de_aula_covid.jpg\",\"articleSection\":[\"Quadradinho em Foco\"],\"inLanguage\":\"pt-BR\"},{\"@type\":\"WebPage\",\"@id\":\"https:\/\/www.notibras.com\/site\/pandemia-de-covid-cria-uma-geracao-perdida-de-jovens\/\",\"url\":\"https:\/\/www.notibras.com\/site\/pandemia-de-covid-cria-uma-geracao-perdida-de-jovens\/\",\"name\":\"Pandemia de Covid cria uma gera\u00e7\u00e3o perdida de jovens - Notibras\",\"isPartOf\":{\"@id\":\"https:\/\/www.notibras.com\/site\/#website\"},\"primaryImageOfPage\":{\"@id\":\"https:\/\/www.notibras.com\/site\/pandemia-de-covid-cria-uma-geracao-perdida-de-jovens\/#primaryimage\"},\"image\":{\"@id\":\"https:\/\/www.notibras.com\/site\/pandemia-de-covid-cria-uma-geracao-perdida-de-jovens\/#primaryimage\"},\"thumbnailUrl\":\"https:\/\/www.notibras.com\/site\/wp-content\/uploads\/2023\/02\/08_07_2020_sala_de_aula_covid.jpg\",\"datePublished\":\"2023-02-19T03:00:24+00:00\",\"dateModified\":\"2023-02-19T12:48:12+00:00\",\"breadcrumb\":{\"@id\":\"https:\/\/www.notibras.com\/site\/pandemia-de-covid-cria-uma-geracao-perdida-de-jovens\/#breadcrumb\"},\"inLanguage\":\"pt-BR\",\"potentialAction\":[{\"@type\":\"ReadAction\",\"target\":[\"https:\/\/www.notibras.com\/site\/pandemia-de-covid-cria-uma-geracao-perdida-de-jovens\/\"]}]},{\"@type\":\"ImageObject\",\"inLanguage\":\"pt-BR\",\"@id\":\"https:\/\/www.notibras.com\/site\/pandemia-de-covid-cria-uma-geracao-perdida-de-jovens\/#primaryimage\",\"url\":\"https:\/\/www.notibras.com\/site\/wp-content\/uploads\/2023\/02\/08_07_2020_sala_de_aula_covid.jpg\",\"contentUrl\":\"https:\/\/www.notibras.com\/site\/wp-content\/uploads\/2023\/02\/08_07_2020_sala_de_aula_covid.jpg\",\"width\":1170,\"height\":700,\"caption\":\"Sala de aula vazia\"},{\"@type\":\"BreadcrumbList\",\"@id\":\"https:\/\/www.notibras.com\/site\/pandemia-de-covid-cria-uma-geracao-perdida-de-jovens\/#breadcrumb\",\"itemListElement\":[{\"@type\":\"ListItem\",\"position\":1,\"name\":\"In\u00edcio\",\"item\":\"https:\/\/www.notibras.com\/site\/\"},{\"@type\":\"ListItem\",\"position\":2,\"name\":\"Pandemia de Covid cria uma gera\u00e7\u00e3o perdida de jovens\"}]},{\"@type\":\"WebSite\",\"@id\":\"https:\/\/www.notibras.com\/site\/#website\",\"url\":\"https:\/\/www.notibras.com\/site\/\",\"name\":\"Notibras\",\"description\":\"Not\u00edcias de Bras\u00edlia, do Brasil e do Mundo\",\"publisher\":{\"@id\":\"https:\/\/www.notibras.com\/site\/#organization\"},\"potentialAction\":[{\"@type\":\"SearchAction\",\"target\":{\"@type\":\"EntryPoint\",\"urlTemplate\":\"https:\/\/www.notibras.com\/site\/?s={search_term_string}\"},\"query-input\":{\"@type\":\"PropertyValueSpecification\",\"valueRequired\":true,\"valueName\":\"search_term_string\"}}],\"inLanguage\":\"pt-BR\"},{\"@type\":\"Organization\",\"@id\":\"https:\/\/www.notibras.com\/site\/#organization\",\"name\":\"Grupo Notibras de Comunica\u00e7\u00e3o\",\"url\":\"https:\/\/www.notibras.com\/site\/\",\"logo\":{\"@type\":\"ImageObject\",\"inLanguage\":\"pt-BR\",\"@id\":\"https:\/\/www.notibras.com\/site\/#\/schema\/logo\/image\/\",\"url\":\"https:\/\/www.notibras.com\/site\/wp-content\/uploads\/2023\/01\/notibras23.png\",\"contentUrl\":\"https:\/\/www.notibras.com\/site\/wp-content\/uploads\/2023\/01\/notibras23.png\",\"width\":350,\"height\":87,\"caption\":\"Grupo Notibras de Comunica\u00e7\u00e3o\"},\"image\":{\"@id\":\"https:\/\/www.notibras.com\/site\/#\/schema\/logo\/image\/\"},\"sameAs\":[\"https:\/\/www.facebook.com\/notibras\/\",\"https:\/\/x.com\/Notibras\",\"https:\/\/www.instagram.com\/notibras\/\"]},{\"@type\":\"Person\",\"@id\":\"https:\/\/www.notibras.com\/site\/#\/schema\/person\/36ab0979449956132d3e5b517ea76ac8\",\"name\":\"Reda\u00e7\u00e3o\",\"image\":{\"@type\":\"ImageObject\",\"inLanguage\":\"pt-BR\",\"@id\":\"https:\/\/secure.gravatar.com\/avatar\/e0a867bdedb85fd243eadf09663511f96fc81e0720a4a42581f334ad4303aa6b?s=96&d=mm&r=g\",\"url\":\"https:\/\/secure.gravatar.com\/avatar\/e0a867bdedb85fd243eadf09663511f96fc81e0720a4a42581f334ad4303aa6b?s=96&d=mm&r=g\",\"contentUrl\":\"https:\/\/secure.gravatar.com\/avatar\/e0a867bdedb85fd243eadf09663511f96fc81e0720a4a42581f334ad4303aa6b?s=96&d=mm&r=g\",\"caption\":\"Reda\u00e7\u00e3o\"}}]}<\/script>\n<!-- \/ Yoast SEO plugin. -->","yoast_head_json":{"title":"Pandemia de Covid cria uma gera\u00e7\u00e3o perdida de jovens - Notibras","robots":{"index":"index","follow":"follow","max-snippet":"max-snippet:-1","max-image-preview":"max-image-preview:large","max-video-preview":"max-video-preview:-1"},"canonical":"https:\/\/www.notibras.com\/site\/pandemia-de-covid-cria-uma-geracao-perdida-de-jovens\/","og_locale":"pt_BR","og_type":"article","og_title":"Pandemia de Covid cria uma gera\u00e7\u00e3o perdida de jovens - Notibras","og_description":"A pandemia de covid-19 comprometeu o desenvolvimento de milh\u00f5es de crian\u00e7as e jovens nos pa\u00edses de baixa e m\u00e9dia renda, divulgou o Banco Mundial. A combina\u00e7\u00e3o de ensino remoto ineficiente, fechamento de locais de trabalho e inseguran\u00e7a alimentar comprometer\u00e1 a produtividade na vida adulta. De acordo com relat\u00f3rio da institui\u00e7\u00e3o financeira, a defici\u00eancia de conhecimento [&hellip;]","og_url":"https:\/\/www.notibras.com\/site\/pandemia-de-covid-cria-uma-geracao-perdida-de-jovens\/","og_site_name":"Notibras","article_publisher":"https:\/\/www.facebook.com\/notibras\/","article_published_time":"2023-02-19T03:00:24+00:00","article_modified_time":"2023-02-19T12:48:12+00:00","og_image":[{"width":1170,"height":700,"url":"https:\/\/www.notibras.com\/site\/wp-content\/uploads\/2023\/02\/08_07_2020_sala_de_aula_covid.jpg","type":"image\/jpeg"}],"author":"Reda\u00e7\u00e3o","twitter_card":"summary_large_image","twitter_creator":"@Notibras","twitter_site":"@Notibras","twitter_misc":{"Escrito por":"Reda\u00e7\u00e3o","Est. tempo de leitura":"5 minutos"},"schema":{"@context":"https:\/\/schema.org","@graph":[{"@type":"Article","@id":"https:\/\/www.notibras.com\/site\/pandemia-de-covid-cria-uma-geracao-perdida-de-jovens\/#article","isPartOf":{"@id":"https:\/\/www.notibras.com\/site\/pandemia-de-covid-cria-uma-geracao-perdida-de-jovens\/"},"author":{"name":"Reda\u00e7\u00e3o","@id":"https:\/\/www.notibras.com\/site\/#\/schema\/person\/36ab0979449956132d3e5b517ea76ac8"},"headline":"Pandemia de Covid cria uma gera\u00e7\u00e3o perdida de jovens","datePublished":"2023-02-19T03:00:24+00:00","dateModified":"2023-02-19T12:48:12+00:00","mainEntityOfPage":{"@id":"https:\/\/www.notibras.com\/site\/pandemia-de-covid-cria-uma-geracao-perdida-de-jovens\/"},"wordCount":872,"publisher":{"@id":"https:\/\/www.notibras.com\/site\/#organization"},"image":{"@id":"https:\/\/www.notibras.com\/site\/pandemia-de-covid-cria-uma-geracao-perdida-de-jovens\/#primaryimage"},"thumbnailUrl":"https:\/\/www.notibras.com\/site\/wp-content\/uploads\/2023\/02\/08_07_2020_sala_de_aula_covid.jpg","articleSection":["Quadradinho em Foco"],"inLanguage":"pt-BR"},{"@type":"WebPage","@id":"https:\/\/www.notibras.com\/site\/pandemia-de-covid-cria-uma-geracao-perdida-de-jovens\/","url":"https:\/\/www.notibras.com\/site\/pandemia-de-covid-cria-uma-geracao-perdida-de-jovens\/","name":"Pandemia de Covid cria uma gera\u00e7\u00e3o perdida de jovens - Notibras","isPartOf":{"@id":"https:\/\/www.notibras.com\/site\/#website"},"primaryImageOfPage":{"@id":"https:\/\/www.notibras.com\/site\/pandemia-de-covid-cria-uma-geracao-perdida-de-jovens\/#primaryimage"},"image":{"@id":"https:\/\/www.notibras.com\/site\/pandemia-de-covid-cria-uma-geracao-perdida-de-jovens\/#primaryimage"},"thumbnailUrl":"https:\/\/www.notibras.com\/site\/wp-content\/uploads\/2023\/02\/08_07_2020_sala_de_aula_covid.jpg","datePublished":"2023-02-19T03:00:24+00:00","dateModified":"2023-02-19T12:48:12+00:00","breadcrumb":{"@id":"https:\/\/www.notibras.com\/site\/pandemia-de-covid-cria-uma-geracao-perdida-de-jovens\/#breadcrumb"},"inLanguage":"pt-BR","potentialAction":[{"@type":"ReadAction","target":["https:\/\/www.notibras.com\/site\/pandemia-de-covid-cria-uma-geracao-perdida-de-jovens\/"]}]},{"@type":"ImageObject","inLanguage":"pt-BR","@id":"https:\/\/www.notibras.com\/site\/pandemia-de-covid-cria-uma-geracao-perdida-de-jovens\/#primaryimage","url":"https:\/\/www.notibras.com\/site\/wp-content\/uploads\/2023\/02\/08_07_2020_sala_de_aula_covid.jpg","contentUrl":"https:\/\/www.notibras.com\/site\/wp-content\/uploads\/2023\/02\/08_07_2020_sala_de_aula_covid.jpg","width":1170,"height":700,"caption":"Sala de aula vazia"},{"@type":"BreadcrumbList","@id":"https:\/\/www.notibras.com\/site\/pandemia-de-covid-cria-uma-geracao-perdida-de-jovens\/#breadcrumb","itemListElement":[{"@type":"ListItem","position":1,"name":"In\u00edcio","item":"https:\/\/www.notibras.com\/site\/"},{"@type":"ListItem","position":2,"name":"Pandemia de Covid cria uma gera\u00e7\u00e3o perdida de jovens"}]},{"@type":"WebSite","@id":"https:\/\/www.notibras.com\/site\/#website","url":"https:\/\/www.notibras.com\/site\/","name":"Notibras","description":"Not\u00edcias de Bras\u00edlia, do Brasil e do Mundo","publisher":{"@id":"https:\/\/www.notibras.com\/site\/#organization"},"potentialAction":[{"@type":"SearchAction","target":{"@type":"EntryPoint","urlTemplate":"https:\/\/www.notibras.com\/site\/?s={search_term_string}"},"query-input":{"@type":"PropertyValueSpecification","valueRequired":true,"valueName":"search_term_string"}}],"inLanguage":"pt-BR"},{"@type":"Organization","@id":"https:\/\/www.notibras.com\/site\/#organization","name":"Grupo Notibras de Comunica\u00e7\u00e3o","url":"https:\/\/www.notibras.com\/site\/","logo":{"@type":"ImageObject","inLanguage":"pt-BR","@id":"https:\/\/www.notibras.com\/site\/#\/schema\/logo\/image\/","url":"https:\/\/www.notibras.com\/site\/wp-content\/uploads\/2023\/01\/notibras23.png","contentUrl":"https:\/\/www.notibras.com\/site\/wp-content\/uploads\/2023\/01\/notibras23.png","width":350,"height":87,"caption":"Grupo Notibras de Comunica\u00e7\u00e3o"},"image":{"@id":"https:\/\/www.notibras.com\/site\/#\/schema\/logo\/image\/"},"sameAs":["https:\/\/www.facebook.com\/notibras\/","https:\/\/x.com\/Notibras","https:\/\/www.instagram.com\/notibras\/"]},{"@type":"Person","@id":"https:\/\/www.notibras.com\/site\/#\/schema\/person\/36ab0979449956132d3e5b517ea76ac8","name":"Reda\u00e7\u00e3o","image":{"@type":"ImageObject","inLanguage":"pt-BR","@id":"https:\/\/secure.gravatar.com\/avatar\/e0a867bdedb85fd243eadf09663511f96fc81e0720a4a42581f334ad4303aa6b?s=96&d=mm&r=g","url":"https:\/\/secure.gravatar.com\/avatar\/e0a867bdedb85fd243eadf09663511f96fc81e0720a4a42581f334ad4303aa6b?s=96&d=mm&r=g","contentUrl":"https:\/\/secure.gravatar.com\/avatar\/e0a867bdedb85fd243eadf09663511f96fc81e0720a4a42581f334ad4303aa6b?s=96&d=mm&r=g","caption":"Reda\u00e7\u00e3o"}}]}},"amp_enabled":true,"_links":{"self":[{"href":"https:\/\/www.notibras.com\/site\/wp-json\/wp\/v2\/posts\/299777","targetHints":{"allow":["GET"]}}],"collection":[{"href":"https:\/\/www.notibras.com\/site\/wp-json\/wp\/v2\/posts"}],"about":[{"href":"https:\/\/www.notibras.com\/site\/wp-json\/wp\/v2\/types\/post"}],"author":[{"embeddable":true,"href":"https:\/\/www.notibras.com\/site\/wp-json\/wp\/v2\/users\/2"}],"replies":[{"embeddable":true,"href":"https:\/\/www.notibras.com\/site\/wp-json\/wp\/v2\/comments?post=299777"}],"version-history":[{"count":1,"href":"https:\/\/www.notibras.com\/site\/wp-json\/wp\/v2\/posts\/299777\/revisions"}],"predecessor-version":[{"id":299779,"href":"https:\/\/www.notibras.com\/site\/wp-json\/wp\/v2\/posts\/299777\/revisions\/299779"}],"wp:featuredmedia":[{"embeddable":true,"href":"https:\/\/www.notibras.com\/site\/wp-json\/wp\/v2\/media\/299778"}],"wp:attachment":[{"href":"https:\/\/www.notibras.com\/site\/wp-json\/wp\/v2\/media?parent=299777"}],"wp:term":[{"taxonomy":"category","embeddable":true,"href":"https:\/\/www.notibras.com\/site\/wp-json\/wp\/v2\/categories?post=299777"},{"taxonomy":"post_tag","embeddable":true,"href":"https:\/\/www.notibras.com\/site\/wp-json\/wp\/v2\/tags?post=299777"}],"curies":[{"name":"wp","href":"https:\/\/api.w.org\/{rel}","templated":true}]}}