{"id":299780,"date":"2023-02-19T11:42:30","date_gmt":"2023-02-19T14:42:30","guid":{"rendered":"https:\/\/www.notibras.com\/site\/?p=299780"},"modified":"2023-02-19T15:17:56","modified_gmt":"2023-02-19T18:17:56","slug":"galinho-tem-historia-mas-cada-enredo-tem-sua-licao","status":"publish","type":"post","link":"https:\/\/www.notibras.com\/site\/galinho-tem-historia-mas-cada-enredo-tem-sua-licao\/","title":{"rendered":"Galinho tem hist\u00f3ria, mas cada enredo tem sua li\u00e7\u00e3o"},"content":{"rendered":"<p>O Galinho tem hist\u00f3ria, e parte dela est\u00e1 em suas redes sociais. Fa\u00e7o, aqui, um complemento. O Bloco contava, no seu in\u00edcio, em 1992, com o apoio e a simpatia dos moradores, mais especificamente da SQS 203 e 204, onde se concentrava, com uma cl\u00e1usula p\u00e9trea de s\u00f3 tocar frevo. Era um carnaval despretensioso, alegre e contagiante.<\/p>\n<p>Mas, o n\u00famero de foli\u00f5es foi aumentando, o trajeto pela L1, entre as quadras 200 e 400 Sul, foi se ampliando e, quando alcan\u00e7ou 2 mil pessoas, passou a causar s\u00e9rios transtornos ao tr\u00e2nsito e a gerar muitas reclama\u00e7\u00f5es dos moradores para que se buscasse outro local.<\/p>\n<p>Seguidas solicita\u00e7\u00f5es de lideran\u00e7as comunit\u00e1rias a cada ano culminaram numa representa\u00e7\u00e3o ao MPDFT, que gerou um TAC, em 2008, quando o Galinho j\u00e1 atra\u00eda 10 mil pessoas.<\/p>\n<p>Na verdade, os foli\u00f5es amantes do frevo n\u00e3o eram muito mais que os 2 mil que seguiam o trio el\u00e9trico. As outras 20, 30, 40 mil, e cada vez mais pessoas, bem jovens, ficavam na \u00e1rea verde da SQS 202 ou debaixo dos pilotis dos seus edif\u00edcios, pouco se importando com o Galinho, e mais interessadas nas liberdades que o clima do carnaval proporcionava, tendo como \u00e1libi a cren\u00e7a que seus pais tinham naquele &#8220;Carnaval Fam\u00edlia&#8221; que s\u00f3 existia nas suas lembran\u00e7as.<\/p>\n<p>O m\u00e1ximo que o Galinho aceitou, fazendo-se de v\u00edtima, foi se concentrar no Setor de Autarquias, ponto de sa\u00edda e chegada, mas mantendo um trajeto margeando as quadras SQS 402 e 203 e circundando a SQS 202.<\/p>\n<p>Com a pretens\u00e3o de sempre crescer mais e mais, o Galinho atra\u00eda a juventude dizendo-se &#8220;Carnaval Fam\u00edlia&#8221; e passando a tocar rock depois que voltava ao local de concentra\u00e7\u00e3o.<\/p>\n<p>A partir de 2016 o Detran passou a abrir passagens de tr\u00e2nsito pelo gramado, para os carros dos moradores e qualquer outro servi\u00e7o, como a ambul\u00e2ncia da SAMU.<\/p>\n<p>No seu pen\u00faltimo desfile, em 2017, o Galinho chegou a anunciar que alcan\u00e7ara 80 mil foli\u00f5es, e que chegaria a 100 mil no ano seguinte. A SQS 202 ficou literalmente sitiada.<\/p>\n<p>Mas, em 2018, o Baby Doll de Nylon arrastou a multid\u00e3o para si num local muito mais seguro e aceito pelos foli\u00f5es, em frente \u00e0 Torre de TV, de onde o som podia se propagar com muito mais qualidade.<\/p>\n<p>Mesmo assim, os moradores da SQS 202 tiveram novamente sua quadra ocupada por 40 mil foli\u00f5es e, como sempre, foram obrigados a aceitar de tudo, inclusive vandalismo. Com as recomenda\u00e7\u00f5es do MPDFT, o Conselho Tutelar p\u00f4de testemunhar adolescentes alcoolizados e assediados. Foi a gota d&#8217;\u00e1gua.<\/p>\n<p>Em 2019, sendo obrigado a restringir seu trajeto pelo Eixo L, e alegando baixo financiamento, o Galinho n\u00e3o desfilou. Na verdade, o crescente conflito com a comunidade local afastara os financiadores.<\/p>\n<p>Agora, em 2023, depois da pandemia, quando poderia apostar na saudade de seus foli\u00f5es e atra\u00ed-los para um novo local, e celebrar a alegria dos primeiros tempos, o Galinho amarga o dissabor de s\u00f3 contar com verba p\u00fablica. Alegando persegui\u00e7\u00e3o pelo fato de o GDF restringir seu trajeto, o Galinho desistiu de desfilar pela segunda vez. Mas, enquanto insistir no confronto, vai afastar patrocinadores.<\/p>\n<p>De tudo isso fica uma li\u00e7\u00e3o importante: a \u00e1rea residencial n\u00e3o \u00e9 apropriada para o carnaval de rua da forma como ele se tornou em Bras\u00edlia, com a presen\u00e7a de um n\u00famero imprevis\u00edvel de foli\u00f5es.<\/p>\n<p>Outros blocos carnavalescos que surgiram com o apoio de moradores de uma quadra, tamb\u00e9m na Asa Norte, tiveram a mesma forma de evolu\u00e7\u00e3o, at\u00e9 se transformarem em neg\u00f3cio.<\/p>\n<p>Que esse enredo sirva para o entendimento de que ningu\u00e9m quer declarar guerra ao Carnaval. O que se quer \u00e9 harmonia, bom senso e no\u00e7\u00e3o do que \u00e9 uma verdadeira divers\u00e3o popular, e do seu lugar apropriado conforme o seu tamanho e impacto.<\/p>\n<p>Que fique a cargo de cada quadra residencial o Carnaval que quiser fazer, mas sem divulga\u00e7\u00e3o na m\u00eddia e sem atra\u00e7\u00e3o de pessoas estranhas. S\u00f3 assim se poder\u00e1 dizer que se trata de um Carnaval Fam\u00edlia, um Carnaval Comunit\u00e1rio, de gente que se conhece e se respeita.<\/p>\n<p><strong>*Engenheiro, ex-presidente do Conselho Comunit\u00e1rio da Asa Sul<\/strong><\/p>\n","protected":false},"excerpt":{"rendered":"<p>O Galinho tem hist\u00f3ria, e parte dela est\u00e1 em suas redes sociais. Fa\u00e7o, aqui, um complemento. O Bloco contava, no seu in\u00edcio, em 1992, com o apoio e a simpatia dos moradores, mais especificamente da SQS 203 e 204, onde se concentrava, com uma cl\u00e1usula p\u00e9trea de s\u00f3 tocar frevo. Era um carnaval despretensioso, alegre [&hellip;]<\/p>\n","protected":false},"author":2,"featured_media":299786,"comment_status":"closed","ping_status":"closed","sticky":false,"template":"","format":"standard","meta":{"_acf_changed":false,"footnotes":""},"categories":[161],"tags":[],"class_list":["post-299780","post","type-post","status-publish","format-standard","has-post-thumbnail","hentry","category-quadradinho-em-foco"],"acf":[],"yoast_head":"<!-- This site is optimized with the Yoast SEO plugin v27.2 - https:\/\/yoast.com\/product\/yoast-seo-wordpress\/ -->\n<title>Galinho tem hist\u00f3ria, mas cada enredo tem sua li\u00e7\u00e3o - Notibras<\/title>\n<meta name=\"robots\" content=\"index, follow, max-snippet:-1, max-image-preview:large, max-video-preview:-1\" \/>\n<link rel=\"canonical\" href=\"https:\/\/www.notibras.com\/site\/galinho-tem-historia-mas-cada-enredo-tem-sua-licao\/\" \/>\n<meta property=\"og:locale\" content=\"pt_BR\" \/>\n<meta property=\"og:type\" content=\"article\" \/>\n<meta property=\"og:title\" content=\"Galinho tem hist\u00f3ria, mas cada enredo tem sua li\u00e7\u00e3o - Notibras\" \/>\n<meta property=\"og:description\" content=\"O Galinho tem hist\u00f3ria, e parte dela est\u00e1 em suas redes sociais. Fa\u00e7o, aqui, um complemento. O Bloco contava, no seu in\u00edcio, em 1992, com o apoio e a simpatia dos moradores, mais especificamente da SQS 203 e 204, onde se concentrava, com uma cl\u00e1usula p\u00e9trea de s\u00f3 tocar frevo. Era um carnaval despretensioso, alegre [&hellip;]\" \/>\n<meta property=\"og:url\" content=\"https:\/\/www.notibras.com\/site\/galinho-tem-historia-mas-cada-enredo-tem-sua-licao\/\" \/>\n<meta property=\"og:site_name\" content=\"Notibras\" \/>\n<meta property=\"article:publisher\" content=\"https:\/\/www.facebook.com\/notibras\/\" \/>\n<meta property=\"article:published_time\" content=\"2023-02-19T14:42:30+00:00\" \/>\n<meta property=\"article:modified_time\" content=\"2023-02-19T18:17:56+00:00\" \/>\n<meta property=\"og:image\" content=\"https:\/\/www.notibras.com\/site\/wp-content\/uploads\/2023\/02\/galinho.webp\" \/>\n\t<meta property=\"og:image:width\" content=\"924\" \/>\n\t<meta property=\"og:image:height\" content=\"579\" \/>\n\t<meta property=\"og:image:type\" content=\"image\/webp\" \/>\n<meta name=\"author\" content=\"Reda\u00e7\u00e3o\" \/>\n<meta name=\"twitter:card\" content=\"summary_large_image\" \/>\n<meta name=\"twitter:creator\" content=\"@Notibras\" \/>\n<meta name=\"twitter:site\" content=\"@Notibras\" \/>\n<meta name=\"twitter:label1\" content=\"Escrito por\" \/>\n\t<meta name=\"twitter:data1\" content=\"Reda\u00e7\u00e3o\" \/>\n\t<meta name=\"twitter:label2\" content=\"Est. tempo de leitura\" \/>\n\t<meta name=\"twitter:data2\" content=\"4 minutos\" \/>\n<script type=\"application\/ld+json\" class=\"yoast-schema-graph\">{\"@context\":\"https:\/\/schema.org\",\"@graph\":[{\"@type\":\"Article\",\"@id\":\"https:\/\/www.notibras.com\/site\/galinho-tem-historia-mas-cada-enredo-tem-sua-licao\/#article\",\"isPartOf\":{\"@id\":\"https:\/\/www.notibras.com\/site\/galinho-tem-historia-mas-cada-enredo-tem-sua-licao\/\"},\"author\":{\"name\":\"Reda\u00e7\u00e3o\",\"@id\":\"https:\/\/www.notibras.com\/site\/#\/schema\/person\/36ab0979449956132d3e5b517ea76ac8\"},\"headline\":\"Galinho tem hist\u00f3ria, mas cada enredo tem sua li\u00e7\u00e3o\",\"datePublished\":\"2023-02-19T14:42:30+00:00\",\"dateModified\":\"2023-02-19T18:17:56+00:00\",\"mainEntityOfPage\":{\"@id\":\"https:\/\/www.notibras.com\/site\/galinho-tem-historia-mas-cada-enredo-tem-sua-licao\/\"},\"wordCount\":725,\"publisher\":{\"@id\":\"https:\/\/www.notibras.com\/site\/#organization\"},\"image\":{\"@id\":\"https:\/\/www.notibras.com\/site\/galinho-tem-historia-mas-cada-enredo-tem-sua-licao\/#primaryimage\"},\"thumbnailUrl\":\"https:\/\/www.notibras.com\/site\/wp-content\/uploads\/2023\/02\/galinho.webp\",\"articleSection\":[\"Quadradinho em Foco\"],\"inLanguage\":\"pt-BR\"},{\"@type\":\"WebPage\",\"@id\":\"https:\/\/www.notibras.com\/site\/galinho-tem-historia-mas-cada-enredo-tem-sua-licao\/\",\"url\":\"https:\/\/www.notibras.com\/site\/galinho-tem-historia-mas-cada-enredo-tem-sua-licao\/\",\"name\":\"Galinho tem hist\u00f3ria, mas cada enredo tem sua li\u00e7\u00e3o - Notibras\",\"isPartOf\":{\"@id\":\"https:\/\/www.notibras.com\/site\/#website\"},\"primaryImageOfPage\":{\"@id\":\"https:\/\/www.notibras.com\/site\/galinho-tem-historia-mas-cada-enredo-tem-sua-licao\/#primaryimage\"},\"image\":{\"@id\":\"https:\/\/www.notibras.com\/site\/galinho-tem-historia-mas-cada-enredo-tem-sua-licao\/#primaryimage\"},\"thumbnailUrl\":\"https:\/\/www.notibras.com\/site\/wp-content\/uploads\/2023\/02\/galinho.webp\",\"datePublished\":\"2023-02-19T14:42:30+00:00\",\"dateModified\":\"2023-02-19T18:17:56+00:00\",\"breadcrumb\":{\"@id\":\"https:\/\/www.notibras.com\/site\/galinho-tem-historia-mas-cada-enredo-tem-sua-licao\/#breadcrumb\"},\"inLanguage\":\"pt-BR\",\"potentialAction\":[{\"@type\":\"ReadAction\",\"target\":[\"https:\/\/www.notibras.com\/site\/galinho-tem-historia-mas-cada-enredo-tem-sua-licao\/\"]}]},{\"@type\":\"ImageObject\",\"inLanguage\":\"pt-BR\",\"@id\":\"https:\/\/www.notibras.com\/site\/galinho-tem-historia-mas-cada-enredo-tem-sua-licao\/#primaryimage\",\"url\":\"https:\/\/www.notibras.com\/site\/wp-content\/uploads\/2023\/02\/galinho.webp\",\"contentUrl\":\"https:\/\/www.notibras.com\/site\/wp-content\/uploads\/2023\/02\/galinho.webp\",\"width\":924,\"height\":579},{\"@type\":\"BreadcrumbList\",\"@id\":\"https:\/\/www.notibras.com\/site\/galinho-tem-historia-mas-cada-enredo-tem-sua-licao\/#breadcrumb\",\"itemListElement\":[{\"@type\":\"ListItem\",\"position\":1,\"name\":\"In\u00edcio\",\"item\":\"https:\/\/www.notibras.com\/site\/\"},{\"@type\":\"ListItem\",\"position\":2,\"name\":\"Galinho tem hist\u00f3ria, mas cada enredo tem sua li\u00e7\u00e3o\"}]},{\"@type\":\"WebSite\",\"@id\":\"https:\/\/www.notibras.com\/site\/#website\",\"url\":\"https:\/\/www.notibras.com\/site\/\",\"name\":\"Notibras\",\"description\":\"Not\u00edcias de Bras\u00edlia, do Brasil e do Mundo\",\"publisher\":{\"@id\":\"https:\/\/www.notibras.com\/site\/#organization\"},\"potentialAction\":[{\"@type\":\"SearchAction\",\"target\":{\"@type\":\"EntryPoint\",\"urlTemplate\":\"https:\/\/www.notibras.com\/site\/?s={search_term_string}\"},\"query-input\":{\"@type\":\"PropertyValueSpecification\",\"valueRequired\":true,\"valueName\":\"search_term_string\"}}],\"inLanguage\":\"pt-BR\"},{\"@type\":\"Organization\",\"@id\":\"https:\/\/www.notibras.com\/site\/#organization\",\"name\":\"Grupo Notibras de Comunica\u00e7\u00e3o\",\"url\":\"https:\/\/www.notibras.com\/site\/\",\"logo\":{\"@type\":\"ImageObject\",\"inLanguage\":\"pt-BR\",\"@id\":\"https:\/\/www.notibras.com\/site\/#\/schema\/logo\/image\/\",\"url\":\"https:\/\/www.notibras.com\/site\/wp-content\/uploads\/2023\/01\/notibras23.png\",\"contentUrl\":\"https:\/\/www.notibras.com\/site\/wp-content\/uploads\/2023\/01\/notibras23.png\",\"width\":350,\"height\":87,\"caption\":\"Grupo Notibras de Comunica\u00e7\u00e3o\"},\"image\":{\"@id\":\"https:\/\/www.notibras.com\/site\/#\/schema\/logo\/image\/\"},\"sameAs\":[\"https:\/\/www.facebook.com\/notibras\/\",\"https:\/\/x.com\/Notibras\",\"https:\/\/www.instagram.com\/notibras\/\"]},{\"@type\":\"Person\",\"@id\":\"https:\/\/www.notibras.com\/site\/#\/schema\/person\/36ab0979449956132d3e5b517ea76ac8\",\"name\":\"Reda\u00e7\u00e3o\",\"image\":{\"@type\":\"ImageObject\",\"inLanguage\":\"pt-BR\",\"@id\":\"https:\/\/secure.gravatar.com\/avatar\/e0a867bdedb85fd243eadf09663511f96fc81e0720a4a42581f334ad4303aa6b?s=96&d=mm&r=g\",\"url\":\"https:\/\/secure.gravatar.com\/avatar\/e0a867bdedb85fd243eadf09663511f96fc81e0720a4a42581f334ad4303aa6b?s=96&d=mm&r=g\",\"contentUrl\":\"https:\/\/secure.gravatar.com\/avatar\/e0a867bdedb85fd243eadf09663511f96fc81e0720a4a42581f334ad4303aa6b?s=96&d=mm&r=g\",\"caption\":\"Reda\u00e7\u00e3o\"}}]}<\/script>\n<!-- \/ Yoast SEO plugin. -->","yoast_head_json":{"title":"Galinho tem hist\u00f3ria, mas cada enredo tem sua li\u00e7\u00e3o - Notibras","robots":{"index":"index","follow":"follow","max-snippet":"max-snippet:-1","max-image-preview":"max-image-preview:large","max-video-preview":"max-video-preview:-1"},"canonical":"https:\/\/www.notibras.com\/site\/galinho-tem-historia-mas-cada-enredo-tem-sua-licao\/","og_locale":"pt_BR","og_type":"article","og_title":"Galinho tem hist\u00f3ria, mas cada enredo tem sua li\u00e7\u00e3o - Notibras","og_description":"O Galinho tem hist\u00f3ria, e parte dela est\u00e1 em suas redes sociais. Fa\u00e7o, aqui, um complemento. O Bloco contava, no seu in\u00edcio, em 1992, com o apoio e a simpatia dos moradores, mais especificamente da SQS 203 e 204, onde se concentrava, com uma cl\u00e1usula p\u00e9trea de s\u00f3 tocar frevo. Era um carnaval despretensioso, alegre [&hellip;]","og_url":"https:\/\/www.notibras.com\/site\/galinho-tem-historia-mas-cada-enredo-tem-sua-licao\/","og_site_name":"Notibras","article_publisher":"https:\/\/www.facebook.com\/notibras\/","article_published_time":"2023-02-19T14:42:30+00:00","article_modified_time":"2023-02-19T18:17:56+00:00","og_image":[{"width":924,"height":579,"url":"https:\/\/www.notibras.com\/site\/wp-content\/uploads\/2023\/02\/galinho.webp","type":"image\/webp"}],"author":"Reda\u00e7\u00e3o","twitter_card":"summary_large_image","twitter_creator":"@Notibras","twitter_site":"@Notibras","twitter_misc":{"Escrito por":"Reda\u00e7\u00e3o","Est. tempo de leitura":"4 minutos"},"schema":{"@context":"https:\/\/schema.org","@graph":[{"@type":"Article","@id":"https:\/\/www.notibras.com\/site\/galinho-tem-historia-mas-cada-enredo-tem-sua-licao\/#article","isPartOf":{"@id":"https:\/\/www.notibras.com\/site\/galinho-tem-historia-mas-cada-enredo-tem-sua-licao\/"},"author":{"name":"Reda\u00e7\u00e3o","@id":"https:\/\/www.notibras.com\/site\/#\/schema\/person\/36ab0979449956132d3e5b517ea76ac8"},"headline":"Galinho tem hist\u00f3ria, mas cada enredo tem sua li\u00e7\u00e3o","datePublished":"2023-02-19T14:42:30+00:00","dateModified":"2023-02-19T18:17:56+00:00","mainEntityOfPage":{"@id":"https:\/\/www.notibras.com\/site\/galinho-tem-historia-mas-cada-enredo-tem-sua-licao\/"},"wordCount":725,"publisher":{"@id":"https:\/\/www.notibras.com\/site\/#organization"},"image":{"@id":"https:\/\/www.notibras.com\/site\/galinho-tem-historia-mas-cada-enredo-tem-sua-licao\/#primaryimage"},"thumbnailUrl":"https:\/\/www.notibras.com\/site\/wp-content\/uploads\/2023\/02\/galinho.webp","articleSection":["Quadradinho em Foco"],"inLanguage":"pt-BR"},{"@type":"WebPage","@id":"https:\/\/www.notibras.com\/site\/galinho-tem-historia-mas-cada-enredo-tem-sua-licao\/","url":"https:\/\/www.notibras.com\/site\/galinho-tem-historia-mas-cada-enredo-tem-sua-licao\/","name":"Galinho tem hist\u00f3ria, mas cada enredo tem sua li\u00e7\u00e3o - Notibras","isPartOf":{"@id":"https:\/\/www.notibras.com\/site\/#website"},"primaryImageOfPage":{"@id":"https:\/\/www.notibras.com\/site\/galinho-tem-historia-mas-cada-enredo-tem-sua-licao\/#primaryimage"},"image":{"@id":"https:\/\/www.notibras.com\/site\/galinho-tem-historia-mas-cada-enredo-tem-sua-licao\/#primaryimage"},"thumbnailUrl":"https:\/\/www.notibras.com\/site\/wp-content\/uploads\/2023\/02\/galinho.webp","datePublished":"2023-02-19T14:42:30+00:00","dateModified":"2023-02-19T18:17:56+00:00","breadcrumb":{"@id":"https:\/\/www.notibras.com\/site\/galinho-tem-historia-mas-cada-enredo-tem-sua-licao\/#breadcrumb"},"inLanguage":"pt-BR","potentialAction":[{"@type":"ReadAction","target":["https:\/\/www.notibras.com\/site\/galinho-tem-historia-mas-cada-enredo-tem-sua-licao\/"]}]},{"@type":"ImageObject","inLanguage":"pt-BR","@id":"https:\/\/www.notibras.com\/site\/galinho-tem-historia-mas-cada-enredo-tem-sua-licao\/#primaryimage","url":"https:\/\/www.notibras.com\/site\/wp-content\/uploads\/2023\/02\/galinho.webp","contentUrl":"https:\/\/www.notibras.com\/site\/wp-content\/uploads\/2023\/02\/galinho.webp","width":924,"height":579},{"@type":"BreadcrumbList","@id":"https:\/\/www.notibras.com\/site\/galinho-tem-historia-mas-cada-enredo-tem-sua-licao\/#breadcrumb","itemListElement":[{"@type":"ListItem","position":1,"name":"In\u00edcio","item":"https:\/\/www.notibras.com\/site\/"},{"@type":"ListItem","position":2,"name":"Galinho tem hist\u00f3ria, mas cada enredo tem sua li\u00e7\u00e3o"}]},{"@type":"WebSite","@id":"https:\/\/www.notibras.com\/site\/#website","url":"https:\/\/www.notibras.com\/site\/","name":"Notibras","description":"Not\u00edcias de Bras\u00edlia, do Brasil e do Mundo","publisher":{"@id":"https:\/\/www.notibras.com\/site\/#organization"},"potentialAction":[{"@type":"SearchAction","target":{"@type":"EntryPoint","urlTemplate":"https:\/\/www.notibras.com\/site\/?s={search_term_string}"},"query-input":{"@type":"PropertyValueSpecification","valueRequired":true,"valueName":"search_term_string"}}],"inLanguage":"pt-BR"},{"@type":"Organization","@id":"https:\/\/www.notibras.com\/site\/#organization","name":"Grupo Notibras de Comunica\u00e7\u00e3o","url":"https:\/\/www.notibras.com\/site\/","logo":{"@type":"ImageObject","inLanguage":"pt-BR","@id":"https:\/\/www.notibras.com\/site\/#\/schema\/logo\/image\/","url":"https:\/\/www.notibras.com\/site\/wp-content\/uploads\/2023\/01\/notibras23.png","contentUrl":"https:\/\/www.notibras.com\/site\/wp-content\/uploads\/2023\/01\/notibras23.png","width":350,"height":87,"caption":"Grupo Notibras de Comunica\u00e7\u00e3o"},"image":{"@id":"https:\/\/www.notibras.com\/site\/#\/schema\/logo\/image\/"},"sameAs":["https:\/\/www.facebook.com\/notibras\/","https:\/\/x.com\/Notibras","https:\/\/www.instagram.com\/notibras\/"]},{"@type":"Person","@id":"https:\/\/www.notibras.com\/site\/#\/schema\/person\/36ab0979449956132d3e5b517ea76ac8","name":"Reda\u00e7\u00e3o","image":{"@type":"ImageObject","inLanguage":"pt-BR","@id":"https:\/\/secure.gravatar.com\/avatar\/e0a867bdedb85fd243eadf09663511f96fc81e0720a4a42581f334ad4303aa6b?s=96&d=mm&r=g","url":"https:\/\/secure.gravatar.com\/avatar\/e0a867bdedb85fd243eadf09663511f96fc81e0720a4a42581f334ad4303aa6b?s=96&d=mm&r=g","contentUrl":"https:\/\/secure.gravatar.com\/avatar\/e0a867bdedb85fd243eadf09663511f96fc81e0720a4a42581f334ad4303aa6b?s=96&d=mm&r=g","caption":"Reda\u00e7\u00e3o"}}]}},"amp_enabled":true,"_links":{"self":[{"href":"https:\/\/www.notibras.com\/site\/wp-json\/wp\/v2\/posts\/299780","targetHints":{"allow":["GET"]}}],"collection":[{"href":"https:\/\/www.notibras.com\/site\/wp-json\/wp\/v2\/posts"}],"about":[{"href":"https:\/\/www.notibras.com\/site\/wp-json\/wp\/v2\/types\/post"}],"author":[{"embeddable":true,"href":"https:\/\/www.notibras.com\/site\/wp-json\/wp\/v2\/users\/2"}],"replies":[{"embeddable":true,"href":"https:\/\/www.notibras.com\/site\/wp-json\/wp\/v2\/comments?post=299780"}],"version-history":[{"count":7,"href":"https:\/\/www.notibras.com\/site\/wp-json\/wp\/v2\/posts\/299780\/revisions"}],"predecessor-version":[{"id":299798,"href":"https:\/\/www.notibras.com\/site\/wp-json\/wp\/v2\/posts\/299780\/revisions\/299798"}],"wp:featuredmedia":[{"embeddable":true,"href":"https:\/\/www.notibras.com\/site\/wp-json\/wp\/v2\/media\/299786"}],"wp:attachment":[{"href":"https:\/\/www.notibras.com\/site\/wp-json\/wp\/v2\/media?parent=299780"}],"wp:term":[{"taxonomy":"category","embeddable":true,"href":"https:\/\/www.notibras.com\/site\/wp-json\/wp\/v2\/categories?post=299780"},{"taxonomy":"post_tag","embeddable":true,"href":"https:\/\/www.notibras.com\/site\/wp-json\/wp\/v2\/tags?post=299780"}],"curies":[{"name":"wp","href":"https:\/\/api.w.org\/{rel}","templated":true}]}}