{"id":299820,"date":"2023-02-19T20:04:18","date_gmt":"2023-02-19T23:04:18","guid":{"rendered":"https:\/\/www.notibras.com\/site\/?p=299820"},"modified":"2023-02-19T20:05:00","modified_gmt":"2023-02-19T23:05:00","slug":"carnaval-e-uma-brincadeira-levada-a-serio-diz-diretor-da-aruc","status":"publish","type":"post","link":"https:\/\/www.notibras.com\/site\/carnaval-e-uma-brincadeira-levada-a-serio-diz-diretor-da-aruc\/","title":{"rendered":"Carnaval \u00e9 uma brincadeira levada a s\u00e9rio, define Aruc"},"content":{"rendered":"<p>Carnaval \u00e9 brincadeira. Mas \u00e9 tamb\u00e9m coisa s\u00e9ria. Afinal, n\u00e3o \u00e9 f\u00e1cil organizar a bagun\u00e7a que, ao mesmo tempo, \u00e9 a tradi\u00e7\u00e3o e a ess\u00eancia libert\u00e1ria do carnaval. Em termos de tradi\u00e7\u00e3o, nenhuma escola de samba da capital federal se iguala \u00e0 Associa\u00e7\u00e3o Recreativa Cultural Unidos do Cruzeiro, a Aruc. A escola det\u00e9m mais de 30 t\u00edtulos, sendo oito consecutivos de 1986 a 1993.<\/p>\n<p>Neste domingo (19) foi dia de mais um evento que marca a tradi\u00e7\u00e3o da Aruc, o desfile que, historicamente, a escola faz todo domingo de carnaval para a sua comunidade, antes do desfile principal com as demais escolas de samba na avenida.<\/p>\n<p>\u201c\u00c9 nele que apresentamos enredo, alegorias, bateria, mestre-sala e porta-bandeira, al\u00e9m de passistas, destaques e alas para as pessoas que nem sempre podem acompanhar o nosso desfile na avenida\u201d, explicou \u00e0 Ag\u00eancia Brasil o diretor de carnaval da Aruc, Cleuber Oliveira.<\/p>\n<p>Nesta edi\u00e7\u00e3o de 2023, os desfiles das escolas de samba n\u00e3o ser\u00e3o em fevereiro, mas entre os dias 20 e 21 de abril, data em que Bras\u00edlia comemora seu anivers\u00e1rio.<\/p>\n<p>A mudan\u00e7a de datas, no entanto, n\u00e3o vale para o tradicional desfile que \u00e9 feito para a comunidade do Cruzeiro, bairro localizado nas proximidades do Plano Piloto. Tudo j\u00e1 estava a postos no in\u00edcio da tarde para o trajeto de poucos quil\u00f4metros at\u00e9 a Feira do Cruzeiro, onde a escola de samba sempre encontra o tamb\u00e9m tradicional bloco Gag\u00e1&#8230;Vi\u00e3o.<\/p>\n<p><strong>Samba, cerveja e futebol<\/strong><br \/>\nBloco e escola de samba t\u00eam uma hist\u00f3ria conjunta de amigos que amam futebol, cerveja e, como n\u00e3o podia deixar de ser, samba.<\/p>\n<p>Os primeiros passos do diretor Cleuber Oliveira na Aruc n\u00e3o foram exatamente de samba. \u201cForam nas atividades esportivas promovidas na associa\u00e7\u00e3o\u201d, lembra o diretor que, na sequ\u00eancia, integrou a bateria da escola.<\/p>\n<p>Essa paix\u00e3o pelos tr\u00eas elementos (samba, cerveja e futebol) \u00e9 quase unanimidade entre a \u201cvelha guarda\u201d do Cruzeiro, conforme explica o presidente do bloco Gag\u00e1&#8230;Vi\u00e3o, Gildo Seixas, 59 anos.<\/p>\n<p>\u201cNosso bloco preza por manter a tradi\u00e7\u00e3o com o pessoal das antigas aqui do Cruzeiro, que, todos sabem, \u00e9 o bairro mais carioca de Bras\u00edlia. N\u00f3s mantemos a turma antiga sempre junta neste e em outros eventos. Os encontros sempre envolvem samba, futebol e cerveja\u201d, diz o presidente do bloco, que \u00e9 tamb\u00e9m professor de futebol e ex-jogador de futsal.<\/p>\n<p>Segundo ele, a Aruc \u00e9 \u201ca vida do carnaval e do futebol da cidade\u201d, uma vez que foi ali que muitos dos craques do bairro foram formados. \u201cUm dos integrantes do nosso grupo foi, inclusive, goleiro do Fluminense e da sele\u00e7\u00e3o brasileira\u201d, disse ele referindo-se ao arqueiro Paulo Victor.<\/p>\n<p><strong>Eterna fantasia<\/strong><br \/>\nOutra personalidade do bairro, que integra este seleto grupo de amigos, \u00e9 o servidor da Secretaria de Sa\u00fade, m\u00fasico e produtor de eventos Gilberto Grillo, um foli\u00e3o que passa o ano inteiro vivendo a fantasia do personagem \u201cZeca Pagodinho de Bras\u00edlia\u201d.<\/p>\n<p>O apelido, ele carrega desde a inf\u00e2ncia, quando j\u00e1 se parecia com o \u00eddolo. \u201cEu tinha aquele cabelinho Chit\u00e3ozinho &amp; Choror\u00f3 que o Zeca usava na \u00e9poca\u201d, lembra o criador da vers\u00e3o brasiliense do pagodeiro carioca.<\/p>\n<p>\u201cPasso o ano inteiro fantasiado de Zeca Pagodinho. E, no carnaval, me fantasio do que sou o ano inteiro, na vida real\u201d, diz o m\u00fasico, que toca pandeiro no grupo For\u00e7a Maior Bsb. Em meio \u00e0 entrevista concedida \u00e0 Ag\u00eancia Brasil, alguns amigos do Zeca de Bras\u00edlia confirmaram que todas as roupas usadas por ele no dia a dia s\u00e3o escolhidas tendo, como refer\u00eancia, o original carioca.<\/p>\n<p>O personagem brasiliense, no entanto, faz quest\u00e3o de apontar uma diferen\u00e7a: \u201cO outro \u00e9 botafoguense e gosta de Brahma. Eu sou tricolor e bebo Skol\u201d, brinca.<\/p>\n<p><strong>Dobro do amor<\/strong><br \/>\nVestindo uma camisa da Aruc, enquanto aguardava a chegada da escola de samba Aruc no espa\u00e7o montado pelo bloco Gag\u00e1&#8230;Vi\u00e3o, a bab\u00e1 C\u00e9lia Regina Fernandes disse que a mistura dessas duas entidades carnavalesca do Cruzeiro a ajudam a potencializar ainda mais suas grandes paix\u00f5es.<\/p>\n<p>\u201cEssa camisa que estou usando representa a minha identidade. Samba e carnaval s\u00e3o elementos muito importante em minha vida. O samba \u00e9 o ano inteiro, e o carnaval \u00e9 o cl\u00edmax de tudo. E essa mistura do bloco Gag\u00e1&#8230;Vi\u00e3o com a Aruc representa, para mim, o dobro do amor\u201d, explicou a bab\u00e1.<\/p>\n","protected":false},"excerpt":{"rendered":"<p>Carnaval \u00e9 brincadeira. Mas \u00e9 tamb\u00e9m coisa s\u00e9ria. Afinal, n\u00e3o \u00e9 f\u00e1cil organizar a bagun\u00e7a que, ao mesmo tempo, \u00e9 a tradi\u00e7\u00e3o e a ess\u00eancia libert\u00e1ria do carnaval. Em termos de tradi\u00e7\u00e3o, nenhuma escola de samba da capital federal se iguala \u00e0 Associa\u00e7\u00e3o Recreativa Cultural Unidos do Cruzeiro, a Aruc. A escola det\u00e9m mais de [&hellip;]<\/p>\n","protected":false},"author":2,"featured_media":299821,"comment_status":"closed","ping_status":"closed","sticky":false,"template":"","format":"standard","meta":{"_acf_changed":false,"footnotes":""},"categories":[161],"tags":[],"class_list":["post-299820","post","type-post","status-publish","format-standard","has-post-thumbnail","hentry","category-quadradinho-em-foco"],"acf":[],"yoast_head":"<!-- This site is optimized with the Yoast SEO plugin v27.2 - https:\/\/yoast.com\/product\/yoast-seo-wordpress\/ -->\n<title>Carnaval \u00e9 uma brincadeira levada a s\u00e9rio, define Aruc - Notibras<\/title>\n<meta name=\"robots\" content=\"index, follow, max-snippet:-1, max-image-preview:large, max-video-preview:-1\" \/>\n<link rel=\"canonical\" href=\"https:\/\/www.notibras.com\/site\/carnaval-e-uma-brincadeira-levada-a-serio-diz-diretor-da-aruc\/\" \/>\n<meta property=\"og:locale\" content=\"pt_BR\" \/>\n<meta property=\"og:type\" content=\"article\" \/>\n<meta property=\"og:title\" content=\"Carnaval \u00e9 uma brincadeira levada a s\u00e9rio, define Aruc - Notibras\" \/>\n<meta property=\"og:description\" content=\"Carnaval \u00e9 brincadeira. Mas \u00e9 tamb\u00e9m coisa s\u00e9ria. Afinal, n\u00e3o \u00e9 f\u00e1cil organizar a bagun\u00e7a que, ao mesmo tempo, \u00e9 a tradi\u00e7\u00e3o e a ess\u00eancia libert\u00e1ria do carnaval. Em termos de tradi\u00e7\u00e3o, nenhuma escola de samba da capital federal se iguala \u00e0 Associa\u00e7\u00e3o Recreativa Cultural Unidos do Cruzeiro, a Aruc. A escola det\u00e9m mais de [&hellip;]\" \/>\n<meta property=\"og:url\" content=\"https:\/\/www.notibras.com\/site\/carnaval-e-uma-brincadeira-levada-a-serio-diz-diretor-da-aruc\/\" \/>\n<meta property=\"og:site_name\" content=\"Notibras\" \/>\n<meta property=\"article:publisher\" content=\"https:\/\/www.facebook.com\/notibras\/\" \/>\n<meta property=\"article:published_time\" content=\"2023-02-19T23:04:18+00:00\" \/>\n<meta property=\"article:modified_time\" content=\"2023-02-19T23:05:00+00:00\" \/>\n<meta property=\"og:image\" content=\"https:\/\/www.notibras.com\/site\/wp-content\/uploads\/2023\/02\/vac_abr1902232034.jpg\" \/>\n\t<meta property=\"og:image:width\" content=\"1170\" \/>\n\t<meta property=\"og:image:height\" content=\"700\" \/>\n\t<meta property=\"og:image:type\" content=\"image\/jpeg\" \/>\n<meta name=\"author\" content=\"Reda\u00e7\u00e3o\" \/>\n<meta name=\"twitter:card\" content=\"summary_large_image\" \/>\n<meta name=\"twitter:creator\" content=\"@Notibras\" \/>\n<meta name=\"twitter:site\" content=\"@Notibras\" \/>\n<meta name=\"twitter:label1\" content=\"Escrito por\" \/>\n\t<meta name=\"twitter:data1\" content=\"Reda\u00e7\u00e3o\" \/>\n\t<meta name=\"twitter:label2\" content=\"Est. tempo de leitura\" \/>\n\t<meta name=\"twitter:data2\" content=\"4 minutos\" \/>\n<script type=\"application\/ld+json\" class=\"yoast-schema-graph\">{\"@context\":\"https:\/\/schema.org\",\"@graph\":[{\"@type\":\"Article\",\"@id\":\"https:\/\/www.notibras.com\/site\/carnaval-e-uma-brincadeira-levada-a-serio-diz-diretor-da-aruc\/#article\",\"isPartOf\":{\"@id\":\"https:\/\/www.notibras.com\/site\/carnaval-e-uma-brincadeira-levada-a-serio-diz-diretor-da-aruc\/\"},\"author\":{\"name\":\"Reda\u00e7\u00e3o\",\"@id\":\"https:\/\/www.notibras.com\/site\/#\/schema\/person\/36ab0979449956132d3e5b517ea76ac8\"},\"headline\":\"Carnaval \u00e9 uma brincadeira levada a s\u00e9rio, define Aruc\",\"datePublished\":\"2023-02-19T23:04:18+00:00\",\"dateModified\":\"2023-02-19T23:05:00+00:00\",\"mainEntityOfPage\":{\"@id\":\"https:\/\/www.notibras.com\/site\/carnaval-e-uma-brincadeira-levada-a-serio-diz-diretor-da-aruc\/\"},\"wordCount\":753,\"publisher\":{\"@id\":\"https:\/\/www.notibras.com\/site\/#organization\"},\"image\":{\"@id\":\"https:\/\/www.notibras.com\/site\/carnaval-e-uma-brincadeira-levada-a-serio-diz-diretor-da-aruc\/#primaryimage\"},\"thumbnailUrl\":\"https:\/\/www.notibras.com\/site\/wp-content\/uploads\/2023\/02\/vac_abr1902232034.jpg\",\"articleSection\":[\"Quadradinho em Foco\"],\"inLanguage\":\"pt-BR\"},{\"@type\":\"WebPage\",\"@id\":\"https:\/\/www.notibras.com\/site\/carnaval-e-uma-brincadeira-levada-a-serio-diz-diretor-da-aruc\/\",\"url\":\"https:\/\/www.notibras.com\/site\/carnaval-e-uma-brincadeira-levada-a-serio-diz-diretor-da-aruc\/\",\"name\":\"Carnaval \u00e9 uma brincadeira levada a s\u00e9rio, define Aruc - Notibras\",\"isPartOf\":{\"@id\":\"https:\/\/www.notibras.com\/site\/#website\"},\"primaryImageOfPage\":{\"@id\":\"https:\/\/www.notibras.com\/site\/carnaval-e-uma-brincadeira-levada-a-serio-diz-diretor-da-aruc\/#primaryimage\"},\"image\":{\"@id\":\"https:\/\/www.notibras.com\/site\/carnaval-e-uma-brincadeira-levada-a-serio-diz-diretor-da-aruc\/#primaryimage\"},\"thumbnailUrl\":\"https:\/\/www.notibras.com\/site\/wp-content\/uploads\/2023\/02\/vac_abr1902232034.jpg\",\"datePublished\":\"2023-02-19T23:04:18+00:00\",\"dateModified\":\"2023-02-19T23:05:00+00:00\",\"breadcrumb\":{\"@id\":\"https:\/\/www.notibras.com\/site\/carnaval-e-uma-brincadeira-levada-a-serio-diz-diretor-da-aruc\/#breadcrumb\"},\"inLanguage\":\"pt-BR\",\"potentialAction\":[{\"@type\":\"ReadAction\",\"target\":[\"https:\/\/www.notibras.com\/site\/carnaval-e-uma-brincadeira-levada-a-serio-diz-diretor-da-aruc\/\"]}]},{\"@type\":\"ImageObject\",\"inLanguage\":\"pt-BR\",\"@id\":\"https:\/\/www.notibras.com\/site\/carnaval-e-uma-brincadeira-levada-a-serio-diz-diretor-da-aruc\/#primaryimage\",\"url\":\"https:\/\/www.notibras.com\/site\/wp-content\/uploads\/2023\/02\/vac_abr1902232034.jpg\",\"contentUrl\":\"https:\/\/www.notibras.com\/site\/wp-content\/uploads\/2023\/02\/vac_abr1902232034.jpg\",\"width\":1170,\"height\":700,\"caption\":\"Bras\u00edlia (DF) - Carnaval de rua animados pela escola de samba ARUC, Sra. C\u00e9lia Regina Fernandes, fala Ag\u00eancia Brasil: Foto Valter Campanato\/ Ag\u00eancia Brasil.\"},{\"@type\":\"BreadcrumbList\",\"@id\":\"https:\/\/www.notibras.com\/site\/carnaval-e-uma-brincadeira-levada-a-serio-diz-diretor-da-aruc\/#breadcrumb\",\"itemListElement\":[{\"@type\":\"ListItem\",\"position\":1,\"name\":\"In\u00edcio\",\"item\":\"https:\/\/www.notibras.com\/site\/\"},{\"@type\":\"ListItem\",\"position\":2,\"name\":\"Carnaval \u00e9 uma brincadeira levada a s\u00e9rio, define Aruc\"}]},{\"@type\":\"WebSite\",\"@id\":\"https:\/\/www.notibras.com\/site\/#website\",\"url\":\"https:\/\/www.notibras.com\/site\/\",\"name\":\"Notibras\",\"description\":\"Not\u00edcias de Bras\u00edlia, do Brasil e do Mundo\",\"publisher\":{\"@id\":\"https:\/\/www.notibras.com\/site\/#organization\"},\"potentialAction\":[{\"@type\":\"SearchAction\",\"target\":{\"@type\":\"EntryPoint\",\"urlTemplate\":\"https:\/\/www.notibras.com\/site\/?s={search_term_string}\"},\"query-input\":{\"@type\":\"PropertyValueSpecification\",\"valueRequired\":true,\"valueName\":\"search_term_string\"}}],\"inLanguage\":\"pt-BR\"},{\"@type\":\"Organization\",\"@id\":\"https:\/\/www.notibras.com\/site\/#organization\",\"name\":\"Grupo Notibras de Comunica\u00e7\u00e3o\",\"url\":\"https:\/\/www.notibras.com\/site\/\",\"logo\":{\"@type\":\"ImageObject\",\"inLanguage\":\"pt-BR\",\"@id\":\"https:\/\/www.notibras.com\/site\/#\/schema\/logo\/image\/\",\"url\":\"https:\/\/www.notibras.com\/site\/wp-content\/uploads\/2023\/01\/notibras23.png\",\"contentUrl\":\"https:\/\/www.notibras.com\/site\/wp-content\/uploads\/2023\/01\/notibras23.png\",\"width\":350,\"height\":87,\"caption\":\"Grupo Notibras de Comunica\u00e7\u00e3o\"},\"image\":{\"@id\":\"https:\/\/www.notibras.com\/site\/#\/schema\/logo\/image\/\"},\"sameAs\":[\"https:\/\/www.facebook.com\/notibras\/\",\"https:\/\/x.com\/Notibras\",\"https:\/\/www.instagram.com\/notibras\/\"]},{\"@type\":\"Person\",\"@id\":\"https:\/\/www.notibras.com\/site\/#\/schema\/person\/36ab0979449956132d3e5b517ea76ac8\",\"name\":\"Reda\u00e7\u00e3o\",\"image\":{\"@type\":\"ImageObject\",\"inLanguage\":\"pt-BR\",\"@id\":\"https:\/\/secure.gravatar.com\/avatar\/e0a867bdedb85fd243eadf09663511f96fc81e0720a4a42581f334ad4303aa6b?s=96&d=mm&r=g\",\"url\":\"https:\/\/secure.gravatar.com\/avatar\/e0a867bdedb85fd243eadf09663511f96fc81e0720a4a42581f334ad4303aa6b?s=96&d=mm&r=g\",\"contentUrl\":\"https:\/\/secure.gravatar.com\/avatar\/e0a867bdedb85fd243eadf09663511f96fc81e0720a4a42581f334ad4303aa6b?s=96&d=mm&r=g\",\"caption\":\"Reda\u00e7\u00e3o\"}}]}<\/script>\n<!-- \/ Yoast SEO plugin. -->","yoast_head_json":{"title":"Carnaval \u00e9 uma brincadeira levada a s\u00e9rio, define Aruc - Notibras","robots":{"index":"index","follow":"follow","max-snippet":"max-snippet:-1","max-image-preview":"max-image-preview:large","max-video-preview":"max-video-preview:-1"},"canonical":"https:\/\/www.notibras.com\/site\/carnaval-e-uma-brincadeira-levada-a-serio-diz-diretor-da-aruc\/","og_locale":"pt_BR","og_type":"article","og_title":"Carnaval \u00e9 uma brincadeira levada a s\u00e9rio, define Aruc - Notibras","og_description":"Carnaval \u00e9 brincadeira. Mas \u00e9 tamb\u00e9m coisa s\u00e9ria. Afinal, n\u00e3o \u00e9 f\u00e1cil organizar a bagun\u00e7a que, ao mesmo tempo, \u00e9 a tradi\u00e7\u00e3o e a ess\u00eancia libert\u00e1ria do carnaval. Em termos de tradi\u00e7\u00e3o, nenhuma escola de samba da capital federal se iguala \u00e0 Associa\u00e7\u00e3o Recreativa Cultural Unidos do Cruzeiro, a Aruc. A escola det\u00e9m mais de [&hellip;]","og_url":"https:\/\/www.notibras.com\/site\/carnaval-e-uma-brincadeira-levada-a-serio-diz-diretor-da-aruc\/","og_site_name":"Notibras","article_publisher":"https:\/\/www.facebook.com\/notibras\/","article_published_time":"2023-02-19T23:04:18+00:00","article_modified_time":"2023-02-19T23:05:00+00:00","og_image":[{"width":1170,"height":700,"url":"https:\/\/www.notibras.com\/site\/wp-content\/uploads\/2023\/02\/vac_abr1902232034.jpg","type":"image\/jpeg"}],"author":"Reda\u00e7\u00e3o","twitter_card":"summary_large_image","twitter_creator":"@Notibras","twitter_site":"@Notibras","twitter_misc":{"Escrito por":"Reda\u00e7\u00e3o","Est. tempo de leitura":"4 minutos"},"schema":{"@context":"https:\/\/schema.org","@graph":[{"@type":"Article","@id":"https:\/\/www.notibras.com\/site\/carnaval-e-uma-brincadeira-levada-a-serio-diz-diretor-da-aruc\/#article","isPartOf":{"@id":"https:\/\/www.notibras.com\/site\/carnaval-e-uma-brincadeira-levada-a-serio-diz-diretor-da-aruc\/"},"author":{"name":"Reda\u00e7\u00e3o","@id":"https:\/\/www.notibras.com\/site\/#\/schema\/person\/36ab0979449956132d3e5b517ea76ac8"},"headline":"Carnaval \u00e9 uma brincadeira levada a s\u00e9rio, define Aruc","datePublished":"2023-02-19T23:04:18+00:00","dateModified":"2023-02-19T23:05:00+00:00","mainEntityOfPage":{"@id":"https:\/\/www.notibras.com\/site\/carnaval-e-uma-brincadeira-levada-a-serio-diz-diretor-da-aruc\/"},"wordCount":753,"publisher":{"@id":"https:\/\/www.notibras.com\/site\/#organization"},"image":{"@id":"https:\/\/www.notibras.com\/site\/carnaval-e-uma-brincadeira-levada-a-serio-diz-diretor-da-aruc\/#primaryimage"},"thumbnailUrl":"https:\/\/www.notibras.com\/site\/wp-content\/uploads\/2023\/02\/vac_abr1902232034.jpg","articleSection":["Quadradinho em Foco"],"inLanguage":"pt-BR"},{"@type":"WebPage","@id":"https:\/\/www.notibras.com\/site\/carnaval-e-uma-brincadeira-levada-a-serio-diz-diretor-da-aruc\/","url":"https:\/\/www.notibras.com\/site\/carnaval-e-uma-brincadeira-levada-a-serio-diz-diretor-da-aruc\/","name":"Carnaval \u00e9 uma brincadeira levada a s\u00e9rio, define Aruc - Notibras","isPartOf":{"@id":"https:\/\/www.notibras.com\/site\/#website"},"primaryImageOfPage":{"@id":"https:\/\/www.notibras.com\/site\/carnaval-e-uma-brincadeira-levada-a-serio-diz-diretor-da-aruc\/#primaryimage"},"image":{"@id":"https:\/\/www.notibras.com\/site\/carnaval-e-uma-brincadeira-levada-a-serio-diz-diretor-da-aruc\/#primaryimage"},"thumbnailUrl":"https:\/\/www.notibras.com\/site\/wp-content\/uploads\/2023\/02\/vac_abr1902232034.jpg","datePublished":"2023-02-19T23:04:18+00:00","dateModified":"2023-02-19T23:05:00+00:00","breadcrumb":{"@id":"https:\/\/www.notibras.com\/site\/carnaval-e-uma-brincadeira-levada-a-serio-diz-diretor-da-aruc\/#breadcrumb"},"inLanguage":"pt-BR","potentialAction":[{"@type":"ReadAction","target":["https:\/\/www.notibras.com\/site\/carnaval-e-uma-brincadeira-levada-a-serio-diz-diretor-da-aruc\/"]}]},{"@type":"ImageObject","inLanguage":"pt-BR","@id":"https:\/\/www.notibras.com\/site\/carnaval-e-uma-brincadeira-levada-a-serio-diz-diretor-da-aruc\/#primaryimage","url":"https:\/\/www.notibras.com\/site\/wp-content\/uploads\/2023\/02\/vac_abr1902232034.jpg","contentUrl":"https:\/\/www.notibras.com\/site\/wp-content\/uploads\/2023\/02\/vac_abr1902232034.jpg","width":1170,"height":700,"caption":"Bras\u00edlia (DF) - Carnaval de rua animados pela escola de samba ARUC, Sra. C\u00e9lia Regina Fernandes, fala Ag\u00eancia Brasil: Foto Valter Campanato\/ Ag\u00eancia Brasil."},{"@type":"BreadcrumbList","@id":"https:\/\/www.notibras.com\/site\/carnaval-e-uma-brincadeira-levada-a-serio-diz-diretor-da-aruc\/#breadcrumb","itemListElement":[{"@type":"ListItem","position":1,"name":"In\u00edcio","item":"https:\/\/www.notibras.com\/site\/"},{"@type":"ListItem","position":2,"name":"Carnaval \u00e9 uma brincadeira levada a s\u00e9rio, define Aruc"}]},{"@type":"WebSite","@id":"https:\/\/www.notibras.com\/site\/#website","url":"https:\/\/www.notibras.com\/site\/","name":"Notibras","description":"Not\u00edcias de Bras\u00edlia, do Brasil e do Mundo","publisher":{"@id":"https:\/\/www.notibras.com\/site\/#organization"},"potentialAction":[{"@type":"SearchAction","target":{"@type":"EntryPoint","urlTemplate":"https:\/\/www.notibras.com\/site\/?s={search_term_string}"},"query-input":{"@type":"PropertyValueSpecification","valueRequired":true,"valueName":"search_term_string"}}],"inLanguage":"pt-BR"},{"@type":"Organization","@id":"https:\/\/www.notibras.com\/site\/#organization","name":"Grupo Notibras de Comunica\u00e7\u00e3o","url":"https:\/\/www.notibras.com\/site\/","logo":{"@type":"ImageObject","inLanguage":"pt-BR","@id":"https:\/\/www.notibras.com\/site\/#\/schema\/logo\/image\/","url":"https:\/\/www.notibras.com\/site\/wp-content\/uploads\/2023\/01\/notibras23.png","contentUrl":"https:\/\/www.notibras.com\/site\/wp-content\/uploads\/2023\/01\/notibras23.png","width":350,"height":87,"caption":"Grupo Notibras de Comunica\u00e7\u00e3o"},"image":{"@id":"https:\/\/www.notibras.com\/site\/#\/schema\/logo\/image\/"},"sameAs":["https:\/\/www.facebook.com\/notibras\/","https:\/\/x.com\/Notibras","https:\/\/www.instagram.com\/notibras\/"]},{"@type":"Person","@id":"https:\/\/www.notibras.com\/site\/#\/schema\/person\/36ab0979449956132d3e5b517ea76ac8","name":"Reda\u00e7\u00e3o","image":{"@type":"ImageObject","inLanguage":"pt-BR","@id":"https:\/\/secure.gravatar.com\/avatar\/e0a867bdedb85fd243eadf09663511f96fc81e0720a4a42581f334ad4303aa6b?s=96&d=mm&r=g","url":"https:\/\/secure.gravatar.com\/avatar\/e0a867bdedb85fd243eadf09663511f96fc81e0720a4a42581f334ad4303aa6b?s=96&d=mm&r=g","contentUrl":"https:\/\/secure.gravatar.com\/avatar\/e0a867bdedb85fd243eadf09663511f96fc81e0720a4a42581f334ad4303aa6b?s=96&d=mm&r=g","caption":"Reda\u00e7\u00e3o"}}]}},"amp_enabled":true,"_links":{"self":[{"href":"https:\/\/www.notibras.com\/site\/wp-json\/wp\/v2\/posts\/299820","targetHints":{"allow":["GET"]}}],"collection":[{"href":"https:\/\/www.notibras.com\/site\/wp-json\/wp\/v2\/posts"}],"about":[{"href":"https:\/\/www.notibras.com\/site\/wp-json\/wp\/v2\/types\/post"}],"author":[{"embeddable":true,"href":"https:\/\/www.notibras.com\/site\/wp-json\/wp\/v2\/users\/2"}],"replies":[{"embeddable":true,"href":"https:\/\/www.notibras.com\/site\/wp-json\/wp\/v2\/comments?post=299820"}],"version-history":[{"count":2,"href":"https:\/\/www.notibras.com\/site\/wp-json\/wp\/v2\/posts\/299820\/revisions"}],"predecessor-version":[{"id":299823,"href":"https:\/\/www.notibras.com\/site\/wp-json\/wp\/v2\/posts\/299820\/revisions\/299823"}],"wp:featuredmedia":[{"embeddable":true,"href":"https:\/\/www.notibras.com\/site\/wp-json\/wp\/v2\/media\/299821"}],"wp:attachment":[{"href":"https:\/\/www.notibras.com\/site\/wp-json\/wp\/v2\/media?parent=299820"}],"wp:term":[{"taxonomy":"category","embeddable":true,"href":"https:\/\/www.notibras.com\/site\/wp-json\/wp\/v2\/categories?post=299820"},{"taxonomy":"post_tag","embeddable":true,"href":"https:\/\/www.notibras.com\/site\/wp-json\/wp\/v2\/tags?post=299820"}],"curies":[{"name":"wp","href":"https:\/\/api.w.org\/{rel}","templated":true}]}}