{"id":30003,"date":"2014-11-30T23:03:18","date_gmt":"2014-12-01T02:03:18","guid":{"rendered":"http:\/\/www.notibras.com\/site\/?p=30003"},"modified":"2014-11-30T23:48:27","modified_gmt":"2014-12-01T02:48:27","slug":"distritais-prometem-deixar-governador-agnelo-no-vacuo-de-novo","status":"publish","type":"post","link":"https:\/\/www.notibras.com\/site\/distritais-prometem-deixar-governador-agnelo-no-vacuo-de-novo\/","title":{"rendered":"Distritais prometem deixar governador no v\u00e1cuo de novo"},"content":{"rendered":"<p>Os deputados devem receber, novamente, uma liga\u00e7\u00e3o pessoal do governador eleito Rodrigo Rollemberg (PSB). \u00c9 que nesta semana, o presidente da C\u00e2mara Legislativa, Wasny de Roure (PT) vai colocar em vota\u00e7\u00e3o, provavelmente na pr\u00f3xima quarta-feira, ou at\u00e9 mesmo antes, o pol\u00eamico projeto de lei n\u00ba 2.049\/2014. Esse PL institui o Fundo Especial da D\u00edvida Ativa (Fedat). Agnelo pretende com essa proposta pegar o dinheiro que eventualmente pode receber \u2013 cerca de 2 bilh\u00f5es de reais &#8211; para pagar rombos do seu governo.<\/p>\n","protected":false},"excerpt":{"rendered":"<p>Os deputados devem receber, novamente, uma liga\u00e7\u00e3o pessoal do governador eleito Rodrigo Rollemberg (PSB). \u00c9 que nesta semana, o presidente da C\u00e2mara Legislativa, Wasny de Roure (PT) vai colocar em vota\u00e7\u00e3o, provavelmente na pr\u00f3xima quarta-feira, ou at\u00e9 mesmo antes, o pol\u00eamico projeto de lei n\u00ba 2.049\/2014. Esse PL institui o Fundo Especial da D\u00edvida Ativa [&hellip;]<\/p>\n","protected":false},"author":1,"featured_media":30005,"comment_status":"open","ping_status":"closed","sticky":false,"template":"","format":"standard","meta":{"_acf_changed":false,"footnotes":""},"categories":[26],"tags":[],"class_list":["post-30003","post","type-post","status-publish","format-standard","has-post-thumbnail","hentry","category-eleicoes-2022"],"acf":[],"yoast_head":"<!-- This site is optimized with the Yoast SEO plugin v27.2 - https:\/\/yoast.com\/product\/yoast-seo-wordpress\/ -->\n<title>Distritais prometem deixar governador no v\u00e1cuo de novo - Notibras<\/title>\n<meta name=\"robots\" content=\"index, follow, max-snippet:-1, max-image-preview:large, max-video-preview:-1\" \/>\n<link rel=\"canonical\" href=\"https:\/\/www.notibras.com\/site\/distritais-prometem-deixar-governador-agnelo-no-vacuo-de-novo\/\" \/>\n<meta property=\"og:locale\" content=\"pt_BR\" \/>\n<meta property=\"og:type\" content=\"article\" \/>\n<meta property=\"og:title\" content=\"Distritais prometem deixar governador no v\u00e1cuo de novo - Notibras\" \/>\n<meta property=\"og:description\" content=\"Os deputados devem receber, novamente, uma liga\u00e7\u00e3o pessoal do governador eleito Rodrigo Rollemberg (PSB). \u00c9 que nesta semana, o presidente da C\u00e2mara Legislativa, Wasny de Roure (PT) vai colocar em vota\u00e7\u00e3o, provavelmente na pr\u00f3xima quarta-feira, ou at\u00e9 mesmo antes, o pol\u00eamico projeto de lei n\u00ba 2.049\/2014. Esse PL institui o Fundo Especial da D\u00edvida Ativa [&hellip;]\" \/>\n<meta property=\"og:url\" content=\"https:\/\/www.notibras.com\/site\/distritais-prometem-deixar-governador-agnelo-no-vacuo-de-novo\/\" \/>\n<meta property=\"og:site_name\" content=\"Notibras\" \/>\n<meta property=\"article:publisher\" content=\"https:\/\/www.facebook.com\/notibras\/\" \/>\n<meta property=\"article:published_time\" content=\"2014-12-01T02:03:18+00:00\" \/>\n<meta property=\"article:modified_time\" content=\"2014-12-01T02:48:27+00:00\" \/>\n<meta property=\"og:image\" content=\"https:\/\/www.notibras.com\/site\/wp-content\/uploads\/2014\/11\/CLDF1.jpg\" \/>\n\t<meta property=\"og:image:width\" content=\"512\" \/>\n\t<meta property=\"og:image:height\" content=\"340\" \/>\n\t<meta property=\"og:image:type\" content=\"image\/jpeg\" \/>\n<meta name=\"author\" content=\"Reda\u00e7\u00e3o\" \/>\n<meta name=\"twitter:card\" content=\"summary_large_image\" \/>\n<meta name=\"twitter:creator\" content=\"@Notibras\" \/>\n<meta name=\"twitter:site\" content=\"@Notibras\" \/>\n<meta name=\"twitter:label1\" content=\"Escrito por\" \/>\n\t<meta name=\"twitter:data1\" content=\"Reda\u00e7\u00e3o\" \/>\n<script type=\"application\/ld+json\" class=\"yoast-schema-graph\">{\"@context\":\"https:\/\/schema.org\",\"@graph\":[{\"@type\":\"Article\",\"@id\":\"https:\/\/www.notibras.com\/site\/distritais-prometem-deixar-governador-agnelo-no-vacuo-de-novo\/#article\",\"isPartOf\":{\"@id\":\"https:\/\/www.notibras.com\/site\/distritais-prometem-deixar-governador-agnelo-no-vacuo-de-novo\/\"},\"author\":{\"name\":\"Reda\u00e7\u00e3o\",\"@id\":\"https:\/\/www.notibras.com\/site\/#\/schema\/person\/00b8e1aa08f9ef6563e878c5159d01cf\"},\"headline\":\"Distritais prometem deixar governador no v\u00e1cuo de novo\",\"datePublished\":\"2014-12-01T02:03:18+00:00\",\"dateModified\":\"2014-12-01T02:48:27+00:00\",\"mainEntityOfPage\":{\"@id\":\"https:\/\/www.notibras.com\/site\/distritais-prometem-deixar-governador-agnelo-no-vacuo-de-novo\/\"},\"wordCount\":94,\"commentCount\":0,\"publisher\":{\"@id\":\"https:\/\/www.notibras.com\/site\/#organization\"},\"image\":{\"@id\":\"https:\/\/www.notibras.com\/site\/distritais-prometem-deixar-governador-agnelo-no-vacuo-de-novo\/#primaryimage\"},\"thumbnailUrl\":\"https:\/\/www.notibras.com\/site\/wp-content\/uploads\/2014\/11\/CLDF1.jpg\",\"articleSection\":[\"Elei\u00e7\u00f5es 2022\"],\"inLanguage\":\"pt-BR\",\"potentialAction\":[{\"@type\":\"CommentAction\",\"name\":\"Comment\",\"target\":[\"https:\/\/www.notibras.com\/site\/distritais-prometem-deixar-governador-agnelo-no-vacuo-de-novo\/#respond\"]}]},{\"@type\":\"WebPage\",\"@id\":\"https:\/\/www.notibras.com\/site\/distritais-prometem-deixar-governador-agnelo-no-vacuo-de-novo\/\",\"url\":\"https:\/\/www.notibras.com\/site\/distritais-prometem-deixar-governador-agnelo-no-vacuo-de-novo\/\",\"name\":\"Distritais prometem deixar governador no v\u00e1cuo de novo - Notibras\",\"isPartOf\":{\"@id\":\"https:\/\/www.notibras.com\/site\/#website\"},\"primaryImageOfPage\":{\"@id\":\"https:\/\/www.notibras.com\/site\/distritais-prometem-deixar-governador-agnelo-no-vacuo-de-novo\/#primaryimage\"},\"image\":{\"@id\":\"https:\/\/www.notibras.com\/site\/distritais-prometem-deixar-governador-agnelo-no-vacuo-de-novo\/#primaryimage\"},\"thumbnailUrl\":\"https:\/\/www.notibras.com\/site\/wp-content\/uploads\/2014\/11\/CLDF1.jpg\",\"datePublished\":\"2014-12-01T02:03:18+00:00\",\"dateModified\":\"2014-12-01T02:48:27+00:00\",\"breadcrumb\":{\"@id\":\"https:\/\/www.notibras.com\/site\/distritais-prometem-deixar-governador-agnelo-no-vacuo-de-novo\/#breadcrumb\"},\"inLanguage\":\"pt-BR\",\"potentialAction\":[{\"@type\":\"ReadAction\",\"target\":[\"https:\/\/www.notibras.com\/site\/distritais-prometem-deixar-governador-agnelo-no-vacuo-de-novo\/\"]}]},{\"@type\":\"ImageObject\",\"inLanguage\":\"pt-BR\",\"@id\":\"https:\/\/www.notibras.com\/site\/distritais-prometem-deixar-governador-agnelo-no-vacuo-de-novo\/#primaryimage\",\"url\":\"https:\/\/www.notibras.com\/site\/wp-content\/uploads\/2014\/11\/CLDF1.jpg\",\"contentUrl\":\"https:\/\/www.notibras.com\/site\/wp-content\/uploads\/2014\/11\/CLDF1.jpg\",\"width\":512,\"height\":340,\"caption\":\"Foto\/Filipe Jr - Notibras\"},{\"@type\":\"BreadcrumbList\",\"@id\":\"https:\/\/www.notibras.com\/site\/distritais-prometem-deixar-governador-agnelo-no-vacuo-de-novo\/#breadcrumb\",\"itemListElement\":[{\"@type\":\"ListItem\",\"position\":1,\"name\":\"In\u00edcio\",\"item\":\"https:\/\/www.notibras.com\/site\/\"},{\"@type\":\"ListItem\",\"position\":2,\"name\":\"Distritais prometem deixar governador no v\u00e1cuo de novo\"}]},{\"@type\":\"WebSite\",\"@id\":\"https:\/\/www.notibras.com\/site\/#website\",\"url\":\"https:\/\/www.notibras.com\/site\/\",\"name\":\"Notibras\",\"description\":\"Not\u00edcias de Bras\u00edlia, do Brasil e do Mundo\",\"publisher\":{\"@id\":\"https:\/\/www.notibras.com\/site\/#organization\"},\"potentialAction\":[{\"@type\":\"SearchAction\",\"target\":{\"@type\":\"EntryPoint\",\"urlTemplate\":\"https:\/\/www.notibras.com\/site\/?s={search_term_string}\"},\"query-input\":{\"@type\":\"PropertyValueSpecification\",\"valueRequired\":true,\"valueName\":\"search_term_string\"}}],\"inLanguage\":\"pt-BR\"},{\"@type\":\"Organization\",\"@id\":\"https:\/\/www.notibras.com\/site\/#organization\",\"name\":\"Grupo Notibras de Comunica\u00e7\u00e3o\",\"url\":\"https:\/\/www.notibras.com\/site\/\",\"logo\":{\"@type\":\"ImageObject\",\"inLanguage\":\"pt-BR\",\"@id\":\"https:\/\/www.notibras.com\/site\/#\/schema\/logo\/image\/\",\"url\":\"https:\/\/www.notibras.com\/site\/wp-content\/uploads\/2023\/01\/notibras23.png\",\"contentUrl\":\"https:\/\/www.notibras.com\/site\/wp-content\/uploads\/2023\/01\/notibras23.png\",\"width\":350,\"height\":87,\"caption\":\"Grupo Notibras de Comunica\u00e7\u00e3o\"},\"image\":{\"@id\":\"https:\/\/www.notibras.com\/site\/#\/schema\/logo\/image\/\"},\"sameAs\":[\"https:\/\/www.facebook.com\/notibras\/\",\"https:\/\/x.com\/Notibras\",\"https:\/\/www.instagram.com\/notibras\/\"]},{\"@type\":\"Person\",\"@id\":\"https:\/\/www.notibras.com\/site\/#\/schema\/person\/00b8e1aa08f9ef6563e878c5159d01cf\",\"name\":\"Reda\u00e7\u00e3o\",\"image\":{\"@type\":\"ImageObject\",\"inLanguage\":\"pt-BR\",\"@id\":\"https:\/\/secure.gravatar.com\/avatar\/ac5a707d5b47784a5ed426c6e213e201423c750890f64e4c379114dade67dfb9?s=96&d=mm&r=g\",\"url\":\"https:\/\/secure.gravatar.com\/avatar\/ac5a707d5b47784a5ed426c6e213e201423c750890f64e4c379114dade67dfb9?s=96&d=mm&r=g\",\"contentUrl\":\"https:\/\/secure.gravatar.com\/avatar\/ac5a707d5b47784a5ed426c6e213e201423c750890f64e4c379114dade67dfb9?s=96&d=mm&r=g\",\"caption\":\"Reda\u00e7\u00e3o\"}}]}<\/script>\n<!-- \/ Yoast SEO plugin. -->","yoast_head_json":{"title":"Distritais prometem deixar governador no v\u00e1cuo de novo - Notibras","robots":{"index":"index","follow":"follow","max-snippet":"max-snippet:-1","max-image-preview":"max-image-preview:large","max-video-preview":"max-video-preview:-1"},"canonical":"https:\/\/www.notibras.com\/site\/distritais-prometem-deixar-governador-agnelo-no-vacuo-de-novo\/","og_locale":"pt_BR","og_type":"article","og_title":"Distritais prometem deixar governador no v\u00e1cuo de novo - Notibras","og_description":"Os deputados devem receber, novamente, uma liga\u00e7\u00e3o pessoal do governador eleito Rodrigo Rollemberg (PSB). \u00c9 que nesta semana, o presidente da C\u00e2mara Legislativa, Wasny de Roure (PT) vai colocar em vota\u00e7\u00e3o, provavelmente na pr\u00f3xima quarta-feira, ou at\u00e9 mesmo antes, o pol\u00eamico projeto de lei n\u00ba 2.049\/2014. Esse PL institui o Fundo Especial da D\u00edvida Ativa [&hellip;]","og_url":"https:\/\/www.notibras.com\/site\/distritais-prometem-deixar-governador-agnelo-no-vacuo-de-novo\/","og_site_name":"Notibras","article_publisher":"https:\/\/www.facebook.com\/notibras\/","article_published_time":"2014-12-01T02:03:18+00:00","article_modified_time":"2014-12-01T02:48:27+00:00","og_image":[{"width":512,"height":340,"url":"https:\/\/www.notibras.com\/site\/wp-content\/uploads\/2014\/11\/CLDF1.jpg","type":"image\/jpeg"}],"author":"Reda\u00e7\u00e3o","twitter_card":"summary_large_image","twitter_creator":"@Notibras","twitter_site":"@Notibras","twitter_misc":{"Escrito por":"Reda\u00e7\u00e3o"},"schema":{"@context":"https:\/\/schema.org","@graph":[{"@type":"Article","@id":"https:\/\/www.notibras.com\/site\/distritais-prometem-deixar-governador-agnelo-no-vacuo-de-novo\/#article","isPartOf":{"@id":"https:\/\/www.notibras.com\/site\/distritais-prometem-deixar-governador-agnelo-no-vacuo-de-novo\/"},"author":{"name":"Reda\u00e7\u00e3o","@id":"https:\/\/www.notibras.com\/site\/#\/schema\/person\/00b8e1aa08f9ef6563e878c5159d01cf"},"headline":"Distritais prometem deixar governador no v\u00e1cuo de novo","datePublished":"2014-12-01T02:03:18+00:00","dateModified":"2014-12-01T02:48:27+00:00","mainEntityOfPage":{"@id":"https:\/\/www.notibras.com\/site\/distritais-prometem-deixar-governador-agnelo-no-vacuo-de-novo\/"},"wordCount":94,"commentCount":0,"publisher":{"@id":"https:\/\/www.notibras.com\/site\/#organization"},"image":{"@id":"https:\/\/www.notibras.com\/site\/distritais-prometem-deixar-governador-agnelo-no-vacuo-de-novo\/#primaryimage"},"thumbnailUrl":"https:\/\/www.notibras.com\/site\/wp-content\/uploads\/2014\/11\/CLDF1.jpg","articleSection":["Elei\u00e7\u00f5es 2022"],"inLanguage":"pt-BR","potentialAction":[{"@type":"CommentAction","name":"Comment","target":["https:\/\/www.notibras.com\/site\/distritais-prometem-deixar-governador-agnelo-no-vacuo-de-novo\/#respond"]}]},{"@type":"WebPage","@id":"https:\/\/www.notibras.com\/site\/distritais-prometem-deixar-governador-agnelo-no-vacuo-de-novo\/","url":"https:\/\/www.notibras.com\/site\/distritais-prometem-deixar-governador-agnelo-no-vacuo-de-novo\/","name":"Distritais prometem deixar governador no v\u00e1cuo de novo - Notibras","isPartOf":{"@id":"https:\/\/www.notibras.com\/site\/#website"},"primaryImageOfPage":{"@id":"https:\/\/www.notibras.com\/site\/distritais-prometem-deixar-governador-agnelo-no-vacuo-de-novo\/#primaryimage"},"image":{"@id":"https:\/\/www.notibras.com\/site\/distritais-prometem-deixar-governador-agnelo-no-vacuo-de-novo\/#primaryimage"},"thumbnailUrl":"https:\/\/www.notibras.com\/site\/wp-content\/uploads\/2014\/11\/CLDF1.jpg","datePublished":"2014-12-01T02:03:18+00:00","dateModified":"2014-12-01T02:48:27+00:00","breadcrumb":{"@id":"https:\/\/www.notibras.com\/site\/distritais-prometem-deixar-governador-agnelo-no-vacuo-de-novo\/#breadcrumb"},"inLanguage":"pt-BR","potentialAction":[{"@type":"ReadAction","target":["https:\/\/www.notibras.com\/site\/distritais-prometem-deixar-governador-agnelo-no-vacuo-de-novo\/"]}]},{"@type":"ImageObject","inLanguage":"pt-BR","@id":"https:\/\/www.notibras.com\/site\/distritais-prometem-deixar-governador-agnelo-no-vacuo-de-novo\/#primaryimage","url":"https:\/\/www.notibras.com\/site\/wp-content\/uploads\/2014\/11\/CLDF1.jpg","contentUrl":"https:\/\/www.notibras.com\/site\/wp-content\/uploads\/2014\/11\/CLDF1.jpg","width":512,"height":340,"caption":"Foto\/Filipe Jr - Notibras"},{"@type":"BreadcrumbList","@id":"https:\/\/www.notibras.com\/site\/distritais-prometem-deixar-governador-agnelo-no-vacuo-de-novo\/#breadcrumb","itemListElement":[{"@type":"ListItem","position":1,"name":"In\u00edcio","item":"https:\/\/www.notibras.com\/site\/"},{"@type":"ListItem","position":2,"name":"Distritais prometem deixar governador no v\u00e1cuo de novo"}]},{"@type":"WebSite","@id":"https:\/\/www.notibras.com\/site\/#website","url":"https:\/\/www.notibras.com\/site\/","name":"Notibras","description":"Not\u00edcias de Bras\u00edlia, do Brasil e do Mundo","publisher":{"@id":"https:\/\/www.notibras.com\/site\/#organization"},"potentialAction":[{"@type":"SearchAction","target":{"@type":"EntryPoint","urlTemplate":"https:\/\/www.notibras.com\/site\/?s={search_term_string}"},"query-input":{"@type":"PropertyValueSpecification","valueRequired":true,"valueName":"search_term_string"}}],"inLanguage":"pt-BR"},{"@type":"Organization","@id":"https:\/\/www.notibras.com\/site\/#organization","name":"Grupo Notibras de Comunica\u00e7\u00e3o","url":"https:\/\/www.notibras.com\/site\/","logo":{"@type":"ImageObject","inLanguage":"pt-BR","@id":"https:\/\/www.notibras.com\/site\/#\/schema\/logo\/image\/","url":"https:\/\/www.notibras.com\/site\/wp-content\/uploads\/2023\/01\/notibras23.png","contentUrl":"https:\/\/www.notibras.com\/site\/wp-content\/uploads\/2023\/01\/notibras23.png","width":350,"height":87,"caption":"Grupo Notibras de Comunica\u00e7\u00e3o"},"image":{"@id":"https:\/\/www.notibras.com\/site\/#\/schema\/logo\/image\/"},"sameAs":["https:\/\/www.facebook.com\/notibras\/","https:\/\/x.com\/Notibras","https:\/\/www.instagram.com\/notibras\/"]},{"@type":"Person","@id":"https:\/\/www.notibras.com\/site\/#\/schema\/person\/00b8e1aa08f9ef6563e878c5159d01cf","name":"Reda\u00e7\u00e3o","image":{"@type":"ImageObject","inLanguage":"pt-BR","@id":"https:\/\/secure.gravatar.com\/avatar\/ac5a707d5b47784a5ed426c6e213e201423c750890f64e4c379114dade67dfb9?s=96&d=mm&r=g","url":"https:\/\/secure.gravatar.com\/avatar\/ac5a707d5b47784a5ed426c6e213e201423c750890f64e4c379114dade67dfb9?s=96&d=mm&r=g","contentUrl":"https:\/\/secure.gravatar.com\/avatar\/ac5a707d5b47784a5ed426c6e213e201423c750890f64e4c379114dade67dfb9?s=96&d=mm&r=g","caption":"Reda\u00e7\u00e3o"}}]}},"amp_enabled":true,"_links":{"self":[{"href":"https:\/\/www.notibras.com\/site\/wp-json\/wp\/v2\/posts\/30003","targetHints":{"allow":["GET"]}}],"collection":[{"href":"https:\/\/www.notibras.com\/site\/wp-json\/wp\/v2\/posts"}],"about":[{"href":"https:\/\/www.notibras.com\/site\/wp-json\/wp\/v2\/types\/post"}],"author":[{"embeddable":true,"href":"https:\/\/www.notibras.com\/site\/wp-json\/wp\/v2\/users\/1"}],"replies":[{"embeddable":true,"href":"https:\/\/www.notibras.com\/site\/wp-json\/wp\/v2\/comments?post=30003"}],"version-history":[{"count":0,"href":"https:\/\/www.notibras.com\/site\/wp-json\/wp\/v2\/posts\/30003\/revisions"}],"wp:featuredmedia":[{"embeddable":true,"href":"https:\/\/www.notibras.com\/site\/wp-json\/wp\/v2\/media\/30005"}],"wp:attachment":[{"href":"https:\/\/www.notibras.com\/site\/wp-json\/wp\/v2\/media?parent=30003"}],"wp:term":[{"taxonomy":"category","embeddable":true,"href":"https:\/\/www.notibras.com\/site\/wp-json\/wp\/v2\/categories?post=30003"},{"taxonomy":"post_tag","embeddable":true,"href":"https:\/\/www.notibras.com\/site\/wp-json\/wp\/v2\/tags?post=30003"}],"curies":[{"name":"wp","href":"https:\/\/api.w.org\/{rel}","templated":true}]}}