{"id":300161,"date":"2023-02-27T00:00:10","date_gmt":"2023-02-27T03:00:10","guid":{"rendered":"https:\/\/www.notibras.com\/site\/?p=300161"},"modified":"2023-02-27T07:47:20","modified_gmt":"2023-02-27T10:47:20","slug":"escola-abre-as-portas-para-artistas-da-cidade","status":"publish","type":"post","link":"https:\/\/www.notibras.com\/site\/escola-abre-as-portas-para-artistas-da-cidade\/","title":{"rendered":"Escola abre as portas para artistas da cidade"},"content":{"rendered":"<p>Na entrada principal da Escola Classe Comunidade de Aprendizagem do Parano\u00e1 (EC CAP), o rosto de uma artista local que se tornou refer\u00eancia na comunidade colore o muro. A cantora e compositora pernambucana Marta Leonardo de Oliveira, 61, mais conhecida como Martinha do Coco, \u00e9 fonte de inspira\u00e7\u00e3o para os alunos por conta de uma s\u00e9rie de atividades desenvolvidas na escola, como participa\u00e7\u00f5es em saraus, oficinas, apresenta\u00e7\u00f5es musicais e outros eventos realizados ao longo do ano.<\/p>\n<p>\u201cO trabalho desenvolvido em conjunto com a comunidade escolar est\u00e1 sendo muito gratificante\u201d, diz Martinha. \u201cOs alunos veem uma artista desenhada no muro da escola e sabem que aquela pessoa mora pr\u00f3ximo da casa deles, frequenta a escola onde eles estudam. O melhor \u00e9 que essa mesma artista est\u00e1 ali ensinando e se ressignificando junto de cada um.\u201d<\/p>\n<p>A diretora da escola, Renata Rezende, elogia a iniciativa: \u201cA escola busca trazer refer\u00eancias da pr\u00f3pria cidade come\u00e7ando pela entrada, onde o aluno se depara com ilustra\u00e7\u00f5es das quadrilhas juninas, da figura ilustre do Parano\u00e1 Martinha do Coco e com as famosas pipas que invadem o nosso c\u00e9u no per\u00edodo das f\u00e9rias\u201d.<\/p>\n<p>Renata lembra que a inclus\u00e3o de artistas como Martinha ajuda na aprendizagem, ao enfatizar o pertencimento e o reconhecimento cultural regionais. Al\u00e9m da cantora, outros artistas da cidade tamb\u00e9m participam das atividades, como Eliana do Boi, uma contadora de hist\u00f3rias do Itapo\u00e3 que todos os anos desenvolve trabalhos com os estudantes.<\/p>\n<p>A EC CAP atende atualmente 456 alunos do segundo per\u00edodo da educa\u00e7\u00e3o infantil ao quinto ano do ensino fundamental. Entre as comemora\u00e7\u00f5es da escola est\u00e3o as tradicionais festas juninas, o sarau cultural e oficinas de arte. Os eventos s\u00e3o organizados pelos professores, com apoio das fam\u00edlias dos alunos.<\/p>\n<p>\u201cBuscamos dar autonomia para essas crian\u00e7as; nas festas juninas, por exemplo, elas fazem as pr\u00f3prias prendas, criam brincadeiras e os pais podem fazer as comidas t\u00edpicas para vender na escola\u201d, conta a diretora. \u201cEnquanto isso, nos saraus, elas t\u00eam livre escolha para os temas, m\u00fasicas e outras atividades.\u201d<\/p>\n","protected":false},"excerpt":{"rendered":"<p>Na entrada principal da Escola Classe Comunidade de Aprendizagem do Parano\u00e1 (EC CAP), o rosto de uma artista local que se tornou refer\u00eancia na comunidade colore o muro. A cantora e compositora pernambucana Marta Leonardo de Oliveira, 61, mais conhecida como Martinha do Coco, \u00e9 fonte de inspira\u00e7\u00e3o para os alunos por conta de uma [&hellip;]<\/p>\n","protected":false},"author":2,"featured_media":300162,"comment_status":"closed","ping_status":"closed","sticky":false,"template":"","format":"standard","meta":{"_acf_changed":false,"footnotes":""},"categories":[161],"tags":[],"class_list":["post-300161","post","type-post","status-publish","format-standard","has-post-thumbnail","hentry","category-quadradinho-em-foco"],"acf":[],"yoast_head":"<!-- This site is optimized with the Yoast SEO plugin v27.2 - https:\/\/yoast.com\/product\/yoast-seo-wordpress\/ -->\n<title>Escola abre as portas para artistas da cidade - Notibras<\/title>\n<meta name=\"robots\" content=\"index, follow, max-snippet:-1, max-image-preview:large, max-video-preview:-1\" \/>\n<link rel=\"canonical\" href=\"https:\/\/www.notibras.com\/site\/escola-abre-as-portas-para-artistas-da-cidade\/\" \/>\n<meta property=\"og:locale\" content=\"pt_BR\" \/>\n<meta property=\"og:type\" content=\"article\" \/>\n<meta property=\"og:title\" content=\"Escola abre as portas para artistas da cidade - Notibras\" \/>\n<meta property=\"og:description\" content=\"Na entrada principal da Escola Classe Comunidade de Aprendizagem do Parano\u00e1 (EC CAP), o rosto de uma artista local que se tornou refer\u00eancia na comunidade colore o muro. A cantora e compositora pernambucana Marta Leonardo de Oliveira, 61, mais conhecida como Martinha do Coco, \u00e9 fonte de inspira\u00e7\u00e3o para os alunos por conta de uma [&hellip;]\" \/>\n<meta property=\"og:url\" content=\"https:\/\/www.notibras.com\/site\/escola-abre-as-portas-para-artistas-da-cidade\/\" \/>\n<meta property=\"og:site_name\" content=\"Notibras\" \/>\n<meta property=\"article:publisher\" content=\"https:\/\/www.facebook.com\/notibras\/\" \/>\n<meta property=\"article:published_time\" content=\"2023-02-27T03:00:10+00:00\" \/>\n<meta property=\"article:modified_time\" content=\"2023-02-27T10:47:20+00:00\" \/>\n<meta property=\"og:image\" content=\"https:\/\/www.notibras.com\/site\/wp-content\/uploads\/2023\/02\/24.2.-Materia-EC-CAP-Martinha-do-Coco.-Foto-Andre-Amendoeira2-1536x1024-1.jpg\" \/>\n\t<meta property=\"og:image:width\" content=\"1536\" \/>\n\t<meta property=\"og:image:height\" content=\"1024\" \/>\n\t<meta property=\"og:image:type\" content=\"image\/jpeg\" \/>\n<meta name=\"author\" content=\"Reda\u00e7\u00e3o\" \/>\n<meta name=\"twitter:card\" content=\"summary_large_image\" \/>\n<meta name=\"twitter:creator\" content=\"@Notibras\" \/>\n<meta name=\"twitter:site\" content=\"@Notibras\" \/>\n<meta name=\"twitter:label1\" content=\"Escrito por\" \/>\n\t<meta name=\"twitter:data1\" content=\"Reda\u00e7\u00e3o\" \/>\n\t<meta name=\"twitter:label2\" content=\"Est. tempo de leitura\" \/>\n\t<meta name=\"twitter:data2\" content=\"2 minutos\" \/>\n<script type=\"application\/ld+json\" class=\"yoast-schema-graph\">{\"@context\":\"https:\/\/schema.org\",\"@graph\":[{\"@type\":\"Article\",\"@id\":\"https:\/\/www.notibras.com\/site\/escola-abre-as-portas-para-artistas-da-cidade\/#article\",\"isPartOf\":{\"@id\":\"https:\/\/www.notibras.com\/site\/escola-abre-as-portas-para-artistas-da-cidade\/\"},\"author\":{\"name\":\"Reda\u00e7\u00e3o\",\"@id\":\"https:\/\/www.notibras.com\/site\/#\/schema\/person\/36ab0979449956132d3e5b517ea76ac8\"},\"headline\":\"Escola abre as portas para artistas da cidade\",\"datePublished\":\"2023-02-27T03:00:10+00:00\",\"dateModified\":\"2023-02-27T10:47:20+00:00\",\"mainEntityOfPage\":{\"@id\":\"https:\/\/www.notibras.com\/site\/escola-abre-as-portas-para-artistas-da-cidade\/\"},\"wordCount\":365,\"publisher\":{\"@id\":\"https:\/\/www.notibras.com\/site\/#organization\"},\"image\":{\"@id\":\"https:\/\/www.notibras.com\/site\/escola-abre-as-portas-para-artistas-da-cidade\/#primaryimage\"},\"thumbnailUrl\":\"https:\/\/www.notibras.com\/site\/wp-content\/uploads\/2023\/02\/24.2.-Materia-EC-CAP-Martinha-do-Coco.-Foto-Andre-Amendoeira2-1536x1024-1.jpg\",\"articleSection\":[\"Quadradinho em Foco\"],\"inLanguage\":\"pt-BR\"},{\"@type\":\"WebPage\",\"@id\":\"https:\/\/www.notibras.com\/site\/escola-abre-as-portas-para-artistas-da-cidade\/\",\"url\":\"https:\/\/www.notibras.com\/site\/escola-abre-as-portas-para-artistas-da-cidade\/\",\"name\":\"Escola abre as portas para artistas da cidade - Notibras\",\"isPartOf\":{\"@id\":\"https:\/\/www.notibras.com\/site\/#website\"},\"primaryImageOfPage\":{\"@id\":\"https:\/\/www.notibras.com\/site\/escola-abre-as-portas-para-artistas-da-cidade\/#primaryimage\"},\"image\":{\"@id\":\"https:\/\/www.notibras.com\/site\/escola-abre-as-portas-para-artistas-da-cidade\/#primaryimage\"},\"thumbnailUrl\":\"https:\/\/www.notibras.com\/site\/wp-content\/uploads\/2023\/02\/24.2.-Materia-EC-CAP-Martinha-do-Coco.-Foto-Andre-Amendoeira2-1536x1024-1.jpg\",\"datePublished\":\"2023-02-27T03:00:10+00:00\",\"dateModified\":\"2023-02-27T10:47:20+00:00\",\"breadcrumb\":{\"@id\":\"https:\/\/www.notibras.com\/site\/escola-abre-as-portas-para-artistas-da-cidade\/#breadcrumb\"},\"inLanguage\":\"pt-BR\",\"potentialAction\":[{\"@type\":\"ReadAction\",\"target\":[\"https:\/\/www.notibras.com\/site\/escola-abre-as-portas-para-artistas-da-cidade\/\"]}]},{\"@type\":\"ImageObject\",\"inLanguage\":\"pt-BR\",\"@id\":\"https:\/\/www.notibras.com\/site\/escola-abre-as-portas-para-artistas-da-cidade\/#primaryimage\",\"url\":\"https:\/\/www.notibras.com\/site\/wp-content\/uploads\/2023\/02\/24.2.-Materia-EC-CAP-Martinha-do-Coco.-Foto-Andre-Amendoeira2-1536x1024-1.jpg\",\"contentUrl\":\"https:\/\/www.notibras.com\/site\/wp-content\/uploads\/2023\/02\/24.2.-Materia-EC-CAP-Martinha-do-Coco.-Foto-Andre-Amendoeira2-1536x1024-1.jpg\",\"width\":1536,\"height\":1024},{\"@type\":\"BreadcrumbList\",\"@id\":\"https:\/\/www.notibras.com\/site\/escola-abre-as-portas-para-artistas-da-cidade\/#breadcrumb\",\"itemListElement\":[{\"@type\":\"ListItem\",\"position\":1,\"name\":\"In\u00edcio\",\"item\":\"https:\/\/www.notibras.com\/site\/\"},{\"@type\":\"ListItem\",\"position\":2,\"name\":\"Escola abre as portas para artistas da cidade\"}]},{\"@type\":\"WebSite\",\"@id\":\"https:\/\/www.notibras.com\/site\/#website\",\"url\":\"https:\/\/www.notibras.com\/site\/\",\"name\":\"Notibras\",\"description\":\"Not\u00edcias de Bras\u00edlia, do Brasil e do Mundo\",\"publisher\":{\"@id\":\"https:\/\/www.notibras.com\/site\/#organization\"},\"potentialAction\":[{\"@type\":\"SearchAction\",\"target\":{\"@type\":\"EntryPoint\",\"urlTemplate\":\"https:\/\/www.notibras.com\/site\/?s={search_term_string}\"},\"query-input\":{\"@type\":\"PropertyValueSpecification\",\"valueRequired\":true,\"valueName\":\"search_term_string\"}}],\"inLanguage\":\"pt-BR\"},{\"@type\":\"Organization\",\"@id\":\"https:\/\/www.notibras.com\/site\/#organization\",\"name\":\"Grupo Notibras de Comunica\u00e7\u00e3o\",\"url\":\"https:\/\/www.notibras.com\/site\/\",\"logo\":{\"@type\":\"ImageObject\",\"inLanguage\":\"pt-BR\",\"@id\":\"https:\/\/www.notibras.com\/site\/#\/schema\/logo\/image\/\",\"url\":\"https:\/\/www.notibras.com\/site\/wp-content\/uploads\/2023\/01\/notibras23.png\",\"contentUrl\":\"https:\/\/www.notibras.com\/site\/wp-content\/uploads\/2023\/01\/notibras23.png\",\"width\":350,\"height\":87,\"caption\":\"Grupo Notibras de Comunica\u00e7\u00e3o\"},\"image\":{\"@id\":\"https:\/\/www.notibras.com\/site\/#\/schema\/logo\/image\/\"},\"sameAs\":[\"https:\/\/www.facebook.com\/notibras\/\",\"https:\/\/x.com\/Notibras\",\"https:\/\/www.instagram.com\/notibras\/\"]},{\"@type\":\"Person\",\"@id\":\"https:\/\/www.notibras.com\/site\/#\/schema\/person\/36ab0979449956132d3e5b517ea76ac8\",\"name\":\"Reda\u00e7\u00e3o\",\"image\":{\"@type\":\"ImageObject\",\"inLanguage\":\"pt-BR\",\"@id\":\"https:\/\/secure.gravatar.com\/avatar\/e0a867bdedb85fd243eadf09663511f96fc81e0720a4a42581f334ad4303aa6b?s=96&d=mm&r=g\",\"url\":\"https:\/\/secure.gravatar.com\/avatar\/e0a867bdedb85fd243eadf09663511f96fc81e0720a4a42581f334ad4303aa6b?s=96&d=mm&r=g\",\"contentUrl\":\"https:\/\/secure.gravatar.com\/avatar\/e0a867bdedb85fd243eadf09663511f96fc81e0720a4a42581f334ad4303aa6b?s=96&d=mm&r=g\",\"caption\":\"Reda\u00e7\u00e3o\"}}]}<\/script>\n<!-- \/ Yoast SEO plugin. -->","yoast_head_json":{"title":"Escola abre as portas para artistas da cidade - Notibras","robots":{"index":"index","follow":"follow","max-snippet":"max-snippet:-1","max-image-preview":"max-image-preview:large","max-video-preview":"max-video-preview:-1"},"canonical":"https:\/\/www.notibras.com\/site\/escola-abre-as-portas-para-artistas-da-cidade\/","og_locale":"pt_BR","og_type":"article","og_title":"Escola abre as portas para artistas da cidade - Notibras","og_description":"Na entrada principal da Escola Classe Comunidade de Aprendizagem do Parano\u00e1 (EC CAP), o rosto de uma artista local que se tornou refer\u00eancia na comunidade colore o muro. A cantora e compositora pernambucana Marta Leonardo de Oliveira, 61, mais conhecida como Martinha do Coco, \u00e9 fonte de inspira\u00e7\u00e3o para os alunos por conta de uma [&hellip;]","og_url":"https:\/\/www.notibras.com\/site\/escola-abre-as-portas-para-artistas-da-cidade\/","og_site_name":"Notibras","article_publisher":"https:\/\/www.facebook.com\/notibras\/","article_published_time":"2023-02-27T03:00:10+00:00","article_modified_time":"2023-02-27T10:47:20+00:00","og_image":[{"width":1536,"height":1024,"url":"https:\/\/www.notibras.com\/site\/wp-content\/uploads\/2023\/02\/24.2.-Materia-EC-CAP-Martinha-do-Coco.-Foto-Andre-Amendoeira2-1536x1024-1.jpg","type":"image\/jpeg"}],"author":"Reda\u00e7\u00e3o","twitter_card":"summary_large_image","twitter_creator":"@Notibras","twitter_site":"@Notibras","twitter_misc":{"Escrito por":"Reda\u00e7\u00e3o","Est. tempo de leitura":"2 minutos"},"schema":{"@context":"https:\/\/schema.org","@graph":[{"@type":"Article","@id":"https:\/\/www.notibras.com\/site\/escola-abre-as-portas-para-artistas-da-cidade\/#article","isPartOf":{"@id":"https:\/\/www.notibras.com\/site\/escola-abre-as-portas-para-artistas-da-cidade\/"},"author":{"name":"Reda\u00e7\u00e3o","@id":"https:\/\/www.notibras.com\/site\/#\/schema\/person\/36ab0979449956132d3e5b517ea76ac8"},"headline":"Escola abre as portas para artistas da cidade","datePublished":"2023-02-27T03:00:10+00:00","dateModified":"2023-02-27T10:47:20+00:00","mainEntityOfPage":{"@id":"https:\/\/www.notibras.com\/site\/escola-abre-as-portas-para-artistas-da-cidade\/"},"wordCount":365,"publisher":{"@id":"https:\/\/www.notibras.com\/site\/#organization"},"image":{"@id":"https:\/\/www.notibras.com\/site\/escola-abre-as-portas-para-artistas-da-cidade\/#primaryimage"},"thumbnailUrl":"https:\/\/www.notibras.com\/site\/wp-content\/uploads\/2023\/02\/24.2.-Materia-EC-CAP-Martinha-do-Coco.-Foto-Andre-Amendoeira2-1536x1024-1.jpg","articleSection":["Quadradinho em Foco"],"inLanguage":"pt-BR"},{"@type":"WebPage","@id":"https:\/\/www.notibras.com\/site\/escola-abre-as-portas-para-artistas-da-cidade\/","url":"https:\/\/www.notibras.com\/site\/escola-abre-as-portas-para-artistas-da-cidade\/","name":"Escola abre as portas para artistas da cidade - Notibras","isPartOf":{"@id":"https:\/\/www.notibras.com\/site\/#website"},"primaryImageOfPage":{"@id":"https:\/\/www.notibras.com\/site\/escola-abre-as-portas-para-artistas-da-cidade\/#primaryimage"},"image":{"@id":"https:\/\/www.notibras.com\/site\/escola-abre-as-portas-para-artistas-da-cidade\/#primaryimage"},"thumbnailUrl":"https:\/\/www.notibras.com\/site\/wp-content\/uploads\/2023\/02\/24.2.-Materia-EC-CAP-Martinha-do-Coco.-Foto-Andre-Amendoeira2-1536x1024-1.jpg","datePublished":"2023-02-27T03:00:10+00:00","dateModified":"2023-02-27T10:47:20+00:00","breadcrumb":{"@id":"https:\/\/www.notibras.com\/site\/escola-abre-as-portas-para-artistas-da-cidade\/#breadcrumb"},"inLanguage":"pt-BR","potentialAction":[{"@type":"ReadAction","target":["https:\/\/www.notibras.com\/site\/escola-abre-as-portas-para-artistas-da-cidade\/"]}]},{"@type":"ImageObject","inLanguage":"pt-BR","@id":"https:\/\/www.notibras.com\/site\/escola-abre-as-portas-para-artistas-da-cidade\/#primaryimage","url":"https:\/\/www.notibras.com\/site\/wp-content\/uploads\/2023\/02\/24.2.-Materia-EC-CAP-Martinha-do-Coco.-Foto-Andre-Amendoeira2-1536x1024-1.jpg","contentUrl":"https:\/\/www.notibras.com\/site\/wp-content\/uploads\/2023\/02\/24.2.-Materia-EC-CAP-Martinha-do-Coco.-Foto-Andre-Amendoeira2-1536x1024-1.jpg","width":1536,"height":1024},{"@type":"BreadcrumbList","@id":"https:\/\/www.notibras.com\/site\/escola-abre-as-portas-para-artistas-da-cidade\/#breadcrumb","itemListElement":[{"@type":"ListItem","position":1,"name":"In\u00edcio","item":"https:\/\/www.notibras.com\/site\/"},{"@type":"ListItem","position":2,"name":"Escola abre as portas para artistas da cidade"}]},{"@type":"WebSite","@id":"https:\/\/www.notibras.com\/site\/#website","url":"https:\/\/www.notibras.com\/site\/","name":"Notibras","description":"Not\u00edcias de Bras\u00edlia, do Brasil e do Mundo","publisher":{"@id":"https:\/\/www.notibras.com\/site\/#organization"},"potentialAction":[{"@type":"SearchAction","target":{"@type":"EntryPoint","urlTemplate":"https:\/\/www.notibras.com\/site\/?s={search_term_string}"},"query-input":{"@type":"PropertyValueSpecification","valueRequired":true,"valueName":"search_term_string"}}],"inLanguage":"pt-BR"},{"@type":"Organization","@id":"https:\/\/www.notibras.com\/site\/#organization","name":"Grupo Notibras de Comunica\u00e7\u00e3o","url":"https:\/\/www.notibras.com\/site\/","logo":{"@type":"ImageObject","inLanguage":"pt-BR","@id":"https:\/\/www.notibras.com\/site\/#\/schema\/logo\/image\/","url":"https:\/\/www.notibras.com\/site\/wp-content\/uploads\/2023\/01\/notibras23.png","contentUrl":"https:\/\/www.notibras.com\/site\/wp-content\/uploads\/2023\/01\/notibras23.png","width":350,"height":87,"caption":"Grupo Notibras de Comunica\u00e7\u00e3o"},"image":{"@id":"https:\/\/www.notibras.com\/site\/#\/schema\/logo\/image\/"},"sameAs":["https:\/\/www.facebook.com\/notibras\/","https:\/\/x.com\/Notibras","https:\/\/www.instagram.com\/notibras\/"]},{"@type":"Person","@id":"https:\/\/www.notibras.com\/site\/#\/schema\/person\/36ab0979449956132d3e5b517ea76ac8","name":"Reda\u00e7\u00e3o","image":{"@type":"ImageObject","inLanguage":"pt-BR","@id":"https:\/\/secure.gravatar.com\/avatar\/e0a867bdedb85fd243eadf09663511f96fc81e0720a4a42581f334ad4303aa6b?s=96&d=mm&r=g","url":"https:\/\/secure.gravatar.com\/avatar\/e0a867bdedb85fd243eadf09663511f96fc81e0720a4a42581f334ad4303aa6b?s=96&d=mm&r=g","contentUrl":"https:\/\/secure.gravatar.com\/avatar\/e0a867bdedb85fd243eadf09663511f96fc81e0720a4a42581f334ad4303aa6b?s=96&d=mm&r=g","caption":"Reda\u00e7\u00e3o"}}]}},"amp_enabled":true,"_links":{"self":[{"href":"https:\/\/www.notibras.com\/site\/wp-json\/wp\/v2\/posts\/300161","targetHints":{"allow":["GET"]}}],"collection":[{"href":"https:\/\/www.notibras.com\/site\/wp-json\/wp\/v2\/posts"}],"about":[{"href":"https:\/\/www.notibras.com\/site\/wp-json\/wp\/v2\/types\/post"}],"author":[{"embeddable":true,"href":"https:\/\/www.notibras.com\/site\/wp-json\/wp\/v2\/users\/2"}],"replies":[{"embeddable":true,"href":"https:\/\/www.notibras.com\/site\/wp-json\/wp\/v2\/comments?post=300161"}],"version-history":[{"count":1,"href":"https:\/\/www.notibras.com\/site\/wp-json\/wp\/v2\/posts\/300161\/revisions"}],"predecessor-version":[{"id":300163,"href":"https:\/\/www.notibras.com\/site\/wp-json\/wp\/v2\/posts\/300161\/revisions\/300163"}],"wp:featuredmedia":[{"embeddable":true,"href":"https:\/\/www.notibras.com\/site\/wp-json\/wp\/v2\/media\/300162"}],"wp:attachment":[{"href":"https:\/\/www.notibras.com\/site\/wp-json\/wp\/v2\/media?parent=300161"}],"wp:term":[{"taxonomy":"category","embeddable":true,"href":"https:\/\/www.notibras.com\/site\/wp-json\/wp\/v2\/categories?post=300161"},{"taxonomy":"post_tag","embeddable":true,"href":"https:\/\/www.notibras.com\/site\/wp-json\/wp\/v2\/tags?post=300161"}],"curies":[{"name":"wp","href":"https:\/\/api.w.org\/{rel}","templated":true}]}}