{"id":30096,"date":"2014-12-01T23:54:32","date_gmt":"2014-12-02T02:54:32","guid":{"rendered":"http:\/\/www.notibras.com\/site\/?p=30096"},"modified":"2014-12-01T23:54:32","modified_gmt":"2014-12-02T02:54:32","slug":"manobras-que-deixariam-o-congresso-nacional-no-chinelo-2","status":"publish","type":"post","link":"https:\/\/www.notibras.com\/site\/manobras-que-deixariam-o-congresso-nacional-no-chinelo-2\/","title":{"rendered":"Manobras que deixariam o Congresso Nacional no chinelo"},"content":{"rendered":"<p>Sob as r\u00e9deas de Jos\u00e9 Tadeu, o colegiado n\u00e3o homologou as vit\u00f3rias de cinco candidatos eleitos dos conselhos regionais (Creas). Um dos integrantes desse grupo tem estranhado, e muito essa situa\u00e7\u00e3o. Mas o estranhamento se acentua quando se descobre que as candidaturas n\u00e3o homologadas s\u00e3o exatamente de quem faz parte da oposi\u00e7\u00e3o a Jos\u00e9 Tadeu (RJ, MA, SP, PE e GO). Na semana passada, quando era para ter ocorrido a ratifica\u00e7\u00e3o, o respons\u00e1vel pelo CEF suspendeu a sess\u00e3o e disse que marcaria uma extraordin\u00e1ria. At\u00e9 agora nada se resolveu.<\/p>\n","protected":false},"excerpt":{"rendered":"<p>Sob as r\u00e9deas de Jos\u00e9 Tadeu, o colegiado n\u00e3o homologou as vit\u00f3rias de cinco candidatos eleitos dos conselhos regionais (Creas). Um dos integrantes desse grupo tem estranhado, e muito essa situa\u00e7\u00e3o. Mas o estranhamento se acentua quando se descobre que as candidaturas n\u00e3o homologadas s\u00e3o exatamente de quem faz parte da oposi\u00e7\u00e3o a Jos\u00e9 Tadeu [&hellip;]<\/p>\n","protected":false},"author":1,"featured_media":30093,"comment_status":"open","ping_status":"closed","sticky":false,"template":"","format":"standard","meta":{"_acf_changed":false,"footnotes":""},"categories":[26],"tags":[],"class_list":["post-30096","post","type-post","status-publish","format-standard","has-post-thumbnail","hentry","category-eleicoes-2022"],"acf":[],"yoast_head":"<!-- This site is optimized with the Yoast SEO plugin v27.2 - https:\/\/yoast.com\/product\/yoast-seo-wordpress\/ -->\n<title>Manobras que deixariam o Congresso Nacional no chinelo - Notibras<\/title>\n<meta name=\"robots\" content=\"index, follow, max-snippet:-1, max-image-preview:large, max-video-preview:-1\" \/>\n<link rel=\"canonical\" href=\"https:\/\/www.notibras.com\/site\/manobras-que-deixariam-o-congresso-nacional-no-chinelo-2\/\" \/>\n<meta property=\"og:locale\" content=\"pt_BR\" \/>\n<meta property=\"og:type\" content=\"article\" \/>\n<meta property=\"og:title\" content=\"Manobras que deixariam o Congresso Nacional no chinelo - Notibras\" \/>\n<meta property=\"og:description\" content=\"Sob as r\u00e9deas de Jos\u00e9 Tadeu, o colegiado n\u00e3o homologou as vit\u00f3rias de cinco candidatos eleitos dos conselhos regionais (Creas). Um dos integrantes desse grupo tem estranhado, e muito essa situa\u00e7\u00e3o. Mas o estranhamento se acentua quando se descobre que as candidaturas n\u00e3o homologadas s\u00e3o exatamente de quem faz parte da oposi\u00e7\u00e3o a Jos\u00e9 Tadeu [&hellip;]\" \/>\n<meta property=\"og:url\" content=\"https:\/\/www.notibras.com\/site\/manobras-que-deixariam-o-congresso-nacional-no-chinelo-2\/\" \/>\n<meta property=\"og:site_name\" content=\"Notibras\" \/>\n<meta property=\"article:publisher\" content=\"https:\/\/www.facebook.com\/notibras\/\" \/>\n<meta property=\"article:published_time\" content=\"2014-12-02T02:54:32+00:00\" \/>\n<meta property=\"og:image\" content=\"https:\/\/www.notibras.com\/site\/wp-content\/uploads\/2014\/12\/Jose-tadeu.jpg\" \/>\n\t<meta property=\"og:image:width\" content=\"708\" \/>\n\t<meta property=\"og:image:height\" content=\"472\" \/>\n\t<meta property=\"og:image:type\" content=\"image\/jpeg\" \/>\n<meta name=\"author\" content=\"Reda\u00e7\u00e3o\" \/>\n<meta name=\"twitter:card\" content=\"summary_large_image\" \/>\n<meta name=\"twitter:creator\" content=\"@Notibras\" \/>\n<meta name=\"twitter:site\" content=\"@Notibras\" \/>\n<meta name=\"twitter:label1\" content=\"Escrito por\" \/>\n\t<meta name=\"twitter:data1\" content=\"Reda\u00e7\u00e3o\" \/>\n\t<meta name=\"twitter:label2\" content=\"Est. tempo de leitura\" \/>\n\t<meta name=\"twitter:data2\" content=\"1 minuto\" \/>\n<script type=\"application\/ld+json\" class=\"yoast-schema-graph\">{\"@context\":\"https:\/\/schema.org\",\"@graph\":[{\"@type\":\"Article\",\"@id\":\"https:\/\/www.notibras.com\/site\/manobras-que-deixariam-o-congresso-nacional-no-chinelo-2\/#article\",\"isPartOf\":{\"@id\":\"https:\/\/www.notibras.com\/site\/manobras-que-deixariam-o-congresso-nacional-no-chinelo-2\/\"},\"author\":{\"name\":\"Reda\u00e7\u00e3o\",\"@id\":\"https:\/\/www.notibras.com\/site\/#\/schema\/person\/00b8e1aa08f9ef6563e878c5159d01cf\"},\"headline\":\"Manobras que deixariam o Congresso Nacional no chinelo\",\"datePublished\":\"2014-12-02T02:54:32+00:00\",\"mainEntityOfPage\":{\"@id\":\"https:\/\/www.notibras.com\/site\/manobras-que-deixariam-o-congresso-nacional-no-chinelo-2\/\"},\"wordCount\":108,\"commentCount\":0,\"publisher\":{\"@id\":\"https:\/\/www.notibras.com\/site\/#organization\"},\"image\":{\"@id\":\"https:\/\/www.notibras.com\/site\/manobras-que-deixariam-o-congresso-nacional-no-chinelo-2\/#primaryimage\"},\"thumbnailUrl\":\"https:\/\/www.notibras.com\/site\/wp-content\/uploads\/2014\/12\/Jose-tadeu.jpg\",\"articleSection\":[\"Elei\u00e7\u00f5es 2022\"],\"inLanguage\":\"pt-BR\",\"potentialAction\":[{\"@type\":\"CommentAction\",\"name\":\"Comment\",\"target\":[\"https:\/\/www.notibras.com\/site\/manobras-que-deixariam-o-congresso-nacional-no-chinelo-2\/#respond\"]}]},{\"@type\":\"WebPage\",\"@id\":\"https:\/\/www.notibras.com\/site\/manobras-que-deixariam-o-congresso-nacional-no-chinelo-2\/\",\"url\":\"https:\/\/www.notibras.com\/site\/manobras-que-deixariam-o-congresso-nacional-no-chinelo-2\/\",\"name\":\"Manobras que deixariam o Congresso Nacional no chinelo - Notibras\",\"isPartOf\":{\"@id\":\"https:\/\/www.notibras.com\/site\/#website\"},\"primaryImageOfPage\":{\"@id\":\"https:\/\/www.notibras.com\/site\/manobras-que-deixariam-o-congresso-nacional-no-chinelo-2\/#primaryimage\"},\"image\":{\"@id\":\"https:\/\/www.notibras.com\/site\/manobras-que-deixariam-o-congresso-nacional-no-chinelo-2\/#primaryimage\"},\"thumbnailUrl\":\"https:\/\/www.notibras.com\/site\/wp-content\/uploads\/2014\/12\/Jose-tadeu.jpg\",\"datePublished\":\"2014-12-02T02:54:32+00:00\",\"breadcrumb\":{\"@id\":\"https:\/\/www.notibras.com\/site\/manobras-que-deixariam-o-congresso-nacional-no-chinelo-2\/#breadcrumb\"},\"inLanguage\":\"pt-BR\",\"potentialAction\":[{\"@type\":\"ReadAction\",\"target\":[\"https:\/\/www.notibras.com\/site\/manobras-que-deixariam-o-congresso-nacional-no-chinelo-2\/\"]}]},{\"@type\":\"ImageObject\",\"inLanguage\":\"pt-BR\",\"@id\":\"https:\/\/www.notibras.com\/site\/manobras-que-deixariam-o-congresso-nacional-no-chinelo-2\/#primaryimage\",\"url\":\"https:\/\/www.notibras.com\/site\/wp-content\/uploads\/2014\/12\/Jose-tadeu.jpg\",\"contentUrl\":\"https:\/\/www.notibras.com\/site\/wp-content\/uploads\/2014\/12\/Jose-tadeu.jpg\",\"width\":708,\"height\":472},{\"@type\":\"BreadcrumbList\",\"@id\":\"https:\/\/www.notibras.com\/site\/manobras-que-deixariam-o-congresso-nacional-no-chinelo-2\/#breadcrumb\",\"itemListElement\":[{\"@type\":\"ListItem\",\"position\":1,\"name\":\"In\u00edcio\",\"item\":\"https:\/\/www.notibras.com\/site\/\"},{\"@type\":\"ListItem\",\"position\":2,\"name\":\"Manobras que deixariam o Congresso Nacional no chinelo\"}]},{\"@type\":\"WebSite\",\"@id\":\"https:\/\/www.notibras.com\/site\/#website\",\"url\":\"https:\/\/www.notibras.com\/site\/\",\"name\":\"Notibras\",\"description\":\"Not\u00edcias de Bras\u00edlia, do Brasil e do Mundo\",\"publisher\":{\"@id\":\"https:\/\/www.notibras.com\/site\/#organization\"},\"potentialAction\":[{\"@type\":\"SearchAction\",\"target\":{\"@type\":\"EntryPoint\",\"urlTemplate\":\"https:\/\/www.notibras.com\/site\/?s={search_term_string}\"},\"query-input\":{\"@type\":\"PropertyValueSpecification\",\"valueRequired\":true,\"valueName\":\"search_term_string\"}}],\"inLanguage\":\"pt-BR\"},{\"@type\":\"Organization\",\"@id\":\"https:\/\/www.notibras.com\/site\/#organization\",\"name\":\"Grupo Notibras de Comunica\u00e7\u00e3o\",\"url\":\"https:\/\/www.notibras.com\/site\/\",\"logo\":{\"@type\":\"ImageObject\",\"inLanguage\":\"pt-BR\",\"@id\":\"https:\/\/www.notibras.com\/site\/#\/schema\/logo\/image\/\",\"url\":\"https:\/\/www.notibras.com\/site\/wp-content\/uploads\/2023\/01\/notibras23.png\",\"contentUrl\":\"https:\/\/www.notibras.com\/site\/wp-content\/uploads\/2023\/01\/notibras23.png\",\"width\":350,\"height\":87,\"caption\":\"Grupo Notibras de Comunica\u00e7\u00e3o\"},\"image\":{\"@id\":\"https:\/\/www.notibras.com\/site\/#\/schema\/logo\/image\/\"},\"sameAs\":[\"https:\/\/www.facebook.com\/notibras\/\",\"https:\/\/x.com\/Notibras\",\"https:\/\/www.instagram.com\/notibras\/\"]},{\"@type\":\"Person\",\"@id\":\"https:\/\/www.notibras.com\/site\/#\/schema\/person\/00b8e1aa08f9ef6563e878c5159d01cf\",\"name\":\"Reda\u00e7\u00e3o\",\"image\":{\"@type\":\"ImageObject\",\"inLanguage\":\"pt-BR\",\"@id\":\"https:\/\/secure.gravatar.com\/avatar\/ac5a707d5b47784a5ed426c6e213e201423c750890f64e4c379114dade67dfb9?s=96&d=mm&r=g\",\"url\":\"https:\/\/secure.gravatar.com\/avatar\/ac5a707d5b47784a5ed426c6e213e201423c750890f64e4c379114dade67dfb9?s=96&d=mm&r=g\",\"contentUrl\":\"https:\/\/secure.gravatar.com\/avatar\/ac5a707d5b47784a5ed426c6e213e201423c750890f64e4c379114dade67dfb9?s=96&d=mm&r=g\",\"caption\":\"Reda\u00e7\u00e3o\"}}]}<\/script>\n<!-- \/ Yoast SEO plugin. -->","yoast_head_json":{"title":"Manobras que deixariam o Congresso Nacional no chinelo - Notibras","robots":{"index":"index","follow":"follow","max-snippet":"max-snippet:-1","max-image-preview":"max-image-preview:large","max-video-preview":"max-video-preview:-1"},"canonical":"https:\/\/www.notibras.com\/site\/manobras-que-deixariam-o-congresso-nacional-no-chinelo-2\/","og_locale":"pt_BR","og_type":"article","og_title":"Manobras que deixariam o Congresso Nacional no chinelo - Notibras","og_description":"Sob as r\u00e9deas de Jos\u00e9 Tadeu, o colegiado n\u00e3o homologou as vit\u00f3rias de cinco candidatos eleitos dos conselhos regionais (Creas). Um dos integrantes desse grupo tem estranhado, e muito essa situa\u00e7\u00e3o. Mas o estranhamento se acentua quando se descobre que as candidaturas n\u00e3o homologadas s\u00e3o exatamente de quem faz parte da oposi\u00e7\u00e3o a Jos\u00e9 Tadeu [&hellip;]","og_url":"https:\/\/www.notibras.com\/site\/manobras-que-deixariam-o-congresso-nacional-no-chinelo-2\/","og_site_name":"Notibras","article_publisher":"https:\/\/www.facebook.com\/notibras\/","article_published_time":"2014-12-02T02:54:32+00:00","og_image":[{"width":708,"height":472,"url":"https:\/\/www.notibras.com\/site\/wp-content\/uploads\/2014\/12\/Jose-tadeu.jpg","type":"image\/jpeg"}],"author":"Reda\u00e7\u00e3o","twitter_card":"summary_large_image","twitter_creator":"@Notibras","twitter_site":"@Notibras","twitter_misc":{"Escrito por":"Reda\u00e7\u00e3o","Est. tempo de leitura":"1 minuto"},"schema":{"@context":"https:\/\/schema.org","@graph":[{"@type":"Article","@id":"https:\/\/www.notibras.com\/site\/manobras-que-deixariam-o-congresso-nacional-no-chinelo-2\/#article","isPartOf":{"@id":"https:\/\/www.notibras.com\/site\/manobras-que-deixariam-o-congresso-nacional-no-chinelo-2\/"},"author":{"name":"Reda\u00e7\u00e3o","@id":"https:\/\/www.notibras.com\/site\/#\/schema\/person\/00b8e1aa08f9ef6563e878c5159d01cf"},"headline":"Manobras que deixariam o Congresso Nacional no chinelo","datePublished":"2014-12-02T02:54:32+00:00","mainEntityOfPage":{"@id":"https:\/\/www.notibras.com\/site\/manobras-que-deixariam-o-congresso-nacional-no-chinelo-2\/"},"wordCount":108,"commentCount":0,"publisher":{"@id":"https:\/\/www.notibras.com\/site\/#organization"},"image":{"@id":"https:\/\/www.notibras.com\/site\/manobras-que-deixariam-o-congresso-nacional-no-chinelo-2\/#primaryimage"},"thumbnailUrl":"https:\/\/www.notibras.com\/site\/wp-content\/uploads\/2014\/12\/Jose-tadeu.jpg","articleSection":["Elei\u00e7\u00f5es 2022"],"inLanguage":"pt-BR","potentialAction":[{"@type":"CommentAction","name":"Comment","target":["https:\/\/www.notibras.com\/site\/manobras-que-deixariam-o-congresso-nacional-no-chinelo-2\/#respond"]}]},{"@type":"WebPage","@id":"https:\/\/www.notibras.com\/site\/manobras-que-deixariam-o-congresso-nacional-no-chinelo-2\/","url":"https:\/\/www.notibras.com\/site\/manobras-que-deixariam-o-congresso-nacional-no-chinelo-2\/","name":"Manobras que deixariam o Congresso Nacional no chinelo - Notibras","isPartOf":{"@id":"https:\/\/www.notibras.com\/site\/#website"},"primaryImageOfPage":{"@id":"https:\/\/www.notibras.com\/site\/manobras-que-deixariam-o-congresso-nacional-no-chinelo-2\/#primaryimage"},"image":{"@id":"https:\/\/www.notibras.com\/site\/manobras-que-deixariam-o-congresso-nacional-no-chinelo-2\/#primaryimage"},"thumbnailUrl":"https:\/\/www.notibras.com\/site\/wp-content\/uploads\/2014\/12\/Jose-tadeu.jpg","datePublished":"2014-12-02T02:54:32+00:00","breadcrumb":{"@id":"https:\/\/www.notibras.com\/site\/manobras-que-deixariam-o-congresso-nacional-no-chinelo-2\/#breadcrumb"},"inLanguage":"pt-BR","potentialAction":[{"@type":"ReadAction","target":["https:\/\/www.notibras.com\/site\/manobras-que-deixariam-o-congresso-nacional-no-chinelo-2\/"]}]},{"@type":"ImageObject","inLanguage":"pt-BR","@id":"https:\/\/www.notibras.com\/site\/manobras-que-deixariam-o-congresso-nacional-no-chinelo-2\/#primaryimage","url":"https:\/\/www.notibras.com\/site\/wp-content\/uploads\/2014\/12\/Jose-tadeu.jpg","contentUrl":"https:\/\/www.notibras.com\/site\/wp-content\/uploads\/2014\/12\/Jose-tadeu.jpg","width":708,"height":472},{"@type":"BreadcrumbList","@id":"https:\/\/www.notibras.com\/site\/manobras-que-deixariam-o-congresso-nacional-no-chinelo-2\/#breadcrumb","itemListElement":[{"@type":"ListItem","position":1,"name":"In\u00edcio","item":"https:\/\/www.notibras.com\/site\/"},{"@type":"ListItem","position":2,"name":"Manobras que deixariam o Congresso Nacional no chinelo"}]},{"@type":"WebSite","@id":"https:\/\/www.notibras.com\/site\/#website","url":"https:\/\/www.notibras.com\/site\/","name":"Notibras","description":"Not\u00edcias de Bras\u00edlia, do Brasil e do Mundo","publisher":{"@id":"https:\/\/www.notibras.com\/site\/#organization"},"potentialAction":[{"@type":"SearchAction","target":{"@type":"EntryPoint","urlTemplate":"https:\/\/www.notibras.com\/site\/?s={search_term_string}"},"query-input":{"@type":"PropertyValueSpecification","valueRequired":true,"valueName":"search_term_string"}}],"inLanguage":"pt-BR"},{"@type":"Organization","@id":"https:\/\/www.notibras.com\/site\/#organization","name":"Grupo Notibras de Comunica\u00e7\u00e3o","url":"https:\/\/www.notibras.com\/site\/","logo":{"@type":"ImageObject","inLanguage":"pt-BR","@id":"https:\/\/www.notibras.com\/site\/#\/schema\/logo\/image\/","url":"https:\/\/www.notibras.com\/site\/wp-content\/uploads\/2023\/01\/notibras23.png","contentUrl":"https:\/\/www.notibras.com\/site\/wp-content\/uploads\/2023\/01\/notibras23.png","width":350,"height":87,"caption":"Grupo Notibras de Comunica\u00e7\u00e3o"},"image":{"@id":"https:\/\/www.notibras.com\/site\/#\/schema\/logo\/image\/"},"sameAs":["https:\/\/www.facebook.com\/notibras\/","https:\/\/x.com\/Notibras","https:\/\/www.instagram.com\/notibras\/"]},{"@type":"Person","@id":"https:\/\/www.notibras.com\/site\/#\/schema\/person\/00b8e1aa08f9ef6563e878c5159d01cf","name":"Reda\u00e7\u00e3o","image":{"@type":"ImageObject","inLanguage":"pt-BR","@id":"https:\/\/secure.gravatar.com\/avatar\/ac5a707d5b47784a5ed426c6e213e201423c750890f64e4c379114dade67dfb9?s=96&d=mm&r=g","url":"https:\/\/secure.gravatar.com\/avatar\/ac5a707d5b47784a5ed426c6e213e201423c750890f64e4c379114dade67dfb9?s=96&d=mm&r=g","contentUrl":"https:\/\/secure.gravatar.com\/avatar\/ac5a707d5b47784a5ed426c6e213e201423c750890f64e4c379114dade67dfb9?s=96&d=mm&r=g","caption":"Reda\u00e7\u00e3o"}}]}},"amp_enabled":true,"_links":{"self":[{"href":"https:\/\/www.notibras.com\/site\/wp-json\/wp\/v2\/posts\/30096","targetHints":{"allow":["GET"]}}],"collection":[{"href":"https:\/\/www.notibras.com\/site\/wp-json\/wp\/v2\/posts"}],"about":[{"href":"https:\/\/www.notibras.com\/site\/wp-json\/wp\/v2\/types\/post"}],"author":[{"embeddable":true,"href":"https:\/\/www.notibras.com\/site\/wp-json\/wp\/v2\/users\/1"}],"replies":[{"embeddable":true,"href":"https:\/\/www.notibras.com\/site\/wp-json\/wp\/v2\/comments?post=30096"}],"version-history":[{"count":0,"href":"https:\/\/www.notibras.com\/site\/wp-json\/wp\/v2\/posts\/30096\/revisions"}],"wp:featuredmedia":[{"embeddable":true,"href":"https:\/\/www.notibras.com\/site\/wp-json\/wp\/v2\/media\/30093"}],"wp:attachment":[{"href":"https:\/\/www.notibras.com\/site\/wp-json\/wp\/v2\/media?parent=30096"}],"wp:term":[{"taxonomy":"category","embeddable":true,"href":"https:\/\/www.notibras.com\/site\/wp-json\/wp\/v2\/categories?post=30096"},{"taxonomy":"post_tag","embeddable":true,"href":"https:\/\/www.notibras.com\/site\/wp-json\/wp\/v2\/tags?post=30096"}],"curies":[{"name":"wp","href":"https:\/\/api.w.org\/{rel}","templated":true}]}}