{"id":30109,"date":"2014-12-02T00:22:27","date_gmt":"2014-12-02T03:22:27","guid":{"rendered":"http:\/\/www.notibras.com\/site\/?p=30109"},"modified":"2014-12-03T10:10:19","modified_gmt":"2014-12-03T13:10:19","slug":"a-corrupcao-de-collor-a-roubalheira-do-pt-e-um-retrato-do-brasil","status":"publish","type":"post","link":"https:\/\/www.notibras.com\/site\/a-corrupcao-de-collor-a-roubalheira-do-pt-e-um-retrato-do-brasil\/","title":{"rendered":"Corrup\u00e7\u00e3o de Collor, roubalheira do PT e um retrato do Brasil"},"content":{"rendered":"<p>Todo o dia acompanho os not\u00edci\u00e1rio na imprensa brasileira e at\u00f4nito, vejo o que est\u00e1 acontecendo no pa\u00eds com essa enxurrada de esc\u00e2ndalos de corrup\u00e7\u00e3o que tomam conta do governo Dilma, o PT, os partidos da base do governo (PMDB, PP e outros menos cotados) e fico pensando quando isto vai acabar.<\/p>\n<p>Intrigado com a onda de esc\u00e2ndalos que este governo vem se metendo, vem \u00e0 lembran\u00e7a do esc\u00e2ndalo que levou Fernando Collor de Mello a deixar o governo. J\u00e1 se v\u00e3o 22 anos, desde a publica\u00e7\u00e3o na revista Veja na edi\u00e7\u00e3o de 13 de maio de 1992, quando Pedro Collor, seu irm\u00e3o, acusava o tesoureiro de campanha, o empres\u00e1rio Paulo C\u00e9sar Farias (o PC Farias) de articular um esquema de corrup\u00e7\u00e3o de tr\u00e1fico de influ\u00eancia, loteando cargos p\u00fablicos e propina que beneficiava o alto escal\u00e3o do governo e o pr\u00f3prio presidente, o que levou o Congresso Nacional, no m\u00eas seguinte, a instalar uma Comiss\u00e3o Parlamentar de Inqu\u00e9rito (CPI) para investigar o caso.\u00a0 Aprovado por 16 votos a 5, o relat\u00f3rio final da comiss\u00e3o constatou, tamb\u00e9m,\u00a0 que as contas de Collor e Paulo Cesar n\u00e3o haviam sido inclu\u00eddas no confisco de 1990. Foi pedido ent\u00e3o o Impeachment de presidente.<\/p>\n<p>O \u201cesquema PC\u201d arrecadou de empres\u00e1rios o equivalente a 8.000.000 d\u00f3lares (ou 19.000.000 reais) em dois anos e meio do governo Collor (1990 a 1992). Em agosto de 1992 \u00e9 quando a popula\u00e7\u00e3o come\u00e7a a ir \u00e0s ruas para fazer press\u00e3o pelo \u201cImpeachment J\u00e1\u201d, que teve in\u00edcio ao movimento dos \u201ccaras-pintadas\u201d, sindicatos, movimentos sociais e partidos pol\u00edticos como PT, PCdoB e outros partidos de esquerda. Em vota\u00e7\u00e3o aberta os deputados votaram pela abertura de processo de impeachment de Collor. Foram 441 votos a favor, 38 contra, 23 aus\u00eancias e uma absten\u00e7\u00e3o.<\/p>\n<p>Collor renunciou ao cargo, mas, mesmo assim teve seus direitos pol\u00edticos suspenso por 08 anos, at\u00e9 o ano 2000.<\/p>\n<p>Alias, n\u00e3o fico s\u00f3 pensando quando tudo isso vai acabar, mas como vai terminar. Collor por pouco e muito pouco, se comparado ao volume de dinheiro que envolve os dois governos do PT, Lula e Dilma-2003 a 20014, foi colocado no olha da rua e nada ficou comprovado contra ele, e s\u00f3 recentemente o Supremo Tribunal Federal o absolveu das acusa\u00e7\u00f5es de corrup\u00e7\u00e3o, citando faltas de provas que o ligassem ao esquema de PC Farias.<\/p>\n<p>No entanto, neste governo, a corrup\u00e7\u00e3o \u00e9 t\u00e3o alarmante que dentro da maior estatal brasileira foi criado esquema criminoso com o objetivo de carrear recursos para o PT e seus aliados, dando origem a uma opera\u00e7\u00e3o gigantesca que foi montada para cumprir 85 mandatos de pris\u00e3o ou de busca contra executivos de empreiteiras e outros investigados por crime de organiza\u00e7\u00e3o criminosa, forma\u00e7\u00e3o de cartel, corrup\u00e7\u00e3o, fraude a Lei de Licita\u00e7\u00f5es e lavagem de dinheiro. Diante desta fenomenal opera\u00e7\u00e3o montada pelo Minist\u00e9rio P\u00fablico e Pol\u00edcia Federal o ex-presidente Lula e atual, Dilma Rousseff, fingem n\u00e3o saber de nada. Em 2010, Lula presidente e Dilma, Chefe da Casa Civil de seu governo liberou mais de R$ 13 bilh\u00f5es para Refinaria Abreu e Lima, em Pernambuco.<\/p>\n<p>O TCU chegou \u00e0 conclus\u00e3o que esses custos estavam superfaturados, mas Lula e Dilma acharam que era melhor tocar as obras. Esta decis\u00e3o comprova a responsabilidade e envolvimento dos dois num dos maiores esc\u00e2ndalos de nossa Rep\u00fablica. Este esc\u00e2ndalo esta registrado no Di\u00e1rio Oficial da Uni\u00e3o e comprova a coniv\u00eancia de dois presidentes da Republica com a corrup\u00e7\u00e3o da Petrobras, ou ser\u00e1 que Lula n\u00e3o sabia do que se passava ao lado de sua sala e Dilma, que participou como ministra das Minas e Energia e da Casa Civil, presidiu Conselho de Administra\u00e7\u00e3o da Petrobras e, depois, como presidente da Rep\u00fablica? N\u00e3o, n\u00e3o \u00e9 poss\u00edvel que ela n\u00e3o soubesse de nada. Como eles s\u00e3o ing\u00eanuos!<\/p>\n<p>Para piorar, a presidente Dilma Rousseff faz a defesa das empresas envolvidas dizendo para n\u00e3o demonizar as empreiteiras, como se elas fossem v\u00edtimas e n\u00e3o a causa da corrup\u00e7\u00e3o em nosso pa\u00eds. S\u00f3 para lembrar, as empreiteiras foram respons\u00e1veis por R$ 207 milh\u00f5es pelas doa\u00e7\u00f5es de campanha, segundo a Justi\u00e7a Eleitoral e de cerca de 10 bilh\u00f5es num esquema de lavagem de dinheiro, pagamento de propinas a pol\u00edticos, \u00a0prepostos da Petrobras e agentes p\u00fablicos, revelados pela Opera\u00e7\u00e3o Lava Jato. Sem falar das doa\u00e7\u00f5es feitas diretamente aos pol\u00edticos que n\u00e3o passaram pelo crivo da justi\u00e7a eleitoral, bancos e os meios legais de controle financeiro.<\/p>\n<blockquote><p>Quando o Minist\u00e9rio P\u00fablico e da Pol\u00edcia Federal se dispuserem fu\u00e7ar as verbas usadas pelos Minist\u00e9rios da Sa\u00fade e Educa\u00e7\u00e3o, Minist\u00e9rios das Cidades (Minha Casa, Minha Vida), Minist\u00e9rios dos Esportes e da Integra\u00e7\u00e3o Nacional, novo ninho de cobras ser\u00e1 descoberto. Como contribui\u00e7\u00e3o para descobrir novos mal feitos, estes \u00f3rg\u00e3os poderiam come\u00e7ar fu\u00e7ando as empreiteiras, prestadoras de servi\u00e7os e a vida de seus dirigentes e dos pol\u00edticos eleitos oriundos destas pastas. N\u00e3o vai sobrar pedra sobre pedra.<\/p><\/blockquote>\n<p>Diante dos fatos contundentes que mostram como a corrup\u00e7\u00e3o esta infiltrada no governo do PT, os nossos congressistas bem que poderiam fazer o que fez o congresso no governo de Collor e pedir o impeachment da Dra. Dilma (sou contr\u00e1rio a esta ideia), mas n\u00e3o o far\u00e3o porque, boa parte deles est\u00e1 atolada neste mar de lama de corrup\u00e7\u00e3o e a nossa \u00fanica esperan\u00e7a \u00e9 contar mesmo com as a\u00e7\u00f5es do Minist\u00e9rio P\u00fablico, da Pol\u00edcia Federal, Controladoria Geral da Uni\u00e3o (CGU) e esperar que a justi\u00e7a fa\u00e7a sua parte julgando e prendendo corruptores e corruptos,<\/p>\n<p>Mas se a presidenta realmente quiser fazer a coisa certa e acabar com as cobras que fazem parte das licita\u00e7\u00f5es p\u00fablicas e doa\u00e7\u00f5es de campanhas, ela n\u00e3o precisaria esperar pelo congresso, bastaria baixar uma Medida Provis\u00f3ria dizendo que qualquer empresa doadora de campanha eleitoral n\u00e3o poderia participar de licita\u00e7\u00e3o p\u00fablica. Ai queria ver qual a empresa que faria doa\u00e7\u00e3o de campanha somente por raz\u00f5es ideol\u00f3gicas. Duvido que aparecesse algu\u00e9m para doar.<\/p>\n<p>Como fazer a coisa certa neste pa\u00eds \u00e9 muito dif\u00edcil e complicado, \u00e9 quase certo que ap\u00f3s todas as a\u00e7\u00f5es dos \u00f3rg\u00e3os de justi\u00e7a isso tudo n\u00e3o venha em dar em nada e as empreiteiras e todas as empresas doadoras de campanhas voltem, nas pr\u00f3ximas elei\u00e7\u00f5es, a fazer suas doa\u00e7\u00f5es do jeito que sempre fizeram e continuem ganhando os contratos milion\u00e1rios em detrimento das empresas que n\u00e3o fazem o jogo do governo e dos pol\u00edticos corruptos que infestam este pa\u00eds varonil.\u00a0 Amenos que o povo saia da in\u00e9rcia pr\u00f3pria do brasileiro e v\u00e1 para as ruas e pra\u00e7as, pacificamente, como foi feito com o Movimento das Diretas J\u00e1 e dos caras-pintadas e cobre pelas mudan\u00e7as urgente. Sem isto o Brasil n\u00e3o tem solu\u00e7\u00e3o. Infelizmente.<\/p>\n<p><strong>Juarez Cruz<\/strong><\/p>\n","protected":false},"excerpt":{"rendered":"<p>Todo o dia acompanho os not\u00edci\u00e1rio na imprensa brasileira e at\u00f4nito, vejo o que est\u00e1 acontecendo no pa\u00eds com essa enxurrada de esc\u00e2ndalos de corrup\u00e7\u00e3o que tomam conta do governo Dilma, o PT, os partidos da base do governo (PMDB, PP e outros menos cotados) e fico pensando quando isto vai acabar. Intrigado com a [&hellip;]<\/p>\n","protected":false},"author":2,"featured_media":30110,"comment_status":"open","ping_status":"closed","sticky":false,"template":"","format":"standard","meta":{"_acf_changed":false,"footnotes":""},"categories":[25],"tags":[],"class_list":["post-30109","post","type-post","status-publish","format-standard","has-post-thumbnail","hentry","category-opina-ai"],"acf":[],"yoast_head":"<!-- This site is optimized with the Yoast SEO plugin v27.2 - https:\/\/yoast.com\/product\/yoast-seo-wordpress\/ -->\n<title>Corrup\u00e7\u00e3o de Collor, roubalheira do PT e um retrato do Brasil - Notibras<\/title>\n<meta name=\"robots\" content=\"index, follow, max-snippet:-1, max-image-preview:large, max-video-preview:-1\" \/>\n<link rel=\"canonical\" href=\"https:\/\/www.notibras.com\/site\/a-corrupcao-de-collor-a-roubalheira-do-pt-e-um-retrato-do-brasil\/\" \/>\n<meta property=\"og:locale\" content=\"pt_BR\" \/>\n<meta property=\"og:type\" content=\"article\" \/>\n<meta property=\"og:title\" content=\"Corrup\u00e7\u00e3o de Collor, roubalheira do PT e um retrato do Brasil - Notibras\" \/>\n<meta property=\"og:description\" content=\"Todo o dia acompanho os not\u00edci\u00e1rio na imprensa brasileira e at\u00f4nito, vejo o que est\u00e1 acontecendo no pa\u00eds com essa enxurrada de esc\u00e2ndalos de corrup\u00e7\u00e3o que tomam conta do governo Dilma, o PT, os partidos da base do governo (PMDB, PP e outros menos cotados) e fico pensando quando isto vai acabar. Intrigado com a [&hellip;]\" \/>\n<meta property=\"og:url\" content=\"https:\/\/www.notibras.com\/site\/a-corrupcao-de-collor-a-roubalheira-do-pt-e-um-retrato-do-brasil\/\" \/>\n<meta property=\"og:site_name\" content=\"Notibras\" \/>\n<meta property=\"article:publisher\" content=\"https:\/\/www.facebook.com\/notibras\/\" \/>\n<meta property=\"article:published_time\" content=\"2014-12-02T03:22:27+00:00\" \/>\n<meta property=\"article:modified_time\" content=\"2014-12-03T13:10:19+00:00\" \/>\n<meta property=\"og:image\" content=\"https:\/\/www.notibras.com\/site\/wp-content\/uploads\/2014\/12\/corrupc3a7c3a3o1.jpg\" \/>\n\t<meta property=\"og:image:width\" content=\"700\" \/>\n\t<meta property=\"og:image:height\" content=\"448\" \/>\n\t<meta property=\"og:image:type\" content=\"image\/jpeg\" \/>\n<meta name=\"author\" content=\"Reda\u00e7\u00e3o\" \/>\n<meta name=\"twitter:card\" content=\"summary_large_image\" \/>\n<meta name=\"twitter:creator\" content=\"@Notibras\" \/>\n<meta name=\"twitter:site\" content=\"@Notibras\" \/>\n<meta name=\"twitter:label1\" content=\"Escrito por\" \/>\n\t<meta name=\"twitter:data1\" content=\"Reda\u00e7\u00e3o\" \/>\n\t<meta name=\"twitter:label2\" content=\"Est. tempo de leitura\" \/>\n\t<meta name=\"twitter:data2\" content=\"6 minutos\" \/>\n<script type=\"application\/ld+json\" class=\"yoast-schema-graph\">{\"@context\":\"https:\/\/schema.org\",\"@graph\":[{\"@type\":\"Article\",\"@id\":\"https:\/\/www.notibras.com\/site\/a-corrupcao-de-collor-a-roubalheira-do-pt-e-um-retrato-do-brasil\/#article\",\"isPartOf\":{\"@id\":\"https:\/\/www.notibras.com\/site\/a-corrupcao-de-collor-a-roubalheira-do-pt-e-um-retrato-do-brasil\/\"},\"author\":{\"name\":\"Reda\u00e7\u00e3o\",\"@id\":\"https:\/\/www.notibras.com\/site\/#\/schema\/person\/36ab0979449956132d3e5b517ea76ac8\"},\"headline\":\"Corrup\u00e7\u00e3o de Collor, roubalheira do PT e um retrato do Brasil\",\"datePublished\":\"2014-12-02T03:22:27+00:00\",\"dateModified\":\"2014-12-03T13:10:19+00:00\",\"mainEntityOfPage\":{\"@id\":\"https:\/\/www.notibras.com\/site\/a-corrupcao-de-collor-a-roubalheira-do-pt-e-um-retrato-do-brasil\/\"},\"wordCount\":1230,\"commentCount\":0,\"publisher\":{\"@id\":\"https:\/\/www.notibras.com\/site\/#organization\"},\"image\":{\"@id\":\"https:\/\/www.notibras.com\/site\/a-corrupcao-de-collor-a-roubalheira-do-pt-e-um-retrato-do-brasil\/#primaryimage\"},\"thumbnailUrl\":\"https:\/\/www.notibras.com\/site\/wp-content\/uploads\/2014\/12\/corrupc3a7c3a3o1.jpg\",\"articleSection\":[\"Opina a\u00ed\"],\"inLanguage\":\"pt-BR\",\"potentialAction\":[{\"@type\":\"CommentAction\",\"name\":\"Comment\",\"target\":[\"https:\/\/www.notibras.com\/site\/a-corrupcao-de-collor-a-roubalheira-do-pt-e-um-retrato-do-brasil\/#respond\"]}]},{\"@type\":\"WebPage\",\"@id\":\"https:\/\/www.notibras.com\/site\/a-corrupcao-de-collor-a-roubalheira-do-pt-e-um-retrato-do-brasil\/\",\"url\":\"https:\/\/www.notibras.com\/site\/a-corrupcao-de-collor-a-roubalheira-do-pt-e-um-retrato-do-brasil\/\",\"name\":\"Corrup\u00e7\u00e3o de Collor, roubalheira do PT e um retrato do Brasil - Notibras\",\"isPartOf\":{\"@id\":\"https:\/\/www.notibras.com\/site\/#website\"},\"primaryImageOfPage\":{\"@id\":\"https:\/\/www.notibras.com\/site\/a-corrupcao-de-collor-a-roubalheira-do-pt-e-um-retrato-do-brasil\/#primaryimage\"},\"image\":{\"@id\":\"https:\/\/www.notibras.com\/site\/a-corrupcao-de-collor-a-roubalheira-do-pt-e-um-retrato-do-brasil\/#primaryimage\"},\"thumbnailUrl\":\"https:\/\/www.notibras.com\/site\/wp-content\/uploads\/2014\/12\/corrupc3a7c3a3o1.jpg\",\"datePublished\":\"2014-12-02T03:22:27+00:00\",\"dateModified\":\"2014-12-03T13:10:19+00:00\",\"breadcrumb\":{\"@id\":\"https:\/\/www.notibras.com\/site\/a-corrupcao-de-collor-a-roubalheira-do-pt-e-um-retrato-do-brasil\/#breadcrumb\"},\"inLanguage\":\"pt-BR\",\"potentialAction\":[{\"@type\":\"ReadAction\",\"target\":[\"https:\/\/www.notibras.com\/site\/a-corrupcao-de-collor-a-roubalheira-do-pt-e-um-retrato-do-brasil\/\"]}]},{\"@type\":\"ImageObject\",\"inLanguage\":\"pt-BR\",\"@id\":\"https:\/\/www.notibras.com\/site\/a-corrupcao-de-collor-a-roubalheira-do-pt-e-um-retrato-do-brasil\/#primaryimage\",\"url\":\"https:\/\/www.notibras.com\/site\/wp-content\/uploads\/2014\/12\/corrupc3a7c3a3o1.jpg\",\"contentUrl\":\"https:\/\/www.notibras.com\/site\/wp-content\/uploads\/2014\/12\/corrupc3a7c3a3o1.jpg\",\"width\":700,\"height\":448},{\"@type\":\"BreadcrumbList\",\"@id\":\"https:\/\/www.notibras.com\/site\/a-corrupcao-de-collor-a-roubalheira-do-pt-e-um-retrato-do-brasil\/#breadcrumb\",\"itemListElement\":[{\"@type\":\"ListItem\",\"position\":1,\"name\":\"In\u00edcio\",\"item\":\"https:\/\/www.notibras.com\/site\/\"},{\"@type\":\"ListItem\",\"position\":2,\"name\":\"Corrup\u00e7\u00e3o de Collor, roubalheira do PT e um retrato do Brasil\"}]},{\"@type\":\"WebSite\",\"@id\":\"https:\/\/www.notibras.com\/site\/#website\",\"url\":\"https:\/\/www.notibras.com\/site\/\",\"name\":\"Notibras\",\"description\":\"Not\u00edcias de Bras\u00edlia, do Brasil e do Mundo\",\"publisher\":{\"@id\":\"https:\/\/www.notibras.com\/site\/#organization\"},\"potentialAction\":[{\"@type\":\"SearchAction\",\"target\":{\"@type\":\"EntryPoint\",\"urlTemplate\":\"https:\/\/www.notibras.com\/site\/?s={search_term_string}\"},\"query-input\":{\"@type\":\"PropertyValueSpecification\",\"valueRequired\":true,\"valueName\":\"search_term_string\"}}],\"inLanguage\":\"pt-BR\"},{\"@type\":\"Organization\",\"@id\":\"https:\/\/www.notibras.com\/site\/#organization\",\"name\":\"Grupo Notibras de Comunica\u00e7\u00e3o\",\"url\":\"https:\/\/www.notibras.com\/site\/\",\"logo\":{\"@type\":\"ImageObject\",\"inLanguage\":\"pt-BR\",\"@id\":\"https:\/\/www.notibras.com\/site\/#\/schema\/logo\/image\/\",\"url\":\"https:\/\/www.notibras.com\/site\/wp-content\/uploads\/2023\/01\/notibras23.png\",\"contentUrl\":\"https:\/\/www.notibras.com\/site\/wp-content\/uploads\/2023\/01\/notibras23.png\",\"width\":350,\"height\":87,\"caption\":\"Grupo Notibras de Comunica\u00e7\u00e3o\"},\"image\":{\"@id\":\"https:\/\/www.notibras.com\/site\/#\/schema\/logo\/image\/\"},\"sameAs\":[\"https:\/\/www.facebook.com\/notibras\/\",\"https:\/\/x.com\/Notibras\",\"https:\/\/www.instagram.com\/notibras\/\"]},{\"@type\":\"Person\",\"@id\":\"https:\/\/www.notibras.com\/site\/#\/schema\/person\/36ab0979449956132d3e5b517ea76ac8\",\"name\":\"Reda\u00e7\u00e3o\",\"image\":{\"@type\":\"ImageObject\",\"inLanguage\":\"pt-BR\",\"@id\":\"https:\/\/secure.gravatar.com\/avatar\/e0a867bdedb85fd243eadf09663511f96fc81e0720a4a42581f334ad4303aa6b?s=96&d=mm&r=g\",\"url\":\"https:\/\/secure.gravatar.com\/avatar\/e0a867bdedb85fd243eadf09663511f96fc81e0720a4a42581f334ad4303aa6b?s=96&d=mm&r=g\",\"contentUrl\":\"https:\/\/secure.gravatar.com\/avatar\/e0a867bdedb85fd243eadf09663511f96fc81e0720a4a42581f334ad4303aa6b?s=96&d=mm&r=g\",\"caption\":\"Reda\u00e7\u00e3o\"}}]}<\/script>\n<!-- \/ Yoast SEO plugin. -->","yoast_head_json":{"title":"Corrup\u00e7\u00e3o de Collor, roubalheira do PT e um retrato do Brasil - Notibras","robots":{"index":"index","follow":"follow","max-snippet":"max-snippet:-1","max-image-preview":"max-image-preview:large","max-video-preview":"max-video-preview:-1"},"canonical":"https:\/\/www.notibras.com\/site\/a-corrupcao-de-collor-a-roubalheira-do-pt-e-um-retrato-do-brasil\/","og_locale":"pt_BR","og_type":"article","og_title":"Corrup\u00e7\u00e3o de Collor, roubalheira do PT e um retrato do Brasil - Notibras","og_description":"Todo o dia acompanho os not\u00edci\u00e1rio na imprensa brasileira e at\u00f4nito, vejo o que est\u00e1 acontecendo no pa\u00eds com essa enxurrada de esc\u00e2ndalos de corrup\u00e7\u00e3o que tomam conta do governo Dilma, o PT, os partidos da base do governo (PMDB, PP e outros menos cotados) e fico pensando quando isto vai acabar. Intrigado com a [&hellip;]","og_url":"https:\/\/www.notibras.com\/site\/a-corrupcao-de-collor-a-roubalheira-do-pt-e-um-retrato-do-brasil\/","og_site_name":"Notibras","article_publisher":"https:\/\/www.facebook.com\/notibras\/","article_published_time":"2014-12-02T03:22:27+00:00","article_modified_time":"2014-12-03T13:10:19+00:00","og_image":[{"width":700,"height":448,"url":"https:\/\/www.notibras.com\/site\/wp-content\/uploads\/2014\/12\/corrupc3a7c3a3o1.jpg","type":"image\/jpeg"}],"author":"Reda\u00e7\u00e3o","twitter_card":"summary_large_image","twitter_creator":"@Notibras","twitter_site":"@Notibras","twitter_misc":{"Escrito por":"Reda\u00e7\u00e3o","Est. tempo de leitura":"6 minutos"},"schema":{"@context":"https:\/\/schema.org","@graph":[{"@type":"Article","@id":"https:\/\/www.notibras.com\/site\/a-corrupcao-de-collor-a-roubalheira-do-pt-e-um-retrato-do-brasil\/#article","isPartOf":{"@id":"https:\/\/www.notibras.com\/site\/a-corrupcao-de-collor-a-roubalheira-do-pt-e-um-retrato-do-brasil\/"},"author":{"name":"Reda\u00e7\u00e3o","@id":"https:\/\/www.notibras.com\/site\/#\/schema\/person\/36ab0979449956132d3e5b517ea76ac8"},"headline":"Corrup\u00e7\u00e3o de Collor, roubalheira do PT e um retrato do Brasil","datePublished":"2014-12-02T03:22:27+00:00","dateModified":"2014-12-03T13:10:19+00:00","mainEntityOfPage":{"@id":"https:\/\/www.notibras.com\/site\/a-corrupcao-de-collor-a-roubalheira-do-pt-e-um-retrato-do-brasil\/"},"wordCount":1230,"commentCount":0,"publisher":{"@id":"https:\/\/www.notibras.com\/site\/#organization"},"image":{"@id":"https:\/\/www.notibras.com\/site\/a-corrupcao-de-collor-a-roubalheira-do-pt-e-um-retrato-do-brasil\/#primaryimage"},"thumbnailUrl":"https:\/\/www.notibras.com\/site\/wp-content\/uploads\/2014\/12\/corrupc3a7c3a3o1.jpg","articleSection":["Opina a\u00ed"],"inLanguage":"pt-BR","potentialAction":[{"@type":"CommentAction","name":"Comment","target":["https:\/\/www.notibras.com\/site\/a-corrupcao-de-collor-a-roubalheira-do-pt-e-um-retrato-do-brasil\/#respond"]}]},{"@type":"WebPage","@id":"https:\/\/www.notibras.com\/site\/a-corrupcao-de-collor-a-roubalheira-do-pt-e-um-retrato-do-brasil\/","url":"https:\/\/www.notibras.com\/site\/a-corrupcao-de-collor-a-roubalheira-do-pt-e-um-retrato-do-brasil\/","name":"Corrup\u00e7\u00e3o de Collor, roubalheira do PT e um retrato do Brasil - Notibras","isPartOf":{"@id":"https:\/\/www.notibras.com\/site\/#website"},"primaryImageOfPage":{"@id":"https:\/\/www.notibras.com\/site\/a-corrupcao-de-collor-a-roubalheira-do-pt-e-um-retrato-do-brasil\/#primaryimage"},"image":{"@id":"https:\/\/www.notibras.com\/site\/a-corrupcao-de-collor-a-roubalheira-do-pt-e-um-retrato-do-brasil\/#primaryimage"},"thumbnailUrl":"https:\/\/www.notibras.com\/site\/wp-content\/uploads\/2014\/12\/corrupc3a7c3a3o1.jpg","datePublished":"2014-12-02T03:22:27+00:00","dateModified":"2014-12-03T13:10:19+00:00","breadcrumb":{"@id":"https:\/\/www.notibras.com\/site\/a-corrupcao-de-collor-a-roubalheira-do-pt-e-um-retrato-do-brasil\/#breadcrumb"},"inLanguage":"pt-BR","potentialAction":[{"@type":"ReadAction","target":["https:\/\/www.notibras.com\/site\/a-corrupcao-de-collor-a-roubalheira-do-pt-e-um-retrato-do-brasil\/"]}]},{"@type":"ImageObject","inLanguage":"pt-BR","@id":"https:\/\/www.notibras.com\/site\/a-corrupcao-de-collor-a-roubalheira-do-pt-e-um-retrato-do-brasil\/#primaryimage","url":"https:\/\/www.notibras.com\/site\/wp-content\/uploads\/2014\/12\/corrupc3a7c3a3o1.jpg","contentUrl":"https:\/\/www.notibras.com\/site\/wp-content\/uploads\/2014\/12\/corrupc3a7c3a3o1.jpg","width":700,"height":448},{"@type":"BreadcrumbList","@id":"https:\/\/www.notibras.com\/site\/a-corrupcao-de-collor-a-roubalheira-do-pt-e-um-retrato-do-brasil\/#breadcrumb","itemListElement":[{"@type":"ListItem","position":1,"name":"In\u00edcio","item":"https:\/\/www.notibras.com\/site\/"},{"@type":"ListItem","position":2,"name":"Corrup\u00e7\u00e3o de Collor, roubalheira do PT e um retrato do Brasil"}]},{"@type":"WebSite","@id":"https:\/\/www.notibras.com\/site\/#website","url":"https:\/\/www.notibras.com\/site\/","name":"Notibras","description":"Not\u00edcias de Bras\u00edlia, do Brasil e do Mundo","publisher":{"@id":"https:\/\/www.notibras.com\/site\/#organization"},"potentialAction":[{"@type":"SearchAction","target":{"@type":"EntryPoint","urlTemplate":"https:\/\/www.notibras.com\/site\/?s={search_term_string}"},"query-input":{"@type":"PropertyValueSpecification","valueRequired":true,"valueName":"search_term_string"}}],"inLanguage":"pt-BR"},{"@type":"Organization","@id":"https:\/\/www.notibras.com\/site\/#organization","name":"Grupo Notibras de Comunica\u00e7\u00e3o","url":"https:\/\/www.notibras.com\/site\/","logo":{"@type":"ImageObject","inLanguage":"pt-BR","@id":"https:\/\/www.notibras.com\/site\/#\/schema\/logo\/image\/","url":"https:\/\/www.notibras.com\/site\/wp-content\/uploads\/2023\/01\/notibras23.png","contentUrl":"https:\/\/www.notibras.com\/site\/wp-content\/uploads\/2023\/01\/notibras23.png","width":350,"height":87,"caption":"Grupo Notibras de Comunica\u00e7\u00e3o"},"image":{"@id":"https:\/\/www.notibras.com\/site\/#\/schema\/logo\/image\/"},"sameAs":["https:\/\/www.facebook.com\/notibras\/","https:\/\/x.com\/Notibras","https:\/\/www.instagram.com\/notibras\/"]},{"@type":"Person","@id":"https:\/\/www.notibras.com\/site\/#\/schema\/person\/36ab0979449956132d3e5b517ea76ac8","name":"Reda\u00e7\u00e3o","image":{"@type":"ImageObject","inLanguage":"pt-BR","@id":"https:\/\/secure.gravatar.com\/avatar\/e0a867bdedb85fd243eadf09663511f96fc81e0720a4a42581f334ad4303aa6b?s=96&d=mm&r=g","url":"https:\/\/secure.gravatar.com\/avatar\/e0a867bdedb85fd243eadf09663511f96fc81e0720a4a42581f334ad4303aa6b?s=96&d=mm&r=g","contentUrl":"https:\/\/secure.gravatar.com\/avatar\/e0a867bdedb85fd243eadf09663511f96fc81e0720a4a42581f334ad4303aa6b?s=96&d=mm&r=g","caption":"Reda\u00e7\u00e3o"}}]}},"amp_enabled":true,"_links":{"self":[{"href":"https:\/\/www.notibras.com\/site\/wp-json\/wp\/v2\/posts\/30109","targetHints":{"allow":["GET"]}}],"collection":[{"href":"https:\/\/www.notibras.com\/site\/wp-json\/wp\/v2\/posts"}],"about":[{"href":"https:\/\/www.notibras.com\/site\/wp-json\/wp\/v2\/types\/post"}],"author":[{"embeddable":true,"href":"https:\/\/www.notibras.com\/site\/wp-json\/wp\/v2\/users\/2"}],"replies":[{"embeddable":true,"href":"https:\/\/www.notibras.com\/site\/wp-json\/wp\/v2\/comments?post=30109"}],"version-history":[{"count":0,"href":"https:\/\/www.notibras.com\/site\/wp-json\/wp\/v2\/posts\/30109\/revisions"}],"wp:featuredmedia":[{"embeddable":true,"href":"https:\/\/www.notibras.com\/site\/wp-json\/wp\/v2\/media\/30110"}],"wp:attachment":[{"href":"https:\/\/www.notibras.com\/site\/wp-json\/wp\/v2\/media?parent=30109"}],"wp:term":[{"taxonomy":"category","embeddable":true,"href":"https:\/\/www.notibras.com\/site\/wp-json\/wp\/v2\/categories?post=30109"},{"taxonomy":"post_tag","embeddable":true,"href":"https:\/\/www.notibras.com\/site\/wp-json\/wp\/v2\/tags?post=30109"}],"curies":[{"name":"wp","href":"https:\/\/api.w.org\/{rel}","templated":true}]}}