{"id":301322,"date":"2023-03-18T07:00:31","date_gmt":"2023-03-18T10:00:31","guid":{"rendered":"https:\/\/www.notibras.com\/site\/?p=301322"},"modified":"2023-03-19T11:49:05","modified_gmt":"2023-03-19T14:49:05","slug":"novo-hospital-reforca-atendimento-a-populacao","status":"publish","type":"post","link":"https:\/\/www.notibras.com\/site\/novo-hospital-reforca-atendimento-a-populacao\/","title":{"rendered":"Novo hospital refor\u00e7a atendimento \u00e0 popula\u00e7\u00e3o"},"content":{"rendered":"<p>O governador Ibaneis Rocha deu o primeiro passo para a constru\u00e7\u00e3o de novos hospitais p\u00fablicos que v\u00e3o refor\u00e7ar a sa\u00fade do Distrito Federal: foi publicado o edital de aviso de licita\u00e7\u00e3o para contratar a empresa respons\u00e1vel pelo projeto e pela obra de cria\u00e7\u00e3o do Hospital do Recanto das Emas.<\/p>\n<p>\u201cVou voltar cobrando muito forte a quest\u00e3o das obras para que a gente fa\u00e7a as entregas. Vamos construir o primeiro hospital da cidade do Recanto das Emas. \u00c9 uma promessa de campanha\u201d, destaca o governador Ibaneis Rocha.<\/p>\n<p>O certame ser\u00e1 realizado pela Companhia Urbanizadora da Nova Capital (Novacap), que produz o anteprojeto com as exig\u00eancias necess\u00e1rias. O valor estimado de contrata\u00e7\u00e3o \u00e9 de R$ 147.638.223,91. O processo licitat\u00f3rio prev\u00ea o regime de contrata\u00e7\u00e3o integrada \u2013 em que a empresa ou o cons\u00f3rcio vencedor tem como responsabilidade a elabora\u00e7\u00e3o do projeto b\u00e1sico e a execu\u00e7\u00e3o da obra -, tendo como crit\u00e9rio de julgamento a melhor combina\u00e7\u00e3o de t\u00e9cnica e pre\u00e7o.<\/p>\n<p>\u201cEm curto espa\u00e7o de tempo e com muito empenho das equipes, lan\u00e7amos o edital de licita\u00e7\u00e3o para o Hospital do Recanto das Emas no modelo de contrata\u00e7\u00e3o integrada, que dar\u00e1 mais celeridade e efici\u00eancia para a obra, prevista para 24 meses\u201d, declara o presidente da Novacap, Fernando Leite.<\/p>\n<p>O hospital ser\u00e1 constru\u00eddo em uma \u00e1rea de 17 mil metros quadrados no Lote 25, Quadra 104, Setor Hospitalar, Recanto das Emas. A unidade ter\u00e1 100 leitos, sendo 60 de interna\u00e7\u00e3o adulta, 30 de interna\u00e7\u00e3o pedi\u00e1trica e dez de UTI pedi\u00e1trica. Al\u00e9m disso, a unidade contar\u00e1 com centro cir\u00fargico com duas salas de cirurgia, pronto-socorro e instala\u00e7\u00e3o moderna de ar condicionado.<\/p>\n<p>\u201cO hospital vem nesse momento de encontro a uma necessidade dessa popula\u00e7\u00e3o que n\u00e3o possu\u00eda leitos hospitalares. N\u00f3s vamos ter uma porta aberta de emerg\u00eancia pedi\u00e1trica, considerando que n\u00e3o h\u00e1 esse atendimento nessa localidade, e vamos ter leitos de cl\u00ednica m\u00e9dica de retaguarda, tanto leitos de enfermaria, como de cuidados intermedi\u00e1rios\u201d, explica a secret\u00e1ria de Sa\u00fade, Lucilene Flor\u00eancio.<\/p>\n<p>A titular da pasta ressaltou que esse \u00e9 um hospital de pequeno porte e que vai ser entregue com celeridade para a popula\u00e7\u00e3o. \u201cContempla, inicialmente, esse d\u00e9ficit e car\u00eancia de leitos que o Recanto das Emas possui. \u00c9 uma popula\u00e7\u00e3o jovem, onde a gente priorizou esse atendimento emergencial em pediatria e cl\u00ednica m\u00e9dica\u201d, ressalta.<\/p>\n<p>Para o administrador do Recanto das Emas, Carlos Dalvan, o hospital vai melhorar o atendimento em sa\u00fade e atender uma demanda da cidade. \u201cO Recanto das Emas est\u00e1 entre as maiores regi\u00f5es administrativas, abrigando milhares de pessoas que buscam um atendimento de qualidade na \u00e1rea da sa\u00fade. A constru\u00e7\u00e3o do hospital atender\u00e1 uma demanda antiga e incans\u00e1vel da comunidade\u201d, destaca.<\/p>\n<p>Esse \u00e9 o primeiro dos tr\u00eas hospitais anunciados por Ibaneis Rocha na campanha e durante o per\u00edodo de transi\u00e7\u00e3o para o segundo mandato a ter o edital de licita\u00e7\u00e3o publicado. O ato esteve entre as medidas reveladas pelo governador no pronunciamento de retorno ao cargo.<\/p>\n<p>A expectativa \u00e9 de que em abril seja divulgado o edital para constru\u00e7\u00e3o do Hospital do Guar\u00e1 e, em seguida, o de S\u00e3o Sebasti\u00e3o. O GDF tem ainda dois projetos: o Hospital do Gama e o Hospital do Servidor.<\/p>\n","protected":false},"excerpt":{"rendered":"<p>O governador Ibaneis Rocha deu o primeiro passo para a constru\u00e7\u00e3o de novos hospitais p\u00fablicos que v\u00e3o refor\u00e7ar a sa\u00fade do Distrito Federal: foi publicado o edital de aviso de licita\u00e7\u00e3o para contratar a empresa respons\u00e1vel pelo projeto e pela obra de cria\u00e7\u00e3o do Hospital do Recanto das Emas. \u201cVou voltar cobrando muito forte a [&hellip;]<\/p>\n","protected":false},"author":2,"featured_media":301323,"comment_status":"closed","ping_status":"closed","sticky":false,"template":"","format":"standard","meta":{"_acf_changed":false,"footnotes":""},"categories":[161],"tags":[],"class_list":["post-301322","post","type-post","status-publish","format-standard","has-post-thumbnail","hentry","category-quadradinho-em-foco"],"acf":[],"yoast_head":"<!-- This site is optimized with the Yoast SEO plugin v27.2 - https:\/\/yoast.com\/product\/yoast-seo-wordpress\/ -->\n<title>Novo hospital refor\u00e7a atendimento \u00e0 popula\u00e7\u00e3o - Notibras<\/title>\n<meta name=\"robots\" content=\"index, follow, max-snippet:-1, max-image-preview:large, max-video-preview:-1\" \/>\n<link rel=\"canonical\" href=\"https:\/\/www.notibras.com\/site\/novo-hospital-reforca-atendimento-a-populacao\/\" \/>\n<meta property=\"og:locale\" content=\"pt_BR\" \/>\n<meta property=\"og:type\" content=\"article\" \/>\n<meta property=\"og:title\" content=\"Novo hospital refor\u00e7a atendimento \u00e0 popula\u00e7\u00e3o - Notibras\" \/>\n<meta property=\"og:description\" content=\"O governador Ibaneis Rocha deu o primeiro passo para a constru\u00e7\u00e3o de novos hospitais p\u00fablicos que v\u00e3o refor\u00e7ar a sa\u00fade do Distrito Federal: foi publicado o edital de aviso de licita\u00e7\u00e3o para contratar a empresa respons\u00e1vel pelo projeto e pela obra de cria\u00e7\u00e3o do Hospital do Recanto das Emas. \u201cVou voltar cobrando muito forte a [&hellip;]\" \/>\n<meta property=\"og:url\" content=\"https:\/\/www.notibras.com\/site\/novo-hospital-reforca-atendimento-a-populacao\/\" \/>\n<meta property=\"og:site_name\" content=\"Notibras\" \/>\n<meta property=\"article:publisher\" content=\"https:\/\/www.facebook.com\/notibras\/\" \/>\n<meta property=\"article:published_time\" content=\"2023-03-18T10:00:31+00:00\" \/>\n<meta property=\"article:modified_time\" content=\"2023-03-19T14:49:05+00:00\" \/>\n<meta property=\"og:image\" content=\"https:\/\/www.notibras.com\/site\/wp-content\/uploads\/2023\/03\/Hospital-do-Recanto-das-Emas.jpeg\" \/>\n\t<meta property=\"og:image:width\" content=\"960\" \/>\n\t<meta property=\"og:image:height\" content=\"540\" \/>\n\t<meta property=\"og:image:type\" content=\"image\/jpeg\" \/>\n<meta name=\"author\" content=\"Reda\u00e7\u00e3o\" \/>\n<meta name=\"twitter:card\" content=\"summary_large_image\" \/>\n<meta name=\"twitter:creator\" content=\"@Notibras\" \/>\n<meta name=\"twitter:site\" content=\"@Notibras\" \/>\n<meta name=\"twitter:label1\" content=\"Escrito por\" \/>\n\t<meta name=\"twitter:data1\" content=\"Reda\u00e7\u00e3o\" \/>\n\t<meta name=\"twitter:label2\" content=\"Est. tempo de leitura\" \/>\n\t<meta name=\"twitter:data2\" content=\"3 minutos\" \/>\n<script type=\"application\/ld+json\" class=\"yoast-schema-graph\">{\"@context\":\"https:\/\/schema.org\",\"@graph\":[{\"@type\":\"Article\",\"@id\":\"https:\/\/www.notibras.com\/site\/novo-hospital-reforca-atendimento-a-populacao\/#article\",\"isPartOf\":{\"@id\":\"https:\/\/www.notibras.com\/site\/novo-hospital-reforca-atendimento-a-populacao\/\"},\"author\":{\"name\":\"Reda\u00e7\u00e3o\",\"@id\":\"https:\/\/www.notibras.com\/site\/#\/schema\/person\/36ab0979449956132d3e5b517ea76ac8\"},\"headline\":\"Novo hospital refor\u00e7a atendimento \u00e0 popula\u00e7\u00e3o\",\"datePublished\":\"2023-03-18T10:00:31+00:00\",\"dateModified\":\"2023-03-19T14:49:05+00:00\",\"mainEntityOfPage\":{\"@id\":\"https:\/\/www.notibras.com\/site\/novo-hospital-reforca-atendimento-a-populacao\/\"},\"wordCount\":582,\"publisher\":{\"@id\":\"https:\/\/www.notibras.com\/site\/#organization\"},\"image\":{\"@id\":\"https:\/\/www.notibras.com\/site\/novo-hospital-reforca-atendimento-a-populacao\/#primaryimage\"},\"thumbnailUrl\":\"https:\/\/www.notibras.com\/site\/wp-content\/uploads\/2023\/03\/Hospital-do-Recanto-das-Emas.jpeg\",\"articleSection\":[\"Quadradinho em Foco\"],\"inLanguage\":\"pt-BR\"},{\"@type\":\"WebPage\",\"@id\":\"https:\/\/www.notibras.com\/site\/novo-hospital-reforca-atendimento-a-populacao\/\",\"url\":\"https:\/\/www.notibras.com\/site\/novo-hospital-reforca-atendimento-a-populacao\/\",\"name\":\"Novo hospital refor\u00e7a atendimento \u00e0 popula\u00e7\u00e3o - Notibras\",\"isPartOf\":{\"@id\":\"https:\/\/www.notibras.com\/site\/#website\"},\"primaryImageOfPage\":{\"@id\":\"https:\/\/www.notibras.com\/site\/novo-hospital-reforca-atendimento-a-populacao\/#primaryimage\"},\"image\":{\"@id\":\"https:\/\/www.notibras.com\/site\/novo-hospital-reforca-atendimento-a-populacao\/#primaryimage\"},\"thumbnailUrl\":\"https:\/\/www.notibras.com\/site\/wp-content\/uploads\/2023\/03\/Hospital-do-Recanto-das-Emas.jpeg\",\"datePublished\":\"2023-03-18T10:00:31+00:00\",\"dateModified\":\"2023-03-19T14:49:05+00:00\",\"breadcrumb\":{\"@id\":\"https:\/\/www.notibras.com\/site\/novo-hospital-reforca-atendimento-a-populacao\/#breadcrumb\"},\"inLanguage\":\"pt-BR\",\"potentialAction\":[{\"@type\":\"ReadAction\",\"target\":[\"https:\/\/www.notibras.com\/site\/novo-hospital-reforca-atendimento-a-populacao\/\"]}]},{\"@type\":\"ImageObject\",\"inLanguage\":\"pt-BR\",\"@id\":\"https:\/\/www.notibras.com\/site\/novo-hospital-reforca-atendimento-a-populacao\/#primaryimage\",\"url\":\"https:\/\/www.notibras.com\/site\/wp-content\/uploads\/2023\/03\/Hospital-do-Recanto-das-Emas.jpeg\",\"contentUrl\":\"https:\/\/www.notibras.com\/site\/wp-content\/uploads\/2023\/03\/Hospital-do-Recanto-das-Emas.jpeg\",\"width\":960,\"height\":540},{\"@type\":\"BreadcrumbList\",\"@id\":\"https:\/\/www.notibras.com\/site\/novo-hospital-reforca-atendimento-a-populacao\/#breadcrumb\",\"itemListElement\":[{\"@type\":\"ListItem\",\"position\":1,\"name\":\"In\u00edcio\",\"item\":\"https:\/\/www.notibras.com\/site\/\"},{\"@type\":\"ListItem\",\"position\":2,\"name\":\"Novo hospital refor\u00e7a atendimento \u00e0 popula\u00e7\u00e3o\"}]},{\"@type\":\"WebSite\",\"@id\":\"https:\/\/www.notibras.com\/site\/#website\",\"url\":\"https:\/\/www.notibras.com\/site\/\",\"name\":\"Notibras\",\"description\":\"Not\u00edcias de Bras\u00edlia, do Brasil e do Mundo\",\"publisher\":{\"@id\":\"https:\/\/www.notibras.com\/site\/#organization\"},\"potentialAction\":[{\"@type\":\"SearchAction\",\"target\":{\"@type\":\"EntryPoint\",\"urlTemplate\":\"https:\/\/www.notibras.com\/site\/?s={search_term_string}\"},\"query-input\":{\"@type\":\"PropertyValueSpecification\",\"valueRequired\":true,\"valueName\":\"search_term_string\"}}],\"inLanguage\":\"pt-BR\"},{\"@type\":\"Organization\",\"@id\":\"https:\/\/www.notibras.com\/site\/#organization\",\"name\":\"Grupo Notibras de Comunica\u00e7\u00e3o\",\"url\":\"https:\/\/www.notibras.com\/site\/\",\"logo\":{\"@type\":\"ImageObject\",\"inLanguage\":\"pt-BR\",\"@id\":\"https:\/\/www.notibras.com\/site\/#\/schema\/logo\/image\/\",\"url\":\"https:\/\/www.notibras.com\/site\/wp-content\/uploads\/2023\/01\/notibras23.png\",\"contentUrl\":\"https:\/\/www.notibras.com\/site\/wp-content\/uploads\/2023\/01\/notibras23.png\",\"width\":350,\"height\":87,\"caption\":\"Grupo Notibras de Comunica\u00e7\u00e3o\"},\"image\":{\"@id\":\"https:\/\/www.notibras.com\/site\/#\/schema\/logo\/image\/\"},\"sameAs\":[\"https:\/\/www.facebook.com\/notibras\/\",\"https:\/\/x.com\/Notibras\",\"https:\/\/www.instagram.com\/notibras\/\"]},{\"@type\":\"Person\",\"@id\":\"https:\/\/www.notibras.com\/site\/#\/schema\/person\/36ab0979449956132d3e5b517ea76ac8\",\"name\":\"Reda\u00e7\u00e3o\",\"image\":{\"@type\":\"ImageObject\",\"inLanguage\":\"pt-BR\",\"@id\":\"https:\/\/secure.gravatar.com\/avatar\/e0a867bdedb85fd243eadf09663511f96fc81e0720a4a42581f334ad4303aa6b?s=96&d=mm&r=g\",\"url\":\"https:\/\/secure.gravatar.com\/avatar\/e0a867bdedb85fd243eadf09663511f96fc81e0720a4a42581f334ad4303aa6b?s=96&d=mm&r=g\",\"contentUrl\":\"https:\/\/secure.gravatar.com\/avatar\/e0a867bdedb85fd243eadf09663511f96fc81e0720a4a42581f334ad4303aa6b?s=96&d=mm&r=g\",\"caption\":\"Reda\u00e7\u00e3o\"}}]}<\/script>\n<!-- \/ Yoast SEO plugin. -->","yoast_head_json":{"title":"Novo hospital refor\u00e7a atendimento \u00e0 popula\u00e7\u00e3o - Notibras","robots":{"index":"index","follow":"follow","max-snippet":"max-snippet:-1","max-image-preview":"max-image-preview:large","max-video-preview":"max-video-preview:-1"},"canonical":"https:\/\/www.notibras.com\/site\/novo-hospital-reforca-atendimento-a-populacao\/","og_locale":"pt_BR","og_type":"article","og_title":"Novo hospital refor\u00e7a atendimento \u00e0 popula\u00e7\u00e3o - Notibras","og_description":"O governador Ibaneis Rocha deu o primeiro passo para a constru\u00e7\u00e3o de novos hospitais p\u00fablicos que v\u00e3o refor\u00e7ar a sa\u00fade do Distrito Federal: foi publicado o edital de aviso de licita\u00e7\u00e3o para contratar a empresa respons\u00e1vel pelo projeto e pela obra de cria\u00e7\u00e3o do Hospital do Recanto das Emas. \u201cVou voltar cobrando muito forte a [&hellip;]","og_url":"https:\/\/www.notibras.com\/site\/novo-hospital-reforca-atendimento-a-populacao\/","og_site_name":"Notibras","article_publisher":"https:\/\/www.facebook.com\/notibras\/","article_published_time":"2023-03-18T10:00:31+00:00","article_modified_time":"2023-03-19T14:49:05+00:00","og_image":[{"width":960,"height":540,"url":"https:\/\/www.notibras.com\/site\/wp-content\/uploads\/2023\/03\/Hospital-do-Recanto-das-Emas.jpeg","type":"image\/jpeg"}],"author":"Reda\u00e7\u00e3o","twitter_card":"summary_large_image","twitter_creator":"@Notibras","twitter_site":"@Notibras","twitter_misc":{"Escrito por":"Reda\u00e7\u00e3o","Est. tempo de leitura":"3 minutos"},"schema":{"@context":"https:\/\/schema.org","@graph":[{"@type":"Article","@id":"https:\/\/www.notibras.com\/site\/novo-hospital-reforca-atendimento-a-populacao\/#article","isPartOf":{"@id":"https:\/\/www.notibras.com\/site\/novo-hospital-reforca-atendimento-a-populacao\/"},"author":{"name":"Reda\u00e7\u00e3o","@id":"https:\/\/www.notibras.com\/site\/#\/schema\/person\/36ab0979449956132d3e5b517ea76ac8"},"headline":"Novo hospital refor\u00e7a atendimento \u00e0 popula\u00e7\u00e3o","datePublished":"2023-03-18T10:00:31+00:00","dateModified":"2023-03-19T14:49:05+00:00","mainEntityOfPage":{"@id":"https:\/\/www.notibras.com\/site\/novo-hospital-reforca-atendimento-a-populacao\/"},"wordCount":582,"publisher":{"@id":"https:\/\/www.notibras.com\/site\/#organization"},"image":{"@id":"https:\/\/www.notibras.com\/site\/novo-hospital-reforca-atendimento-a-populacao\/#primaryimage"},"thumbnailUrl":"https:\/\/www.notibras.com\/site\/wp-content\/uploads\/2023\/03\/Hospital-do-Recanto-das-Emas.jpeg","articleSection":["Quadradinho em Foco"],"inLanguage":"pt-BR"},{"@type":"WebPage","@id":"https:\/\/www.notibras.com\/site\/novo-hospital-reforca-atendimento-a-populacao\/","url":"https:\/\/www.notibras.com\/site\/novo-hospital-reforca-atendimento-a-populacao\/","name":"Novo hospital refor\u00e7a atendimento \u00e0 popula\u00e7\u00e3o - Notibras","isPartOf":{"@id":"https:\/\/www.notibras.com\/site\/#website"},"primaryImageOfPage":{"@id":"https:\/\/www.notibras.com\/site\/novo-hospital-reforca-atendimento-a-populacao\/#primaryimage"},"image":{"@id":"https:\/\/www.notibras.com\/site\/novo-hospital-reforca-atendimento-a-populacao\/#primaryimage"},"thumbnailUrl":"https:\/\/www.notibras.com\/site\/wp-content\/uploads\/2023\/03\/Hospital-do-Recanto-das-Emas.jpeg","datePublished":"2023-03-18T10:00:31+00:00","dateModified":"2023-03-19T14:49:05+00:00","breadcrumb":{"@id":"https:\/\/www.notibras.com\/site\/novo-hospital-reforca-atendimento-a-populacao\/#breadcrumb"},"inLanguage":"pt-BR","potentialAction":[{"@type":"ReadAction","target":["https:\/\/www.notibras.com\/site\/novo-hospital-reforca-atendimento-a-populacao\/"]}]},{"@type":"ImageObject","inLanguage":"pt-BR","@id":"https:\/\/www.notibras.com\/site\/novo-hospital-reforca-atendimento-a-populacao\/#primaryimage","url":"https:\/\/www.notibras.com\/site\/wp-content\/uploads\/2023\/03\/Hospital-do-Recanto-das-Emas.jpeg","contentUrl":"https:\/\/www.notibras.com\/site\/wp-content\/uploads\/2023\/03\/Hospital-do-Recanto-das-Emas.jpeg","width":960,"height":540},{"@type":"BreadcrumbList","@id":"https:\/\/www.notibras.com\/site\/novo-hospital-reforca-atendimento-a-populacao\/#breadcrumb","itemListElement":[{"@type":"ListItem","position":1,"name":"In\u00edcio","item":"https:\/\/www.notibras.com\/site\/"},{"@type":"ListItem","position":2,"name":"Novo hospital refor\u00e7a atendimento \u00e0 popula\u00e7\u00e3o"}]},{"@type":"WebSite","@id":"https:\/\/www.notibras.com\/site\/#website","url":"https:\/\/www.notibras.com\/site\/","name":"Notibras","description":"Not\u00edcias de Bras\u00edlia, do Brasil e do Mundo","publisher":{"@id":"https:\/\/www.notibras.com\/site\/#organization"},"potentialAction":[{"@type":"SearchAction","target":{"@type":"EntryPoint","urlTemplate":"https:\/\/www.notibras.com\/site\/?s={search_term_string}"},"query-input":{"@type":"PropertyValueSpecification","valueRequired":true,"valueName":"search_term_string"}}],"inLanguage":"pt-BR"},{"@type":"Organization","@id":"https:\/\/www.notibras.com\/site\/#organization","name":"Grupo Notibras de Comunica\u00e7\u00e3o","url":"https:\/\/www.notibras.com\/site\/","logo":{"@type":"ImageObject","inLanguage":"pt-BR","@id":"https:\/\/www.notibras.com\/site\/#\/schema\/logo\/image\/","url":"https:\/\/www.notibras.com\/site\/wp-content\/uploads\/2023\/01\/notibras23.png","contentUrl":"https:\/\/www.notibras.com\/site\/wp-content\/uploads\/2023\/01\/notibras23.png","width":350,"height":87,"caption":"Grupo Notibras de Comunica\u00e7\u00e3o"},"image":{"@id":"https:\/\/www.notibras.com\/site\/#\/schema\/logo\/image\/"},"sameAs":["https:\/\/www.facebook.com\/notibras\/","https:\/\/x.com\/Notibras","https:\/\/www.instagram.com\/notibras\/"]},{"@type":"Person","@id":"https:\/\/www.notibras.com\/site\/#\/schema\/person\/36ab0979449956132d3e5b517ea76ac8","name":"Reda\u00e7\u00e3o","image":{"@type":"ImageObject","inLanguage":"pt-BR","@id":"https:\/\/secure.gravatar.com\/avatar\/e0a867bdedb85fd243eadf09663511f96fc81e0720a4a42581f334ad4303aa6b?s=96&d=mm&r=g","url":"https:\/\/secure.gravatar.com\/avatar\/e0a867bdedb85fd243eadf09663511f96fc81e0720a4a42581f334ad4303aa6b?s=96&d=mm&r=g","contentUrl":"https:\/\/secure.gravatar.com\/avatar\/e0a867bdedb85fd243eadf09663511f96fc81e0720a4a42581f334ad4303aa6b?s=96&d=mm&r=g","caption":"Reda\u00e7\u00e3o"}}]}},"amp_enabled":true,"_links":{"self":[{"href":"https:\/\/www.notibras.com\/site\/wp-json\/wp\/v2\/posts\/301322","targetHints":{"allow":["GET"]}}],"collection":[{"href":"https:\/\/www.notibras.com\/site\/wp-json\/wp\/v2\/posts"}],"about":[{"href":"https:\/\/www.notibras.com\/site\/wp-json\/wp\/v2\/types\/post"}],"author":[{"embeddable":true,"href":"https:\/\/www.notibras.com\/site\/wp-json\/wp\/v2\/users\/2"}],"replies":[{"embeddable":true,"href":"https:\/\/www.notibras.com\/site\/wp-json\/wp\/v2\/comments?post=301322"}],"version-history":[{"count":1,"href":"https:\/\/www.notibras.com\/site\/wp-json\/wp\/v2\/posts\/301322\/revisions"}],"predecessor-version":[{"id":301324,"href":"https:\/\/www.notibras.com\/site\/wp-json\/wp\/v2\/posts\/301322\/revisions\/301324"}],"wp:featuredmedia":[{"embeddable":true,"href":"https:\/\/www.notibras.com\/site\/wp-json\/wp\/v2\/media\/301323"}],"wp:attachment":[{"href":"https:\/\/www.notibras.com\/site\/wp-json\/wp\/v2\/media?parent=301322"}],"wp:term":[{"taxonomy":"category","embeddable":true,"href":"https:\/\/www.notibras.com\/site\/wp-json\/wp\/v2\/categories?post=301322"},{"taxonomy":"post_tag","embeddable":true,"href":"https:\/\/www.notibras.com\/site\/wp-json\/wp\/v2\/tags?post=301322"}],"curies":[{"name":"wp","href":"https:\/\/api.w.org\/{rel}","templated":true}]}}