{"id":301331,"date":"2023-03-18T07:00:16","date_gmt":"2023-03-18T10:00:16","guid":{"rendered":"https:\/\/www.notibras.com\/site\/?p=301331"},"modified":"2023-03-19T11:50:24","modified_gmt":"2023-03-19T14:50:24","slug":"atencao-a-gestante-vai-alem-da-atencao-primaria","status":"publish","type":"post","link":"https:\/\/www.notibras.com\/site\/atencao-a-gestante-vai-alem-da-atencao-primaria\/","title":{"rendered":"Aten\u00e7\u00e3o \u00e0 gestante vai al\u00e9m da aten\u00e7\u00e3o prim\u00e1ria"},"content":{"rendered":"<p>Desmistificar o processo de nascimento. Esse \u00e9 o objetivo do curso de orienta\u00e7\u00e3o para preparo de parto e nascimento, que estreou no Hospital Materno Infantil de Bras\u00edlia (Hmib) em 2001 e, hoje, \u00e9 ministrado em diversas unidades hospitalares.<\/p>\n<p>A enfermeira obstetra Gerusa Amaral de Medeiros est\u00e1 na Secretaria de Sa\u00fade (SES) desde 1996 e fez parte do grupo que idealizou os encontros. Atualmente lotada no Hospital Regional de Asa Norte (Hran), ela se orgulha do trabalho que oferece mais preparo aos casais. \u201cDamos todas as informa\u00e7\u00f5es para que essa mulher chegue ao dia do parto o mais tranquila poss\u00edvel. Ela sai conhecendo o processo, por onde vai passar e os profissionais que ir\u00e3o atend\u00ea-la\u201d, explica.<\/p>\n<p>As reuni\u00f5es mensais de gestantes contam com rodas de conversa sobre cuidados no final da gesta\u00e7\u00e3o, as melhores posi\u00e7\u00f5es para as contra\u00e7\u00f5es e o que levar ao hospital quando entrar em trabalho de parto. O acompanhante recebe dicas e participa de encontros a respeito da relev\u00e2ncia da presen\u00e7a e da colabora\u00e7\u00e3o do pai em todo o processo.<\/p>\n<p>Durante o encontro, \u00e9 poss\u00edvel ainda visitar o centro obst\u00e9trico e a maternidade do hospital, bem como conhecer a equipe que ficar\u00e1 respons\u00e1vel pelo final do per\u00edodo gestacional. A ideia \u00e9 tirar d\u00favidas, minimizar os medos e promover um processo mais saud\u00e1vel.<\/p>\n<p><strong>Rede de apoio<\/strong><br \/>\nAl\u00e9m do servi\u00e7o informativo, as reuni\u00f5es s\u00e3o oportunidades de acolhimento a essas mulheres. \u201c\u00c9 um espa\u00e7o para trocar experi\u00eancias, fazer desabafos e compartilhar hist\u00f3rias. Aqui elas entendem que ser\u00e3o bem cuidadas nesse momento \u00fanico\u201d, ressalta Medeiros. \u201cEsse ref\u00fagio \u00e9 muito importante, principalmente para aquelas que j\u00e1 passaram por complica\u00e7\u00f5es durante outra gravidez\u201d, completa.<\/p>\n<p>\u00c9 o caso de Simone Matos. Aos 38 anos, ela est\u00e1 no come\u00e7o da terceira gesta\u00e7\u00e3o e, encaminhada pela Unidade B\u00e1sica de Sa\u00fade (UBS) 2 da Asa Norte, onde recebe o acompanhamento da aten\u00e7\u00e3o prim\u00e1ria, foi para o encontro no Hran para se tranquilizar.<\/p>\n<p>Ela conta que, por problemas de sa\u00fade, sofreu abortos nas duas gesta\u00e7\u00f5es anteriores. Agora, sem desistir do sonho de ter um filho, come\u00e7ou o pr\u00e9-natal assim que recebeu o resultado positivo do teste de gravidez. Com o apoio do marido, Simone deixou o trabalho como gerente em um sal\u00e3o de beleza para se cuidar e procurou o atendimento da rede p\u00fablica.<\/p>\n<p>\u201cCom a minha idade e o meu hist\u00f3rico, fico ansiosa e com medo. Essa conversa me ajudou a me sentir menos nervosa, me ajudando a conhecer o tratamento que vou receber\u201d, relata Simone. \u201cAqui eu pude contar da minha situa\u00e7\u00e3o e tirar minhas d\u00favidas. Senti muita seguran\u00e7a com as explica\u00e7\u00f5es da equipe\u201d, finaliza, aliviada.<\/p>\n<p>Al\u00e9m da orienta\u00e7\u00e3o para o preparo do parto e do nascimento, o Hmib re\u00fane grupos que fornecem diretrizes acerca de cuidados com rec\u00e9m-nascidos. O intuito \u00e9 incentivar as boas pr\u00e1ticas e ajudar nos primeiros est\u00e1gios do p\u00f3s-parto. O curso acontece ao longo do ano, sempre no segundo e no quarto s\u00e1bado de cada m\u00eas, no audit\u00f3rio do hospital e qualquer gestante ou m\u00e3e em per\u00edodo de amamenta\u00e7\u00e3o pode participar com um acompanhante.<\/p>\n<p>A equipe do centro hospitalar tamb\u00e9m \u00e9 treinada para orientar diariamente as m\u00e3es e os pais sobre a import\u00e2ncia do contato direto com o beb\u00ea e as vantagens da amamenta\u00e7\u00e3o.<\/p>\n<p>A secret\u00e1ria de Sa\u00fade, Lucilene Flor\u00eancio, destaca a relev\u00e2ncia desse cuidado: \u201cA literatura prova que a precocidade da amamenta\u00e7\u00e3o muda a realidade de uma crian\u00e7a, tanto pelos nutrientes, como pelo v\u00ednculo materno e o equil\u00edbrio emocional do bin\u00f4mio m\u00e3e e filho\u201d.<\/p>\n<p>J\u00e1 a UBS 1 de Taguatinga organiza o \u201cCh\u00e1 de b\u00ean\u00e7\u00e3os\u201d, atividade voltada a gr\u00e1vidas a partir da 34\u00aa semana e que est\u00e3o em acompanhamento no local. Nesse dia, as gestantes participam de conversas, fazem escalda-p\u00e9s, maquiagem, pintura na barriga e, ao final, ganham uma sess\u00e3o de fotos para levar de recorda\u00e7\u00e3o. A frequ\u00eancia dos encontros depende do n\u00famero de atendidas que se encaixam no perfil.<\/p>\n<p>As UBSs 1 e 2 do Riacho Fundo, por sua vez, realizam periodicamente, a depender da demanda, palestras com o tema \u201cOrienta\u00e7\u00e3o Nutricional para Gestantes\u201d. Mulheres atendidas por essas unidades e seus acompanhantes s\u00e3o convidados pelas equipes de refer\u00eancia a participar dos encontros. Neles, s\u00e3o passadas informa\u00e7\u00f5es sobre alimenta\u00e7\u00e3o saud\u00e1vel e orienta\u00e7\u00f5es nutricionais durante a gravidez. As datas das reuni\u00f5es s\u00e3o disponibilizadas pela UBS no m\u00eas anterior.<\/p>\n","protected":false},"excerpt":{"rendered":"<p>Desmistificar o processo de nascimento. Esse \u00e9 o objetivo do curso de orienta\u00e7\u00e3o para preparo de parto e nascimento, que estreou no Hospital Materno Infantil de Bras\u00edlia (Hmib) em 2001 e, hoje, \u00e9 ministrado em diversas unidades hospitalares. A enfermeira obstetra Gerusa Amaral de Medeiros est\u00e1 na Secretaria de Sa\u00fade (SES) desde 1996 e fez [&hellip;]<\/p>\n","protected":false},"author":2,"featured_media":301332,"comment_status":"closed","ping_status":"closed","sticky":false,"template":"","format":"standard","meta":{"_acf_changed":false,"footnotes":""},"categories":[161],"tags":[],"class_list":["post-301331","post","type-post","status-publish","format-standard","has-post-thumbnail","hentry","category-quadradinho-em-foco"],"acf":[],"yoast_head":"<!-- This site is optimized with the Yoast SEO plugin v27.2 - https:\/\/yoast.com\/product\/yoast-seo-wordpress\/ -->\n<title>Aten\u00e7\u00e3o \u00e0 gestante vai al\u00e9m da aten\u00e7\u00e3o prim\u00e1ria - Notibras<\/title>\n<meta name=\"robots\" content=\"index, follow, max-snippet:-1, max-image-preview:large, max-video-preview:-1\" \/>\n<link rel=\"canonical\" href=\"https:\/\/www.notibras.com\/site\/atencao-a-gestante-vai-alem-da-atencao-primaria\/\" \/>\n<meta property=\"og:locale\" content=\"pt_BR\" \/>\n<meta property=\"og:type\" content=\"article\" \/>\n<meta property=\"og:title\" content=\"Aten\u00e7\u00e3o \u00e0 gestante vai al\u00e9m da aten\u00e7\u00e3o prim\u00e1ria - Notibras\" \/>\n<meta property=\"og:description\" content=\"Desmistificar o processo de nascimento. Esse \u00e9 o objetivo do curso de orienta\u00e7\u00e3o para preparo de parto e nascimento, que estreou no Hospital Materno Infantil de Bras\u00edlia (Hmib) em 2001 e, hoje, \u00e9 ministrado em diversas unidades hospitalares. A enfermeira obstetra Gerusa Amaral de Medeiros est\u00e1 na Secretaria de Sa\u00fade (SES) desde 1996 e fez [&hellip;]\" \/>\n<meta property=\"og:url\" content=\"https:\/\/www.notibras.com\/site\/atencao-a-gestante-vai-alem-da-atencao-primaria\/\" \/>\n<meta property=\"og:site_name\" content=\"Notibras\" \/>\n<meta property=\"article:publisher\" content=\"https:\/\/www.facebook.com\/notibras\/\" \/>\n<meta property=\"article:published_time\" content=\"2023-03-18T10:00:16+00:00\" \/>\n<meta property=\"article:modified_time\" content=\"2023-03-19T14:50:24+00:00\" \/>\n<meta property=\"og:image\" content=\"https:\/\/www.notibras.com\/site\/wp-content\/uploads\/2023\/03\/Cha_de_bencao_UBS_1_TaguatingaFranciele_Oliveira-Foto_Tony_Winston-Agencia_Saude_13-1536x1035-1.jpg\" \/>\n\t<meta property=\"og:image:width\" content=\"1536\" \/>\n\t<meta property=\"og:image:height\" content=\"1035\" \/>\n\t<meta property=\"og:image:type\" content=\"image\/jpeg\" \/>\n<meta name=\"author\" content=\"Reda\u00e7\u00e3o\" \/>\n<meta name=\"twitter:card\" content=\"summary_large_image\" \/>\n<meta name=\"twitter:creator\" content=\"@Notibras\" \/>\n<meta name=\"twitter:site\" content=\"@Notibras\" \/>\n<meta name=\"twitter:label1\" content=\"Escrito por\" \/>\n\t<meta name=\"twitter:data1\" content=\"Reda\u00e7\u00e3o\" \/>\n\t<meta name=\"twitter:label2\" content=\"Est. tempo de leitura\" \/>\n\t<meta name=\"twitter:data2\" content=\"4 minutos\" \/>\n<script type=\"application\/ld+json\" class=\"yoast-schema-graph\">{\"@context\":\"https:\/\/schema.org\",\"@graph\":[{\"@type\":\"Article\",\"@id\":\"https:\/\/www.notibras.com\/site\/atencao-a-gestante-vai-alem-da-atencao-primaria\/#article\",\"isPartOf\":{\"@id\":\"https:\/\/www.notibras.com\/site\/atencao-a-gestante-vai-alem-da-atencao-primaria\/\"},\"author\":{\"name\":\"Reda\u00e7\u00e3o\",\"@id\":\"https:\/\/www.notibras.com\/site\/#\/schema\/person\/36ab0979449956132d3e5b517ea76ac8\"},\"headline\":\"Aten\u00e7\u00e3o \u00e0 gestante vai al\u00e9m da aten\u00e7\u00e3o prim\u00e1ria\",\"datePublished\":\"2023-03-18T10:00:16+00:00\",\"dateModified\":\"2023-03-19T14:50:24+00:00\",\"mainEntityOfPage\":{\"@id\":\"https:\/\/www.notibras.com\/site\/atencao-a-gestante-vai-alem-da-atencao-primaria\/\"},\"wordCount\":793,\"publisher\":{\"@id\":\"https:\/\/www.notibras.com\/site\/#organization\"},\"image\":{\"@id\":\"https:\/\/www.notibras.com\/site\/atencao-a-gestante-vai-alem-da-atencao-primaria\/#primaryimage\"},\"thumbnailUrl\":\"https:\/\/www.notibras.com\/site\/wp-content\/uploads\/2023\/03\/Cha_de_bencao_UBS_1_TaguatingaFranciele_Oliveira-Foto_Tony_Winston-Agencia_Saude_13-1536x1035-1.jpg\",\"articleSection\":[\"Quadradinho em Foco\"],\"inLanguage\":\"pt-BR\"},{\"@type\":\"WebPage\",\"@id\":\"https:\/\/www.notibras.com\/site\/atencao-a-gestante-vai-alem-da-atencao-primaria\/\",\"url\":\"https:\/\/www.notibras.com\/site\/atencao-a-gestante-vai-alem-da-atencao-primaria\/\",\"name\":\"Aten\u00e7\u00e3o \u00e0 gestante vai al\u00e9m da aten\u00e7\u00e3o prim\u00e1ria - Notibras\",\"isPartOf\":{\"@id\":\"https:\/\/www.notibras.com\/site\/#website\"},\"primaryImageOfPage\":{\"@id\":\"https:\/\/www.notibras.com\/site\/atencao-a-gestante-vai-alem-da-atencao-primaria\/#primaryimage\"},\"image\":{\"@id\":\"https:\/\/www.notibras.com\/site\/atencao-a-gestante-vai-alem-da-atencao-primaria\/#primaryimage\"},\"thumbnailUrl\":\"https:\/\/www.notibras.com\/site\/wp-content\/uploads\/2023\/03\/Cha_de_bencao_UBS_1_TaguatingaFranciele_Oliveira-Foto_Tony_Winston-Agencia_Saude_13-1536x1035-1.jpg\",\"datePublished\":\"2023-03-18T10:00:16+00:00\",\"dateModified\":\"2023-03-19T14:50:24+00:00\",\"breadcrumb\":{\"@id\":\"https:\/\/www.notibras.com\/site\/atencao-a-gestante-vai-alem-da-atencao-primaria\/#breadcrumb\"},\"inLanguage\":\"pt-BR\",\"potentialAction\":[{\"@type\":\"ReadAction\",\"target\":[\"https:\/\/www.notibras.com\/site\/atencao-a-gestante-vai-alem-da-atencao-primaria\/\"]}]},{\"@type\":\"ImageObject\",\"inLanguage\":\"pt-BR\",\"@id\":\"https:\/\/www.notibras.com\/site\/atencao-a-gestante-vai-alem-da-atencao-primaria\/#primaryimage\",\"url\":\"https:\/\/www.notibras.com\/site\/wp-content\/uploads\/2023\/03\/Cha_de_bencao_UBS_1_TaguatingaFranciele_Oliveira-Foto_Tony_Winston-Agencia_Saude_13-1536x1035-1.jpg\",\"contentUrl\":\"https:\/\/www.notibras.com\/site\/wp-content\/uploads\/2023\/03\/Cha_de_bencao_UBS_1_TaguatingaFranciele_Oliveira-Foto_Tony_Winston-Agencia_Saude_13-1536x1035-1.jpg\",\"width\":1536,\"height\":1035},{\"@type\":\"BreadcrumbList\",\"@id\":\"https:\/\/www.notibras.com\/site\/atencao-a-gestante-vai-alem-da-atencao-primaria\/#breadcrumb\",\"itemListElement\":[{\"@type\":\"ListItem\",\"position\":1,\"name\":\"In\u00edcio\",\"item\":\"https:\/\/www.notibras.com\/site\/\"},{\"@type\":\"ListItem\",\"position\":2,\"name\":\"Aten\u00e7\u00e3o \u00e0 gestante vai al\u00e9m da aten\u00e7\u00e3o prim\u00e1ria\"}]},{\"@type\":\"WebSite\",\"@id\":\"https:\/\/www.notibras.com\/site\/#website\",\"url\":\"https:\/\/www.notibras.com\/site\/\",\"name\":\"Notibras\",\"description\":\"Not\u00edcias de Bras\u00edlia, do Brasil e do Mundo\",\"publisher\":{\"@id\":\"https:\/\/www.notibras.com\/site\/#organization\"},\"potentialAction\":[{\"@type\":\"SearchAction\",\"target\":{\"@type\":\"EntryPoint\",\"urlTemplate\":\"https:\/\/www.notibras.com\/site\/?s={search_term_string}\"},\"query-input\":{\"@type\":\"PropertyValueSpecification\",\"valueRequired\":true,\"valueName\":\"search_term_string\"}}],\"inLanguage\":\"pt-BR\"},{\"@type\":\"Organization\",\"@id\":\"https:\/\/www.notibras.com\/site\/#organization\",\"name\":\"Grupo Notibras de Comunica\u00e7\u00e3o\",\"url\":\"https:\/\/www.notibras.com\/site\/\",\"logo\":{\"@type\":\"ImageObject\",\"inLanguage\":\"pt-BR\",\"@id\":\"https:\/\/www.notibras.com\/site\/#\/schema\/logo\/image\/\",\"url\":\"https:\/\/www.notibras.com\/site\/wp-content\/uploads\/2023\/01\/notibras23.png\",\"contentUrl\":\"https:\/\/www.notibras.com\/site\/wp-content\/uploads\/2023\/01\/notibras23.png\",\"width\":350,\"height\":87,\"caption\":\"Grupo Notibras de Comunica\u00e7\u00e3o\"},\"image\":{\"@id\":\"https:\/\/www.notibras.com\/site\/#\/schema\/logo\/image\/\"},\"sameAs\":[\"https:\/\/www.facebook.com\/notibras\/\",\"https:\/\/x.com\/Notibras\",\"https:\/\/www.instagram.com\/notibras\/\"]},{\"@type\":\"Person\",\"@id\":\"https:\/\/www.notibras.com\/site\/#\/schema\/person\/36ab0979449956132d3e5b517ea76ac8\",\"name\":\"Reda\u00e7\u00e3o\",\"image\":{\"@type\":\"ImageObject\",\"inLanguage\":\"pt-BR\",\"@id\":\"https:\/\/secure.gravatar.com\/avatar\/e0a867bdedb85fd243eadf09663511f96fc81e0720a4a42581f334ad4303aa6b?s=96&d=mm&r=g\",\"url\":\"https:\/\/secure.gravatar.com\/avatar\/e0a867bdedb85fd243eadf09663511f96fc81e0720a4a42581f334ad4303aa6b?s=96&d=mm&r=g\",\"contentUrl\":\"https:\/\/secure.gravatar.com\/avatar\/e0a867bdedb85fd243eadf09663511f96fc81e0720a4a42581f334ad4303aa6b?s=96&d=mm&r=g\",\"caption\":\"Reda\u00e7\u00e3o\"}}]}<\/script>\n<!-- \/ Yoast SEO plugin. -->","yoast_head_json":{"title":"Aten\u00e7\u00e3o \u00e0 gestante vai al\u00e9m da aten\u00e7\u00e3o prim\u00e1ria - Notibras","robots":{"index":"index","follow":"follow","max-snippet":"max-snippet:-1","max-image-preview":"max-image-preview:large","max-video-preview":"max-video-preview:-1"},"canonical":"https:\/\/www.notibras.com\/site\/atencao-a-gestante-vai-alem-da-atencao-primaria\/","og_locale":"pt_BR","og_type":"article","og_title":"Aten\u00e7\u00e3o \u00e0 gestante vai al\u00e9m da aten\u00e7\u00e3o prim\u00e1ria - Notibras","og_description":"Desmistificar o processo de nascimento. Esse \u00e9 o objetivo do curso de orienta\u00e7\u00e3o para preparo de parto e nascimento, que estreou no Hospital Materno Infantil de Bras\u00edlia (Hmib) em 2001 e, hoje, \u00e9 ministrado em diversas unidades hospitalares. A enfermeira obstetra Gerusa Amaral de Medeiros est\u00e1 na Secretaria de Sa\u00fade (SES) desde 1996 e fez [&hellip;]","og_url":"https:\/\/www.notibras.com\/site\/atencao-a-gestante-vai-alem-da-atencao-primaria\/","og_site_name":"Notibras","article_publisher":"https:\/\/www.facebook.com\/notibras\/","article_published_time":"2023-03-18T10:00:16+00:00","article_modified_time":"2023-03-19T14:50:24+00:00","og_image":[{"width":1536,"height":1035,"url":"https:\/\/www.notibras.com\/site\/wp-content\/uploads\/2023\/03\/Cha_de_bencao_UBS_1_TaguatingaFranciele_Oliveira-Foto_Tony_Winston-Agencia_Saude_13-1536x1035-1.jpg","type":"image\/jpeg"}],"author":"Reda\u00e7\u00e3o","twitter_card":"summary_large_image","twitter_creator":"@Notibras","twitter_site":"@Notibras","twitter_misc":{"Escrito por":"Reda\u00e7\u00e3o","Est. tempo de leitura":"4 minutos"},"schema":{"@context":"https:\/\/schema.org","@graph":[{"@type":"Article","@id":"https:\/\/www.notibras.com\/site\/atencao-a-gestante-vai-alem-da-atencao-primaria\/#article","isPartOf":{"@id":"https:\/\/www.notibras.com\/site\/atencao-a-gestante-vai-alem-da-atencao-primaria\/"},"author":{"name":"Reda\u00e7\u00e3o","@id":"https:\/\/www.notibras.com\/site\/#\/schema\/person\/36ab0979449956132d3e5b517ea76ac8"},"headline":"Aten\u00e7\u00e3o \u00e0 gestante vai al\u00e9m da aten\u00e7\u00e3o prim\u00e1ria","datePublished":"2023-03-18T10:00:16+00:00","dateModified":"2023-03-19T14:50:24+00:00","mainEntityOfPage":{"@id":"https:\/\/www.notibras.com\/site\/atencao-a-gestante-vai-alem-da-atencao-primaria\/"},"wordCount":793,"publisher":{"@id":"https:\/\/www.notibras.com\/site\/#organization"},"image":{"@id":"https:\/\/www.notibras.com\/site\/atencao-a-gestante-vai-alem-da-atencao-primaria\/#primaryimage"},"thumbnailUrl":"https:\/\/www.notibras.com\/site\/wp-content\/uploads\/2023\/03\/Cha_de_bencao_UBS_1_TaguatingaFranciele_Oliveira-Foto_Tony_Winston-Agencia_Saude_13-1536x1035-1.jpg","articleSection":["Quadradinho em Foco"],"inLanguage":"pt-BR"},{"@type":"WebPage","@id":"https:\/\/www.notibras.com\/site\/atencao-a-gestante-vai-alem-da-atencao-primaria\/","url":"https:\/\/www.notibras.com\/site\/atencao-a-gestante-vai-alem-da-atencao-primaria\/","name":"Aten\u00e7\u00e3o \u00e0 gestante vai al\u00e9m da aten\u00e7\u00e3o prim\u00e1ria - Notibras","isPartOf":{"@id":"https:\/\/www.notibras.com\/site\/#website"},"primaryImageOfPage":{"@id":"https:\/\/www.notibras.com\/site\/atencao-a-gestante-vai-alem-da-atencao-primaria\/#primaryimage"},"image":{"@id":"https:\/\/www.notibras.com\/site\/atencao-a-gestante-vai-alem-da-atencao-primaria\/#primaryimage"},"thumbnailUrl":"https:\/\/www.notibras.com\/site\/wp-content\/uploads\/2023\/03\/Cha_de_bencao_UBS_1_TaguatingaFranciele_Oliveira-Foto_Tony_Winston-Agencia_Saude_13-1536x1035-1.jpg","datePublished":"2023-03-18T10:00:16+00:00","dateModified":"2023-03-19T14:50:24+00:00","breadcrumb":{"@id":"https:\/\/www.notibras.com\/site\/atencao-a-gestante-vai-alem-da-atencao-primaria\/#breadcrumb"},"inLanguage":"pt-BR","potentialAction":[{"@type":"ReadAction","target":["https:\/\/www.notibras.com\/site\/atencao-a-gestante-vai-alem-da-atencao-primaria\/"]}]},{"@type":"ImageObject","inLanguage":"pt-BR","@id":"https:\/\/www.notibras.com\/site\/atencao-a-gestante-vai-alem-da-atencao-primaria\/#primaryimage","url":"https:\/\/www.notibras.com\/site\/wp-content\/uploads\/2023\/03\/Cha_de_bencao_UBS_1_TaguatingaFranciele_Oliveira-Foto_Tony_Winston-Agencia_Saude_13-1536x1035-1.jpg","contentUrl":"https:\/\/www.notibras.com\/site\/wp-content\/uploads\/2023\/03\/Cha_de_bencao_UBS_1_TaguatingaFranciele_Oliveira-Foto_Tony_Winston-Agencia_Saude_13-1536x1035-1.jpg","width":1536,"height":1035},{"@type":"BreadcrumbList","@id":"https:\/\/www.notibras.com\/site\/atencao-a-gestante-vai-alem-da-atencao-primaria\/#breadcrumb","itemListElement":[{"@type":"ListItem","position":1,"name":"In\u00edcio","item":"https:\/\/www.notibras.com\/site\/"},{"@type":"ListItem","position":2,"name":"Aten\u00e7\u00e3o \u00e0 gestante vai al\u00e9m da aten\u00e7\u00e3o prim\u00e1ria"}]},{"@type":"WebSite","@id":"https:\/\/www.notibras.com\/site\/#website","url":"https:\/\/www.notibras.com\/site\/","name":"Notibras","description":"Not\u00edcias de Bras\u00edlia, do Brasil e do Mundo","publisher":{"@id":"https:\/\/www.notibras.com\/site\/#organization"},"potentialAction":[{"@type":"SearchAction","target":{"@type":"EntryPoint","urlTemplate":"https:\/\/www.notibras.com\/site\/?s={search_term_string}"},"query-input":{"@type":"PropertyValueSpecification","valueRequired":true,"valueName":"search_term_string"}}],"inLanguage":"pt-BR"},{"@type":"Organization","@id":"https:\/\/www.notibras.com\/site\/#organization","name":"Grupo Notibras de Comunica\u00e7\u00e3o","url":"https:\/\/www.notibras.com\/site\/","logo":{"@type":"ImageObject","inLanguage":"pt-BR","@id":"https:\/\/www.notibras.com\/site\/#\/schema\/logo\/image\/","url":"https:\/\/www.notibras.com\/site\/wp-content\/uploads\/2023\/01\/notibras23.png","contentUrl":"https:\/\/www.notibras.com\/site\/wp-content\/uploads\/2023\/01\/notibras23.png","width":350,"height":87,"caption":"Grupo Notibras de Comunica\u00e7\u00e3o"},"image":{"@id":"https:\/\/www.notibras.com\/site\/#\/schema\/logo\/image\/"},"sameAs":["https:\/\/www.facebook.com\/notibras\/","https:\/\/x.com\/Notibras","https:\/\/www.instagram.com\/notibras\/"]},{"@type":"Person","@id":"https:\/\/www.notibras.com\/site\/#\/schema\/person\/36ab0979449956132d3e5b517ea76ac8","name":"Reda\u00e7\u00e3o","image":{"@type":"ImageObject","inLanguage":"pt-BR","@id":"https:\/\/secure.gravatar.com\/avatar\/e0a867bdedb85fd243eadf09663511f96fc81e0720a4a42581f334ad4303aa6b?s=96&d=mm&r=g","url":"https:\/\/secure.gravatar.com\/avatar\/e0a867bdedb85fd243eadf09663511f96fc81e0720a4a42581f334ad4303aa6b?s=96&d=mm&r=g","contentUrl":"https:\/\/secure.gravatar.com\/avatar\/e0a867bdedb85fd243eadf09663511f96fc81e0720a4a42581f334ad4303aa6b?s=96&d=mm&r=g","caption":"Reda\u00e7\u00e3o"}}]}},"amp_enabled":true,"_links":{"self":[{"href":"https:\/\/www.notibras.com\/site\/wp-json\/wp\/v2\/posts\/301331","targetHints":{"allow":["GET"]}}],"collection":[{"href":"https:\/\/www.notibras.com\/site\/wp-json\/wp\/v2\/posts"}],"about":[{"href":"https:\/\/www.notibras.com\/site\/wp-json\/wp\/v2\/types\/post"}],"author":[{"embeddable":true,"href":"https:\/\/www.notibras.com\/site\/wp-json\/wp\/v2\/users\/2"}],"replies":[{"embeddable":true,"href":"https:\/\/www.notibras.com\/site\/wp-json\/wp\/v2\/comments?post=301331"}],"version-history":[{"count":1,"href":"https:\/\/www.notibras.com\/site\/wp-json\/wp\/v2\/posts\/301331\/revisions"}],"predecessor-version":[{"id":301333,"href":"https:\/\/www.notibras.com\/site\/wp-json\/wp\/v2\/posts\/301331\/revisions\/301333"}],"wp:featuredmedia":[{"embeddable":true,"href":"https:\/\/www.notibras.com\/site\/wp-json\/wp\/v2\/media\/301332"}],"wp:attachment":[{"href":"https:\/\/www.notibras.com\/site\/wp-json\/wp\/v2\/media?parent=301331"}],"wp:term":[{"taxonomy":"category","embeddable":true,"href":"https:\/\/www.notibras.com\/site\/wp-json\/wp\/v2\/categories?post=301331"},{"taxonomy":"post_tag","embeddable":true,"href":"https:\/\/www.notibras.com\/site\/wp-json\/wp\/v2\/tags?post=301331"}],"curies":[{"name":"wp","href":"https:\/\/api.w.org\/{rel}","templated":true}]}}