{"id":301340,"date":"2023-03-18T06:59:14","date_gmt":"2023-03-18T09:59:14","guid":{"rendered":"https:\/\/www.notibras.com\/site\/?p=301340"},"modified":"2023-03-19T11:52:30","modified_gmt":"2023-03-19T14:52:30","slug":"fim-de-semana-sera-especial-para-vacinar-criancas","status":"publish","type":"post","link":"https:\/\/www.notibras.com\/site\/fim-de-semana-sera-especial-para-vacinar-criancas\/","title":{"rendered":"Fim de semana ser\u00e1 especial para vacinar crian\u00e7as"},"content":{"rendered":"<p>O fim de semana ser\u00e1 repleto de oportunidades para quem quiser atualizar o cart\u00e3o de vacina, com 19 locais de atendimento neste s\u00e1bado (18), incluindo escolas, shopping, supermercados e unidades de sa\u00fade. O destaque, por\u00e9m, fica para o domingo (19): das 9h \u00e0s 17h, uma equipe de 50 servidores da Secretaria de Sa\u00fade estar\u00e1 no Zool\u00f3gico com vacinas contra a covid-19 e imunizantes do calend\u00e1rio de vacina\u00e7\u00e3o para todas as faixas et\u00e1rias, dos beb\u00eas aos idosos. Quem for se vacinar ter\u00e1 entrada gratuita. Crian\u00e7as de at\u00e9 12 anos ter\u00e3o direito a um acompanhante, tamb\u00e9m com entrada gratuita.<\/p>\n<p>Vacina\u00e7\u00e3o de crian\u00e7as e adultos no Zool\u00f3gico neste domingo (19), das 9h \u00e0s 17h | Foto: Tony Winston\/Ag\u00eancia Sa\u00fade<br \/>\n\u201cA vacina\u00e7\u00e3o \u00e9 fundamental para as crian\u00e7as, e a maior parte do p\u00fablico do Zool\u00f3gico \u00e9 composto por elas. Ent\u00e3o essa uni\u00e3o, al\u00e9m de trazer imuniza\u00e7\u00e3o para os pequenos, traz muita divers\u00e3o e ensina os pequenos a respeitar a natureza, compreender a import\u00e2ncia de preservar as esp\u00e9cies\u201d, afirma o diretor-presidente do Zool\u00f3gico, Raul Gonzalez Acosta.<\/p>\n<p>\u201cO que a gente espera nesta a\u00e7\u00e3o \u00e9 que a gente consiga alcan\u00e7ar aquelas pessoas que n\u00e3o podem durante a semana ir a uma das nossas salas de vacina\u201d, explica o diretor de Aten\u00e7\u00e3o Prim\u00e1ria da Regi\u00e3o Centro-Sul de Sa\u00fade, Luiz Henrique. A expectativa \u00e9 a de atender fam\u00edlias inteiras de todo o Distrito Federal.<\/p>\n<p>No Zool\u00f3gico, estar\u00e3o dispon\u00edveis vacinas contra a covid-19 para beb\u00eas a partir dos seis meses, crian\u00e7as, adolescentes, adultos e idosos, sempre conforme o esquema vacinal preconizado para cada idade. Quem tem de cinco a 39 anos poder\u00e1 receber a primeira dose, a segunda dose ou o refor\u00e7o. Dos 40 aos 59 anos tamb\u00e9m haver\u00e1 a oferta do segundo refor\u00e7o. Acima dos 60 anos, ser\u00e1 aplicada a vacina bivalente. J\u00e1 as crian\u00e7as de seis meses a quatro anos e onze meses podem tomar a primeira, a segunda ou a terceira dose da Pfizer Baby.<\/p>\n<p>No Zoo, a equipe da Secretaria de Sa\u00fade poder\u00e1 indicar os imunizantes a serem aplicados em cada pessoa<br \/>\nQuanto ao calend\u00e1rio de vacina\u00e7\u00e3o, v\u00e3o ser 16 imunizantes diferentes, entre hepatite A e B, p\u00f3lio, meningoc\u00f3cica, pneumoc\u00f3cica, febre amarela, tr\u00edplice viral, varicela, HPV e dTpa, entre outras. H\u00e1 indica\u00e7\u00f5es espec\u00edficas para cada faixa et\u00e1ria, bem como para mulheres gestantes e pu\u00e9rperas. No pr\u00f3prio Zool\u00f3gico, a equipe da Secretaria de Sa\u00fade poder\u00e1 indicar os imunizantes a serem aplicados em cada pessoa. \u00c9 necess\u00e1rio levar documento de identidade e, se tiver, o cart\u00e3o de vacina. Caso a pessoa n\u00e3o tenha o cart\u00e3o, ser\u00e3o aplicadas as doses indicadas para a sua faixa et\u00e1ria.<\/p>\n<p>Em 4 de dezembro, uma a\u00e7\u00e3o semelhante realizada no Zool\u00f3gico registrou 1.522 doses aplicadas, 1.092 apenas contra a covid-19.<\/p>\n<p>No s\u00e1bado, o atendimento ocorre a partir das 8h em 19 locais em v\u00e1rias regi\u00f5es administrativas. H\u00e1 op\u00e7\u00f5es em unidades b\u00e1sicas de sa\u00fade (UBSs) da Asa Sul, Asa Norte, Santa Maria, Gama, Riacho Fundo, N\u00facleo Bandeirante, Guar\u00e1, Estrutural e Ceil\u00e2ndia. Tamb\u00e9m haver\u00e1 atendimento no Bras\u00edlia Shopping (Plano Piloto), em uma quadra comercial de Santa Maria, em supermercados Atacad\u00e3o Dia a Dia (Ceil\u00e2ndia), na Pra\u00e7a do DI (Taguatinga) e em escolas de Planaltina e Santa Maria.<\/p>\n","protected":false},"excerpt":{"rendered":"<p>O fim de semana ser\u00e1 repleto de oportunidades para quem quiser atualizar o cart\u00e3o de vacina, com 19 locais de atendimento neste s\u00e1bado (18), incluindo escolas, shopping, supermercados e unidades de sa\u00fade. O destaque, por\u00e9m, fica para o domingo (19): das 9h \u00e0s 17h, uma equipe de 50 servidores da Secretaria de Sa\u00fade estar\u00e1 no [&hellip;]<\/p>\n","protected":false},"author":2,"featured_media":301341,"comment_status":"closed","ping_status":"closed","sticky":false,"template":"","format":"standard","meta":{"_acf_changed":false,"footnotes":""},"categories":[161],"tags":[],"class_list":["post-301340","post","type-post","status-publish","format-standard","has-post-thumbnail","hentry","category-quadradinho-em-foco"],"acf":[],"yoast_head":"<!-- This site is optimized with the Yoast SEO plugin v27.2 - https:\/\/yoast.com\/product\/yoast-seo-wordpress\/ -->\n<title>Fim de semana ser\u00e1 especial para vacinar crian\u00e7as - Notibras<\/title>\n<meta name=\"robots\" content=\"index, follow, max-snippet:-1, max-image-preview:large, max-video-preview:-1\" \/>\n<link rel=\"canonical\" href=\"https:\/\/www.notibras.com\/site\/fim-de-semana-sera-especial-para-vacinar-criancas\/\" \/>\n<meta property=\"og:locale\" content=\"pt_BR\" \/>\n<meta property=\"og:type\" content=\"article\" \/>\n<meta property=\"og:title\" content=\"Fim de semana ser\u00e1 especial para vacinar crian\u00e7as - Notibras\" \/>\n<meta property=\"og:description\" content=\"O fim de semana ser\u00e1 repleto de oportunidades para quem quiser atualizar o cart\u00e3o de vacina, com 19 locais de atendimento neste s\u00e1bado (18), incluindo escolas, shopping, supermercados e unidades de sa\u00fade. O destaque, por\u00e9m, fica para o domingo (19): das 9h \u00e0s 17h, uma equipe de 50 servidores da Secretaria de Sa\u00fade estar\u00e1 no [&hellip;]\" \/>\n<meta property=\"og:url\" content=\"https:\/\/www.notibras.com\/site\/fim-de-semana-sera-especial-para-vacinar-criancas\/\" \/>\n<meta property=\"og:site_name\" content=\"Notibras\" \/>\n<meta property=\"article:publisher\" content=\"https:\/\/www.facebook.com\/notibras\/\" \/>\n<meta property=\"article:published_time\" content=\"2023-03-18T09:59:14+00:00\" \/>\n<meta property=\"article:modified_time\" content=\"2023-03-19T14:52:30+00:00\" \/>\n<meta property=\"og:image\" content=\"https:\/\/www.notibras.com\/site\/wp-content\/uploads\/2023\/03\/4.12.22-Vacinacao-em-criancas-e-adultos-no-Jardim-Zoologico-Fotos-Tony-winston-Agencia-Saude-1.jpg\" \/>\n\t<meta property=\"og:image:width\" content=\"927\" \/>\n\t<meta property=\"og:image:height\" content=\"612\" \/>\n\t<meta property=\"og:image:type\" content=\"image\/jpeg\" \/>\n<meta name=\"author\" content=\"Reda\u00e7\u00e3o\" \/>\n<meta name=\"twitter:card\" content=\"summary_large_image\" \/>\n<meta name=\"twitter:creator\" content=\"@Notibras\" \/>\n<meta name=\"twitter:site\" content=\"@Notibras\" \/>\n<meta name=\"twitter:label1\" content=\"Escrito por\" \/>\n\t<meta name=\"twitter:data1\" content=\"Reda\u00e7\u00e3o\" \/>\n\t<meta name=\"twitter:label2\" content=\"Est. tempo de leitura\" \/>\n\t<meta name=\"twitter:data2\" content=\"3 minutos\" \/>\n<script type=\"application\/ld+json\" class=\"yoast-schema-graph\">{\"@context\":\"https:\/\/schema.org\",\"@graph\":[{\"@type\":\"Article\",\"@id\":\"https:\/\/www.notibras.com\/site\/fim-de-semana-sera-especial-para-vacinar-criancas\/#article\",\"isPartOf\":{\"@id\":\"https:\/\/www.notibras.com\/site\/fim-de-semana-sera-especial-para-vacinar-criancas\/\"},\"author\":{\"name\":\"Reda\u00e7\u00e3o\",\"@id\":\"https:\/\/www.notibras.com\/site\/#\/schema\/person\/36ab0979449956132d3e5b517ea76ac8\"},\"headline\":\"Fim de semana ser\u00e1 especial para vacinar crian\u00e7as\",\"datePublished\":\"2023-03-18T09:59:14+00:00\",\"dateModified\":\"2023-03-19T14:52:30+00:00\",\"mainEntityOfPage\":{\"@id\":\"https:\/\/www.notibras.com\/site\/fim-de-semana-sera-especial-para-vacinar-criancas\/\"},\"wordCount\":594,\"publisher\":{\"@id\":\"https:\/\/www.notibras.com\/site\/#organization\"},\"image\":{\"@id\":\"https:\/\/www.notibras.com\/site\/fim-de-semana-sera-especial-para-vacinar-criancas\/#primaryimage\"},\"thumbnailUrl\":\"https:\/\/www.notibras.com\/site\/wp-content\/uploads\/2023\/03\/4.12.22-Vacinacao-em-criancas-e-adultos-no-Jardim-Zoologico-Fotos-Tony-winston-Agencia-Saude-1.jpg\",\"articleSection\":[\"Quadradinho em Foco\"],\"inLanguage\":\"pt-BR\"},{\"@type\":\"WebPage\",\"@id\":\"https:\/\/www.notibras.com\/site\/fim-de-semana-sera-especial-para-vacinar-criancas\/\",\"url\":\"https:\/\/www.notibras.com\/site\/fim-de-semana-sera-especial-para-vacinar-criancas\/\",\"name\":\"Fim de semana ser\u00e1 especial para vacinar crian\u00e7as - Notibras\",\"isPartOf\":{\"@id\":\"https:\/\/www.notibras.com\/site\/#website\"},\"primaryImageOfPage\":{\"@id\":\"https:\/\/www.notibras.com\/site\/fim-de-semana-sera-especial-para-vacinar-criancas\/#primaryimage\"},\"image\":{\"@id\":\"https:\/\/www.notibras.com\/site\/fim-de-semana-sera-especial-para-vacinar-criancas\/#primaryimage\"},\"thumbnailUrl\":\"https:\/\/www.notibras.com\/site\/wp-content\/uploads\/2023\/03\/4.12.22-Vacinacao-em-criancas-e-adultos-no-Jardim-Zoologico-Fotos-Tony-winston-Agencia-Saude-1.jpg\",\"datePublished\":\"2023-03-18T09:59:14+00:00\",\"dateModified\":\"2023-03-19T14:52:30+00:00\",\"breadcrumb\":{\"@id\":\"https:\/\/www.notibras.com\/site\/fim-de-semana-sera-especial-para-vacinar-criancas\/#breadcrumb\"},\"inLanguage\":\"pt-BR\",\"potentialAction\":[{\"@type\":\"ReadAction\",\"target\":[\"https:\/\/www.notibras.com\/site\/fim-de-semana-sera-especial-para-vacinar-criancas\/\"]}]},{\"@type\":\"ImageObject\",\"inLanguage\":\"pt-BR\",\"@id\":\"https:\/\/www.notibras.com\/site\/fim-de-semana-sera-especial-para-vacinar-criancas\/#primaryimage\",\"url\":\"https:\/\/www.notibras.com\/site\/wp-content\/uploads\/2023\/03\/4.12.22-Vacinacao-em-criancas-e-adultos-no-Jardim-Zoologico-Fotos-Tony-winston-Agencia-Saude-1.jpg\",\"contentUrl\":\"https:\/\/www.notibras.com\/site\/wp-content\/uploads\/2023\/03\/4.12.22-Vacinacao-em-criancas-e-adultos-no-Jardim-Zoologico-Fotos-Tony-winston-Agencia-Saude-1.jpg\",\"width\":927,\"height\":612},{\"@type\":\"BreadcrumbList\",\"@id\":\"https:\/\/www.notibras.com\/site\/fim-de-semana-sera-especial-para-vacinar-criancas\/#breadcrumb\",\"itemListElement\":[{\"@type\":\"ListItem\",\"position\":1,\"name\":\"In\u00edcio\",\"item\":\"https:\/\/www.notibras.com\/site\/\"},{\"@type\":\"ListItem\",\"position\":2,\"name\":\"Fim de semana ser\u00e1 especial para vacinar crian\u00e7as\"}]},{\"@type\":\"WebSite\",\"@id\":\"https:\/\/www.notibras.com\/site\/#website\",\"url\":\"https:\/\/www.notibras.com\/site\/\",\"name\":\"Notibras\",\"description\":\"Not\u00edcias de Bras\u00edlia, do Brasil e do Mundo\",\"publisher\":{\"@id\":\"https:\/\/www.notibras.com\/site\/#organization\"},\"potentialAction\":[{\"@type\":\"SearchAction\",\"target\":{\"@type\":\"EntryPoint\",\"urlTemplate\":\"https:\/\/www.notibras.com\/site\/?s={search_term_string}\"},\"query-input\":{\"@type\":\"PropertyValueSpecification\",\"valueRequired\":true,\"valueName\":\"search_term_string\"}}],\"inLanguage\":\"pt-BR\"},{\"@type\":\"Organization\",\"@id\":\"https:\/\/www.notibras.com\/site\/#organization\",\"name\":\"Grupo Notibras de Comunica\u00e7\u00e3o\",\"url\":\"https:\/\/www.notibras.com\/site\/\",\"logo\":{\"@type\":\"ImageObject\",\"inLanguage\":\"pt-BR\",\"@id\":\"https:\/\/www.notibras.com\/site\/#\/schema\/logo\/image\/\",\"url\":\"https:\/\/www.notibras.com\/site\/wp-content\/uploads\/2023\/01\/notibras23.png\",\"contentUrl\":\"https:\/\/www.notibras.com\/site\/wp-content\/uploads\/2023\/01\/notibras23.png\",\"width\":350,\"height\":87,\"caption\":\"Grupo Notibras de Comunica\u00e7\u00e3o\"},\"image\":{\"@id\":\"https:\/\/www.notibras.com\/site\/#\/schema\/logo\/image\/\"},\"sameAs\":[\"https:\/\/www.facebook.com\/notibras\/\",\"https:\/\/x.com\/Notibras\",\"https:\/\/www.instagram.com\/notibras\/\"]},{\"@type\":\"Person\",\"@id\":\"https:\/\/www.notibras.com\/site\/#\/schema\/person\/36ab0979449956132d3e5b517ea76ac8\",\"name\":\"Reda\u00e7\u00e3o\",\"image\":{\"@type\":\"ImageObject\",\"inLanguage\":\"pt-BR\",\"@id\":\"https:\/\/secure.gravatar.com\/avatar\/e0a867bdedb85fd243eadf09663511f96fc81e0720a4a42581f334ad4303aa6b?s=96&d=mm&r=g\",\"url\":\"https:\/\/secure.gravatar.com\/avatar\/e0a867bdedb85fd243eadf09663511f96fc81e0720a4a42581f334ad4303aa6b?s=96&d=mm&r=g\",\"contentUrl\":\"https:\/\/secure.gravatar.com\/avatar\/e0a867bdedb85fd243eadf09663511f96fc81e0720a4a42581f334ad4303aa6b?s=96&d=mm&r=g\",\"caption\":\"Reda\u00e7\u00e3o\"}}]}<\/script>\n<!-- \/ Yoast SEO plugin. -->","yoast_head_json":{"title":"Fim de semana ser\u00e1 especial para vacinar crian\u00e7as - Notibras","robots":{"index":"index","follow":"follow","max-snippet":"max-snippet:-1","max-image-preview":"max-image-preview:large","max-video-preview":"max-video-preview:-1"},"canonical":"https:\/\/www.notibras.com\/site\/fim-de-semana-sera-especial-para-vacinar-criancas\/","og_locale":"pt_BR","og_type":"article","og_title":"Fim de semana ser\u00e1 especial para vacinar crian\u00e7as - Notibras","og_description":"O fim de semana ser\u00e1 repleto de oportunidades para quem quiser atualizar o cart\u00e3o de vacina, com 19 locais de atendimento neste s\u00e1bado (18), incluindo escolas, shopping, supermercados e unidades de sa\u00fade. O destaque, por\u00e9m, fica para o domingo (19): das 9h \u00e0s 17h, uma equipe de 50 servidores da Secretaria de Sa\u00fade estar\u00e1 no [&hellip;]","og_url":"https:\/\/www.notibras.com\/site\/fim-de-semana-sera-especial-para-vacinar-criancas\/","og_site_name":"Notibras","article_publisher":"https:\/\/www.facebook.com\/notibras\/","article_published_time":"2023-03-18T09:59:14+00:00","article_modified_time":"2023-03-19T14:52:30+00:00","og_image":[{"width":927,"height":612,"url":"https:\/\/www.notibras.com\/site\/wp-content\/uploads\/2023\/03\/4.12.22-Vacinacao-em-criancas-e-adultos-no-Jardim-Zoologico-Fotos-Tony-winston-Agencia-Saude-1.jpg","type":"image\/jpeg"}],"author":"Reda\u00e7\u00e3o","twitter_card":"summary_large_image","twitter_creator":"@Notibras","twitter_site":"@Notibras","twitter_misc":{"Escrito por":"Reda\u00e7\u00e3o","Est. tempo de leitura":"3 minutos"},"schema":{"@context":"https:\/\/schema.org","@graph":[{"@type":"Article","@id":"https:\/\/www.notibras.com\/site\/fim-de-semana-sera-especial-para-vacinar-criancas\/#article","isPartOf":{"@id":"https:\/\/www.notibras.com\/site\/fim-de-semana-sera-especial-para-vacinar-criancas\/"},"author":{"name":"Reda\u00e7\u00e3o","@id":"https:\/\/www.notibras.com\/site\/#\/schema\/person\/36ab0979449956132d3e5b517ea76ac8"},"headline":"Fim de semana ser\u00e1 especial para vacinar crian\u00e7as","datePublished":"2023-03-18T09:59:14+00:00","dateModified":"2023-03-19T14:52:30+00:00","mainEntityOfPage":{"@id":"https:\/\/www.notibras.com\/site\/fim-de-semana-sera-especial-para-vacinar-criancas\/"},"wordCount":594,"publisher":{"@id":"https:\/\/www.notibras.com\/site\/#organization"},"image":{"@id":"https:\/\/www.notibras.com\/site\/fim-de-semana-sera-especial-para-vacinar-criancas\/#primaryimage"},"thumbnailUrl":"https:\/\/www.notibras.com\/site\/wp-content\/uploads\/2023\/03\/4.12.22-Vacinacao-em-criancas-e-adultos-no-Jardim-Zoologico-Fotos-Tony-winston-Agencia-Saude-1.jpg","articleSection":["Quadradinho em Foco"],"inLanguage":"pt-BR"},{"@type":"WebPage","@id":"https:\/\/www.notibras.com\/site\/fim-de-semana-sera-especial-para-vacinar-criancas\/","url":"https:\/\/www.notibras.com\/site\/fim-de-semana-sera-especial-para-vacinar-criancas\/","name":"Fim de semana ser\u00e1 especial para vacinar crian\u00e7as - Notibras","isPartOf":{"@id":"https:\/\/www.notibras.com\/site\/#website"},"primaryImageOfPage":{"@id":"https:\/\/www.notibras.com\/site\/fim-de-semana-sera-especial-para-vacinar-criancas\/#primaryimage"},"image":{"@id":"https:\/\/www.notibras.com\/site\/fim-de-semana-sera-especial-para-vacinar-criancas\/#primaryimage"},"thumbnailUrl":"https:\/\/www.notibras.com\/site\/wp-content\/uploads\/2023\/03\/4.12.22-Vacinacao-em-criancas-e-adultos-no-Jardim-Zoologico-Fotos-Tony-winston-Agencia-Saude-1.jpg","datePublished":"2023-03-18T09:59:14+00:00","dateModified":"2023-03-19T14:52:30+00:00","breadcrumb":{"@id":"https:\/\/www.notibras.com\/site\/fim-de-semana-sera-especial-para-vacinar-criancas\/#breadcrumb"},"inLanguage":"pt-BR","potentialAction":[{"@type":"ReadAction","target":["https:\/\/www.notibras.com\/site\/fim-de-semana-sera-especial-para-vacinar-criancas\/"]}]},{"@type":"ImageObject","inLanguage":"pt-BR","@id":"https:\/\/www.notibras.com\/site\/fim-de-semana-sera-especial-para-vacinar-criancas\/#primaryimage","url":"https:\/\/www.notibras.com\/site\/wp-content\/uploads\/2023\/03\/4.12.22-Vacinacao-em-criancas-e-adultos-no-Jardim-Zoologico-Fotos-Tony-winston-Agencia-Saude-1.jpg","contentUrl":"https:\/\/www.notibras.com\/site\/wp-content\/uploads\/2023\/03\/4.12.22-Vacinacao-em-criancas-e-adultos-no-Jardim-Zoologico-Fotos-Tony-winston-Agencia-Saude-1.jpg","width":927,"height":612},{"@type":"BreadcrumbList","@id":"https:\/\/www.notibras.com\/site\/fim-de-semana-sera-especial-para-vacinar-criancas\/#breadcrumb","itemListElement":[{"@type":"ListItem","position":1,"name":"In\u00edcio","item":"https:\/\/www.notibras.com\/site\/"},{"@type":"ListItem","position":2,"name":"Fim de semana ser\u00e1 especial para vacinar crian\u00e7as"}]},{"@type":"WebSite","@id":"https:\/\/www.notibras.com\/site\/#website","url":"https:\/\/www.notibras.com\/site\/","name":"Notibras","description":"Not\u00edcias de Bras\u00edlia, do Brasil e do Mundo","publisher":{"@id":"https:\/\/www.notibras.com\/site\/#organization"},"potentialAction":[{"@type":"SearchAction","target":{"@type":"EntryPoint","urlTemplate":"https:\/\/www.notibras.com\/site\/?s={search_term_string}"},"query-input":{"@type":"PropertyValueSpecification","valueRequired":true,"valueName":"search_term_string"}}],"inLanguage":"pt-BR"},{"@type":"Organization","@id":"https:\/\/www.notibras.com\/site\/#organization","name":"Grupo Notibras de Comunica\u00e7\u00e3o","url":"https:\/\/www.notibras.com\/site\/","logo":{"@type":"ImageObject","inLanguage":"pt-BR","@id":"https:\/\/www.notibras.com\/site\/#\/schema\/logo\/image\/","url":"https:\/\/www.notibras.com\/site\/wp-content\/uploads\/2023\/01\/notibras23.png","contentUrl":"https:\/\/www.notibras.com\/site\/wp-content\/uploads\/2023\/01\/notibras23.png","width":350,"height":87,"caption":"Grupo Notibras de Comunica\u00e7\u00e3o"},"image":{"@id":"https:\/\/www.notibras.com\/site\/#\/schema\/logo\/image\/"},"sameAs":["https:\/\/www.facebook.com\/notibras\/","https:\/\/x.com\/Notibras","https:\/\/www.instagram.com\/notibras\/"]},{"@type":"Person","@id":"https:\/\/www.notibras.com\/site\/#\/schema\/person\/36ab0979449956132d3e5b517ea76ac8","name":"Reda\u00e7\u00e3o","image":{"@type":"ImageObject","inLanguage":"pt-BR","@id":"https:\/\/secure.gravatar.com\/avatar\/e0a867bdedb85fd243eadf09663511f96fc81e0720a4a42581f334ad4303aa6b?s=96&d=mm&r=g","url":"https:\/\/secure.gravatar.com\/avatar\/e0a867bdedb85fd243eadf09663511f96fc81e0720a4a42581f334ad4303aa6b?s=96&d=mm&r=g","contentUrl":"https:\/\/secure.gravatar.com\/avatar\/e0a867bdedb85fd243eadf09663511f96fc81e0720a4a42581f334ad4303aa6b?s=96&d=mm&r=g","caption":"Reda\u00e7\u00e3o"}}]}},"amp_enabled":true,"_links":{"self":[{"href":"https:\/\/www.notibras.com\/site\/wp-json\/wp\/v2\/posts\/301340","targetHints":{"allow":["GET"]}}],"collection":[{"href":"https:\/\/www.notibras.com\/site\/wp-json\/wp\/v2\/posts"}],"about":[{"href":"https:\/\/www.notibras.com\/site\/wp-json\/wp\/v2\/types\/post"}],"author":[{"embeddable":true,"href":"https:\/\/www.notibras.com\/site\/wp-json\/wp\/v2\/users\/2"}],"replies":[{"embeddable":true,"href":"https:\/\/www.notibras.com\/site\/wp-json\/wp\/v2\/comments?post=301340"}],"version-history":[{"count":1,"href":"https:\/\/www.notibras.com\/site\/wp-json\/wp\/v2\/posts\/301340\/revisions"}],"predecessor-version":[{"id":301342,"href":"https:\/\/www.notibras.com\/site\/wp-json\/wp\/v2\/posts\/301340\/revisions\/301342"}],"wp:featuredmedia":[{"embeddable":true,"href":"https:\/\/www.notibras.com\/site\/wp-json\/wp\/v2\/media\/301341"}],"wp:attachment":[{"href":"https:\/\/www.notibras.com\/site\/wp-json\/wp\/v2\/media?parent=301340"}],"wp:term":[{"taxonomy":"category","embeddable":true,"href":"https:\/\/www.notibras.com\/site\/wp-json\/wp\/v2\/categories?post=301340"},{"taxonomy":"post_tag","embeddable":true,"href":"https:\/\/www.notibras.com\/site\/wp-json\/wp\/v2\/tags?post=301340"}],"curies":[{"name":"wp","href":"https:\/\/api.w.org\/{rel}","templated":true}]}}