{"id":301350,"date":"2023-03-18T06:07:36","date_gmt":"2023-03-18T09:07:36","guid":{"rendered":"https:\/\/www.notibras.com\/site\/?p=301350"},"modified":"2023-03-18T06:10:14","modified_gmt":"2023-03-18T09:10:14","slug":"corrida-para-tirar-parca-marcelo-da-cela-da-papuda","status":"publish","type":"post","link":"https:\/\/www.notibras.com\/site\/corrida-para-tirar-parca-marcelo-da-cela-da-papuda\/","title":{"rendered":"Corrida para tirar &#8216;par\u00e7a&#8217; Marcelo da cela da Papuda"},"content":{"rendered":"<p>Dois dias ap\u00f3s descobrirem a identidade de Vermelho, os agentes, com todas as provas dispon\u00edveis, marcaram uma reuni\u00e3o com Miranda e Rafael. Tanto o delegado como o escriv\u00e3o ficaram perplexos com a reviravolta do caso do assassinato de Susana.<\/p>\n<p>A perplexidade, todavia, veio acompanhada de uma imensa dose de al\u00edvio, pois todos ali se sentiam extremamente abalados quando um policial era acusado de um crime. N\u00e3o que fossem ing\u00eanuos de acreditar que todos eram cumpridores da lei, mas um caso envolvendo algu\u00e9m t\u00e3o pr\u00f3ximo mexeu com o sentimento deles.<\/p>\n<p>Miranda, que havia sido o relator do inqu\u00e9rito contra Marcelo, sabia que a mera palavra do motorista de Uber n\u00e3o seria suficiente para livrar a cara do colega. O fato de haver v\u00e1rias provas de envolvimento de Dourado Flecha com o tr\u00e1fico de drogas n\u00e3o o colocava como mandante daquela arma\u00e7\u00e3o toda contra Marcelo. Eles precisariam de provas!<\/p>\n<p>Rafael, assim como Miranda, era um especialista em direito penal e direito processual penal. Ele dava aulas em um cursinho preparat\u00f3rio para concursos p\u00fablicos. Por isso, ele concordou com o pensamento do delegado. Seja como for, os quatro teriam que pensar em conjunto para livrar Marcelo das acusa\u00e7\u00f5es injustas e, se poss\u00edvel, conseguir prender Flecha Dourado e toda a corja que o rodeava.<\/p>\n<p>Os quatro homens da lei concordaram que deveriam buscar c\u00e2meras entre o trajeto da casa de Flavio at\u00e9 o apartamento de Marcelo. Essa miss\u00e3o ficaria a cargo de Pedro e Gustavo, enquanto Miranda e Rafael iriam se debru\u00e7ar sobre as investiga\u00e7\u00f5es para tentar encontrar algo que pudesse ser \u00fatil.<\/p>\n<p>Os agentes fizeram e refizeram o caminho mais prov\u00e1vel do trajeto feito entre as duas resid\u00eancias. Anotaram cada c\u00e2mera. Depois fizeram trajetos alternativos que, por ventura, poderiam ter sido tomados pela Hilux e pelo Golf.<\/p>\n<p>Todas essas informa\u00e7\u00f5es foram passadas para Miranda, que expediu uma ordem para averiguar as imagens captadas por cada uma delas. Nada! Nenhuma imagem dos ve\u00edculos. O tempo corria contra Marcelo, que continuava trancafiado naquela cela fria da Papuda.<\/p>\n<p><strong>Domingo, 19, mais um cap\u00edtulo<\/strong><\/p>\n","protected":false},"excerpt":{"rendered":"<p>Dois dias ap\u00f3s descobrirem a identidade de Vermelho, os agentes, com todas as provas dispon\u00edveis, marcaram uma reuni\u00e3o com Miranda e Rafael. Tanto o delegado como o escriv\u00e3o ficaram perplexos com a reviravolta do caso do assassinato de Susana. A perplexidade, todavia, veio acompanhada de uma imensa dose de al\u00edvio, pois todos ali se sentiam [&hellip;]<\/p>\n","protected":false},"author":2,"featured_media":262965,"comment_status":"closed","ping_status":"closed","sticky":false,"template":"","format":"standard","meta":{"_acf_changed":false,"footnotes":""},"categories":[161],"tags":[],"class_list":["post-301350","post","type-post","status-publish","format-standard","has-post-thumbnail","hentry","category-quadradinho-em-foco"],"acf":[],"yoast_head":"<!-- This site is optimized with the Yoast SEO plugin v27.2 - https:\/\/yoast.com\/product\/yoast-seo-wordpress\/ -->\n<title>Corrida para tirar &#039;par\u00e7a&#039; Marcelo da cela da Papuda - Notibras<\/title>\n<meta name=\"robots\" content=\"index, follow, max-snippet:-1, max-image-preview:large, max-video-preview:-1\" \/>\n<link rel=\"canonical\" href=\"https:\/\/www.notibras.com\/site\/corrida-para-tirar-parca-marcelo-da-cela-da-papuda\/\" \/>\n<meta property=\"og:locale\" content=\"pt_BR\" \/>\n<meta property=\"og:type\" content=\"article\" \/>\n<meta property=\"og:title\" content=\"Corrida para tirar &#039;par\u00e7a&#039; Marcelo da cela da Papuda - Notibras\" \/>\n<meta property=\"og:description\" content=\"Dois dias ap\u00f3s descobrirem a identidade de Vermelho, os agentes, com todas as provas dispon\u00edveis, marcaram uma reuni\u00e3o com Miranda e Rafael. Tanto o delegado como o escriv\u00e3o ficaram perplexos com a reviravolta do caso do assassinato de Susana. A perplexidade, todavia, veio acompanhada de uma imensa dose de al\u00edvio, pois todos ali se sentiam [&hellip;]\" \/>\n<meta property=\"og:url\" content=\"https:\/\/www.notibras.com\/site\/corrida-para-tirar-parca-marcelo-da-cela-da-papuda\/\" \/>\n<meta property=\"og:site_name\" content=\"Notibras\" \/>\n<meta property=\"article:publisher\" content=\"https:\/\/www.facebook.com\/notibras\/\" \/>\n<meta property=\"article:published_time\" content=\"2023-03-18T09:07:36+00:00\" \/>\n<meta property=\"article:modified_time\" content=\"2023-03-18T09:10:14+00:00\" \/>\n<meta property=\"og:image\" content=\"https:\/\/www.notibras.com\/site\/wp-content\/uploads\/2021\/07\/homem-preso-1570828473443_v2_1920x1280.jpg\" \/>\n\t<meta property=\"og:image:width\" content=\"1920\" \/>\n\t<meta property=\"og:image:height\" content=\"1280\" \/>\n\t<meta property=\"og:image:type\" content=\"image\/jpeg\" \/>\n<meta name=\"author\" content=\"Reda\u00e7\u00e3o\" \/>\n<meta name=\"twitter:card\" content=\"summary_large_image\" \/>\n<meta name=\"twitter:creator\" content=\"@Notibras\" \/>\n<meta name=\"twitter:site\" content=\"@Notibras\" \/>\n<meta name=\"twitter:label1\" content=\"Escrito por\" \/>\n\t<meta name=\"twitter:data1\" content=\"Reda\u00e7\u00e3o\" \/>\n\t<meta name=\"twitter:label2\" content=\"Est. tempo de leitura\" \/>\n\t<meta name=\"twitter:data2\" content=\"2 minutos\" \/>\n<script type=\"application\/ld+json\" class=\"yoast-schema-graph\">{\"@context\":\"https:\/\/schema.org\",\"@graph\":[{\"@type\":\"Article\",\"@id\":\"https:\/\/www.notibras.com\/site\/corrida-para-tirar-parca-marcelo-da-cela-da-papuda\/#article\",\"isPartOf\":{\"@id\":\"https:\/\/www.notibras.com\/site\/corrida-para-tirar-parca-marcelo-da-cela-da-papuda\/\"},\"author\":{\"name\":\"Reda\u00e7\u00e3o\",\"@id\":\"https:\/\/www.notibras.com\/site\/#\/schema\/person\/36ab0979449956132d3e5b517ea76ac8\"},\"headline\":\"Corrida para tirar &#8216;par\u00e7a&#8217; Marcelo da cela da Papuda\",\"datePublished\":\"2023-03-18T09:07:36+00:00\",\"dateModified\":\"2023-03-18T09:10:14+00:00\",\"mainEntityOfPage\":{\"@id\":\"https:\/\/www.notibras.com\/site\/corrida-para-tirar-parca-marcelo-da-cela-da-papuda\/\"},\"wordCount\":376,\"publisher\":{\"@id\":\"https:\/\/www.notibras.com\/site\/#organization\"},\"image\":{\"@id\":\"https:\/\/www.notibras.com\/site\/corrida-para-tirar-parca-marcelo-da-cela-da-papuda\/#primaryimage\"},\"thumbnailUrl\":\"https:\/\/www.notibras.com\/site\/wp-content\/uploads\/2021\/07\/homem-preso-1570828473443_v2_1920x1280.jpg\",\"articleSection\":[\"Quadradinho em Foco\"],\"inLanguage\":\"pt-BR\"},{\"@type\":\"WebPage\",\"@id\":\"https:\/\/www.notibras.com\/site\/corrida-para-tirar-parca-marcelo-da-cela-da-papuda\/\",\"url\":\"https:\/\/www.notibras.com\/site\/corrida-para-tirar-parca-marcelo-da-cela-da-papuda\/\",\"name\":\"Corrida para tirar 'par\u00e7a' Marcelo da cela da Papuda - Notibras\",\"isPartOf\":{\"@id\":\"https:\/\/www.notibras.com\/site\/#website\"},\"primaryImageOfPage\":{\"@id\":\"https:\/\/www.notibras.com\/site\/corrida-para-tirar-parca-marcelo-da-cela-da-papuda\/#primaryimage\"},\"image\":{\"@id\":\"https:\/\/www.notibras.com\/site\/corrida-para-tirar-parca-marcelo-da-cela-da-papuda\/#primaryimage\"},\"thumbnailUrl\":\"https:\/\/www.notibras.com\/site\/wp-content\/uploads\/2021\/07\/homem-preso-1570828473443_v2_1920x1280.jpg\",\"datePublished\":\"2023-03-18T09:07:36+00:00\",\"dateModified\":\"2023-03-18T09:10:14+00:00\",\"breadcrumb\":{\"@id\":\"https:\/\/www.notibras.com\/site\/corrida-para-tirar-parca-marcelo-da-cela-da-papuda\/#breadcrumb\"},\"inLanguage\":\"pt-BR\",\"potentialAction\":[{\"@type\":\"ReadAction\",\"target\":[\"https:\/\/www.notibras.com\/site\/corrida-para-tirar-parca-marcelo-da-cela-da-papuda\/\"]}]},{\"@type\":\"ImageObject\",\"inLanguage\":\"pt-BR\",\"@id\":\"https:\/\/www.notibras.com\/site\/corrida-para-tirar-parca-marcelo-da-cela-da-papuda\/#primaryimage\",\"url\":\"https:\/\/www.notibras.com\/site\/wp-content\/uploads\/2021\/07\/homem-preso-1570828473443_v2_1920x1280.jpg\",\"contentUrl\":\"https:\/\/www.notibras.com\/site\/wp-content\/uploads\/2021\/07\/homem-preso-1570828473443_v2_1920x1280.jpg\",\"width\":1920,\"height\":1280},{\"@type\":\"BreadcrumbList\",\"@id\":\"https:\/\/www.notibras.com\/site\/corrida-para-tirar-parca-marcelo-da-cela-da-papuda\/#breadcrumb\",\"itemListElement\":[{\"@type\":\"ListItem\",\"position\":1,\"name\":\"In\u00edcio\",\"item\":\"https:\/\/www.notibras.com\/site\/\"},{\"@type\":\"ListItem\",\"position\":2,\"name\":\"Corrida para tirar &#8216;par\u00e7a&#8217; Marcelo da cela da Papuda\"}]},{\"@type\":\"WebSite\",\"@id\":\"https:\/\/www.notibras.com\/site\/#website\",\"url\":\"https:\/\/www.notibras.com\/site\/\",\"name\":\"Notibras\",\"description\":\"Not\u00edcias de Bras\u00edlia, do Brasil e do Mundo\",\"publisher\":{\"@id\":\"https:\/\/www.notibras.com\/site\/#organization\"},\"potentialAction\":[{\"@type\":\"SearchAction\",\"target\":{\"@type\":\"EntryPoint\",\"urlTemplate\":\"https:\/\/www.notibras.com\/site\/?s={search_term_string}\"},\"query-input\":{\"@type\":\"PropertyValueSpecification\",\"valueRequired\":true,\"valueName\":\"search_term_string\"}}],\"inLanguage\":\"pt-BR\"},{\"@type\":\"Organization\",\"@id\":\"https:\/\/www.notibras.com\/site\/#organization\",\"name\":\"Grupo Notibras de Comunica\u00e7\u00e3o\",\"url\":\"https:\/\/www.notibras.com\/site\/\",\"logo\":{\"@type\":\"ImageObject\",\"inLanguage\":\"pt-BR\",\"@id\":\"https:\/\/www.notibras.com\/site\/#\/schema\/logo\/image\/\",\"url\":\"https:\/\/www.notibras.com\/site\/wp-content\/uploads\/2023\/01\/notibras23.png\",\"contentUrl\":\"https:\/\/www.notibras.com\/site\/wp-content\/uploads\/2023\/01\/notibras23.png\",\"width\":350,\"height\":87,\"caption\":\"Grupo Notibras de Comunica\u00e7\u00e3o\"},\"image\":{\"@id\":\"https:\/\/www.notibras.com\/site\/#\/schema\/logo\/image\/\"},\"sameAs\":[\"https:\/\/www.facebook.com\/notibras\/\",\"https:\/\/x.com\/Notibras\",\"https:\/\/www.instagram.com\/notibras\/\"]},{\"@type\":\"Person\",\"@id\":\"https:\/\/www.notibras.com\/site\/#\/schema\/person\/36ab0979449956132d3e5b517ea76ac8\",\"name\":\"Reda\u00e7\u00e3o\",\"image\":{\"@type\":\"ImageObject\",\"inLanguage\":\"pt-BR\",\"@id\":\"https:\/\/secure.gravatar.com\/avatar\/e0a867bdedb85fd243eadf09663511f96fc81e0720a4a42581f334ad4303aa6b?s=96&d=mm&r=g\",\"url\":\"https:\/\/secure.gravatar.com\/avatar\/e0a867bdedb85fd243eadf09663511f96fc81e0720a4a42581f334ad4303aa6b?s=96&d=mm&r=g\",\"contentUrl\":\"https:\/\/secure.gravatar.com\/avatar\/e0a867bdedb85fd243eadf09663511f96fc81e0720a4a42581f334ad4303aa6b?s=96&d=mm&r=g\",\"caption\":\"Reda\u00e7\u00e3o\"}}]}<\/script>\n<!-- \/ Yoast SEO plugin. -->","yoast_head_json":{"title":"Corrida para tirar 'par\u00e7a' Marcelo da cela da Papuda - Notibras","robots":{"index":"index","follow":"follow","max-snippet":"max-snippet:-1","max-image-preview":"max-image-preview:large","max-video-preview":"max-video-preview:-1"},"canonical":"https:\/\/www.notibras.com\/site\/corrida-para-tirar-parca-marcelo-da-cela-da-papuda\/","og_locale":"pt_BR","og_type":"article","og_title":"Corrida para tirar 'par\u00e7a' Marcelo da cela da Papuda - Notibras","og_description":"Dois dias ap\u00f3s descobrirem a identidade de Vermelho, os agentes, com todas as provas dispon\u00edveis, marcaram uma reuni\u00e3o com Miranda e Rafael. Tanto o delegado como o escriv\u00e3o ficaram perplexos com a reviravolta do caso do assassinato de Susana. A perplexidade, todavia, veio acompanhada de uma imensa dose de al\u00edvio, pois todos ali se sentiam [&hellip;]","og_url":"https:\/\/www.notibras.com\/site\/corrida-para-tirar-parca-marcelo-da-cela-da-papuda\/","og_site_name":"Notibras","article_publisher":"https:\/\/www.facebook.com\/notibras\/","article_published_time":"2023-03-18T09:07:36+00:00","article_modified_time":"2023-03-18T09:10:14+00:00","og_image":[{"width":1920,"height":1280,"url":"https:\/\/www.notibras.com\/site\/wp-content\/uploads\/2021\/07\/homem-preso-1570828473443_v2_1920x1280.jpg","type":"image\/jpeg"}],"author":"Reda\u00e7\u00e3o","twitter_card":"summary_large_image","twitter_creator":"@Notibras","twitter_site":"@Notibras","twitter_misc":{"Escrito por":"Reda\u00e7\u00e3o","Est. tempo de leitura":"2 minutos"},"schema":{"@context":"https:\/\/schema.org","@graph":[{"@type":"Article","@id":"https:\/\/www.notibras.com\/site\/corrida-para-tirar-parca-marcelo-da-cela-da-papuda\/#article","isPartOf":{"@id":"https:\/\/www.notibras.com\/site\/corrida-para-tirar-parca-marcelo-da-cela-da-papuda\/"},"author":{"name":"Reda\u00e7\u00e3o","@id":"https:\/\/www.notibras.com\/site\/#\/schema\/person\/36ab0979449956132d3e5b517ea76ac8"},"headline":"Corrida para tirar &#8216;par\u00e7a&#8217; Marcelo da cela da Papuda","datePublished":"2023-03-18T09:07:36+00:00","dateModified":"2023-03-18T09:10:14+00:00","mainEntityOfPage":{"@id":"https:\/\/www.notibras.com\/site\/corrida-para-tirar-parca-marcelo-da-cela-da-papuda\/"},"wordCount":376,"publisher":{"@id":"https:\/\/www.notibras.com\/site\/#organization"},"image":{"@id":"https:\/\/www.notibras.com\/site\/corrida-para-tirar-parca-marcelo-da-cela-da-papuda\/#primaryimage"},"thumbnailUrl":"https:\/\/www.notibras.com\/site\/wp-content\/uploads\/2021\/07\/homem-preso-1570828473443_v2_1920x1280.jpg","articleSection":["Quadradinho em Foco"],"inLanguage":"pt-BR"},{"@type":"WebPage","@id":"https:\/\/www.notibras.com\/site\/corrida-para-tirar-parca-marcelo-da-cela-da-papuda\/","url":"https:\/\/www.notibras.com\/site\/corrida-para-tirar-parca-marcelo-da-cela-da-papuda\/","name":"Corrida para tirar 'par\u00e7a' Marcelo da cela da Papuda - Notibras","isPartOf":{"@id":"https:\/\/www.notibras.com\/site\/#website"},"primaryImageOfPage":{"@id":"https:\/\/www.notibras.com\/site\/corrida-para-tirar-parca-marcelo-da-cela-da-papuda\/#primaryimage"},"image":{"@id":"https:\/\/www.notibras.com\/site\/corrida-para-tirar-parca-marcelo-da-cela-da-papuda\/#primaryimage"},"thumbnailUrl":"https:\/\/www.notibras.com\/site\/wp-content\/uploads\/2021\/07\/homem-preso-1570828473443_v2_1920x1280.jpg","datePublished":"2023-03-18T09:07:36+00:00","dateModified":"2023-03-18T09:10:14+00:00","breadcrumb":{"@id":"https:\/\/www.notibras.com\/site\/corrida-para-tirar-parca-marcelo-da-cela-da-papuda\/#breadcrumb"},"inLanguage":"pt-BR","potentialAction":[{"@type":"ReadAction","target":["https:\/\/www.notibras.com\/site\/corrida-para-tirar-parca-marcelo-da-cela-da-papuda\/"]}]},{"@type":"ImageObject","inLanguage":"pt-BR","@id":"https:\/\/www.notibras.com\/site\/corrida-para-tirar-parca-marcelo-da-cela-da-papuda\/#primaryimage","url":"https:\/\/www.notibras.com\/site\/wp-content\/uploads\/2021\/07\/homem-preso-1570828473443_v2_1920x1280.jpg","contentUrl":"https:\/\/www.notibras.com\/site\/wp-content\/uploads\/2021\/07\/homem-preso-1570828473443_v2_1920x1280.jpg","width":1920,"height":1280},{"@type":"BreadcrumbList","@id":"https:\/\/www.notibras.com\/site\/corrida-para-tirar-parca-marcelo-da-cela-da-papuda\/#breadcrumb","itemListElement":[{"@type":"ListItem","position":1,"name":"In\u00edcio","item":"https:\/\/www.notibras.com\/site\/"},{"@type":"ListItem","position":2,"name":"Corrida para tirar &#8216;par\u00e7a&#8217; Marcelo da cela da Papuda"}]},{"@type":"WebSite","@id":"https:\/\/www.notibras.com\/site\/#website","url":"https:\/\/www.notibras.com\/site\/","name":"Notibras","description":"Not\u00edcias de Bras\u00edlia, do Brasil e do Mundo","publisher":{"@id":"https:\/\/www.notibras.com\/site\/#organization"},"potentialAction":[{"@type":"SearchAction","target":{"@type":"EntryPoint","urlTemplate":"https:\/\/www.notibras.com\/site\/?s={search_term_string}"},"query-input":{"@type":"PropertyValueSpecification","valueRequired":true,"valueName":"search_term_string"}}],"inLanguage":"pt-BR"},{"@type":"Organization","@id":"https:\/\/www.notibras.com\/site\/#organization","name":"Grupo Notibras de Comunica\u00e7\u00e3o","url":"https:\/\/www.notibras.com\/site\/","logo":{"@type":"ImageObject","inLanguage":"pt-BR","@id":"https:\/\/www.notibras.com\/site\/#\/schema\/logo\/image\/","url":"https:\/\/www.notibras.com\/site\/wp-content\/uploads\/2023\/01\/notibras23.png","contentUrl":"https:\/\/www.notibras.com\/site\/wp-content\/uploads\/2023\/01\/notibras23.png","width":350,"height":87,"caption":"Grupo Notibras de Comunica\u00e7\u00e3o"},"image":{"@id":"https:\/\/www.notibras.com\/site\/#\/schema\/logo\/image\/"},"sameAs":["https:\/\/www.facebook.com\/notibras\/","https:\/\/x.com\/Notibras","https:\/\/www.instagram.com\/notibras\/"]},{"@type":"Person","@id":"https:\/\/www.notibras.com\/site\/#\/schema\/person\/36ab0979449956132d3e5b517ea76ac8","name":"Reda\u00e7\u00e3o","image":{"@type":"ImageObject","inLanguage":"pt-BR","@id":"https:\/\/secure.gravatar.com\/avatar\/e0a867bdedb85fd243eadf09663511f96fc81e0720a4a42581f334ad4303aa6b?s=96&d=mm&r=g","url":"https:\/\/secure.gravatar.com\/avatar\/e0a867bdedb85fd243eadf09663511f96fc81e0720a4a42581f334ad4303aa6b?s=96&d=mm&r=g","contentUrl":"https:\/\/secure.gravatar.com\/avatar\/e0a867bdedb85fd243eadf09663511f96fc81e0720a4a42581f334ad4303aa6b?s=96&d=mm&r=g","caption":"Reda\u00e7\u00e3o"}}]}},"amp_enabled":true,"_links":{"self":[{"href":"https:\/\/www.notibras.com\/site\/wp-json\/wp\/v2\/posts\/301350","targetHints":{"allow":["GET"]}}],"collection":[{"href":"https:\/\/www.notibras.com\/site\/wp-json\/wp\/v2\/posts"}],"about":[{"href":"https:\/\/www.notibras.com\/site\/wp-json\/wp\/v2\/types\/post"}],"author":[{"embeddable":true,"href":"https:\/\/www.notibras.com\/site\/wp-json\/wp\/v2\/users\/2"}],"replies":[{"embeddable":true,"href":"https:\/\/www.notibras.com\/site\/wp-json\/wp\/v2\/comments?post=301350"}],"version-history":[{"count":3,"href":"https:\/\/www.notibras.com\/site\/wp-json\/wp\/v2\/posts\/301350\/revisions"}],"predecessor-version":[{"id":301353,"href":"https:\/\/www.notibras.com\/site\/wp-json\/wp\/v2\/posts\/301350\/revisions\/301353"}],"wp:featuredmedia":[{"embeddable":true,"href":"https:\/\/www.notibras.com\/site\/wp-json\/wp\/v2\/media\/262965"}],"wp:attachment":[{"href":"https:\/\/www.notibras.com\/site\/wp-json\/wp\/v2\/media?parent=301350"}],"wp:term":[{"taxonomy":"category","embeddable":true,"href":"https:\/\/www.notibras.com\/site\/wp-json\/wp\/v2\/categories?post=301350"},{"taxonomy":"post_tag","embeddable":true,"href":"https:\/\/www.notibras.com\/site\/wp-json\/wp\/v2\/tags?post=301350"}],"curies":[{"name":"wp","href":"https:\/\/api.w.org\/{rel}","templated":true}]}}