{"id":301377,"date":"2023-03-18T16:48:43","date_gmt":"2023-03-18T19:48:43","guid":{"rendered":"https:\/\/www.notibras.com\/site\/?p=301377"},"modified":"2023-03-18T16:48:43","modified_gmt":"2023-03-18T19:48:43","slug":"bicampea-do-pan-chega-ao-villa-esporte-e-cultura","status":"publish","type":"post","link":"https:\/\/www.notibras.com\/site\/bicampea-do-pan-chega-ao-villa-esporte-e-cultura\/","title":{"rendered":"Bicampe\u00e3 do Pan chega ao Villa Esporte e Cultura"},"content":{"rendered":"<p>Dispostos a ampliar e aperfei\u00e7oar, com profissionalismo, a atua\u00e7\u00e3o de seu time de futebol feminino, o VEC, a diretoria da Villa Samaritana, Organiza\u00e7\u00e3o sem fins lucrativos, assina com a lend\u00e1ria e prestigiada jogadora, T\u00e2nia Maranh\u00e3o. Outra grande contrata\u00e7\u00e3o, que promete trazer importantes t\u00edtulos ao quadro \u00e9 a de Jana\u00edna Santos, conhecida como Jaj\u00e1. Ambas acumulam uma bagagem e trajet\u00f3ria com importantes t\u00edtulos e passagens por times de refer\u00eancia do pa\u00eds.<\/p>\n<p>Aos 46 anos, T\u00e2nia disp\u00f5e de um curr\u00edculo invej\u00e1vel: bicampe\u00e3 dos Jogos Pan-Americanos, bicampe\u00e3 da Copa do Brasil e campe\u00e3 do Brasileir\u00e3o. A atleta que iniciou a carreira aos 19 anos, disputou quatro Olimp\u00edadas (de 1996 a 2008), al\u00e9m de quatro Copas do Mundo (de 1995 a 2007) e passou por times como Saad S. Caetano, S\u00e3o Paulo, Santa Izabel-MG, Gr\u00eamio-RS, Rayo Vallecano, da Espanha, Vasco, Duque de Caxias-RJ, Botafogo, Flamengo, Vit\u00f3ria das Tabocas-PE, 3B, Tiradentes-CE, Crespom-DF e Foz Cataratas-PR. \u201cAgora sou VEC, um presente de Deus na minha vida\u201d, agradece a zagueira.<\/p>\n<p>Na mesma dire\u00e7\u00e3o, Jaj\u00e1 chega para refor\u00e7ar o elenco de garotas. Aos 32 anos, a atleta j\u00e1 passou por 15 clubes como S\u00e3o Paulo, Fortaleza e Foz Cataratas FC. \u201cEstou chegando com muita disposi\u00e7\u00e3o, quero contribuir com o VEC trazendo a minha experi\u00eancia e motivar o time. Tenho muito orgulho de vestir essa camisa\u201d, afirma a meio-campista.<\/p>\n<p><strong>Villa<\/strong><br \/>\nMuito al\u00e9m de um time de futebol feminino, o VEC, fundado pela ONG Villa Samaritana e situado em Planaltina-DF, \u00e9 um projeto social que visa atender jovens mulheres em situa\u00e7\u00e3o de vulnerabilidade social, oferecendo atividades sociais e esportivas, gratuitamente, al\u00e9m de oportunidades de profissionaliza\u00e7\u00e3o, emprego e renda.<\/p>\n<p>\u201cA nossa proposta, por meio do VEC, \u00e9 profissionalizar as nossas atletas. Temos um time forte, potente, formado em sua grande maioria por jovens garotas de comunidades vulner\u00e1veis do DF. Oferecemos a elas bolsa para que componham o nosso quadro de atletas e qualifica\u00e7\u00e3o profissional. O nosso objetivo \u00e9 ir longe com esse time, e para isso n\u00e3o estamos medindo esfor\u00e7os\u201d, explica Gustavo Sim\u00e3o, fundador da Villa Samaritana.<\/p>\n<p>Segundo Gustavo, os projetos da Villa v\u00e3o al\u00e9m do futebol: \u201c investimos no esporte, mas tamb\u00e9m promovemos a\u00e7\u00f5es sociais de reintegra\u00e7\u00e3o para dependentes qu\u00edmicos e pessoas em situa\u00e7\u00e3o de rua. Para as crian\u00e7as de nossa comunidade, por exemplo, oferecemos atividades gratuitas como Ballet e Karat\u00ea\u201d, complementa.<\/p>\n","protected":false},"excerpt":{"rendered":"<p>Dispostos a ampliar e aperfei\u00e7oar, com profissionalismo, a atua\u00e7\u00e3o de seu time de futebol feminino, o VEC, a diretoria da Villa Samaritana, Organiza\u00e7\u00e3o sem fins lucrativos, assina com a lend\u00e1ria e prestigiada jogadora, T\u00e2nia Maranh\u00e3o. Outra grande contrata\u00e7\u00e3o, que promete trazer importantes t\u00edtulos ao quadro \u00e9 a de Jana\u00edna Santos, conhecida como Jaj\u00e1. Ambas acumulam [&hellip;]<\/p>\n","protected":false},"author":2,"featured_media":301378,"comment_status":"closed","ping_status":"closed","sticky":false,"template":"","format":"standard","meta":{"_acf_changed":false,"footnotes":""},"categories":[161],"tags":[],"class_list":["post-301377","post","type-post","status-publish","format-standard","has-post-thumbnail","hentry","category-quadradinho-em-foco"],"acf":[],"yoast_head":"<!-- This site is optimized with the Yoast SEO plugin v27.2 - https:\/\/yoast.com\/product\/yoast-seo-wordpress\/ -->\n<title>Bicampe\u00e3 do Pan chega ao Villa Esporte e Cultura - Notibras<\/title>\n<meta name=\"robots\" content=\"index, follow, max-snippet:-1, max-image-preview:large, max-video-preview:-1\" \/>\n<link rel=\"canonical\" href=\"https:\/\/www.notibras.com\/site\/bicampea-do-pan-chega-ao-villa-esporte-e-cultura\/\" \/>\n<meta property=\"og:locale\" content=\"pt_BR\" \/>\n<meta property=\"og:type\" content=\"article\" \/>\n<meta property=\"og:title\" content=\"Bicampe\u00e3 do Pan chega ao Villa Esporte e Cultura - Notibras\" \/>\n<meta property=\"og:description\" content=\"Dispostos a ampliar e aperfei\u00e7oar, com profissionalismo, a atua\u00e7\u00e3o de seu time de futebol feminino, o VEC, a diretoria da Villa Samaritana, Organiza\u00e7\u00e3o sem fins lucrativos, assina com a lend\u00e1ria e prestigiada jogadora, T\u00e2nia Maranh\u00e3o. Outra grande contrata\u00e7\u00e3o, que promete trazer importantes t\u00edtulos ao quadro \u00e9 a de Jana\u00edna Santos, conhecida como Jaj\u00e1. Ambas acumulam [&hellip;]\" \/>\n<meta property=\"og:url\" content=\"https:\/\/www.notibras.com\/site\/bicampea-do-pan-chega-ao-villa-esporte-e-cultura\/\" \/>\n<meta property=\"og:site_name\" content=\"Notibras\" \/>\n<meta property=\"article:publisher\" content=\"https:\/\/www.facebook.com\/notibras\/\" \/>\n<meta property=\"article:published_time\" content=\"2023-03-18T19:48:43+00:00\" \/>\n<meta property=\"og:image\" content=\"https:\/\/www.notibras.com\/site\/wp-content\/uploads\/2023\/03\/tania.2.jpg\" \/>\n\t<meta property=\"og:image:width\" content=\"480\" \/>\n\t<meta property=\"og:image:height\" content=\"640\" \/>\n\t<meta property=\"og:image:type\" content=\"image\/jpeg\" \/>\n<meta name=\"author\" content=\"Reda\u00e7\u00e3o\" \/>\n<meta name=\"twitter:card\" content=\"summary_large_image\" \/>\n<meta name=\"twitter:creator\" content=\"@Notibras\" \/>\n<meta name=\"twitter:site\" content=\"@Notibras\" \/>\n<meta name=\"twitter:label1\" content=\"Escrito por\" \/>\n\t<meta name=\"twitter:data1\" content=\"Reda\u00e7\u00e3o\" \/>\n\t<meta name=\"twitter:label2\" content=\"Est. tempo de leitura\" \/>\n\t<meta name=\"twitter:data2\" content=\"3 minutos\" \/>\n<script type=\"application\/ld+json\" class=\"yoast-schema-graph\">{\"@context\":\"https:\/\/schema.org\",\"@graph\":[{\"@type\":\"Article\",\"@id\":\"https:\/\/www.notibras.com\/site\/bicampea-do-pan-chega-ao-villa-esporte-e-cultura\/#article\",\"isPartOf\":{\"@id\":\"https:\/\/www.notibras.com\/site\/bicampea-do-pan-chega-ao-villa-esporte-e-cultura\/\"},\"author\":{\"name\":\"Reda\u00e7\u00e3o\",\"@id\":\"https:\/\/www.notibras.com\/site\/#\/schema\/person\/36ab0979449956132d3e5b517ea76ac8\"},\"headline\":\"Bicampe\u00e3 do Pan chega ao Villa Esporte e Cultura\",\"datePublished\":\"2023-03-18T19:48:43+00:00\",\"mainEntityOfPage\":{\"@id\":\"https:\/\/www.notibras.com\/site\/bicampea-do-pan-chega-ao-villa-esporte-e-cultura\/\"},\"wordCount\":423,\"publisher\":{\"@id\":\"https:\/\/www.notibras.com\/site\/#organization\"},\"image\":{\"@id\":\"https:\/\/www.notibras.com\/site\/bicampea-do-pan-chega-ao-villa-esporte-e-cultura\/#primaryimage\"},\"thumbnailUrl\":\"https:\/\/www.notibras.com\/site\/wp-content\/uploads\/2023\/03\/tania.2.jpg\",\"articleSection\":[\"Quadradinho em Foco\"],\"inLanguage\":\"pt-BR\"},{\"@type\":\"WebPage\",\"@id\":\"https:\/\/www.notibras.com\/site\/bicampea-do-pan-chega-ao-villa-esporte-e-cultura\/\",\"url\":\"https:\/\/www.notibras.com\/site\/bicampea-do-pan-chega-ao-villa-esporte-e-cultura\/\",\"name\":\"Bicampe\u00e3 do Pan chega ao Villa Esporte e Cultura - Notibras\",\"isPartOf\":{\"@id\":\"https:\/\/www.notibras.com\/site\/#website\"},\"primaryImageOfPage\":{\"@id\":\"https:\/\/www.notibras.com\/site\/bicampea-do-pan-chega-ao-villa-esporte-e-cultura\/#primaryimage\"},\"image\":{\"@id\":\"https:\/\/www.notibras.com\/site\/bicampea-do-pan-chega-ao-villa-esporte-e-cultura\/#primaryimage\"},\"thumbnailUrl\":\"https:\/\/www.notibras.com\/site\/wp-content\/uploads\/2023\/03\/tania.2.jpg\",\"datePublished\":\"2023-03-18T19:48:43+00:00\",\"breadcrumb\":{\"@id\":\"https:\/\/www.notibras.com\/site\/bicampea-do-pan-chega-ao-villa-esporte-e-cultura\/#breadcrumb\"},\"inLanguage\":\"pt-BR\",\"potentialAction\":[{\"@type\":\"ReadAction\",\"target\":[\"https:\/\/www.notibras.com\/site\/bicampea-do-pan-chega-ao-villa-esporte-e-cultura\/\"]}]},{\"@type\":\"ImageObject\",\"inLanguage\":\"pt-BR\",\"@id\":\"https:\/\/www.notibras.com\/site\/bicampea-do-pan-chega-ao-villa-esporte-e-cultura\/#primaryimage\",\"url\":\"https:\/\/www.notibras.com\/site\/wp-content\/uploads\/2023\/03\/tania.2.jpg\",\"contentUrl\":\"https:\/\/www.notibras.com\/site\/wp-content\/uploads\/2023\/03\/tania.2.jpg\",\"width\":480,\"height\":640},{\"@type\":\"BreadcrumbList\",\"@id\":\"https:\/\/www.notibras.com\/site\/bicampea-do-pan-chega-ao-villa-esporte-e-cultura\/#breadcrumb\",\"itemListElement\":[{\"@type\":\"ListItem\",\"position\":1,\"name\":\"In\u00edcio\",\"item\":\"https:\/\/www.notibras.com\/site\/\"},{\"@type\":\"ListItem\",\"position\":2,\"name\":\"Bicampe\u00e3 do Pan chega ao Villa Esporte e Cultura\"}]},{\"@type\":\"WebSite\",\"@id\":\"https:\/\/www.notibras.com\/site\/#website\",\"url\":\"https:\/\/www.notibras.com\/site\/\",\"name\":\"Notibras\",\"description\":\"Not\u00edcias de Bras\u00edlia, do Brasil e do Mundo\",\"publisher\":{\"@id\":\"https:\/\/www.notibras.com\/site\/#organization\"},\"potentialAction\":[{\"@type\":\"SearchAction\",\"target\":{\"@type\":\"EntryPoint\",\"urlTemplate\":\"https:\/\/www.notibras.com\/site\/?s={search_term_string}\"},\"query-input\":{\"@type\":\"PropertyValueSpecification\",\"valueRequired\":true,\"valueName\":\"search_term_string\"}}],\"inLanguage\":\"pt-BR\"},{\"@type\":\"Organization\",\"@id\":\"https:\/\/www.notibras.com\/site\/#organization\",\"name\":\"Grupo Notibras de Comunica\u00e7\u00e3o\",\"url\":\"https:\/\/www.notibras.com\/site\/\",\"logo\":{\"@type\":\"ImageObject\",\"inLanguage\":\"pt-BR\",\"@id\":\"https:\/\/www.notibras.com\/site\/#\/schema\/logo\/image\/\",\"url\":\"https:\/\/www.notibras.com\/site\/wp-content\/uploads\/2023\/01\/notibras23.png\",\"contentUrl\":\"https:\/\/www.notibras.com\/site\/wp-content\/uploads\/2023\/01\/notibras23.png\",\"width\":350,\"height\":87,\"caption\":\"Grupo Notibras de Comunica\u00e7\u00e3o\"},\"image\":{\"@id\":\"https:\/\/www.notibras.com\/site\/#\/schema\/logo\/image\/\"},\"sameAs\":[\"https:\/\/www.facebook.com\/notibras\/\",\"https:\/\/x.com\/Notibras\",\"https:\/\/www.instagram.com\/notibras\/\"]},{\"@type\":\"Person\",\"@id\":\"https:\/\/www.notibras.com\/site\/#\/schema\/person\/36ab0979449956132d3e5b517ea76ac8\",\"name\":\"Reda\u00e7\u00e3o\",\"image\":{\"@type\":\"ImageObject\",\"inLanguage\":\"pt-BR\",\"@id\":\"https:\/\/secure.gravatar.com\/avatar\/e0a867bdedb85fd243eadf09663511f96fc81e0720a4a42581f334ad4303aa6b?s=96&d=mm&r=g\",\"url\":\"https:\/\/secure.gravatar.com\/avatar\/e0a867bdedb85fd243eadf09663511f96fc81e0720a4a42581f334ad4303aa6b?s=96&d=mm&r=g\",\"contentUrl\":\"https:\/\/secure.gravatar.com\/avatar\/e0a867bdedb85fd243eadf09663511f96fc81e0720a4a42581f334ad4303aa6b?s=96&d=mm&r=g\",\"caption\":\"Reda\u00e7\u00e3o\"}}]}<\/script>\n<!-- \/ Yoast SEO plugin. -->","yoast_head_json":{"title":"Bicampe\u00e3 do Pan chega ao Villa Esporte e Cultura - Notibras","robots":{"index":"index","follow":"follow","max-snippet":"max-snippet:-1","max-image-preview":"max-image-preview:large","max-video-preview":"max-video-preview:-1"},"canonical":"https:\/\/www.notibras.com\/site\/bicampea-do-pan-chega-ao-villa-esporte-e-cultura\/","og_locale":"pt_BR","og_type":"article","og_title":"Bicampe\u00e3 do Pan chega ao Villa Esporte e Cultura - Notibras","og_description":"Dispostos a ampliar e aperfei\u00e7oar, com profissionalismo, a atua\u00e7\u00e3o de seu time de futebol feminino, o VEC, a diretoria da Villa Samaritana, Organiza\u00e7\u00e3o sem fins lucrativos, assina com a lend\u00e1ria e prestigiada jogadora, T\u00e2nia Maranh\u00e3o. Outra grande contrata\u00e7\u00e3o, que promete trazer importantes t\u00edtulos ao quadro \u00e9 a de Jana\u00edna Santos, conhecida como Jaj\u00e1. Ambas acumulam [&hellip;]","og_url":"https:\/\/www.notibras.com\/site\/bicampea-do-pan-chega-ao-villa-esporte-e-cultura\/","og_site_name":"Notibras","article_publisher":"https:\/\/www.facebook.com\/notibras\/","article_published_time":"2023-03-18T19:48:43+00:00","og_image":[{"width":480,"height":640,"url":"https:\/\/www.notibras.com\/site\/wp-content\/uploads\/2023\/03\/tania.2.jpg","type":"image\/jpeg"}],"author":"Reda\u00e7\u00e3o","twitter_card":"summary_large_image","twitter_creator":"@Notibras","twitter_site":"@Notibras","twitter_misc":{"Escrito por":"Reda\u00e7\u00e3o","Est. tempo de leitura":"3 minutos"},"schema":{"@context":"https:\/\/schema.org","@graph":[{"@type":"Article","@id":"https:\/\/www.notibras.com\/site\/bicampea-do-pan-chega-ao-villa-esporte-e-cultura\/#article","isPartOf":{"@id":"https:\/\/www.notibras.com\/site\/bicampea-do-pan-chega-ao-villa-esporte-e-cultura\/"},"author":{"name":"Reda\u00e7\u00e3o","@id":"https:\/\/www.notibras.com\/site\/#\/schema\/person\/36ab0979449956132d3e5b517ea76ac8"},"headline":"Bicampe\u00e3 do Pan chega ao Villa Esporte e Cultura","datePublished":"2023-03-18T19:48:43+00:00","mainEntityOfPage":{"@id":"https:\/\/www.notibras.com\/site\/bicampea-do-pan-chega-ao-villa-esporte-e-cultura\/"},"wordCount":423,"publisher":{"@id":"https:\/\/www.notibras.com\/site\/#organization"},"image":{"@id":"https:\/\/www.notibras.com\/site\/bicampea-do-pan-chega-ao-villa-esporte-e-cultura\/#primaryimage"},"thumbnailUrl":"https:\/\/www.notibras.com\/site\/wp-content\/uploads\/2023\/03\/tania.2.jpg","articleSection":["Quadradinho em Foco"],"inLanguage":"pt-BR"},{"@type":"WebPage","@id":"https:\/\/www.notibras.com\/site\/bicampea-do-pan-chega-ao-villa-esporte-e-cultura\/","url":"https:\/\/www.notibras.com\/site\/bicampea-do-pan-chega-ao-villa-esporte-e-cultura\/","name":"Bicampe\u00e3 do Pan chega ao Villa Esporte e Cultura - Notibras","isPartOf":{"@id":"https:\/\/www.notibras.com\/site\/#website"},"primaryImageOfPage":{"@id":"https:\/\/www.notibras.com\/site\/bicampea-do-pan-chega-ao-villa-esporte-e-cultura\/#primaryimage"},"image":{"@id":"https:\/\/www.notibras.com\/site\/bicampea-do-pan-chega-ao-villa-esporte-e-cultura\/#primaryimage"},"thumbnailUrl":"https:\/\/www.notibras.com\/site\/wp-content\/uploads\/2023\/03\/tania.2.jpg","datePublished":"2023-03-18T19:48:43+00:00","breadcrumb":{"@id":"https:\/\/www.notibras.com\/site\/bicampea-do-pan-chega-ao-villa-esporte-e-cultura\/#breadcrumb"},"inLanguage":"pt-BR","potentialAction":[{"@type":"ReadAction","target":["https:\/\/www.notibras.com\/site\/bicampea-do-pan-chega-ao-villa-esporte-e-cultura\/"]}]},{"@type":"ImageObject","inLanguage":"pt-BR","@id":"https:\/\/www.notibras.com\/site\/bicampea-do-pan-chega-ao-villa-esporte-e-cultura\/#primaryimage","url":"https:\/\/www.notibras.com\/site\/wp-content\/uploads\/2023\/03\/tania.2.jpg","contentUrl":"https:\/\/www.notibras.com\/site\/wp-content\/uploads\/2023\/03\/tania.2.jpg","width":480,"height":640},{"@type":"BreadcrumbList","@id":"https:\/\/www.notibras.com\/site\/bicampea-do-pan-chega-ao-villa-esporte-e-cultura\/#breadcrumb","itemListElement":[{"@type":"ListItem","position":1,"name":"In\u00edcio","item":"https:\/\/www.notibras.com\/site\/"},{"@type":"ListItem","position":2,"name":"Bicampe\u00e3 do Pan chega ao Villa Esporte e Cultura"}]},{"@type":"WebSite","@id":"https:\/\/www.notibras.com\/site\/#website","url":"https:\/\/www.notibras.com\/site\/","name":"Notibras","description":"Not\u00edcias de Bras\u00edlia, do Brasil e do Mundo","publisher":{"@id":"https:\/\/www.notibras.com\/site\/#organization"},"potentialAction":[{"@type":"SearchAction","target":{"@type":"EntryPoint","urlTemplate":"https:\/\/www.notibras.com\/site\/?s={search_term_string}"},"query-input":{"@type":"PropertyValueSpecification","valueRequired":true,"valueName":"search_term_string"}}],"inLanguage":"pt-BR"},{"@type":"Organization","@id":"https:\/\/www.notibras.com\/site\/#organization","name":"Grupo Notibras de Comunica\u00e7\u00e3o","url":"https:\/\/www.notibras.com\/site\/","logo":{"@type":"ImageObject","inLanguage":"pt-BR","@id":"https:\/\/www.notibras.com\/site\/#\/schema\/logo\/image\/","url":"https:\/\/www.notibras.com\/site\/wp-content\/uploads\/2023\/01\/notibras23.png","contentUrl":"https:\/\/www.notibras.com\/site\/wp-content\/uploads\/2023\/01\/notibras23.png","width":350,"height":87,"caption":"Grupo Notibras de Comunica\u00e7\u00e3o"},"image":{"@id":"https:\/\/www.notibras.com\/site\/#\/schema\/logo\/image\/"},"sameAs":["https:\/\/www.facebook.com\/notibras\/","https:\/\/x.com\/Notibras","https:\/\/www.instagram.com\/notibras\/"]},{"@type":"Person","@id":"https:\/\/www.notibras.com\/site\/#\/schema\/person\/36ab0979449956132d3e5b517ea76ac8","name":"Reda\u00e7\u00e3o","image":{"@type":"ImageObject","inLanguage":"pt-BR","@id":"https:\/\/secure.gravatar.com\/avatar\/e0a867bdedb85fd243eadf09663511f96fc81e0720a4a42581f334ad4303aa6b?s=96&d=mm&r=g","url":"https:\/\/secure.gravatar.com\/avatar\/e0a867bdedb85fd243eadf09663511f96fc81e0720a4a42581f334ad4303aa6b?s=96&d=mm&r=g","contentUrl":"https:\/\/secure.gravatar.com\/avatar\/e0a867bdedb85fd243eadf09663511f96fc81e0720a4a42581f334ad4303aa6b?s=96&d=mm&r=g","caption":"Reda\u00e7\u00e3o"}}]}},"amp_enabled":true,"_links":{"self":[{"href":"https:\/\/www.notibras.com\/site\/wp-json\/wp\/v2\/posts\/301377","targetHints":{"allow":["GET"]}}],"collection":[{"href":"https:\/\/www.notibras.com\/site\/wp-json\/wp\/v2\/posts"}],"about":[{"href":"https:\/\/www.notibras.com\/site\/wp-json\/wp\/v2\/types\/post"}],"author":[{"embeddable":true,"href":"https:\/\/www.notibras.com\/site\/wp-json\/wp\/v2\/users\/2"}],"replies":[{"embeddable":true,"href":"https:\/\/www.notibras.com\/site\/wp-json\/wp\/v2\/comments?post=301377"}],"version-history":[{"count":1,"href":"https:\/\/www.notibras.com\/site\/wp-json\/wp\/v2\/posts\/301377\/revisions"}],"predecessor-version":[{"id":301379,"href":"https:\/\/www.notibras.com\/site\/wp-json\/wp\/v2\/posts\/301377\/revisions\/301379"}],"wp:featuredmedia":[{"embeddable":true,"href":"https:\/\/www.notibras.com\/site\/wp-json\/wp\/v2\/media\/301378"}],"wp:attachment":[{"href":"https:\/\/www.notibras.com\/site\/wp-json\/wp\/v2\/media?parent=301377"}],"wp:term":[{"taxonomy":"category","embeddable":true,"href":"https:\/\/www.notibras.com\/site\/wp-json\/wp\/v2\/categories?post=301377"},{"taxonomy":"post_tag","embeddable":true,"href":"https:\/\/www.notibras.com\/site\/wp-json\/wp\/v2\/tags?post=301377"}],"curies":[{"name":"wp","href":"https:\/\/api.w.org\/{rel}","templated":true}]}}