{"id":301483,"date":"2023-03-21T00:48:43","date_gmt":"2023-03-21T03:48:43","guid":{"rendered":"https:\/\/www.notibras.com\/site\/?p=301483"},"modified":"2023-03-21T08:50:58","modified_gmt":"2023-03-21T11:50:58","slug":"cinemas-continuam-vazios-mas-publico-volta-aos-poucos","status":"publish","type":"post","link":"https:\/\/www.notibras.com\/site\/cinemas-continuam-vazios-mas-publico-volta-aos-poucos\/","title":{"rendered":"Cinemas continuam vazios, mas p\u00fablico volta aos poucos"},"content":{"rendered":"<p>Ap\u00f3s a quase paralisa\u00e7\u00e3o em 2020, por causa da pandemia de covid-19, e uma retomada t\u00edmida em 2021, ainda sob forte impacto da crise sanit\u00e1ria do novo coronav\u00edrus, as salas de cinema do Brasil voltaram a receber um p\u00fablico consider\u00e1vel no ano passado.<\/p>\n<p>Os dados preliminares do setor, divulgados pela Ag\u00eancia Nacional do Cinema (Ancine), mostram um aumento de 82% no p\u00fablico de 2022, na compara\u00e7\u00e3o com o ano anterior, com 95,1 milh\u00e3o de pessoas. Em renda, o aumento foi de 98,8%, chegando a R$ 1,8 bilh\u00e3o.<\/p>\n<p>Na compara\u00e7\u00e3o com 2019, ano refer\u00eancia antes da pandemia, 2022 apresentou queda de 46,5% no p\u00fablico e de 35,4% na renda total. Na evolu\u00e7\u00e3o do n\u00famero de salas de exibi\u00e7\u00e3o, 2022 (3.401 salas) chegou pr\u00f3ximo ao patamar de 2019 (3.507 salas). Em 2020, a Ancine registrou 1.860 salas em funcionamento e em 2021 o n\u00famero saltou para 3.266.<\/p>\n<p>A ag\u00eancia destaca que a participa\u00e7\u00e3o dos filmes brasileiros ficou abaixo da m\u00e9dia, com 4,2% do p\u00fablico e 3,9% da renda. Por\u00e9m, houve melhora na compara\u00e7\u00e3o com 2021, quando a participa\u00e7\u00e3o nacional representou apenas 1,8% da bilheteria. No ano passado, os cinco filmes brasileiros mais vistos no cinema foram Turma da M\u00f4nica: Li\u00e7\u00f5es, com p\u00fablico de 542,6 mil pessoas, T\u00f4 ryca! 2 (515,2 mil), Detetives do Pr\u00e9dio Azul 3 (424,6 mil), Medida Provis\u00f3ria (407,4 mil) e Eduardo e M\u00f4nica, que atraiu 389 mil pessoas.<\/p>\n<p>De acordo com a Ancine, os n\u00fameros ficaram bastante abaixo do \u00faltimo sucesso nacional de bilheteria, o recordista Minha m\u00e3e \u00e9 uma pe\u00e7a 3, lan\u00e7ado no final de 2019, que em menos de um m\u00eas foi visto por 8,6 milh\u00f5es de espectadores e alcan\u00e7ou bilheteria de R$ 137,8 milh\u00f5es. O recorde anterior era de Minha M\u00e3e \u00e9 um Pe\u00e7a 2, de 2016, com p\u00fablico de 9,2 milh\u00f5es de pessoas e arrecada\u00e7\u00e3o de R$ 124,6 milh\u00f5es.<\/p>\n<p><strong>Blockbusters<\/strong><br \/>\nNo ano passado, o mercado de cinema foi dominado pelos grandes lan\u00e7amentos internacionais. Os filmes mais vistos em 2022 foram Doutor Estranho no multiverso da loucura (8,3 milh\u00f5es de pessoas), Minions 2: a origem de Gru (6,9 milh\u00f5es), Avatar: o caminho da \u00e1gua (6,7 milh\u00f5es), Thor: amor e trov\u00e3o (6,3 milh\u00f5es) e Batman, que teve p\u00fablico de 5,8 milh\u00f5es nas salas de cinema.<\/p>\n<p>No total, as salas de cinema exibiram 652 longas-metragens no ano passado, sendo 244 brasileiros e 408 estrangeiros. Os lan\u00e7amentos somaram 385 longas-metragens, com 173 brasileiros e 212 estrangeiros, e sete filmes tiveram lan\u00e7amento em mais de 2 mil salas, quando em 2021 foram apenas dois.<\/p>\n<p>Diante da melhora no cen\u00e1rio geral, a Ancine aponta que a expectativa para 2023 \u00e9 de aumento da participa\u00e7\u00e3o de filmes nacionais no mercado, al\u00e9m do crescimento do parque exibidor, trajet\u00f3ria interrompida com a pandemia ap\u00f3s dez anos de aumento.<\/p>\n<p>Para tanto, a ag\u00eancia destaca as seis chamadas p\u00fablicas do Fundo Setorial do Audiovisual (FSA) j\u00e1 conclu\u00eddas, que investe em filmes brasileiros para cinema, al\u00e9m do lan\u00e7amento de duas novas e a aprova\u00e7\u00e3o de um novo plano de a\u00e7\u00e3o de investimentos para 2023.<\/p>\n","protected":false},"excerpt":{"rendered":"<p>Ap\u00f3s a quase paralisa\u00e7\u00e3o em 2020, por causa da pandemia de covid-19, e uma retomada t\u00edmida em 2021, ainda sob forte impacto da crise sanit\u00e1ria do novo coronav\u00edrus, as salas de cinema do Brasil voltaram a receber um p\u00fablico consider\u00e1vel no ano passado. Os dados preliminares do setor, divulgados pela Ag\u00eancia Nacional do Cinema (Ancine), [&hellip;]<\/p>\n","protected":false},"author":2,"featured_media":301484,"comment_status":"closed","ping_status":"closed","sticky":false,"template":"","format":"standard","meta":{"_acf_changed":false,"footnotes":""},"categories":[161],"tags":[],"class_list":["post-301483","post","type-post","status-publish","format-standard","has-post-thumbnail","hentry","category-quadradinho-em-foco"],"acf":[],"yoast_head":"<!-- This site is optimized with the Yoast SEO plugin v27.2 - https:\/\/yoast.com\/product\/yoast-seo-wordpress\/ -->\n<title>Cinemas continuam vazios, mas p\u00fablico volta aos poucos - Notibras<\/title>\n<meta name=\"robots\" content=\"index, follow, max-snippet:-1, max-image-preview:large, max-video-preview:-1\" \/>\n<link rel=\"canonical\" href=\"https:\/\/www.notibras.com\/site\/cinemas-continuam-vazios-mas-publico-volta-aos-poucos\/\" \/>\n<meta property=\"og:locale\" content=\"pt_BR\" \/>\n<meta property=\"og:type\" content=\"article\" \/>\n<meta property=\"og:title\" content=\"Cinemas continuam vazios, mas p\u00fablico volta aos poucos - Notibras\" \/>\n<meta property=\"og:description\" content=\"Ap\u00f3s a quase paralisa\u00e7\u00e3o em 2020, por causa da pandemia de covid-19, e uma retomada t\u00edmida em 2021, ainda sob forte impacto da crise sanit\u00e1ria do novo coronav\u00edrus, as salas de cinema do Brasil voltaram a receber um p\u00fablico consider\u00e1vel no ano passado. Os dados preliminares do setor, divulgados pela Ag\u00eancia Nacional do Cinema (Ancine), [&hellip;]\" \/>\n<meta property=\"og:url\" content=\"https:\/\/www.notibras.com\/site\/cinemas-continuam-vazios-mas-publico-volta-aos-poucos\/\" \/>\n<meta property=\"og:site_name\" content=\"Notibras\" \/>\n<meta property=\"article:publisher\" content=\"https:\/\/www.facebook.com\/notibras\/\" \/>\n<meta property=\"article:published_time\" content=\"2023-03-21T03:48:43+00:00\" \/>\n<meta property=\"article:modified_time\" content=\"2023-03-21T11:50:58+00:00\" \/>\n<meta property=\"og:image\" content=\"https:\/\/www.notibras.com\/site\/wp-content\/uploads\/2023\/03\/img_3206_0-1.jpg\" \/>\n\t<meta property=\"og:image:width\" content=\"1170\" \/>\n\t<meta property=\"og:image:height\" content=\"700\" \/>\n\t<meta property=\"og:image:type\" content=\"image\/jpeg\" \/>\n<meta name=\"author\" content=\"Reda\u00e7\u00e3o\" \/>\n<meta name=\"twitter:card\" content=\"summary_large_image\" \/>\n<meta name=\"twitter:creator\" content=\"@Notibras\" \/>\n<meta name=\"twitter:site\" content=\"@Notibras\" \/>\n<meta name=\"twitter:label1\" content=\"Escrito por\" \/>\n\t<meta name=\"twitter:data1\" content=\"Reda\u00e7\u00e3o\" \/>\n\t<meta name=\"twitter:label2\" content=\"Est. tempo de leitura\" \/>\n\t<meta name=\"twitter:data2\" content=\"3 minutos\" \/>\n<script type=\"application\/ld+json\" class=\"yoast-schema-graph\">{\"@context\":\"https:\/\/schema.org\",\"@graph\":[{\"@type\":\"Article\",\"@id\":\"https:\/\/www.notibras.com\/site\/cinemas-continuam-vazios-mas-publico-volta-aos-poucos\/#article\",\"isPartOf\":{\"@id\":\"https:\/\/www.notibras.com\/site\/cinemas-continuam-vazios-mas-publico-volta-aos-poucos\/\"},\"author\":{\"name\":\"Reda\u00e7\u00e3o\",\"@id\":\"https:\/\/www.notibras.com\/site\/#\/schema\/person\/36ab0979449956132d3e5b517ea76ac8\"},\"headline\":\"Cinemas continuam vazios, mas p\u00fablico volta aos poucos\",\"datePublished\":\"2023-03-21T03:48:43+00:00\",\"dateModified\":\"2023-03-21T11:50:58+00:00\",\"mainEntityOfPage\":{\"@id\":\"https:\/\/www.notibras.com\/site\/cinemas-continuam-vazios-mas-publico-volta-aos-poucos\/\"},\"wordCount\":517,\"publisher\":{\"@id\":\"https:\/\/www.notibras.com\/site\/#organization\"},\"image\":{\"@id\":\"https:\/\/www.notibras.com\/site\/cinemas-continuam-vazios-mas-publico-volta-aos-poucos\/#primaryimage\"},\"thumbnailUrl\":\"https:\/\/www.notibras.com\/site\/wp-content\/uploads\/2023\/03\/img_3206_0-1.jpg\",\"articleSection\":[\"Quadradinho em Foco\"],\"inLanguage\":\"pt-BR\"},{\"@type\":\"WebPage\",\"@id\":\"https:\/\/www.notibras.com\/site\/cinemas-continuam-vazios-mas-publico-volta-aos-poucos\/\",\"url\":\"https:\/\/www.notibras.com\/site\/cinemas-continuam-vazios-mas-publico-volta-aos-poucos\/\",\"name\":\"Cinemas continuam vazios, mas p\u00fablico volta aos poucos - Notibras\",\"isPartOf\":{\"@id\":\"https:\/\/www.notibras.com\/site\/#website\"},\"primaryImageOfPage\":{\"@id\":\"https:\/\/www.notibras.com\/site\/cinemas-continuam-vazios-mas-publico-volta-aos-poucos\/#primaryimage\"},\"image\":{\"@id\":\"https:\/\/www.notibras.com\/site\/cinemas-continuam-vazios-mas-publico-volta-aos-poucos\/#primaryimage\"},\"thumbnailUrl\":\"https:\/\/www.notibras.com\/site\/wp-content\/uploads\/2023\/03\/img_3206_0-1.jpg\",\"datePublished\":\"2023-03-21T03:48:43+00:00\",\"dateModified\":\"2023-03-21T11:50:58+00:00\",\"breadcrumb\":{\"@id\":\"https:\/\/www.notibras.com\/site\/cinemas-continuam-vazios-mas-publico-volta-aos-poucos\/#breadcrumb\"},\"inLanguage\":\"pt-BR\",\"potentialAction\":[{\"@type\":\"ReadAction\",\"target\":[\"https:\/\/www.notibras.com\/site\/cinemas-continuam-vazios-mas-publico-volta-aos-poucos\/\"]}]},{\"@type\":\"ImageObject\",\"inLanguage\":\"pt-BR\",\"@id\":\"https:\/\/www.notibras.com\/site\/cinemas-continuam-vazios-mas-publico-volta-aos-poucos\/#primaryimage\",\"url\":\"https:\/\/www.notibras.com\/site\/wp-content\/uploads\/2023\/03\/img_3206_0-1.jpg\",\"contentUrl\":\"https:\/\/www.notibras.com\/site\/wp-content\/uploads\/2023\/03\/img_3206_0-1.jpg\",\"width\":1170,\"height\":700,\"caption\":\"Espa\u00e7o Ita\u00fa de Cinema\"},{\"@type\":\"BreadcrumbList\",\"@id\":\"https:\/\/www.notibras.com\/site\/cinemas-continuam-vazios-mas-publico-volta-aos-poucos\/#breadcrumb\",\"itemListElement\":[{\"@type\":\"ListItem\",\"position\":1,\"name\":\"In\u00edcio\",\"item\":\"https:\/\/www.notibras.com\/site\/\"},{\"@type\":\"ListItem\",\"position\":2,\"name\":\"Cinemas continuam vazios, mas p\u00fablico volta aos poucos\"}]},{\"@type\":\"WebSite\",\"@id\":\"https:\/\/www.notibras.com\/site\/#website\",\"url\":\"https:\/\/www.notibras.com\/site\/\",\"name\":\"Notibras\",\"description\":\"Not\u00edcias de Bras\u00edlia, do Brasil e do Mundo\",\"publisher\":{\"@id\":\"https:\/\/www.notibras.com\/site\/#organization\"},\"potentialAction\":[{\"@type\":\"SearchAction\",\"target\":{\"@type\":\"EntryPoint\",\"urlTemplate\":\"https:\/\/www.notibras.com\/site\/?s={search_term_string}\"},\"query-input\":{\"@type\":\"PropertyValueSpecification\",\"valueRequired\":true,\"valueName\":\"search_term_string\"}}],\"inLanguage\":\"pt-BR\"},{\"@type\":\"Organization\",\"@id\":\"https:\/\/www.notibras.com\/site\/#organization\",\"name\":\"Grupo Notibras de Comunica\u00e7\u00e3o\",\"url\":\"https:\/\/www.notibras.com\/site\/\",\"logo\":{\"@type\":\"ImageObject\",\"inLanguage\":\"pt-BR\",\"@id\":\"https:\/\/www.notibras.com\/site\/#\/schema\/logo\/image\/\",\"url\":\"https:\/\/www.notibras.com\/site\/wp-content\/uploads\/2023\/01\/notibras23.png\",\"contentUrl\":\"https:\/\/www.notibras.com\/site\/wp-content\/uploads\/2023\/01\/notibras23.png\",\"width\":350,\"height\":87,\"caption\":\"Grupo Notibras de Comunica\u00e7\u00e3o\"},\"image\":{\"@id\":\"https:\/\/www.notibras.com\/site\/#\/schema\/logo\/image\/\"},\"sameAs\":[\"https:\/\/www.facebook.com\/notibras\/\",\"https:\/\/x.com\/Notibras\",\"https:\/\/www.instagram.com\/notibras\/\"]},{\"@type\":\"Person\",\"@id\":\"https:\/\/www.notibras.com\/site\/#\/schema\/person\/36ab0979449956132d3e5b517ea76ac8\",\"name\":\"Reda\u00e7\u00e3o\",\"image\":{\"@type\":\"ImageObject\",\"inLanguage\":\"pt-BR\",\"@id\":\"https:\/\/secure.gravatar.com\/avatar\/e0a867bdedb85fd243eadf09663511f96fc81e0720a4a42581f334ad4303aa6b?s=96&d=mm&r=g\",\"url\":\"https:\/\/secure.gravatar.com\/avatar\/e0a867bdedb85fd243eadf09663511f96fc81e0720a4a42581f334ad4303aa6b?s=96&d=mm&r=g\",\"contentUrl\":\"https:\/\/secure.gravatar.com\/avatar\/e0a867bdedb85fd243eadf09663511f96fc81e0720a4a42581f334ad4303aa6b?s=96&d=mm&r=g\",\"caption\":\"Reda\u00e7\u00e3o\"}}]}<\/script>\n<!-- \/ Yoast SEO plugin. -->","yoast_head_json":{"title":"Cinemas continuam vazios, mas p\u00fablico volta aos poucos - Notibras","robots":{"index":"index","follow":"follow","max-snippet":"max-snippet:-1","max-image-preview":"max-image-preview:large","max-video-preview":"max-video-preview:-1"},"canonical":"https:\/\/www.notibras.com\/site\/cinemas-continuam-vazios-mas-publico-volta-aos-poucos\/","og_locale":"pt_BR","og_type":"article","og_title":"Cinemas continuam vazios, mas p\u00fablico volta aos poucos - Notibras","og_description":"Ap\u00f3s a quase paralisa\u00e7\u00e3o em 2020, por causa da pandemia de covid-19, e uma retomada t\u00edmida em 2021, ainda sob forte impacto da crise sanit\u00e1ria do novo coronav\u00edrus, as salas de cinema do Brasil voltaram a receber um p\u00fablico consider\u00e1vel no ano passado. Os dados preliminares do setor, divulgados pela Ag\u00eancia Nacional do Cinema (Ancine), [&hellip;]","og_url":"https:\/\/www.notibras.com\/site\/cinemas-continuam-vazios-mas-publico-volta-aos-poucos\/","og_site_name":"Notibras","article_publisher":"https:\/\/www.facebook.com\/notibras\/","article_published_time":"2023-03-21T03:48:43+00:00","article_modified_time":"2023-03-21T11:50:58+00:00","og_image":[{"width":1170,"height":700,"url":"https:\/\/www.notibras.com\/site\/wp-content\/uploads\/2023\/03\/img_3206_0-1.jpg","type":"image\/jpeg"}],"author":"Reda\u00e7\u00e3o","twitter_card":"summary_large_image","twitter_creator":"@Notibras","twitter_site":"@Notibras","twitter_misc":{"Escrito por":"Reda\u00e7\u00e3o","Est. tempo de leitura":"3 minutos"},"schema":{"@context":"https:\/\/schema.org","@graph":[{"@type":"Article","@id":"https:\/\/www.notibras.com\/site\/cinemas-continuam-vazios-mas-publico-volta-aos-poucos\/#article","isPartOf":{"@id":"https:\/\/www.notibras.com\/site\/cinemas-continuam-vazios-mas-publico-volta-aos-poucos\/"},"author":{"name":"Reda\u00e7\u00e3o","@id":"https:\/\/www.notibras.com\/site\/#\/schema\/person\/36ab0979449956132d3e5b517ea76ac8"},"headline":"Cinemas continuam vazios, mas p\u00fablico volta aos poucos","datePublished":"2023-03-21T03:48:43+00:00","dateModified":"2023-03-21T11:50:58+00:00","mainEntityOfPage":{"@id":"https:\/\/www.notibras.com\/site\/cinemas-continuam-vazios-mas-publico-volta-aos-poucos\/"},"wordCount":517,"publisher":{"@id":"https:\/\/www.notibras.com\/site\/#organization"},"image":{"@id":"https:\/\/www.notibras.com\/site\/cinemas-continuam-vazios-mas-publico-volta-aos-poucos\/#primaryimage"},"thumbnailUrl":"https:\/\/www.notibras.com\/site\/wp-content\/uploads\/2023\/03\/img_3206_0-1.jpg","articleSection":["Quadradinho em Foco"],"inLanguage":"pt-BR"},{"@type":"WebPage","@id":"https:\/\/www.notibras.com\/site\/cinemas-continuam-vazios-mas-publico-volta-aos-poucos\/","url":"https:\/\/www.notibras.com\/site\/cinemas-continuam-vazios-mas-publico-volta-aos-poucos\/","name":"Cinemas continuam vazios, mas p\u00fablico volta aos poucos - Notibras","isPartOf":{"@id":"https:\/\/www.notibras.com\/site\/#website"},"primaryImageOfPage":{"@id":"https:\/\/www.notibras.com\/site\/cinemas-continuam-vazios-mas-publico-volta-aos-poucos\/#primaryimage"},"image":{"@id":"https:\/\/www.notibras.com\/site\/cinemas-continuam-vazios-mas-publico-volta-aos-poucos\/#primaryimage"},"thumbnailUrl":"https:\/\/www.notibras.com\/site\/wp-content\/uploads\/2023\/03\/img_3206_0-1.jpg","datePublished":"2023-03-21T03:48:43+00:00","dateModified":"2023-03-21T11:50:58+00:00","breadcrumb":{"@id":"https:\/\/www.notibras.com\/site\/cinemas-continuam-vazios-mas-publico-volta-aos-poucos\/#breadcrumb"},"inLanguage":"pt-BR","potentialAction":[{"@type":"ReadAction","target":["https:\/\/www.notibras.com\/site\/cinemas-continuam-vazios-mas-publico-volta-aos-poucos\/"]}]},{"@type":"ImageObject","inLanguage":"pt-BR","@id":"https:\/\/www.notibras.com\/site\/cinemas-continuam-vazios-mas-publico-volta-aos-poucos\/#primaryimage","url":"https:\/\/www.notibras.com\/site\/wp-content\/uploads\/2023\/03\/img_3206_0-1.jpg","contentUrl":"https:\/\/www.notibras.com\/site\/wp-content\/uploads\/2023\/03\/img_3206_0-1.jpg","width":1170,"height":700,"caption":"Espa\u00e7o Ita\u00fa de Cinema"},{"@type":"BreadcrumbList","@id":"https:\/\/www.notibras.com\/site\/cinemas-continuam-vazios-mas-publico-volta-aos-poucos\/#breadcrumb","itemListElement":[{"@type":"ListItem","position":1,"name":"In\u00edcio","item":"https:\/\/www.notibras.com\/site\/"},{"@type":"ListItem","position":2,"name":"Cinemas continuam vazios, mas p\u00fablico volta aos poucos"}]},{"@type":"WebSite","@id":"https:\/\/www.notibras.com\/site\/#website","url":"https:\/\/www.notibras.com\/site\/","name":"Notibras","description":"Not\u00edcias de Bras\u00edlia, do Brasil e do Mundo","publisher":{"@id":"https:\/\/www.notibras.com\/site\/#organization"},"potentialAction":[{"@type":"SearchAction","target":{"@type":"EntryPoint","urlTemplate":"https:\/\/www.notibras.com\/site\/?s={search_term_string}"},"query-input":{"@type":"PropertyValueSpecification","valueRequired":true,"valueName":"search_term_string"}}],"inLanguage":"pt-BR"},{"@type":"Organization","@id":"https:\/\/www.notibras.com\/site\/#organization","name":"Grupo Notibras de Comunica\u00e7\u00e3o","url":"https:\/\/www.notibras.com\/site\/","logo":{"@type":"ImageObject","inLanguage":"pt-BR","@id":"https:\/\/www.notibras.com\/site\/#\/schema\/logo\/image\/","url":"https:\/\/www.notibras.com\/site\/wp-content\/uploads\/2023\/01\/notibras23.png","contentUrl":"https:\/\/www.notibras.com\/site\/wp-content\/uploads\/2023\/01\/notibras23.png","width":350,"height":87,"caption":"Grupo Notibras de Comunica\u00e7\u00e3o"},"image":{"@id":"https:\/\/www.notibras.com\/site\/#\/schema\/logo\/image\/"},"sameAs":["https:\/\/www.facebook.com\/notibras\/","https:\/\/x.com\/Notibras","https:\/\/www.instagram.com\/notibras\/"]},{"@type":"Person","@id":"https:\/\/www.notibras.com\/site\/#\/schema\/person\/36ab0979449956132d3e5b517ea76ac8","name":"Reda\u00e7\u00e3o","image":{"@type":"ImageObject","inLanguage":"pt-BR","@id":"https:\/\/secure.gravatar.com\/avatar\/e0a867bdedb85fd243eadf09663511f96fc81e0720a4a42581f334ad4303aa6b?s=96&d=mm&r=g","url":"https:\/\/secure.gravatar.com\/avatar\/e0a867bdedb85fd243eadf09663511f96fc81e0720a4a42581f334ad4303aa6b?s=96&d=mm&r=g","contentUrl":"https:\/\/secure.gravatar.com\/avatar\/e0a867bdedb85fd243eadf09663511f96fc81e0720a4a42581f334ad4303aa6b?s=96&d=mm&r=g","caption":"Reda\u00e7\u00e3o"}}]}},"amp_enabled":true,"_links":{"self":[{"href":"https:\/\/www.notibras.com\/site\/wp-json\/wp\/v2\/posts\/301483","targetHints":{"allow":["GET"]}}],"collection":[{"href":"https:\/\/www.notibras.com\/site\/wp-json\/wp\/v2\/posts"}],"about":[{"href":"https:\/\/www.notibras.com\/site\/wp-json\/wp\/v2\/types\/post"}],"author":[{"embeddable":true,"href":"https:\/\/www.notibras.com\/site\/wp-json\/wp\/v2\/users\/2"}],"replies":[{"embeddable":true,"href":"https:\/\/www.notibras.com\/site\/wp-json\/wp\/v2\/comments?post=301483"}],"version-history":[{"count":1,"href":"https:\/\/www.notibras.com\/site\/wp-json\/wp\/v2\/posts\/301483\/revisions"}],"predecessor-version":[{"id":301485,"href":"https:\/\/www.notibras.com\/site\/wp-json\/wp\/v2\/posts\/301483\/revisions\/301485"}],"wp:featuredmedia":[{"embeddable":true,"href":"https:\/\/www.notibras.com\/site\/wp-json\/wp\/v2\/media\/301484"}],"wp:attachment":[{"href":"https:\/\/www.notibras.com\/site\/wp-json\/wp\/v2\/media?parent=301483"}],"wp:term":[{"taxonomy":"category","embeddable":true,"href":"https:\/\/www.notibras.com\/site\/wp-json\/wp\/v2\/categories?post=301483"},{"taxonomy":"post_tag","embeddable":true,"href":"https:\/\/www.notibras.com\/site\/wp-json\/wp\/v2\/tags?post=301483"}],"curies":[{"name":"wp","href":"https:\/\/api.w.org\/{rel}","templated":true}]}}