{"id":301489,"date":"2023-03-21T09:23:00","date_gmt":"2023-03-21T12:23:00","guid":{"rendered":"https:\/\/www.notibras.com\/site\/?p=301489"},"modified":"2023-03-21T09:23:00","modified_gmt":"2023-03-21T12:23:00","slug":"cartilha-ensina-a-liberar-emocoes-de-bem-estar","status":"publish","type":"post","link":"https:\/\/www.notibras.com\/site\/cartilha-ensina-a-liberar-emocoes-de-bem-estar\/","title":{"rendered":"Cartilha ensina a liberar emo\u00e7\u00f5es de bem-estar"},"content":{"rendered":"<p>Para celebrar o Dia Internacional da Felicidade, comemorado na segunda-feira (20), o Conselho Federal de Qu\u00edmica (CFQ) est\u00e1 disponibilizando a cartilha A Qu\u00edmica das Emo\u00e7\u00f5es. A entidade destaca a import\u00e2ncia de o ser humano manter o bem-estar em dia e lembra que a felicidade \u00e9 um processo qu\u00edmico que come\u00e7a no c\u00e9rebro.<\/p>\n<p>A cartilha descreve todos os horm\u00f4nios produzidos pelo corpo humano e como eles interferem no nosso estado f\u00edsico e mental, envolvendo os v\u00e1rios sentimentos que \u201cvamos experimentando em cada ocasi\u00e3o, ao longo do dia\u201d, disse \u00e0 Ag\u00eancia Brasil o conselheiro Jonas Comin.<\/p>\n<p>Em alus\u00e3o \u00e0 data, Comin destacou a endorfina, que \u00e9 denominado o horm\u00f4nio da felicidade. Esse neurotransmissor ajuda na superac\u0327a\u0303o de vi\u0301cios, na modulac\u0327a\u0303o da dor, no fortalecimento da imunidade e no funcionamento do c\u00e9rebro, ale\u0301m de aliviar o estresse e a tensa\u0303o e induzir sentimentos de prazer. Promove tamb\u00e9m o efeito antienvelhecimento e aumenta a disposi\u00e7\u00e3o e a resist\u00eancia f\u00edsica e mental.<\/p>\n<p>\u201cQuando comemos uma coisa de que gostamos, ou quando recebemos algum carinho, ou quando entramos em contato com a natureza, liberamos esse horm\u00f4nio, e isso faz com que a gente tenha a sensa\u00e7\u00e3o de relaxamento, aquele estado de felicidade no nosso corpo\u201d, disse o conselheiro. Em fun\u00e7\u00e3o das nossas atividades di\u00e1rias e do que ingerimos, a gente vai liberando esses horm\u00f4nios do corpo, atrav\u00e9s das v\u00e1rias rea\u00e7\u00f5es qu\u00edmicas que acontecem e, com isso, vai se tendo a sensa\u00e7\u00e3o de bem-estar, de prazer, de bom humor.<\/p>\n<p>Dependendo do n\u00edvel em que esses horm\u00f4nios estejam, eles causam o efeito contr\u00e1rio, ressaltou Jonas Comin. \u201cPor isso \u00e9 que \u00e9 sempre bom que sejam produzidos, para que a gente consiga fazer a libera\u00e7\u00e3o do nosso corpo e estar sempre com um n\u00edvel satisfat\u00f3rio, para fugir de doen\u00e7as como depress\u00e3o\u201d, recomendou. Caso estejam desregulados, esses horm\u00f4nios qu\u00edmicos fazem com que o corpo reaja com mau humor, irrita\u00e7\u00e3o, ansiedade, ins\u00f4nia, estresse, falta de disposi\u00e7\u00e3o, tristeza e at\u00e9 depress\u00e3o.<\/p>\n<p>De maneira geral, para que o ser humano tenha um n\u00edvel satisfat\u00f3rio dos horm\u00f4nios no corpo, ele deve ter uma alimenta\u00e7\u00e3o bastante saud\u00e1vel e variada, visando a qualidade alimentar. Ao mesmo tempo, n\u00e3o deve esquecer a pr\u00e1tica de atividades f\u00edsicas, ligada \u00e0 endorfina, que tamb\u00e9m regula a sensa\u00e7\u00e3o de felicidade, bem-estar e prazer. Comin destacou que, independente de qual atividade f\u00edsica seja praticada, ela vai contribuir nessa dire\u00e7\u00e3o.<\/p>\n<p>O pr\u00f3prio relacionamento interpessoal \u00e9 outro destaque para quem visa a felicidade e o bem-estar. Ou seja, ter contato com a pessoa que se gosta tamb\u00e9m faz com que ocorra a libera\u00e7\u00e3o da endorfina. \u201c\u00c9 uma a\u00e7\u00e3o em conjunto que ajuda a manter esses horm\u00f4nios em quantidade ideal no corpo e obter o resultado satisfat\u00f3rio. Vivemos em sociedade e precisamos desse conjunto. Uma boa alimenta\u00e7\u00e3o, atividade f\u00edsica e ter prazer nas coisas da vida, como estar com quem se gosta, ouvir m\u00fasica, ou seja, realizar coisas que sejam do gosto da pessoa\u201d.<\/p>\n<p>O sono tamb\u00e9m interfere na sensa\u00e7\u00e3o de felicidade. \u201cUma boa qualidade de sono tamb\u00e9m contribui para uma qualidade de vida melhor\u201d, afirmou o conselheiro do CFQ. O \u00c1cido Gama-Aminobut\u00edrico (Gaba) \u00e9 o neurotransmissor da calma e do relaxamento e interfere na qualidade do sono.<\/p>\n<p>Outros horm\u00f4nios associados \u00e0 quest\u00e3o do bem-estar s\u00e3o ocitocina, que proporciona a sensa\u00e7\u00e3o de amor, prazer e afeto; a dopamina, que regula o humor e a sensa\u00e7\u00e3o de satisfa\u00e7\u00e3o; a melatonina, que reduz o envelhecimento e regula o sono, entre outros.<\/p>\n<p>A cartilha A Qu\u00edmica das Emo\u00e7\u00f5es pode ser conferida na \u00edntegra \u00a0no\u00a0<a href=\"https:\/\/bit.ly\/3yCym2Z\" target=\"_blank\" rel=\"noopener\">site<\/a>\u00a0do\u00a0 conselho.<\/p>\n","protected":false},"excerpt":{"rendered":"<p>Para celebrar o Dia Internacional da Felicidade, comemorado na segunda-feira (20), o Conselho Federal de Qu\u00edmica (CFQ) est\u00e1 disponibilizando a cartilha A Qu\u00edmica das Emo\u00e7\u00f5es. A entidade destaca a import\u00e2ncia de o ser humano manter o bem-estar em dia e lembra que a felicidade \u00e9 um processo qu\u00edmico que come\u00e7a no c\u00e9rebro. A cartilha descreve [&hellip;]<\/p>\n","protected":false},"author":2,"featured_media":301490,"comment_status":"closed","ping_status":"closed","sticky":false,"template":"","format":"standard","meta":{"_acf_changed":false,"footnotes":""},"categories":[161],"tags":[],"class_list":["post-301489","post","type-post","status-publish","format-standard","has-post-thumbnail","hentry","category-quadradinho-em-foco"],"acf":[],"yoast_head":"<!-- This site is optimized with the Yoast SEO plugin v27.2 - https:\/\/yoast.com\/product\/yoast-seo-wordpress\/ -->\n<title>Cartilha ensina a liberar emo\u00e7\u00f5es de bem-estar - Notibras<\/title>\n<meta name=\"robots\" content=\"index, follow, max-snippet:-1, max-image-preview:large, max-video-preview:-1\" \/>\n<link rel=\"canonical\" href=\"https:\/\/www.notibras.com\/site\/cartilha-ensina-a-liberar-emocoes-de-bem-estar\/\" \/>\n<meta property=\"og:locale\" content=\"pt_BR\" \/>\n<meta property=\"og:type\" content=\"article\" \/>\n<meta property=\"og:title\" content=\"Cartilha ensina a liberar emo\u00e7\u00f5es de bem-estar - Notibras\" \/>\n<meta property=\"og:description\" content=\"Para celebrar o Dia Internacional da Felicidade, comemorado na segunda-feira (20), o Conselho Federal de Qu\u00edmica (CFQ) est\u00e1 disponibilizando a cartilha A Qu\u00edmica das Emo\u00e7\u00f5es. A entidade destaca a import\u00e2ncia de o ser humano manter o bem-estar em dia e lembra que a felicidade \u00e9 um processo qu\u00edmico que come\u00e7a no c\u00e9rebro. A cartilha descreve [&hellip;]\" \/>\n<meta property=\"og:url\" content=\"https:\/\/www.notibras.com\/site\/cartilha-ensina-a-liberar-emocoes-de-bem-estar\/\" \/>\n<meta property=\"og:site_name\" content=\"Notibras\" \/>\n<meta property=\"article:publisher\" content=\"https:\/\/www.facebook.com\/notibras\/\" \/>\n<meta property=\"article:published_time\" content=\"2023-03-21T12:23:00+00:00\" \/>\n<meta property=\"og:image\" content=\"https:\/\/www.notibras.com\/site\/wp-content\/uploads\/2023\/03\/17_07_2020_covid_ibirapuera.jpg\" \/>\n\t<meta property=\"og:image:width\" content=\"1170\" \/>\n\t<meta property=\"og:image:height\" content=\"700\" \/>\n\t<meta property=\"og:image:type\" content=\"image\/jpeg\" \/>\n<meta name=\"author\" content=\"Reda\u00e7\u00e3o\" \/>\n<meta name=\"twitter:card\" content=\"summary_large_image\" \/>\n<meta name=\"twitter:creator\" content=\"@Notibras\" \/>\n<meta name=\"twitter:site\" content=\"@Notibras\" \/>\n<meta name=\"twitter:label1\" content=\"Escrito por\" \/>\n\t<meta name=\"twitter:data1\" content=\"Reda\u00e7\u00e3o\" \/>\n\t<meta name=\"twitter:label2\" content=\"Est. tempo de leitura\" \/>\n\t<meta name=\"twitter:data2\" content=\"4 minutos\" \/>\n<script type=\"application\/ld+json\" class=\"yoast-schema-graph\">{\"@context\":\"https:\/\/schema.org\",\"@graph\":[{\"@type\":\"Article\",\"@id\":\"https:\/\/www.notibras.com\/site\/cartilha-ensina-a-liberar-emocoes-de-bem-estar\/#article\",\"isPartOf\":{\"@id\":\"https:\/\/www.notibras.com\/site\/cartilha-ensina-a-liberar-emocoes-de-bem-estar\/\"},\"author\":{\"name\":\"Reda\u00e7\u00e3o\",\"@id\":\"https:\/\/www.notibras.com\/site\/#\/schema\/person\/36ab0979449956132d3e5b517ea76ac8\"},\"headline\":\"Cartilha ensina a liberar emo\u00e7\u00f5es de bem-estar\",\"datePublished\":\"2023-03-21T12:23:00+00:00\",\"mainEntityOfPage\":{\"@id\":\"https:\/\/www.notibras.com\/site\/cartilha-ensina-a-liberar-emocoes-de-bem-estar\/\"},\"wordCount\":658,\"publisher\":{\"@id\":\"https:\/\/www.notibras.com\/site\/#organization\"},\"image\":{\"@id\":\"https:\/\/www.notibras.com\/site\/cartilha-ensina-a-liberar-emocoes-de-bem-estar\/#primaryimage\"},\"thumbnailUrl\":\"https:\/\/www.notibras.com\/site\/wp-content\/uploads\/2023\/03\/17_07_2020_covid_ibirapuera.jpg\",\"articleSection\":[\"Quadradinho em Foco\"],\"inLanguage\":\"pt-BR\"},{\"@type\":\"WebPage\",\"@id\":\"https:\/\/www.notibras.com\/site\/cartilha-ensina-a-liberar-emocoes-de-bem-estar\/\",\"url\":\"https:\/\/www.notibras.com\/site\/cartilha-ensina-a-liberar-emocoes-de-bem-estar\/\",\"name\":\"Cartilha ensina a liberar emo\u00e7\u00f5es de bem-estar - Notibras\",\"isPartOf\":{\"@id\":\"https:\/\/www.notibras.com\/site\/#website\"},\"primaryImageOfPage\":{\"@id\":\"https:\/\/www.notibras.com\/site\/cartilha-ensina-a-liberar-emocoes-de-bem-estar\/#primaryimage\"},\"image\":{\"@id\":\"https:\/\/www.notibras.com\/site\/cartilha-ensina-a-liberar-emocoes-de-bem-estar\/#primaryimage\"},\"thumbnailUrl\":\"https:\/\/www.notibras.com\/site\/wp-content\/uploads\/2023\/03\/17_07_2020_covid_ibirapuera.jpg\",\"datePublished\":\"2023-03-21T12:23:00+00:00\",\"breadcrumb\":{\"@id\":\"https:\/\/www.notibras.com\/site\/cartilha-ensina-a-liberar-emocoes-de-bem-estar\/#breadcrumb\"},\"inLanguage\":\"pt-BR\",\"potentialAction\":[{\"@type\":\"ReadAction\",\"target\":[\"https:\/\/www.notibras.com\/site\/cartilha-ensina-a-liberar-emocoes-de-bem-estar\/\"]}]},{\"@type\":\"ImageObject\",\"inLanguage\":\"pt-BR\",\"@id\":\"https:\/\/www.notibras.com\/site\/cartilha-ensina-a-liberar-emocoes-de-bem-estar\/#primaryimage\",\"url\":\"https:\/\/www.notibras.com\/site\/wp-content\/uploads\/2023\/03\/17_07_2020_covid_ibirapuera.jpg\",\"contentUrl\":\"https:\/\/www.notibras.com\/site\/wp-content\/uploads\/2023\/03\/17_07_2020_covid_ibirapuera.jpg\",\"width\":1170,\"height\":700,\"caption\":\"Lazer no Parque do Ibirapuera ap\u00f3s a flexibiliza\u00e7\u00e3o do isolamento social durante a pandemia de covid-19.\"},{\"@type\":\"BreadcrumbList\",\"@id\":\"https:\/\/www.notibras.com\/site\/cartilha-ensina-a-liberar-emocoes-de-bem-estar\/#breadcrumb\",\"itemListElement\":[{\"@type\":\"ListItem\",\"position\":1,\"name\":\"In\u00edcio\",\"item\":\"https:\/\/www.notibras.com\/site\/\"},{\"@type\":\"ListItem\",\"position\":2,\"name\":\"Cartilha ensina a liberar emo\u00e7\u00f5es de bem-estar\"}]},{\"@type\":\"WebSite\",\"@id\":\"https:\/\/www.notibras.com\/site\/#website\",\"url\":\"https:\/\/www.notibras.com\/site\/\",\"name\":\"Notibras\",\"description\":\"Not\u00edcias de Bras\u00edlia, do Brasil e do Mundo\",\"publisher\":{\"@id\":\"https:\/\/www.notibras.com\/site\/#organization\"},\"potentialAction\":[{\"@type\":\"SearchAction\",\"target\":{\"@type\":\"EntryPoint\",\"urlTemplate\":\"https:\/\/www.notibras.com\/site\/?s={search_term_string}\"},\"query-input\":{\"@type\":\"PropertyValueSpecification\",\"valueRequired\":true,\"valueName\":\"search_term_string\"}}],\"inLanguage\":\"pt-BR\"},{\"@type\":\"Organization\",\"@id\":\"https:\/\/www.notibras.com\/site\/#organization\",\"name\":\"Grupo Notibras de Comunica\u00e7\u00e3o\",\"url\":\"https:\/\/www.notibras.com\/site\/\",\"logo\":{\"@type\":\"ImageObject\",\"inLanguage\":\"pt-BR\",\"@id\":\"https:\/\/www.notibras.com\/site\/#\/schema\/logo\/image\/\",\"url\":\"https:\/\/www.notibras.com\/site\/wp-content\/uploads\/2023\/01\/notibras23.png\",\"contentUrl\":\"https:\/\/www.notibras.com\/site\/wp-content\/uploads\/2023\/01\/notibras23.png\",\"width\":350,\"height\":87,\"caption\":\"Grupo Notibras de Comunica\u00e7\u00e3o\"},\"image\":{\"@id\":\"https:\/\/www.notibras.com\/site\/#\/schema\/logo\/image\/\"},\"sameAs\":[\"https:\/\/www.facebook.com\/notibras\/\",\"https:\/\/x.com\/Notibras\",\"https:\/\/www.instagram.com\/notibras\/\"]},{\"@type\":\"Person\",\"@id\":\"https:\/\/www.notibras.com\/site\/#\/schema\/person\/36ab0979449956132d3e5b517ea76ac8\",\"name\":\"Reda\u00e7\u00e3o\",\"image\":{\"@type\":\"ImageObject\",\"inLanguage\":\"pt-BR\",\"@id\":\"https:\/\/secure.gravatar.com\/avatar\/e0a867bdedb85fd243eadf09663511f96fc81e0720a4a42581f334ad4303aa6b?s=96&d=mm&r=g\",\"url\":\"https:\/\/secure.gravatar.com\/avatar\/e0a867bdedb85fd243eadf09663511f96fc81e0720a4a42581f334ad4303aa6b?s=96&d=mm&r=g\",\"contentUrl\":\"https:\/\/secure.gravatar.com\/avatar\/e0a867bdedb85fd243eadf09663511f96fc81e0720a4a42581f334ad4303aa6b?s=96&d=mm&r=g\",\"caption\":\"Reda\u00e7\u00e3o\"}}]}<\/script>\n<!-- \/ Yoast SEO plugin. -->","yoast_head_json":{"title":"Cartilha ensina a liberar emo\u00e7\u00f5es de bem-estar - Notibras","robots":{"index":"index","follow":"follow","max-snippet":"max-snippet:-1","max-image-preview":"max-image-preview:large","max-video-preview":"max-video-preview:-1"},"canonical":"https:\/\/www.notibras.com\/site\/cartilha-ensina-a-liberar-emocoes-de-bem-estar\/","og_locale":"pt_BR","og_type":"article","og_title":"Cartilha ensina a liberar emo\u00e7\u00f5es de bem-estar - Notibras","og_description":"Para celebrar o Dia Internacional da Felicidade, comemorado na segunda-feira (20), o Conselho Federal de Qu\u00edmica (CFQ) est\u00e1 disponibilizando a cartilha A Qu\u00edmica das Emo\u00e7\u00f5es. A entidade destaca a import\u00e2ncia de o ser humano manter o bem-estar em dia e lembra que a felicidade \u00e9 um processo qu\u00edmico que come\u00e7a no c\u00e9rebro. A cartilha descreve [&hellip;]","og_url":"https:\/\/www.notibras.com\/site\/cartilha-ensina-a-liberar-emocoes-de-bem-estar\/","og_site_name":"Notibras","article_publisher":"https:\/\/www.facebook.com\/notibras\/","article_published_time":"2023-03-21T12:23:00+00:00","og_image":[{"width":1170,"height":700,"url":"https:\/\/www.notibras.com\/site\/wp-content\/uploads\/2023\/03\/17_07_2020_covid_ibirapuera.jpg","type":"image\/jpeg"}],"author":"Reda\u00e7\u00e3o","twitter_card":"summary_large_image","twitter_creator":"@Notibras","twitter_site":"@Notibras","twitter_misc":{"Escrito por":"Reda\u00e7\u00e3o","Est. tempo de leitura":"4 minutos"},"schema":{"@context":"https:\/\/schema.org","@graph":[{"@type":"Article","@id":"https:\/\/www.notibras.com\/site\/cartilha-ensina-a-liberar-emocoes-de-bem-estar\/#article","isPartOf":{"@id":"https:\/\/www.notibras.com\/site\/cartilha-ensina-a-liberar-emocoes-de-bem-estar\/"},"author":{"name":"Reda\u00e7\u00e3o","@id":"https:\/\/www.notibras.com\/site\/#\/schema\/person\/36ab0979449956132d3e5b517ea76ac8"},"headline":"Cartilha ensina a liberar emo\u00e7\u00f5es de bem-estar","datePublished":"2023-03-21T12:23:00+00:00","mainEntityOfPage":{"@id":"https:\/\/www.notibras.com\/site\/cartilha-ensina-a-liberar-emocoes-de-bem-estar\/"},"wordCount":658,"publisher":{"@id":"https:\/\/www.notibras.com\/site\/#organization"},"image":{"@id":"https:\/\/www.notibras.com\/site\/cartilha-ensina-a-liberar-emocoes-de-bem-estar\/#primaryimage"},"thumbnailUrl":"https:\/\/www.notibras.com\/site\/wp-content\/uploads\/2023\/03\/17_07_2020_covid_ibirapuera.jpg","articleSection":["Quadradinho em Foco"],"inLanguage":"pt-BR"},{"@type":"WebPage","@id":"https:\/\/www.notibras.com\/site\/cartilha-ensina-a-liberar-emocoes-de-bem-estar\/","url":"https:\/\/www.notibras.com\/site\/cartilha-ensina-a-liberar-emocoes-de-bem-estar\/","name":"Cartilha ensina a liberar emo\u00e7\u00f5es de bem-estar - Notibras","isPartOf":{"@id":"https:\/\/www.notibras.com\/site\/#website"},"primaryImageOfPage":{"@id":"https:\/\/www.notibras.com\/site\/cartilha-ensina-a-liberar-emocoes-de-bem-estar\/#primaryimage"},"image":{"@id":"https:\/\/www.notibras.com\/site\/cartilha-ensina-a-liberar-emocoes-de-bem-estar\/#primaryimage"},"thumbnailUrl":"https:\/\/www.notibras.com\/site\/wp-content\/uploads\/2023\/03\/17_07_2020_covid_ibirapuera.jpg","datePublished":"2023-03-21T12:23:00+00:00","breadcrumb":{"@id":"https:\/\/www.notibras.com\/site\/cartilha-ensina-a-liberar-emocoes-de-bem-estar\/#breadcrumb"},"inLanguage":"pt-BR","potentialAction":[{"@type":"ReadAction","target":["https:\/\/www.notibras.com\/site\/cartilha-ensina-a-liberar-emocoes-de-bem-estar\/"]}]},{"@type":"ImageObject","inLanguage":"pt-BR","@id":"https:\/\/www.notibras.com\/site\/cartilha-ensina-a-liberar-emocoes-de-bem-estar\/#primaryimage","url":"https:\/\/www.notibras.com\/site\/wp-content\/uploads\/2023\/03\/17_07_2020_covid_ibirapuera.jpg","contentUrl":"https:\/\/www.notibras.com\/site\/wp-content\/uploads\/2023\/03\/17_07_2020_covid_ibirapuera.jpg","width":1170,"height":700,"caption":"Lazer no Parque do Ibirapuera ap\u00f3s a flexibiliza\u00e7\u00e3o do isolamento social durante a pandemia de covid-19."},{"@type":"BreadcrumbList","@id":"https:\/\/www.notibras.com\/site\/cartilha-ensina-a-liberar-emocoes-de-bem-estar\/#breadcrumb","itemListElement":[{"@type":"ListItem","position":1,"name":"In\u00edcio","item":"https:\/\/www.notibras.com\/site\/"},{"@type":"ListItem","position":2,"name":"Cartilha ensina a liberar emo\u00e7\u00f5es de bem-estar"}]},{"@type":"WebSite","@id":"https:\/\/www.notibras.com\/site\/#website","url":"https:\/\/www.notibras.com\/site\/","name":"Notibras","description":"Not\u00edcias de Bras\u00edlia, do Brasil e do Mundo","publisher":{"@id":"https:\/\/www.notibras.com\/site\/#organization"},"potentialAction":[{"@type":"SearchAction","target":{"@type":"EntryPoint","urlTemplate":"https:\/\/www.notibras.com\/site\/?s={search_term_string}"},"query-input":{"@type":"PropertyValueSpecification","valueRequired":true,"valueName":"search_term_string"}}],"inLanguage":"pt-BR"},{"@type":"Organization","@id":"https:\/\/www.notibras.com\/site\/#organization","name":"Grupo Notibras de Comunica\u00e7\u00e3o","url":"https:\/\/www.notibras.com\/site\/","logo":{"@type":"ImageObject","inLanguage":"pt-BR","@id":"https:\/\/www.notibras.com\/site\/#\/schema\/logo\/image\/","url":"https:\/\/www.notibras.com\/site\/wp-content\/uploads\/2023\/01\/notibras23.png","contentUrl":"https:\/\/www.notibras.com\/site\/wp-content\/uploads\/2023\/01\/notibras23.png","width":350,"height":87,"caption":"Grupo Notibras de Comunica\u00e7\u00e3o"},"image":{"@id":"https:\/\/www.notibras.com\/site\/#\/schema\/logo\/image\/"},"sameAs":["https:\/\/www.facebook.com\/notibras\/","https:\/\/x.com\/Notibras","https:\/\/www.instagram.com\/notibras\/"]},{"@type":"Person","@id":"https:\/\/www.notibras.com\/site\/#\/schema\/person\/36ab0979449956132d3e5b517ea76ac8","name":"Reda\u00e7\u00e3o","image":{"@type":"ImageObject","inLanguage":"pt-BR","@id":"https:\/\/secure.gravatar.com\/avatar\/e0a867bdedb85fd243eadf09663511f96fc81e0720a4a42581f334ad4303aa6b?s=96&d=mm&r=g","url":"https:\/\/secure.gravatar.com\/avatar\/e0a867bdedb85fd243eadf09663511f96fc81e0720a4a42581f334ad4303aa6b?s=96&d=mm&r=g","contentUrl":"https:\/\/secure.gravatar.com\/avatar\/e0a867bdedb85fd243eadf09663511f96fc81e0720a4a42581f334ad4303aa6b?s=96&d=mm&r=g","caption":"Reda\u00e7\u00e3o"}}]}},"amp_enabled":true,"_links":{"self":[{"href":"https:\/\/www.notibras.com\/site\/wp-json\/wp\/v2\/posts\/301489","targetHints":{"allow":["GET"]}}],"collection":[{"href":"https:\/\/www.notibras.com\/site\/wp-json\/wp\/v2\/posts"}],"about":[{"href":"https:\/\/www.notibras.com\/site\/wp-json\/wp\/v2\/types\/post"}],"author":[{"embeddable":true,"href":"https:\/\/www.notibras.com\/site\/wp-json\/wp\/v2\/users\/2"}],"replies":[{"embeddable":true,"href":"https:\/\/www.notibras.com\/site\/wp-json\/wp\/v2\/comments?post=301489"}],"version-history":[{"count":1,"href":"https:\/\/www.notibras.com\/site\/wp-json\/wp\/v2\/posts\/301489\/revisions"}],"predecessor-version":[{"id":301491,"href":"https:\/\/www.notibras.com\/site\/wp-json\/wp\/v2\/posts\/301489\/revisions\/301491"}],"wp:featuredmedia":[{"embeddable":true,"href":"https:\/\/www.notibras.com\/site\/wp-json\/wp\/v2\/media\/301490"}],"wp:attachment":[{"href":"https:\/\/www.notibras.com\/site\/wp-json\/wp\/v2\/media?parent=301489"}],"wp:term":[{"taxonomy":"category","embeddable":true,"href":"https:\/\/www.notibras.com\/site\/wp-json\/wp\/v2\/categories?post=301489"},{"taxonomy":"post_tag","embeddable":true,"href":"https:\/\/www.notibras.com\/site\/wp-json\/wp\/v2\/tags?post=301489"}],"curies":[{"name":"wp","href":"https:\/\/api.w.org\/{rel}","templated":true}]}}