{"id":301492,"date":"2023-03-21T06:25:17","date_gmt":"2023-03-21T09:25:17","guid":{"rendered":"https:\/\/www.notibras.com\/site\/?p=301492"},"modified":"2023-03-21T09:29:27","modified_gmt":"2023-03-21T12:29:27","slug":"reconhecimento-facial-em-escolas-pode-ameacar-privacidade","status":"publish","type":"post","link":"https:\/\/www.notibras.com\/site\/reconhecimento-facial-em-escolas-pode-ameacar-privacidade\/","title":{"rendered":"Reconhecimento facial em escolas pode amea\u00e7ar privacidade"},"content":{"rendered":"<p>Utilizar o reconhecimento facial para prever quais estudantes t\u00eam mais probabilidade de reprovar de ano, sem detalhar quais os crit\u00e9rios para se definir tal diagn\u00f3stico, \u00e9 uma das fun\u00e7\u00f5es identificadas e criticadas pelos pesquisadores que assinam o relat\u00f3rio Tecnologias de vigil\u00e2ncia e educa\u00e7\u00e3o: um mapeamento das pol\u00edticas de reconhecimento facial em escolas p\u00fablicas brasileiras, do InternetLab, um centro de pesquisa interdisciplinar que promove debates acad\u00eamicos e a produ\u00e7\u00e3o de conhecimento nas \u00e1reas de direito e tecnologia.<\/p>\n<p>Para a coordenadora da \u00e1rea de Desigualdades e Identidades do InternetLab, Clarice Tavares, as empresas que oferecem o servi\u00e7o \u00e0s escolas devem trabalhar a partir de estere\u00f3tipos. &#8220;\u00c9 um pouco dif\u00edcil n\u00e3o pensar que isso n\u00e3o esteja associado a essa predi\u00e7\u00e3o sobre quem tem mais tend\u00eancia a ser reprovado na escola ou cometerem atos que reprovam na escola a quest\u00f5es mais estruturais, como ra\u00e7a, classe e g\u00eanero. Como essas tecnologias s\u00e3o constru\u00eddas tamb\u00e9m para prever poss\u00edveis a\u00e7\u00f5es, isso \u00e9 um pouco preocupante, principalmente quando se fala em crian\u00e7as e adolescentes, que s\u00e3o popula\u00e7\u00f5es que precisam ser mais protegidas ainda&#8221;, disse.<\/p>\n<p>No documento, consta uma lista de iniciativas encontradas pela equipe do centro de pesquisa. S\u00e3o 15 casos, um n\u00famero reduzido, segundo os pesquisadores.<\/p>\n<p>O modo como os autores do relat\u00f3rio chegaram aos projetos implementados nas escolas j\u00e1 indica um problema, a falta de transpar\u00eancia. Eles tomaram conhecimento das a\u00e7\u00f5es a partir de not\u00edcias, sites de prefeituras e governos estaduais, portal da transpar\u00eancia, entrevistas com gestores e, algumas vezes, em respostas a solicita\u00e7\u00f5es apresentadas com base na Lei de Acesso \u00e0 Informa\u00e7\u00e3o (LAI).<\/p>\n<p>&#8220;Esse foi um dos principais achados. N\u00e3o existe um projeto muito claro, entre todos esses munic\u00edpios, de informar ao cidad\u00e3o como est\u00e3o fazendo essas pol\u00edticas. Muitas vezes, no pr\u00f3prio site das prefeituras, a gente encontra pouqu\u00edssima informa\u00e7\u00e3o. Ent\u00e3o, a gente precisa olhar em portais mais locais. E, em alguns casos, a gente fez pedido via LAI e n\u00e3o obteve resposta ou obteve respostas um pouco vagas. Isso indica uma necessidade de melhora desses mecanismos de transpar\u00eancia, principalmente no \u00e2mbito municipal&#8221;, disse Clarice.<\/p>\n<p>Escolas no estado de Tocantins adotaram pol\u00edticas de reconhecimento facial. Tamb\u00e9m foram achados projetos semelhantes nas capitais Fortaleza, Goi\u00e2nia, Rio de Janeiro e Porto Alegre, e nos munic\u00edpios de Mata de S\u00e3o Jo\u00e3o (BA), Jaboat\u00e3o dos Guararapes (PE), \u00c1guas Lindas (GO), Morrinhos (GO), Betim (MG), Angra dos Reis (RJ), Itanha\u00e9m (SP), Potirendaba (SP), Santos (SP) e Xaxim (SC). A lista deve incluir, em breve, o Distrito Federal.<\/p>\n<p>Todos os projetos t\u00eam um ponto em comum, que \u00e9 a raz\u00e3o pela qual as escolas justificam a ado\u00e7\u00e3o do reconhecimento facial. As institui\u00e7\u00f5es defendem que a ferramenta permite que fa\u00e7am o registro da frequ\u00eancia dos alunos. Outros argumentos s\u00e3o o de empreg\u00e1-la como instrumento de seguran\u00e7a da comunidade escolar, o de ser um meio de se combater a evas\u00e3o de estudantes e o de aproveit\u00e1-lo para se aprimorar a gest\u00e3o do ambiente escolar e dos alunos.<\/p>\n<p>Contudo, alertam os pesquisadores do InternetLab, h\u00e1 brechas para ocorrerem desvios de finalidade, e as consequ\u00eancias chegam a pontos j\u00e1 apontados por outros especialistas da \u00e1rea. Um dos efeitos pode ser a discrimina\u00e7\u00e3o de grupos historicamente minorizados, como as mulheres, os negros e a popula\u00e7\u00e3o LGBTQIA+, conforme menciona o relat\u00f3rio.<\/p>\n<p>&#8220;H\u00e1 diversos estudos que pontuam como as tecnologias de reconhecimento facial s\u00e3o menos precisas quando o p\u00fablico alvo da ferramenta s\u00e3o pessoas n\u00e3o pertencentes ao g\u00eanero masculino ou n\u00e3o brancas, uma vez que s\u00e3o treinadas por meio de bancos de dados fracos em termos de diversidade de g\u00eanero, ra\u00e7a e registros culturais. H\u00e1, assim, reprodu\u00e7\u00e3o de vieses discriminat\u00f3rios que podem levar a erros persistentes na opera\u00e7\u00e3o da tecnologia, tais como falsos negativos e\/ou falsos positivos.&#8221;, dizem os pesquisadores.<\/p>\n<p>&#8220;Ademais, h\u00e1 tamb\u00e9m a possibilidade de infer\u00eancias discriminat\u00f3rias quando o reconhecimento facial busca n\u00e3o apenas verificar ou identificar determinada pessoa, mas tamb\u00e9m atribuir caracter\u00edsticas f\u00edsicas ou comportamentais a ela, tais como sua ra\u00e7a, g\u00eanero, humor, temperatura corporal, dentre outras possibilidades&#8221;, alertam.<\/p>\n<p>Outro aspecto em destaque, entre os alertas, \u00e9 o fato de que n\u00e3o h\u00e1 clareza sobre o acesso aos bancos de dados onde ficam armazenados aqueles que foram coletados da comunidade escolar, o que pode amea\u00e7ar princ\u00edpios como a privacidade. Como recomenda\u00e7\u00e3o, a equipe do InternetLab cita, entre outras quest\u00f5es, o uso de software livre, o letramento digital de educadores e gestores, a produ\u00e7\u00e3o de relat\u00f3rios de impacto \u00e0 prote\u00e7\u00e3o de dados e aos direitos humanos e a participa\u00e7\u00e3o dos estudantes, ao se adotar as pol\u00edticas, que, tamb\u00e9m envolve ampliar sua compreens\u00e3o sobre o assunto.<\/p>\n","protected":false},"excerpt":{"rendered":"<p>Utilizar o reconhecimento facial para prever quais estudantes t\u00eam mais probabilidade de reprovar de ano, sem detalhar quais os crit\u00e9rios para se definir tal diagn\u00f3stico, \u00e9 uma das fun\u00e7\u00f5es identificadas e criticadas pelos pesquisadores que assinam o relat\u00f3rio Tecnologias de vigil\u00e2ncia e educa\u00e7\u00e3o: um mapeamento das pol\u00edticas de reconhecimento facial em escolas p\u00fablicas brasileiras, do [&hellip;]<\/p>\n","protected":false},"author":2,"featured_media":301493,"comment_status":"closed","ping_status":"closed","sticky":false,"template":"","format":"standard","meta":{"_acf_changed":false,"footnotes":""},"categories":[161],"tags":[],"class_list":["post-301492","post","type-post","status-publish","format-standard","has-post-thumbnail","hentry","category-quadradinho-em-foco"],"acf":[],"yoast_head":"<!-- This site is optimized with the Yoast SEO plugin v27.2 - https:\/\/yoast.com\/product\/yoast-seo-wordpress\/ -->\n<title>Reconhecimento facial em escolas pode amea\u00e7ar privacidade - Notibras<\/title>\n<meta name=\"robots\" content=\"index, follow, max-snippet:-1, max-image-preview:large, max-video-preview:-1\" \/>\n<link rel=\"canonical\" href=\"https:\/\/www.notibras.com\/site\/reconhecimento-facial-em-escolas-pode-ameacar-privacidade\/\" \/>\n<meta property=\"og:locale\" content=\"pt_BR\" \/>\n<meta property=\"og:type\" content=\"article\" \/>\n<meta property=\"og:title\" content=\"Reconhecimento facial em escolas pode amea\u00e7ar privacidade - Notibras\" \/>\n<meta property=\"og:description\" content=\"Utilizar o reconhecimento facial para prever quais estudantes t\u00eam mais probabilidade de reprovar de ano, sem detalhar quais os crit\u00e9rios para se definir tal diagn\u00f3stico, \u00e9 uma das fun\u00e7\u00f5es identificadas e criticadas pelos pesquisadores que assinam o relat\u00f3rio Tecnologias de vigil\u00e2ncia e educa\u00e7\u00e3o: um mapeamento das pol\u00edticas de reconhecimento facial em escolas p\u00fablicas brasileiras, do [&hellip;]\" \/>\n<meta property=\"og:url\" content=\"https:\/\/www.notibras.com\/site\/reconhecimento-facial-em-escolas-pode-ameacar-privacidade\/\" \/>\n<meta property=\"og:site_name\" content=\"Notibras\" \/>\n<meta property=\"article:publisher\" content=\"https:\/\/www.facebook.com\/notibras\/\" \/>\n<meta property=\"article:published_time\" content=\"2023-03-21T09:25:17+00:00\" \/>\n<meta property=\"article:modified_time\" content=\"2023-03-21T12:29:27+00:00\" \/>\n<meta property=\"og:image\" content=\"https:\/\/www.notibras.com\/site\/wp-content\/uploads\/2023\/03\/ffraz_abr_18122018-8143.jpg\" \/>\n\t<meta property=\"og:image:width\" content=\"1170\" \/>\n\t<meta property=\"og:image:height\" content=\"700\" \/>\n\t<meta property=\"og:image:type\" content=\"image\/jpeg\" \/>\n<meta name=\"author\" content=\"Reda\u00e7\u00e3o\" \/>\n<meta name=\"twitter:card\" content=\"summary_large_image\" \/>\n<meta name=\"twitter:creator\" content=\"@Notibras\" \/>\n<meta name=\"twitter:site\" content=\"@Notibras\" \/>\n<meta name=\"twitter:label1\" content=\"Escrito por\" \/>\n\t<meta name=\"twitter:data1\" content=\"Reda\u00e7\u00e3o\" \/>\n\t<meta name=\"twitter:label2\" content=\"Est. tempo de leitura\" \/>\n\t<meta name=\"twitter:data2\" content=\"5 minutos\" \/>\n<script type=\"application\/ld+json\" class=\"yoast-schema-graph\">{\"@context\":\"https:\/\/schema.org\",\"@graph\":[{\"@type\":\"Article\",\"@id\":\"https:\/\/www.notibras.com\/site\/reconhecimento-facial-em-escolas-pode-ameacar-privacidade\/#article\",\"isPartOf\":{\"@id\":\"https:\/\/www.notibras.com\/site\/reconhecimento-facial-em-escolas-pode-ameacar-privacidade\/\"},\"author\":{\"name\":\"Reda\u00e7\u00e3o\",\"@id\":\"https:\/\/www.notibras.com\/site\/#\/schema\/person\/36ab0979449956132d3e5b517ea76ac8\"},\"headline\":\"Reconhecimento facial em escolas pode amea\u00e7ar privacidade\",\"datePublished\":\"2023-03-21T09:25:17+00:00\",\"dateModified\":\"2023-03-21T12:29:27+00:00\",\"mainEntityOfPage\":{\"@id\":\"https:\/\/www.notibras.com\/site\/reconhecimento-facial-em-escolas-pode-ameacar-privacidade\/\"},\"wordCount\":855,\"publisher\":{\"@id\":\"https:\/\/www.notibras.com\/site\/#organization\"},\"image\":{\"@id\":\"https:\/\/www.notibras.com\/site\/reconhecimento-facial-em-escolas-pode-ameacar-privacidade\/#primaryimage\"},\"thumbnailUrl\":\"https:\/\/www.notibras.com\/site\/wp-content\/uploads\/2023\/03\/ffraz_abr_18122018-8143.jpg\",\"articleSection\":[\"Quadradinho em Foco\"],\"inLanguage\":\"pt-BR\"},{\"@type\":\"WebPage\",\"@id\":\"https:\/\/www.notibras.com\/site\/reconhecimento-facial-em-escolas-pode-ameacar-privacidade\/\",\"url\":\"https:\/\/www.notibras.com\/site\/reconhecimento-facial-em-escolas-pode-ameacar-privacidade\/\",\"name\":\"Reconhecimento facial em escolas pode amea\u00e7ar privacidade - Notibras\",\"isPartOf\":{\"@id\":\"https:\/\/www.notibras.com\/site\/#website\"},\"primaryImageOfPage\":{\"@id\":\"https:\/\/www.notibras.com\/site\/reconhecimento-facial-em-escolas-pode-ameacar-privacidade\/#primaryimage\"},\"image\":{\"@id\":\"https:\/\/www.notibras.com\/site\/reconhecimento-facial-em-escolas-pode-ameacar-privacidade\/#primaryimage\"},\"thumbnailUrl\":\"https:\/\/www.notibras.com\/site\/wp-content\/uploads\/2023\/03\/ffraz_abr_18122018-8143.jpg\",\"datePublished\":\"2023-03-21T09:25:17+00:00\",\"dateModified\":\"2023-03-21T12:29:27+00:00\",\"breadcrumb\":{\"@id\":\"https:\/\/www.notibras.com\/site\/reconhecimento-facial-em-escolas-pode-ameacar-privacidade\/#breadcrumb\"},\"inLanguage\":\"pt-BR\",\"potentialAction\":[{\"@type\":\"ReadAction\",\"target\":[\"https:\/\/www.notibras.com\/site\/reconhecimento-facial-em-escolas-pode-ameacar-privacidade\/\"]}]},{\"@type\":\"ImageObject\",\"inLanguage\":\"pt-BR\",\"@id\":\"https:\/\/www.notibras.com\/site\/reconhecimento-facial-em-escolas-pode-ameacar-privacidade\/#primaryimage\",\"url\":\"https:\/\/www.notibras.com\/site\/wp-content\/uploads\/2023\/03\/ffraz_abr_18122018-8143.jpg\",\"contentUrl\":\"https:\/\/www.notibras.com\/site\/wp-content\/uploads\/2023\/03\/ffraz_abr_18122018-8143.jpg\",\"width\":1170,\"height\":700,\"caption\":\"Demonstra\u00e7\u00e3o de software que o Disque Den\u00fancia passa a utilizar em parceria com The Staff of Security, em que compartilha seu banco de dados de foragidos da justi\u00e7a com c\u00e2meras de seguran\u00e7a que utilizam sistema de reconhecimento facial.\"},{\"@type\":\"BreadcrumbList\",\"@id\":\"https:\/\/www.notibras.com\/site\/reconhecimento-facial-em-escolas-pode-ameacar-privacidade\/#breadcrumb\",\"itemListElement\":[{\"@type\":\"ListItem\",\"position\":1,\"name\":\"In\u00edcio\",\"item\":\"https:\/\/www.notibras.com\/site\/\"},{\"@type\":\"ListItem\",\"position\":2,\"name\":\"Reconhecimento facial em escolas pode amea\u00e7ar privacidade\"}]},{\"@type\":\"WebSite\",\"@id\":\"https:\/\/www.notibras.com\/site\/#website\",\"url\":\"https:\/\/www.notibras.com\/site\/\",\"name\":\"Notibras\",\"description\":\"Not\u00edcias de Bras\u00edlia, do Brasil e do Mundo\",\"publisher\":{\"@id\":\"https:\/\/www.notibras.com\/site\/#organization\"},\"potentialAction\":[{\"@type\":\"SearchAction\",\"target\":{\"@type\":\"EntryPoint\",\"urlTemplate\":\"https:\/\/www.notibras.com\/site\/?s={search_term_string}\"},\"query-input\":{\"@type\":\"PropertyValueSpecification\",\"valueRequired\":true,\"valueName\":\"search_term_string\"}}],\"inLanguage\":\"pt-BR\"},{\"@type\":\"Organization\",\"@id\":\"https:\/\/www.notibras.com\/site\/#organization\",\"name\":\"Grupo Notibras de Comunica\u00e7\u00e3o\",\"url\":\"https:\/\/www.notibras.com\/site\/\",\"logo\":{\"@type\":\"ImageObject\",\"inLanguage\":\"pt-BR\",\"@id\":\"https:\/\/www.notibras.com\/site\/#\/schema\/logo\/image\/\",\"url\":\"https:\/\/www.notibras.com\/site\/wp-content\/uploads\/2023\/01\/notibras23.png\",\"contentUrl\":\"https:\/\/www.notibras.com\/site\/wp-content\/uploads\/2023\/01\/notibras23.png\",\"width\":350,\"height\":87,\"caption\":\"Grupo Notibras de Comunica\u00e7\u00e3o\"},\"image\":{\"@id\":\"https:\/\/www.notibras.com\/site\/#\/schema\/logo\/image\/\"},\"sameAs\":[\"https:\/\/www.facebook.com\/notibras\/\",\"https:\/\/x.com\/Notibras\",\"https:\/\/www.instagram.com\/notibras\/\"]},{\"@type\":\"Person\",\"@id\":\"https:\/\/www.notibras.com\/site\/#\/schema\/person\/36ab0979449956132d3e5b517ea76ac8\",\"name\":\"Reda\u00e7\u00e3o\",\"image\":{\"@type\":\"ImageObject\",\"inLanguage\":\"pt-BR\",\"@id\":\"https:\/\/secure.gravatar.com\/avatar\/e0a867bdedb85fd243eadf09663511f96fc81e0720a4a42581f334ad4303aa6b?s=96&d=mm&r=g\",\"url\":\"https:\/\/secure.gravatar.com\/avatar\/e0a867bdedb85fd243eadf09663511f96fc81e0720a4a42581f334ad4303aa6b?s=96&d=mm&r=g\",\"contentUrl\":\"https:\/\/secure.gravatar.com\/avatar\/e0a867bdedb85fd243eadf09663511f96fc81e0720a4a42581f334ad4303aa6b?s=96&d=mm&r=g\",\"caption\":\"Reda\u00e7\u00e3o\"}}]}<\/script>\n<!-- \/ Yoast SEO plugin. -->","yoast_head_json":{"title":"Reconhecimento facial em escolas pode amea\u00e7ar privacidade - Notibras","robots":{"index":"index","follow":"follow","max-snippet":"max-snippet:-1","max-image-preview":"max-image-preview:large","max-video-preview":"max-video-preview:-1"},"canonical":"https:\/\/www.notibras.com\/site\/reconhecimento-facial-em-escolas-pode-ameacar-privacidade\/","og_locale":"pt_BR","og_type":"article","og_title":"Reconhecimento facial em escolas pode amea\u00e7ar privacidade - Notibras","og_description":"Utilizar o reconhecimento facial para prever quais estudantes t\u00eam mais probabilidade de reprovar de ano, sem detalhar quais os crit\u00e9rios para se definir tal diagn\u00f3stico, \u00e9 uma das fun\u00e7\u00f5es identificadas e criticadas pelos pesquisadores que assinam o relat\u00f3rio Tecnologias de vigil\u00e2ncia e educa\u00e7\u00e3o: um mapeamento das pol\u00edticas de reconhecimento facial em escolas p\u00fablicas brasileiras, do [&hellip;]","og_url":"https:\/\/www.notibras.com\/site\/reconhecimento-facial-em-escolas-pode-ameacar-privacidade\/","og_site_name":"Notibras","article_publisher":"https:\/\/www.facebook.com\/notibras\/","article_published_time":"2023-03-21T09:25:17+00:00","article_modified_time":"2023-03-21T12:29:27+00:00","og_image":[{"width":1170,"height":700,"url":"https:\/\/www.notibras.com\/site\/wp-content\/uploads\/2023\/03\/ffraz_abr_18122018-8143.jpg","type":"image\/jpeg"}],"author":"Reda\u00e7\u00e3o","twitter_card":"summary_large_image","twitter_creator":"@Notibras","twitter_site":"@Notibras","twitter_misc":{"Escrito por":"Reda\u00e7\u00e3o","Est. tempo de leitura":"5 minutos"},"schema":{"@context":"https:\/\/schema.org","@graph":[{"@type":"Article","@id":"https:\/\/www.notibras.com\/site\/reconhecimento-facial-em-escolas-pode-ameacar-privacidade\/#article","isPartOf":{"@id":"https:\/\/www.notibras.com\/site\/reconhecimento-facial-em-escolas-pode-ameacar-privacidade\/"},"author":{"name":"Reda\u00e7\u00e3o","@id":"https:\/\/www.notibras.com\/site\/#\/schema\/person\/36ab0979449956132d3e5b517ea76ac8"},"headline":"Reconhecimento facial em escolas pode amea\u00e7ar privacidade","datePublished":"2023-03-21T09:25:17+00:00","dateModified":"2023-03-21T12:29:27+00:00","mainEntityOfPage":{"@id":"https:\/\/www.notibras.com\/site\/reconhecimento-facial-em-escolas-pode-ameacar-privacidade\/"},"wordCount":855,"publisher":{"@id":"https:\/\/www.notibras.com\/site\/#organization"},"image":{"@id":"https:\/\/www.notibras.com\/site\/reconhecimento-facial-em-escolas-pode-ameacar-privacidade\/#primaryimage"},"thumbnailUrl":"https:\/\/www.notibras.com\/site\/wp-content\/uploads\/2023\/03\/ffraz_abr_18122018-8143.jpg","articleSection":["Quadradinho em Foco"],"inLanguage":"pt-BR"},{"@type":"WebPage","@id":"https:\/\/www.notibras.com\/site\/reconhecimento-facial-em-escolas-pode-ameacar-privacidade\/","url":"https:\/\/www.notibras.com\/site\/reconhecimento-facial-em-escolas-pode-ameacar-privacidade\/","name":"Reconhecimento facial em escolas pode amea\u00e7ar privacidade - Notibras","isPartOf":{"@id":"https:\/\/www.notibras.com\/site\/#website"},"primaryImageOfPage":{"@id":"https:\/\/www.notibras.com\/site\/reconhecimento-facial-em-escolas-pode-ameacar-privacidade\/#primaryimage"},"image":{"@id":"https:\/\/www.notibras.com\/site\/reconhecimento-facial-em-escolas-pode-ameacar-privacidade\/#primaryimage"},"thumbnailUrl":"https:\/\/www.notibras.com\/site\/wp-content\/uploads\/2023\/03\/ffraz_abr_18122018-8143.jpg","datePublished":"2023-03-21T09:25:17+00:00","dateModified":"2023-03-21T12:29:27+00:00","breadcrumb":{"@id":"https:\/\/www.notibras.com\/site\/reconhecimento-facial-em-escolas-pode-ameacar-privacidade\/#breadcrumb"},"inLanguage":"pt-BR","potentialAction":[{"@type":"ReadAction","target":["https:\/\/www.notibras.com\/site\/reconhecimento-facial-em-escolas-pode-ameacar-privacidade\/"]}]},{"@type":"ImageObject","inLanguage":"pt-BR","@id":"https:\/\/www.notibras.com\/site\/reconhecimento-facial-em-escolas-pode-ameacar-privacidade\/#primaryimage","url":"https:\/\/www.notibras.com\/site\/wp-content\/uploads\/2023\/03\/ffraz_abr_18122018-8143.jpg","contentUrl":"https:\/\/www.notibras.com\/site\/wp-content\/uploads\/2023\/03\/ffraz_abr_18122018-8143.jpg","width":1170,"height":700,"caption":"Demonstra\u00e7\u00e3o de software que o Disque Den\u00fancia passa a utilizar em parceria com The Staff of Security, em que compartilha seu banco de dados de foragidos da justi\u00e7a com c\u00e2meras de seguran\u00e7a que utilizam sistema de reconhecimento facial."},{"@type":"BreadcrumbList","@id":"https:\/\/www.notibras.com\/site\/reconhecimento-facial-em-escolas-pode-ameacar-privacidade\/#breadcrumb","itemListElement":[{"@type":"ListItem","position":1,"name":"In\u00edcio","item":"https:\/\/www.notibras.com\/site\/"},{"@type":"ListItem","position":2,"name":"Reconhecimento facial em escolas pode amea\u00e7ar privacidade"}]},{"@type":"WebSite","@id":"https:\/\/www.notibras.com\/site\/#website","url":"https:\/\/www.notibras.com\/site\/","name":"Notibras","description":"Not\u00edcias de Bras\u00edlia, do Brasil e do Mundo","publisher":{"@id":"https:\/\/www.notibras.com\/site\/#organization"},"potentialAction":[{"@type":"SearchAction","target":{"@type":"EntryPoint","urlTemplate":"https:\/\/www.notibras.com\/site\/?s={search_term_string}"},"query-input":{"@type":"PropertyValueSpecification","valueRequired":true,"valueName":"search_term_string"}}],"inLanguage":"pt-BR"},{"@type":"Organization","@id":"https:\/\/www.notibras.com\/site\/#organization","name":"Grupo Notibras de Comunica\u00e7\u00e3o","url":"https:\/\/www.notibras.com\/site\/","logo":{"@type":"ImageObject","inLanguage":"pt-BR","@id":"https:\/\/www.notibras.com\/site\/#\/schema\/logo\/image\/","url":"https:\/\/www.notibras.com\/site\/wp-content\/uploads\/2023\/01\/notibras23.png","contentUrl":"https:\/\/www.notibras.com\/site\/wp-content\/uploads\/2023\/01\/notibras23.png","width":350,"height":87,"caption":"Grupo Notibras de Comunica\u00e7\u00e3o"},"image":{"@id":"https:\/\/www.notibras.com\/site\/#\/schema\/logo\/image\/"},"sameAs":["https:\/\/www.facebook.com\/notibras\/","https:\/\/x.com\/Notibras","https:\/\/www.instagram.com\/notibras\/"]},{"@type":"Person","@id":"https:\/\/www.notibras.com\/site\/#\/schema\/person\/36ab0979449956132d3e5b517ea76ac8","name":"Reda\u00e7\u00e3o","image":{"@type":"ImageObject","inLanguage":"pt-BR","@id":"https:\/\/secure.gravatar.com\/avatar\/e0a867bdedb85fd243eadf09663511f96fc81e0720a4a42581f334ad4303aa6b?s=96&d=mm&r=g","url":"https:\/\/secure.gravatar.com\/avatar\/e0a867bdedb85fd243eadf09663511f96fc81e0720a4a42581f334ad4303aa6b?s=96&d=mm&r=g","contentUrl":"https:\/\/secure.gravatar.com\/avatar\/e0a867bdedb85fd243eadf09663511f96fc81e0720a4a42581f334ad4303aa6b?s=96&d=mm&r=g","caption":"Reda\u00e7\u00e3o"}}]}},"amp_enabled":true,"_links":{"self":[{"href":"https:\/\/www.notibras.com\/site\/wp-json\/wp\/v2\/posts\/301492","targetHints":{"allow":["GET"]}}],"collection":[{"href":"https:\/\/www.notibras.com\/site\/wp-json\/wp\/v2\/posts"}],"about":[{"href":"https:\/\/www.notibras.com\/site\/wp-json\/wp\/v2\/types\/post"}],"author":[{"embeddable":true,"href":"https:\/\/www.notibras.com\/site\/wp-json\/wp\/v2\/users\/2"}],"replies":[{"embeddable":true,"href":"https:\/\/www.notibras.com\/site\/wp-json\/wp\/v2\/comments?post=301492"}],"version-history":[{"count":1,"href":"https:\/\/www.notibras.com\/site\/wp-json\/wp\/v2\/posts\/301492\/revisions"}],"predecessor-version":[{"id":301494,"href":"https:\/\/www.notibras.com\/site\/wp-json\/wp\/v2\/posts\/301492\/revisions\/301494"}],"wp:featuredmedia":[{"embeddable":true,"href":"https:\/\/www.notibras.com\/site\/wp-json\/wp\/v2\/media\/301493"}],"wp:attachment":[{"href":"https:\/\/www.notibras.com\/site\/wp-json\/wp\/v2\/media?parent=301492"}],"wp:term":[{"taxonomy":"category","embeddable":true,"href":"https:\/\/www.notibras.com\/site\/wp-json\/wp\/v2\/categories?post=301492"},{"taxonomy":"post_tag","embeddable":true,"href":"https:\/\/www.notibras.com\/site\/wp-json\/wp\/v2\/tags?post=301492"}],"curies":[{"name":"wp","href":"https:\/\/api.w.org\/{rel}","templated":true}]}}