{"id":301501,"date":"2023-03-21T00:00:17","date_gmt":"2023-03-21T03:00:17","guid":{"rendered":"https:\/\/www.notibras.com\/site\/?p=301501"},"modified":"2023-03-21T09:57:08","modified_gmt":"2023-03-21T12:57:08","slug":"comecam-preparativos-para-comemorar-a-semana-santa","status":"publish","type":"post","link":"https:\/\/www.notibras.com\/site\/comecam-preparativos-para-comemorar-a-semana-santa\/","title":{"rendered":"Come\u00e7am preparativos para comemorar a Semana Santa"},"content":{"rendered":"<p>O programa GDF Presente j\u00e1 come\u00e7ou a prepara\u00e7\u00e3o da \u00e1rea central de Bras\u00edlia para a Semana Santa. A equipe executou a\u00e7\u00f5es de limpeza e manuten\u00e7\u00e3o nas \u00e1reas adjacentes \u00e0 Catedral Metropolitana e em outros pontos da regi\u00e3o. A data religiosa come\u00e7a a ser celebrada no pr\u00f3ximo dia 2, com o Domingo de Ramos, e chega ao fim no dia 9, o Domingo de P\u00e1scoa.<\/p>\n<p>Os servi\u00e7os inclu\u00edram a ro\u00e7agem da vegeta\u00e7\u00e3o que cresceu nas cal\u00e7adas da Catedral e a constru\u00e7\u00e3o de uma nova cal\u00e7ada ao lado da C\u00faria Metropolitana, pr\u00f3ximo ao Minist\u00e9rio da Cidadania. Participaram servidores do Polo Central 3 do GDF Presente, da Administra\u00e7\u00e3o Regional do Plano Piloto e reeducandos da Funda\u00e7\u00e3o de Amparo ao Trabalhador.<\/p>\n<p>\u201cVamos trabalhar firme para que a cidade esteja em \u00f3timas condi\u00e7\u00f5es de receber moradores e turistas na Semana Santa. Nesta semana, vamos fazer a lavagem do espelho d\u2019\u00e1gua e a limpeza de todo o espa\u00e7o\u201d, explica o coordenador do Polo Central 3, Alexandro Cesar.<\/p>\n<p>Na Rodovi\u00e1ria do Plano Piloto, tamb\u00e9m foi constru\u00edda uma nova cal\u00e7ada, ao lado das ciclovias sentido Esplanada dos Minist\u00e9rios e houve a ro\u00e7agem da grama nas cal\u00e7adas do viaduto Buraco do Tatu. No Eixinho Sul, altura da 105\/106, a entrada de ar da passagem subterr\u00e2nea foi consertada com concreto ap\u00f3s acidentes de tr\u00e2nsito.<\/p>\n<p>\u201cS\u00e3o a\u00e7\u00f5es que contribuem para que Bras\u00edlia seja vista de uma forma diferente\u201d, acrescenta o administrador do Plano Piloto, Valdemar Barros. \u201cCom o anivers\u00e1rio de Bras\u00edlia, vamos manter e intensificar o fluxo de manuten\u00e7\u00f5es\u201d, completa.<\/p>\n","protected":false},"excerpt":{"rendered":"<p>O programa GDF Presente j\u00e1 come\u00e7ou a prepara\u00e7\u00e3o da \u00e1rea central de Bras\u00edlia para a Semana Santa. A equipe executou a\u00e7\u00f5es de limpeza e manuten\u00e7\u00e3o nas \u00e1reas adjacentes \u00e0 Catedral Metropolitana e em outros pontos da regi\u00e3o. A data religiosa come\u00e7a a ser celebrada no pr\u00f3ximo dia 2, com o Domingo de Ramos, e chega [&hellip;]<\/p>\n","protected":false},"author":2,"featured_media":301502,"comment_status":"closed","ping_status":"closed","sticky":false,"template":"","format":"standard","meta":{"_acf_changed":false,"footnotes":""},"categories":[161],"tags":[],"class_list":["post-301501","post","type-post","status-publish","format-standard","has-post-thumbnail","hentry","category-quadradinho-em-foco"],"acf":[],"yoast_head":"<!-- This site is optimized with the Yoast SEO plugin v27.2 - https:\/\/yoast.com\/product\/yoast-seo-wordpress\/ -->\n<title>Come\u00e7am preparativos para comemorar a Semana Santa - Notibras<\/title>\n<meta name=\"robots\" content=\"index, follow, max-snippet:-1, max-image-preview:large, max-video-preview:-1\" \/>\n<link rel=\"canonical\" href=\"https:\/\/www.notibras.com\/site\/comecam-preparativos-para-comemorar-a-semana-santa\/\" \/>\n<meta property=\"og:locale\" content=\"pt_BR\" \/>\n<meta property=\"og:type\" content=\"article\" \/>\n<meta property=\"og:title\" content=\"Come\u00e7am preparativos para comemorar a Semana Santa - Notibras\" \/>\n<meta property=\"og:description\" content=\"O programa GDF Presente j\u00e1 come\u00e7ou a prepara\u00e7\u00e3o da \u00e1rea central de Bras\u00edlia para a Semana Santa. A equipe executou a\u00e7\u00f5es de limpeza e manuten\u00e7\u00e3o nas \u00e1reas adjacentes \u00e0 Catedral Metropolitana e em outros pontos da regi\u00e3o. A data religiosa come\u00e7a a ser celebrada no pr\u00f3ximo dia 2, com o Domingo de Ramos, e chega [&hellip;]\" \/>\n<meta property=\"og:url\" content=\"https:\/\/www.notibras.com\/site\/comecam-preparativos-para-comemorar-a-semana-santa\/\" \/>\n<meta property=\"og:site_name\" content=\"Notibras\" \/>\n<meta property=\"article:publisher\" content=\"https:\/\/www.facebook.com\/notibras\/\" \/>\n<meta property=\"article:published_time\" content=\"2023-03-21T03:00:17+00:00\" \/>\n<meta property=\"article:modified_time\" content=\"2023-03-21T12:57:08+00:00\" \/>\n<meta property=\"og:image\" content=\"https:\/\/www.notibras.com\/site\/wp-content\/uploads\/2023\/03\/52761050573_b958fee3a6_c.jpg\" \/>\n\t<meta property=\"og:image:width\" content=\"799\" \/>\n\t<meta property=\"og:image:height\" content=\"533\" \/>\n\t<meta property=\"og:image:type\" content=\"image\/jpeg\" \/>\n<meta name=\"author\" content=\"Reda\u00e7\u00e3o\" \/>\n<meta name=\"twitter:card\" content=\"summary_large_image\" \/>\n<meta name=\"twitter:creator\" content=\"@Notibras\" \/>\n<meta name=\"twitter:site\" content=\"@Notibras\" \/>\n<meta name=\"twitter:label1\" content=\"Escrito por\" \/>\n\t<meta name=\"twitter:data1\" content=\"Reda\u00e7\u00e3o\" \/>\n\t<meta name=\"twitter:label2\" content=\"Est. tempo de leitura\" \/>\n\t<meta name=\"twitter:data2\" content=\"2 minutos\" \/>\n<script type=\"application\/ld+json\" class=\"yoast-schema-graph\">{\"@context\":\"https:\/\/schema.org\",\"@graph\":[{\"@type\":\"Article\",\"@id\":\"https:\/\/www.notibras.com\/site\/comecam-preparativos-para-comemorar-a-semana-santa\/#article\",\"isPartOf\":{\"@id\":\"https:\/\/www.notibras.com\/site\/comecam-preparativos-para-comemorar-a-semana-santa\/\"},\"author\":{\"name\":\"Reda\u00e7\u00e3o\",\"@id\":\"https:\/\/www.notibras.com\/site\/#\/schema\/person\/36ab0979449956132d3e5b517ea76ac8\"},\"headline\":\"Come\u00e7am preparativos para comemorar a Semana Santa\",\"datePublished\":\"2023-03-21T03:00:17+00:00\",\"dateModified\":\"2023-03-21T12:57:08+00:00\",\"mainEntityOfPage\":{\"@id\":\"https:\/\/www.notibras.com\/site\/comecam-preparativos-para-comemorar-a-semana-santa\/\"},\"wordCount\":291,\"publisher\":{\"@id\":\"https:\/\/www.notibras.com\/site\/#organization\"},\"image\":{\"@id\":\"https:\/\/www.notibras.com\/site\/comecam-preparativos-para-comemorar-a-semana-santa\/#primaryimage\"},\"thumbnailUrl\":\"https:\/\/www.notibras.com\/site\/wp-content\/uploads\/2023\/03\/52761050573_b958fee3a6_c.jpg\",\"articleSection\":[\"Quadradinho em Foco\"],\"inLanguage\":\"pt-BR\"},{\"@type\":\"WebPage\",\"@id\":\"https:\/\/www.notibras.com\/site\/comecam-preparativos-para-comemorar-a-semana-santa\/\",\"url\":\"https:\/\/www.notibras.com\/site\/comecam-preparativos-para-comemorar-a-semana-santa\/\",\"name\":\"Come\u00e7am preparativos para comemorar a Semana Santa - Notibras\",\"isPartOf\":{\"@id\":\"https:\/\/www.notibras.com\/site\/#website\"},\"primaryImageOfPage\":{\"@id\":\"https:\/\/www.notibras.com\/site\/comecam-preparativos-para-comemorar-a-semana-santa\/#primaryimage\"},\"image\":{\"@id\":\"https:\/\/www.notibras.com\/site\/comecam-preparativos-para-comemorar-a-semana-santa\/#primaryimage\"},\"thumbnailUrl\":\"https:\/\/www.notibras.com\/site\/wp-content\/uploads\/2023\/03\/52761050573_b958fee3a6_c.jpg\",\"datePublished\":\"2023-03-21T03:00:17+00:00\",\"dateModified\":\"2023-03-21T12:57:08+00:00\",\"breadcrumb\":{\"@id\":\"https:\/\/www.notibras.com\/site\/comecam-preparativos-para-comemorar-a-semana-santa\/#breadcrumb\"},\"inLanguage\":\"pt-BR\",\"potentialAction\":[{\"@type\":\"ReadAction\",\"target\":[\"https:\/\/www.notibras.com\/site\/comecam-preparativos-para-comemorar-a-semana-santa\/\"]}]},{\"@type\":\"ImageObject\",\"inLanguage\":\"pt-BR\",\"@id\":\"https:\/\/www.notibras.com\/site\/comecam-preparativos-para-comemorar-a-semana-santa\/#primaryimage\",\"url\":\"https:\/\/www.notibras.com\/site\/wp-content\/uploads\/2023\/03\/52761050573_b958fee3a6_c.jpg\",\"contentUrl\":\"https:\/\/www.notibras.com\/site\/wp-content\/uploads\/2023\/03\/52761050573_b958fee3a6_c.jpg\",\"width\":799,\"height\":533},{\"@type\":\"BreadcrumbList\",\"@id\":\"https:\/\/www.notibras.com\/site\/comecam-preparativos-para-comemorar-a-semana-santa\/#breadcrumb\",\"itemListElement\":[{\"@type\":\"ListItem\",\"position\":1,\"name\":\"In\u00edcio\",\"item\":\"https:\/\/www.notibras.com\/site\/\"},{\"@type\":\"ListItem\",\"position\":2,\"name\":\"Come\u00e7am preparativos para comemorar a Semana Santa\"}]},{\"@type\":\"WebSite\",\"@id\":\"https:\/\/www.notibras.com\/site\/#website\",\"url\":\"https:\/\/www.notibras.com\/site\/\",\"name\":\"Notibras\",\"description\":\"Not\u00edcias de Bras\u00edlia, do Brasil e do Mundo\",\"publisher\":{\"@id\":\"https:\/\/www.notibras.com\/site\/#organization\"},\"potentialAction\":[{\"@type\":\"SearchAction\",\"target\":{\"@type\":\"EntryPoint\",\"urlTemplate\":\"https:\/\/www.notibras.com\/site\/?s={search_term_string}\"},\"query-input\":{\"@type\":\"PropertyValueSpecification\",\"valueRequired\":true,\"valueName\":\"search_term_string\"}}],\"inLanguage\":\"pt-BR\"},{\"@type\":\"Organization\",\"@id\":\"https:\/\/www.notibras.com\/site\/#organization\",\"name\":\"Grupo Notibras de Comunica\u00e7\u00e3o\",\"url\":\"https:\/\/www.notibras.com\/site\/\",\"logo\":{\"@type\":\"ImageObject\",\"inLanguage\":\"pt-BR\",\"@id\":\"https:\/\/www.notibras.com\/site\/#\/schema\/logo\/image\/\",\"url\":\"https:\/\/www.notibras.com\/site\/wp-content\/uploads\/2023\/01\/notibras23.png\",\"contentUrl\":\"https:\/\/www.notibras.com\/site\/wp-content\/uploads\/2023\/01\/notibras23.png\",\"width\":350,\"height\":87,\"caption\":\"Grupo Notibras de Comunica\u00e7\u00e3o\"},\"image\":{\"@id\":\"https:\/\/www.notibras.com\/site\/#\/schema\/logo\/image\/\"},\"sameAs\":[\"https:\/\/www.facebook.com\/notibras\/\",\"https:\/\/x.com\/Notibras\",\"https:\/\/www.instagram.com\/notibras\/\"]},{\"@type\":\"Person\",\"@id\":\"https:\/\/www.notibras.com\/site\/#\/schema\/person\/36ab0979449956132d3e5b517ea76ac8\",\"name\":\"Reda\u00e7\u00e3o\",\"image\":{\"@type\":\"ImageObject\",\"inLanguage\":\"pt-BR\",\"@id\":\"https:\/\/secure.gravatar.com\/avatar\/e0a867bdedb85fd243eadf09663511f96fc81e0720a4a42581f334ad4303aa6b?s=96&d=mm&r=g\",\"url\":\"https:\/\/secure.gravatar.com\/avatar\/e0a867bdedb85fd243eadf09663511f96fc81e0720a4a42581f334ad4303aa6b?s=96&d=mm&r=g\",\"contentUrl\":\"https:\/\/secure.gravatar.com\/avatar\/e0a867bdedb85fd243eadf09663511f96fc81e0720a4a42581f334ad4303aa6b?s=96&d=mm&r=g\",\"caption\":\"Reda\u00e7\u00e3o\"}}]}<\/script>\n<!-- \/ Yoast SEO plugin. -->","yoast_head_json":{"title":"Come\u00e7am preparativos para comemorar a Semana Santa - Notibras","robots":{"index":"index","follow":"follow","max-snippet":"max-snippet:-1","max-image-preview":"max-image-preview:large","max-video-preview":"max-video-preview:-1"},"canonical":"https:\/\/www.notibras.com\/site\/comecam-preparativos-para-comemorar-a-semana-santa\/","og_locale":"pt_BR","og_type":"article","og_title":"Come\u00e7am preparativos para comemorar a Semana Santa - Notibras","og_description":"O programa GDF Presente j\u00e1 come\u00e7ou a prepara\u00e7\u00e3o da \u00e1rea central de Bras\u00edlia para a Semana Santa. A equipe executou a\u00e7\u00f5es de limpeza e manuten\u00e7\u00e3o nas \u00e1reas adjacentes \u00e0 Catedral Metropolitana e em outros pontos da regi\u00e3o. A data religiosa come\u00e7a a ser celebrada no pr\u00f3ximo dia 2, com o Domingo de Ramos, e chega [&hellip;]","og_url":"https:\/\/www.notibras.com\/site\/comecam-preparativos-para-comemorar-a-semana-santa\/","og_site_name":"Notibras","article_publisher":"https:\/\/www.facebook.com\/notibras\/","article_published_time":"2023-03-21T03:00:17+00:00","article_modified_time":"2023-03-21T12:57:08+00:00","og_image":[{"width":799,"height":533,"url":"https:\/\/www.notibras.com\/site\/wp-content\/uploads\/2023\/03\/52761050573_b958fee3a6_c.jpg","type":"image\/jpeg"}],"author":"Reda\u00e7\u00e3o","twitter_card":"summary_large_image","twitter_creator":"@Notibras","twitter_site":"@Notibras","twitter_misc":{"Escrito por":"Reda\u00e7\u00e3o","Est. tempo de leitura":"2 minutos"},"schema":{"@context":"https:\/\/schema.org","@graph":[{"@type":"Article","@id":"https:\/\/www.notibras.com\/site\/comecam-preparativos-para-comemorar-a-semana-santa\/#article","isPartOf":{"@id":"https:\/\/www.notibras.com\/site\/comecam-preparativos-para-comemorar-a-semana-santa\/"},"author":{"name":"Reda\u00e7\u00e3o","@id":"https:\/\/www.notibras.com\/site\/#\/schema\/person\/36ab0979449956132d3e5b517ea76ac8"},"headline":"Come\u00e7am preparativos para comemorar a Semana Santa","datePublished":"2023-03-21T03:00:17+00:00","dateModified":"2023-03-21T12:57:08+00:00","mainEntityOfPage":{"@id":"https:\/\/www.notibras.com\/site\/comecam-preparativos-para-comemorar-a-semana-santa\/"},"wordCount":291,"publisher":{"@id":"https:\/\/www.notibras.com\/site\/#organization"},"image":{"@id":"https:\/\/www.notibras.com\/site\/comecam-preparativos-para-comemorar-a-semana-santa\/#primaryimage"},"thumbnailUrl":"https:\/\/www.notibras.com\/site\/wp-content\/uploads\/2023\/03\/52761050573_b958fee3a6_c.jpg","articleSection":["Quadradinho em Foco"],"inLanguage":"pt-BR"},{"@type":"WebPage","@id":"https:\/\/www.notibras.com\/site\/comecam-preparativos-para-comemorar-a-semana-santa\/","url":"https:\/\/www.notibras.com\/site\/comecam-preparativos-para-comemorar-a-semana-santa\/","name":"Come\u00e7am preparativos para comemorar a Semana Santa - Notibras","isPartOf":{"@id":"https:\/\/www.notibras.com\/site\/#website"},"primaryImageOfPage":{"@id":"https:\/\/www.notibras.com\/site\/comecam-preparativos-para-comemorar-a-semana-santa\/#primaryimage"},"image":{"@id":"https:\/\/www.notibras.com\/site\/comecam-preparativos-para-comemorar-a-semana-santa\/#primaryimage"},"thumbnailUrl":"https:\/\/www.notibras.com\/site\/wp-content\/uploads\/2023\/03\/52761050573_b958fee3a6_c.jpg","datePublished":"2023-03-21T03:00:17+00:00","dateModified":"2023-03-21T12:57:08+00:00","breadcrumb":{"@id":"https:\/\/www.notibras.com\/site\/comecam-preparativos-para-comemorar-a-semana-santa\/#breadcrumb"},"inLanguage":"pt-BR","potentialAction":[{"@type":"ReadAction","target":["https:\/\/www.notibras.com\/site\/comecam-preparativos-para-comemorar-a-semana-santa\/"]}]},{"@type":"ImageObject","inLanguage":"pt-BR","@id":"https:\/\/www.notibras.com\/site\/comecam-preparativos-para-comemorar-a-semana-santa\/#primaryimage","url":"https:\/\/www.notibras.com\/site\/wp-content\/uploads\/2023\/03\/52761050573_b958fee3a6_c.jpg","contentUrl":"https:\/\/www.notibras.com\/site\/wp-content\/uploads\/2023\/03\/52761050573_b958fee3a6_c.jpg","width":799,"height":533},{"@type":"BreadcrumbList","@id":"https:\/\/www.notibras.com\/site\/comecam-preparativos-para-comemorar-a-semana-santa\/#breadcrumb","itemListElement":[{"@type":"ListItem","position":1,"name":"In\u00edcio","item":"https:\/\/www.notibras.com\/site\/"},{"@type":"ListItem","position":2,"name":"Come\u00e7am preparativos para comemorar a Semana Santa"}]},{"@type":"WebSite","@id":"https:\/\/www.notibras.com\/site\/#website","url":"https:\/\/www.notibras.com\/site\/","name":"Notibras","description":"Not\u00edcias de Bras\u00edlia, do Brasil e do Mundo","publisher":{"@id":"https:\/\/www.notibras.com\/site\/#organization"},"potentialAction":[{"@type":"SearchAction","target":{"@type":"EntryPoint","urlTemplate":"https:\/\/www.notibras.com\/site\/?s={search_term_string}"},"query-input":{"@type":"PropertyValueSpecification","valueRequired":true,"valueName":"search_term_string"}}],"inLanguage":"pt-BR"},{"@type":"Organization","@id":"https:\/\/www.notibras.com\/site\/#organization","name":"Grupo Notibras de Comunica\u00e7\u00e3o","url":"https:\/\/www.notibras.com\/site\/","logo":{"@type":"ImageObject","inLanguage":"pt-BR","@id":"https:\/\/www.notibras.com\/site\/#\/schema\/logo\/image\/","url":"https:\/\/www.notibras.com\/site\/wp-content\/uploads\/2023\/01\/notibras23.png","contentUrl":"https:\/\/www.notibras.com\/site\/wp-content\/uploads\/2023\/01\/notibras23.png","width":350,"height":87,"caption":"Grupo Notibras de Comunica\u00e7\u00e3o"},"image":{"@id":"https:\/\/www.notibras.com\/site\/#\/schema\/logo\/image\/"},"sameAs":["https:\/\/www.facebook.com\/notibras\/","https:\/\/x.com\/Notibras","https:\/\/www.instagram.com\/notibras\/"]},{"@type":"Person","@id":"https:\/\/www.notibras.com\/site\/#\/schema\/person\/36ab0979449956132d3e5b517ea76ac8","name":"Reda\u00e7\u00e3o","image":{"@type":"ImageObject","inLanguage":"pt-BR","@id":"https:\/\/secure.gravatar.com\/avatar\/e0a867bdedb85fd243eadf09663511f96fc81e0720a4a42581f334ad4303aa6b?s=96&d=mm&r=g","url":"https:\/\/secure.gravatar.com\/avatar\/e0a867bdedb85fd243eadf09663511f96fc81e0720a4a42581f334ad4303aa6b?s=96&d=mm&r=g","contentUrl":"https:\/\/secure.gravatar.com\/avatar\/e0a867bdedb85fd243eadf09663511f96fc81e0720a4a42581f334ad4303aa6b?s=96&d=mm&r=g","caption":"Reda\u00e7\u00e3o"}}]}},"amp_enabled":true,"_links":{"self":[{"href":"https:\/\/www.notibras.com\/site\/wp-json\/wp\/v2\/posts\/301501","targetHints":{"allow":["GET"]}}],"collection":[{"href":"https:\/\/www.notibras.com\/site\/wp-json\/wp\/v2\/posts"}],"about":[{"href":"https:\/\/www.notibras.com\/site\/wp-json\/wp\/v2\/types\/post"}],"author":[{"embeddable":true,"href":"https:\/\/www.notibras.com\/site\/wp-json\/wp\/v2\/users\/2"}],"replies":[{"embeddable":true,"href":"https:\/\/www.notibras.com\/site\/wp-json\/wp\/v2\/comments?post=301501"}],"version-history":[{"count":1,"href":"https:\/\/www.notibras.com\/site\/wp-json\/wp\/v2\/posts\/301501\/revisions"}],"predecessor-version":[{"id":301503,"href":"https:\/\/www.notibras.com\/site\/wp-json\/wp\/v2\/posts\/301501\/revisions\/301503"}],"wp:featuredmedia":[{"embeddable":true,"href":"https:\/\/www.notibras.com\/site\/wp-json\/wp\/v2\/media\/301502"}],"wp:attachment":[{"href":"https:\/\/www.notibras.com\/site\/wp-json\/wp\/v2\/media?parent=301501"}],"wp:term":[{"taxonomy":"category","embeddable":true,"href":"https:\/\/www.notibras.com\/site\/wp-json\/wp\/v2\/categories?post=301501"},{"taxonomy":"post_tag","embeddable":true,"href":"https:\/\/www.notibras.com\/site\/wp-json\/wp\/v2\/tags?post=301501"}],"curies":[{"name":"wp","href":"https:\/\/api.w.org\/{rel}","templated":true}]}}