{"id":301504,"date":"2023-03-21T00:01:16","date_gmt":"2023-03-21T03:01:16","guid":{"rendered":"https:\/\/www.notibras.com\/site\/?p=301504"},"modified":"2023-03-21T10:02:53","modified_gmt":"2023-03-21T13:02:53","slug":"reforma-do-pavimento-chega-as-quadras-708-e-709","status":"publish","type":"post","link":"https:\/\/www.notibras.com\/site\/reforma-do-pavimento-chega-as-quadras-708-e-709\/","title":{"rendered":"Reforma do pavimento chega \u00e0s quadras 708 e 709"},"content":{"rendered":"<p>A Secretaria de Obras e Infraestrutura do Distrito Federal (SODF) segue trabalhando na reforma da avenida W3 Sul. Est\u00e1 em andamento o nivelamento e a regulariza\u00e7\u00e3o da sub-base da pista exclusiva para \u00f4nibus na altura das quadras 708 e 709. Ap\u00f3s as etapas de prepara\u00e7\u00e3o, ser\u00e1 aplicado o pavimento r\u00edgido (concreto), material indicado para o tr\u00e2nsito de ve\u00edculos pesados por ser mais resistente, duradouro e de f\u00e1cil manuten\u00e7\u00e3o.<\/p>\n<p>Tamb\u00e9m ocorrem a execu\u00e7\u00e3o de formas e montagem da arma\u00e7\u00e3o na 709 Sul e a instala\u00e7\u00e3o de bocas de lobo de drenagem nas quadras 703 e 704 Sul. Nestas duas \u00faltimas quadras, o pavimento r\u00edgido j\u00e1 est\u00e1 pronto.<\/p>\n<p>\u201cA ideia era come\u00e7ar pela reforma do pavimento pr\u00f3ximo \u00e0 quadra 703 e ir na sequ\u00eancia. Mas, durante o trabalho, identificamos que as resid\u00eancias at\u00e9 a quadra 707 t\u00eam as garagens voltadas para a rua. E, como est\u00e1vamos no per\u00edodo chuvoso, poder\u00edamos interditar os acessos das casas por muito tempo, j\u00e1 que as chuvas prejudicam a produtividade da obra. Ent\u00e3o, decidimos fazer a obra da 707 em diante e depois voltaremos para as quadras que faltam\u201d, explica o engenheiro fiscal da secretaria de Obras, Sandro Jardim.<\/p>\n<p>A reforma na W3 Sul, considerada uma das avenidas mais ic\u00f4nicas da capital federal, mobilizou investimento de R$ 25,6 milh\u00f5es. Os recursos s\u00e3o da Ag\u00eancia de Desenvolvimento do Distrito Federal (Terracap) e foram repassados \u00e0 SODF por meio de conv\u00eanio.<\/p>\n<p>A obra contemplar\u00e1 os dois lados da avenida, tanto no sentido W3 Norte quanto no rumo da Estrada Setor Policial Militar. Desta forma, cada lado ter\u00e1 uma faixa de rolamento com pavimento r\u00edgido, por onde passar\u00e1 o transporte p\u00fablico, e duas com pavimento flex\u00edvel, para o fluxo de carros e motocicletas.<\/p>\n<p>\u201cEstamos trocando o pavimento da faixa exclusiva de \u00f4nibus de asfalto para concreto para dar mais durabilidade ao pavimento e mais conforto aos usu\u00e1rios do transporte p\u00fablico. O concreto, al\u00e9m de mais resistente, oferece manuten\u00e7\u00e3o mais f\u00e1cil, eficiente e r\u00e1pida, sem os tradicionais desn\u00edveis apresentados pelo asfalto\u201d, explica o secret\u00e1rio de Obras, Luciano Carvalho.<\/p>\n","protected":false},"excerpt":{"rendered":"<p>A Secretaria de Obras e Infraestrutura do Distrito Federal (SODF) segue trabalhando na reforma da avenida W3 Sul. Est\u00e1 em andamento o nivelamento e a regulariza\u00e7\u00e3o da sub-base da pista exclusiva para \u00f4nibus na altura das quadras 708 e 709. Ap\u00f3s as etapas de prepara\u00e7\u00e3o, ser\u00e1 aplicado o pavimento r\u00edgido (concreto), material indicado para o [&hellip;]<\/p>\n","protected":false},"author":2,"featured_media":301505,"comment_status":"closed","ping_status":"closed","sticky":false,"template":"","format":"standard","meta":{"_acf_changed":false,"footnotes":""},"categories":[161],"tags":[],"class_list":["post-301504","post","type-post","status-publish","format-standard","has-post-thumbnail","hentry","category-quadradinho-em-foco"],"acf":[],"yoast_head":"<!-- This site is optimized with the Yoast SEO plugin v27.2 - https:\/\/yoast.com\/product\/yoast-seo-wordpress\/ -->\n<title>Reforma do pavimento chega \u00e0s quadras 708 e 709 - Notibras<\/title>\n<meta name=\"robots\" content=\"index, follow, max-snippet:-1, max-image-preview:large, max-video-preview:-1\" \/>\n<link rel=\"canonical\" href=\"https:\/\/www.notibras.com\/site\/reforma-do-pavimento-chega-as-quadras-708-e-709\/\" \/>\n<meta property=\"og:locale\" content=\"pt_BR\" \/>\n<meta property=\"og:type\" content=\"article\" \/>\n<meta property=\"og:title\" content=\"Reforma do pavimento chega \u00e0s quadras 708 e 709 - Notibras\" \/>\n<meta property=\"og:description\" content=\"A Secretaria de Obras e Infraestrutura do Distrito Federal (SODF) segue trabalhando na reforma da avenida W3 Sul. Est\u00e1 em andamento o nivelamento e a regulariza\u00e7\u00e3o da sub-base da pista exclusiva para \u00f4nibus na altura das quadras 708 e 709. Ap\u00f3s as etapas de prepara\u00e7\u00e3o, ser\u00e1 aplicado o pavimento r\u00edgido (concreto), material indicado para o [&hellip;]\" \/>\n<meta property=\"og:url\" content=\"https:\/\/www.notibras.com\/site\/reforma-do-pavimento-chega-as-quadras-708-e-709\/\" \/>\n<meta property=\"og:site_name\" content=\"Notibras\" \/>\n<meta property=\"article:publisher\" content=\"https:\/\/www.facebook.com\/notibras\/\" \/>\n<meta property=\"article:published_time\" content=\"2023-03-21T03:01:16+00:00\" \/>\n<meta property=\"article:modified_time\" content=\"2023-03-21T13:02:53+00:00\" \/>\n<meta property=\"og:image\" content=\"https:\/\/www.notibras.com\/site\/wp-content\/uploads\/2023\/03\/PHC_8550-1536x1024-1.jpg\" \/>\n\t<meta property=\"og:image:width\" content=\"1536\" \/>\n\t<meta property=\"og:image:height\" content=\"1024\" \/>\n\t<meta property=\"og:image:type\" content=\"image\/jpeg\" \/>\n<meta name=\"author\" content=\"Reda\u00e7\u00e3o\" \/>\n<meta name=\"twitter:card\" content=\"summary_large_image\" \/>\n<meta name=\"twitter:creator\" content=\"@Notibras\" \/>\n<meta name=\"twitter:site\" content=\"@Notibras\" \/>\n<meta name=\"twitter:label1\" content=\"Escrito por\" \/>\n\t<meta name=\"twitter:data1\" content=\"Reda\u00e7\u00e3o\" \/>\n\t<meta name=\"twitter:label2\" content=\"Est. tempo de leitura\" \/>\n\t<meta name=\"twitter:data2\" content=\"2 minutos\" \/>\n<script type=\"application\/ld+json\" class=\"yoast-schema-graph\">{\"@context\":\"https:\/\/schema.org\",\"@graph\":[{\"@type\":\"Article\",\"@id\":\"https:\/\/www.notibras.com\/site\/reforma-do-pavimento-chega-as-quadras-708-e-709\/#article\",\"isPartOf\":{\"@id\":\"https:\/\/www.notibras.com\/site\/reforma-do-pavimento-chega-as-quadras-708-e-709\/\"},\"author\":{\"name\":\"Reda\u00e7\u00e3o\",\"@id\":\"https:\/\/www.notibras.com\/site\/#\/schema\/person\/36ab0979449956132d3e5b517ea76ac8\"},\"headline\":\"Reforma do pavimento chega \u00e0s quadras 708 e 709\",\"datePublished\":\"2023-03-21T03:01:16+00:00\",\"dateModified\":\"2023-03-21T13:02:53+00:00\",\"mainEntityOfPage\":{\"@id\":\"https:\/\/www.notibras.com\/site\/reforma-do-pavimento-chega-as-quadras-708-e-709\/\"},\"wordCount\":371,\"publisher\":{\"@id\":\"https:\/\/www.notibras.com\/site\/#organization\"},\"image\":{\"@id\":\"https:\/\/www.notibras.com\/site\/reforma-do-pavimento-chega-as-quadras-708-e-709\/#primaryimage\"},\"thumbnailUrl\":\"https:\/\/www.notibras.com\/site\/wp-content\/uploads\/2023\/03\/PHC_8550-1536x1024-1.jpg\",\"articleSection\":[\"Quadradinho em Foco\"],\"inLanguage\":\"pt-BR\"},{\"@type\":\"WebPage\",\"@id\":\"https:\/\/www.notibras.com\/site\/reforma-do-pavimento-chega-as-quadras-708-e-709\/\",\"url\":\"https:\/\/www.notibras.com\/site\/reforma-do-pavimento-chega-as-quadras-708-e-709\/\",\"name\":\"Reforma do pavimento chega \u00e0s quadras 708 e 709 - Notibras\",\"isPartOf\":{\"@id\":\"https:\/\/www.notibras.com\/site\/#website\"},\"primaryImageOfPage\":{\"@id\":\"https:\/\/www.notibras.com\/site\/reforma-do-pavimento-chega-as-quadras-708-e-709\/#primaryimage\"},\"image\":{\"@id\":\"https:\/\/www.notibras.com\/site\/reforma-do-pavimento-chega-as-quadras-708-e-709\/#primaryimage\"},\"thumbnailUrl\":\"https:\/\/www.notibras.com\/site\/wp-content\/uploads\/2023\/03\/PHC_8550-1536x1024-1.jpg\",\"datePublished\":\"2023-03-21T03:01:16+00:00\",\"dateModified\":\"2023-03-21T13:02:53+00:00\",\"breadcrumb\":{\"@id\":\"https:\/\/www.notibras.com\/site\/reforma-do-pavimento-chega-as-quadras-708-e-709\/#breadcrumb\"},\"inLanguage\":\"pt-BR\",\"potentialAction\":[{\"@type\":\"ReadAction\",\"target\":[\"https:\/\/www.notibras.com\/site\/reforma-do-pavimento-chega-as-quadras-708-e-709\/\"]}]},{\"@type\":\"ImageObject\",\"inLanguage\":\"pt-BR\",\"@id\":\"https:\/\/www.notibras.com\/site\/reforma-do-pavimento-chega-as-quadras-708-e-709\/#primaryimage\",\"url\":\"https:\/\/www.notibras.com\/site\/wp-content\/uploads\/2023\/03\/PHC_8550-1536x1024-1.jpg\",\"contentUrl\":\"https:\/\/www.notibras.com\/site\/wp-content\/uploads\/2023\/03\/PHC_8550-1536x1024-1.jpg\",\"width\":1536,\"height\":1024},{\"@type\":\"BreadcrumbList\",\"@id\":\"https:\/\/www.notibras.com\/site\/reforma-do-pavimento-chega-as-quadras-708-e-709\/#breadcrumb\",\"itemListElement\":[{\"@type\":\"ListItem\",\"position\":1,\"name\":\"In\u00edcio\",\"item\":\"https:\/\/www.notibras.com\/site\/\"},{\"@type\":\"ListItem\",\"position\":2,\"name\":\"Reforma do pavimento chega \u00e0s quadras 708 e 709\"}]},{\"@type\":\"WebSite\",\"@id\":\"https:\/\/www.notibras.com\/site\/#website\",\"url\":\"https:\/\/www.notibras.com\/site\/\",\"name\":\"Notibras\",\"description\":\"Not\u00edcias de Bras\u00edlia, do Brasil e do Mundo\",\"publisher\":{\"@id\":\"https:\/\/www.notibras.com\/site\/#organization\"},\"potentialAction\":[{\"@type\":\"SearchAction\",\"target\":{\"@type\":\"EntryPoint\",\"urlTemplate\":\"https:\/\/www.notibras.com\/site\/?s={search_term_string}\"},\"query-input\":{\"@type\":\"PropertyValueSpecification\",\"valueRequired\":true,\"valueName\":\"search_term_string\"}}],\"inLanguage\":\"pt-BR\"},{\"@type\":\"Organization\",\"@id\":\"https:\/\/www.notibras.com\/site\/#organization\",\"name\":\"Grupo Notibras de Comunica\u00e7\u00e3o\",\"url\":\"https:\/\/www.notibras.com\/site\/\",\"logo\":{\"@type\":\"ImageObject\",\"inLanguage\":\"pt-BR\",\"@id\":\"https:\/\/www.notibras.com\/site\/#\/schema\/logo\/image\/\",\"url\":\"https:\/\/www.notibras.com\/site\/wp-content\/uploads\/2023\/01\/notibras23.png\",\"contentUrl\":\"https:\/\/www.notibras.com\/site\/wp-content\/uploads\/2023\/01\/notibras23.png\",\"width\":350,\"height\":87,\"caption\":\"Grupo Notibras de Comunica\u00e7\u00e3o\"},\"image\":{\"@id\":\"https:\/\/www.notibras.com\/site\/#\/schema\/logo\/image\/\"},\"sameAs\":[\"https:\/\/www.facebook.com\/notibras\/\",\"https:\/\/x.com\/Notibras\",\"https:\/\/www.instagram.com\/notibras\/\"]},{\"@type\":\"Person\",\"@id\":\"https:\/\/www.notibras.com\/site\/#\/schema\/person\/36ab0979449956132d3e5b517ea76ac8\",\"name\":\"Reda\u00e7\u00e3o\",\"image\":{\"@type\":\"ImageObject\",\"inLanguage\":\"pt-BR\",\"@id\":\"https:\/\/secure.gravatar.com\/avatar\/e0a867bdedb85fd243eadf09663511f96fc81e0720a4a42581f334ad4303aa6b?s=96&d=mm&r=g\",\"url\":\"https:\/\/secure.gravatar.com\/avatar\/e0a867bdedb85fd243eadf09663511f96fc81e0720a4a42581f334ad4303aa6b?s=96&d=mm&r=g\",\"contentUrl\":\"https:\/\/secure.gravatar.com\/avatar\/e0a867bdedb85fd243eadf09663511f96fc81e0720a4a42581f334ad4303aa6b?s=96&d=mm&r=g\",\"caption\":\"Reda\u00e7\u00e3o\"}}]}<\/script>\n<!-- \/ Yoast SEO plugin. -->","yoast_head_json":{"title":"Reforma do pavimento chega \u00e0s quadras 708 e 709 - Notibras","robots":{"index":"index","follow":"follow","max-snippet":"max-snippet:-1","max-image-preview":"max-image-preview:large","max-video-preview":"max-video-preview:-1"},"canonical":"https:\/\/www.notibras.com\/site\/reforma-do-pavimento-chega-as-quadras-708-e-709\/","og_locale":"pt_BR","og_type":"article","og_title":"Reforma do pavimento chega \u00e0s quadras 708 e 709 - Notibras","og_description":"A Secretaria de Obras e Infraestrutura do Distrito Federal (SODF) segue trabalhando na reforma da avenida W3 Sul. Est\u00e1 em andamento o nivelamento e a regulariza\u00e7\u00e3o da sub-base da pista exclusiva para \u00f4nibus na altura das quadras 708 e 709. Ap\u00f3s as etapas de prepara\u00e7\u00e3o, ser\u00e1 aplicado o pavimento r\u00edgido (concreto), material indicado para o [&hellip;]","og_url":"https:\/\/www.notibras.com\/site\/reforma-do-pavimento-chega-as-quadras-708-e-709\/","og_site_name":"Notibras","article_publisher":"https:\/\/www.facebook.com\/notibras\/","article_published_time":"2023-03-21T03:01:16+00:00","article_modified_time":"2023-03-21T13:02:53+00:00","og_image":[{"width":1536,"height":1024,"url":"https:\/\/www.notibras.com\/site\/wp-content\/uploads\/2023\/03\/PHC_8550-1536x1024-1.jpg","type":"image\/jpeg"}],"author":"Reda\u00e7\u00e3o","twitter_card":"summary_large_image","twitter_creator":"@Notibras","twitter_site":"@Notibras","twitter_misc":{"Escrito por":"Reda\u00e7\u00e3o","Est. tempo de leitura":"2 minutos"},"schema":{"@context":"https:\/\/schema.org","@graph":[{"@type":"Article","@id":"https:\/\/www.notibras.com\/site\/reforma-do-pavimento-chega-as-quadras-708-e-709\/#article","isPartOf":{"@id":"https:\/\/www.notibras.com\/site\/reforma-do-pavimento-chega-as-quadras-708-e-709\/"},"author":{"name":"Reda\u00e7\u00e3o","@id":"https:\/\/www.notibras.com\/site\/#\/schema\/person\/36ab0979449956132d3e5b517ea76ac8"},"headline":"Reforma do pavimento chega \u00e0s quadras 708 e 709","datePublished":"2023-03-21T03:01:16+00:00","dateModified":"2023-03-21T13:02:53+00:00","mainEntityOfPage":{"@id":"https:\/\/www.notibras.com\/site\/reforma-do-pavimento-chega-as-quadras-708-e-709\/"},"wordCount":371,"publisher":{"@id":"https:\/\/www.notibras.com\/site\/#organization"},"image":{"@id":"https:\/\/www.notibras.com\/site\/reforma-do-pavimento-chega-as-quadras-708-e-709\/#primaryimage"},"thumbnailUrl":"https:\/\/www.notibras.com\/site\/wp-content\/uploads\/2023\/03\/PHC_8550-1536x1024-1.jpg","articleSection":["Quadradinho em Foco"],"inLanguage":"pt-BR"},{"@type":"WebPage","@id":"https:\/\/www.notibras.com\/site\/reforma-do-pavimento-chega-as-quadras-708-e-709\/","url":"https:\/\/www.notibras.com\/site\/reforma-do-pavimento-chega-as-quadras-708-e-709\/","name":"Reforma do pavimento chega \u00e0s quadras 708 e 709 - Notibras","isPartOf":{"@id":"https:\/\/www.notibras.com\/site\/#website"},"primaryImageOfPage":{"@id":"https:\/\/www.notibras.com\/site\/reforma-do-pavimento-chega-as-quadras-708-e-709\/#primaryimage"},"image":{"@id":"https:\/\/www.notibras.com\/site\/reforma-do-pavimento-chega-as-quadras-708-e-709\/#primaryimage"},"thumbnailUrl":"https:\/\/www.notibras.com\/site\/wp-content\/uploads\/2023\/03\/PHC_8550-1536x1024-1.jpg","datePublished":"2023-03-21T03:01:16+00:00","dateModified":"2023-03-21T13:02:53+00:00","breadcrumb":{"@id":"https:\/\/www.notibras.com\/site\/reforma-do-pavimento-chega-as-quadras-708-e-709\/#breadcrumb"},"inLanguage":"pt-BR","potentialAction":[{"@type":"ReadAction","target":["https:\/\/www.notibras.com\/site\/reforma-do-pavimento-chega-as-quadras-708-e-709\/"]}]},{"@type":"ImageObject","inLanguage":"pt-BR","@id":"https:\/\/www.notibras.com\/site\/reforma-do-pavimento-chega-as-quadras-708-e-709\/#primaryimage","url":"https:\/\/www.notibras.com\/site\/wp-content\/uploads\/2023\/03\/PHC_8550-1536x1024-1.jpg","contentUrl":"https:\/\/www.notibras.com\/site\/wp-content\/uploads\/2023\/03\/PHC_8550-1536x1024-1.jpg","width":1536,"height":1024},{"@type":"BreadcrumbList","@id":"https:\/\/www.notibras.com\/site\/reforma-do-pavimento-chega-as-quadras-708-e-709\/#breadcrumb","itemListElement":[{"@type":"ListItem","position":1,"name":"In\u00edcio","item":"https:\/\/www.notibras.com\/site\/"},{"@type":"ListItem","position":2,"name":"Reforma do pavimento chega \u00e0s quadras 708 e 709"}]},{"@type":"WebSite","@id":"https:\/\/www.notibras.com\/site\/#website","url":"https:\/\/www.notibras.com\/site\/","name":"Notibras","description":"Not\u00edcias de Bras\u00edlia, do Brasil e do Mundo","publisher":{"@id":"https:\/\/www.notibras.com\/site\/#organization"},"potentialAction":[{"@type":"SearchAction","target":{"@type":"EntryPoint","urlTemplate":"https:\/\/www.notibras.com\/site\/?s={search_term_string}"},"query-input":{"@type":"PropertyValueSpecification","valueRequired":true,"valueName":"search_term_string"}}],"inLanguage":"pt-BR"},{"@type":"Organization","@id":"https:\/\/www.notibras.com\/site\/#organization","name":"Grupo Notibras de Comunica\u00e7\u00e3o","url":"https:\/\/www.notibras.com\/site\/","logo":{"@type":"ImageObject","inLanguage":"pt-BR","@id":"https:\/\/www.notibras.com\/site\/#\/schema\/logo\/image\/","url":"https:\/\/www.notibras.com\/site\/wp-content\/uploads\/2023\/01\/notibras23.png","contentUrl":"https:\/\/www.notibras.com\/site\/wp-content\/uploads\/2023\/01\/notibras23.png","width":350,"height":87,"caption":"Grupo Notibras de Comunica\u00e7\u00e3o"},"image":{"@id":"https:\/\/www.notibras.com\/site\/#\/schema\/logo\/image\/"},"sameAs":["https:\/\/www.facebook.com\/notibras\/","https:\/\/x.com\/Notibras","https:\/\/www.instagram.com\/notibras\/"]},{"@type":"Person","@id":"https:\/\/www.notibras.com\/site\/#\/schema\/person\/36ab0979449956132d3e5b517ea76ac8","name":"Reda\u00e7\u00e3o","image":{"@type":"ImageObject","inLanguage":"pt-BR","@id":"https:\/\/secure.gravatar.com\/avatar\/e0a867bdedb85fd243eadf09663511f96fc81e0720a4a42581f334ad4303aa6b?s=96&d=mm&r=g","url":"https:\/\/secure.gravatar.com\/avatar\/e0a867bdedb85fd243eadf09663511f96fc81e0720a4a42581f334ad4303aa6b?s=96&d=mm&r=g","contentUrl":"https:\/\/secure.gravatar.com\/avatar\/e0a867bdedb85fd243eadf09663511f96fc81e0720a4a42581f334ad4303aa6b?s=96&d=mm&r=g","caption":"Reda\u00e7\u00e3o"}}]}},"amp_enabled":true,"_links":{"self":[{"href":"https:\/\/www.notibras.com\/site\/wp-json\/wp\/v2\/posts\/301504","targetHints":{"allow":["GET"]}}],"collection":[{"href":"https:\/\/www.notibras.com\/site\/wp-json\/wp\/v2\/posts"}],"about":[{"href":"https:\/\/www.notibras.com\/site\/wp-json\/wp\/v2\/types\/post"}],"author":[{"embeddable":true,"href":"https:\/\/www.notibras.com\/site\/wp-json\/wp\/v2\/users\/2"}],"replies":[{"embeddable":true,"href":"https:\/\/www.notibras.com\/site\/wp-json\/wp\/v2\/comments?post=301504"}],"version-history":[{"count":1,"href":"https:\/\/www.notibras.com\/site\/wp-json\/wp\/v2\/posts\/301504\/revisions"}],"predecessor-version":[{"id":301506,"href":"https:\/\/www.notibras.com\/site\/wp-json\/wp\/v2\/posts\/301504\/revisions\/301506"}],"wp:featuredmedia":[{"embeddable":true,"href":"https:\/\/www.notibras.com\/site\/wp-json\/wp\/v2\/media\/301505"}],"wp:attachment":[{"href":"https:\/\/www.notibras.com\/site\/wp-json\/wp\/v2\/media?parent=301504"}],"wp:term":[{"taxonomy":"category","embeddable":true,"href":"https:\/\/www.notibras.com\/site\/wp-json\/wp\/v2\/categories?post=301504"},{"taxonomy":"post_tag","embeddable":true,"href":"https:\/\/www.notibras.com\/site\/wp-json\/wp\/v2\/tags?post=301504"}],"curies":[{"name":"wp","href":"https:\/\/api.w.org\/{rel}","templated":true}]}}