{"id":301528,"date":"2023-03-21T19:40:32","date_gmt":"2023-03-21T22:40:32","guid":{"rendered":"https:\/\/www.notibras.com\/site\/?p=301528"},"modified":"2023-03-21T19:40:32","modified_gmt":"2023-03-21T22:40:32","slug":"solto-marcelo-lava-corpo-e-alma-em-tambaba","status":"publish","type":"post","link":"https:\/\/www.notibras.com\/site\/solto-marcelo-lava-corpo-e-alma-em-tambaba\/","title":{"rendered":"Solto, Marcelo lava corpo e alma em Tambaba"},"content":{"rendered":"<p>Apesar de viver em um ambiente cheio de vaidade, o delegado Ant\u00f4nio Eduardo n\u00e3o era algu\u00e9m enfeiti\u00e7ado por esse pecado. Gilmar, por sua vez, era ainda mais discreto, sempre buscando aparecer o menos poss\u00edvel. Talvez por isso, os dois pensaram quase ao mesmo tempo em entrar em contato com o delegado Miranda, que havia sido o relator do inqu\u00e9rito que apurou o assassinato da esposa de Marcelo.<\/p>\n<p>Coube ao delegado telefonar naquele mesmo instante para Miranda, que estranhou a liga\u00e7\u00e3o \u00e0quela hora da noite. Ele, que estava dormindo, pensou at\u00e9 em n\u00e3o atender quando viu que era Ant\u00f4nio Eduardo do outro lado da linha. N\u00e3o eram necessariamente amigos, apesar da boa e sempre cordial rela\u00e7\u00e3o. Atendeu!<\/p>\n<p>Miranda, de t\u00e3o euf\u00f3rico que ficou com a informa\u00e7\u00e3o, levou horas para voltar a pegar no sono. Marcaram para o dia seguinte na delegacia da Asa Norte. Ele telefonou para Pedro, Gustavo e Rafael convocando-os para a reuni\u00e3o extraordin\u00e1ria \u00e0s 14 h. Em ponto!<\/p>\n<p>Ningu\u00e9m se atrasou para o encontro. L\u00e1 estavam todos os seis policiais. Depois dos cumprimentos, todos se sentaram. Ant\u00f4nio Eduardo e Gilmar, depois de mostrarem o v\u00eddeo onde apareciam claramente Marcelo e Susana<br \/>\nsendo arrastados, ficaram surpresos de que os colegas j\u00e1 supunham tal acontecimento.<\/p>\n<p>Pedro se encarregou de contar toda a investiga\u00e7\u00e3o feita por Marcelo, bem como a que ele pr\u00f3prio e Gustavo haviam feito. Rafael foi o primeiro a falar que agora eles tinham provas mais do que suficientes para inocentar Marcelo. Miranda e Ant\u00f4nio Eduardo concordaram com o escriv\u00e3o.<\/p>\n<p>Miranda, que tinha \u00f3timo tr\u00e2mite com o Minist\u00e9rio P\u00fablico, marcou um encontro para aquele finalzinho de tarde. Com uma pasta cheia de provas e um v\u00eddeo revelador, n\u00e3o foi dif\u00edcil o delegado convencer o promotor a pedir o<br \/>\narquivamento da den\u00fancia contra o agente de pol\u00edcia Marcelo, que foi posto em liberdade no dia seguinte.<\/p>\n<p>Vermelho e seus comparsas foram denunciados e tiveram as pris\u00f5es preventivas decretadas. Quanto ao mandante, usando de toda a sua for\u00e7a pol\u00edtica, conseguiu evitar ser preso por um tempo. No entanto, ap\u00f3s alguns meses, tamb\u00e9m teve a pris\u00e3o preventiva decretada, mas n\u00e3o foi encontrado. As buscas continuam e, dizem, Justus Dourado Flecha teria fugido para os Estados Unidos. N\u00e3o se sabe ao certo se para Miami ou para Orlando.<\/p>\n<p>Marcelo retornou ao trabalho no m\u00eas seguinte. Apesar de ter vivido naquele ambiente por mais de duas d\u00e9cadas, se sentia um estranho. Pedro e Gustavo, seus companheiros de tantos anos, perceberam que algo havia mudado no amigo. Mesmo assim, preferiram guardar para si aquele sentimento.<\/p>\n<p>Em casa, o policial n\u00e3o conseguia se adaptar \u00e0quele apartamento. Susana n\u00e3o lhe sa\u00eda da cabe\u00e7a. Tanto \u00e9 que ele nunca mais conseguiu dormir no mesmo quarto que dividiram por anos. Preferia se deitar no sof\u00e1 da sala e, solit\u00e1rio, passar as noites sem fim. Nem Mariane, com quem voltara a se relacionar, conseguiu aplacar as feridas invis\u00edveis que Marcelo carregava desde a virada do ano novo.<\/p>\n<p>Aconteceu logo pela manh\u00e3 depois de mais uma noite sem conseguir dormir. Sentado no sof\u00e1, as m\u00e3os segurando a cabe\u00e7a envolta em um turbilh\u00e3o de ideias, que Marcelo encontrou a solu\u00e7\u00e3o ou, ao menos, o que ele imaginou ser o melhor caminho. E. antes que mudasse de ideia, telefonou para seus colegas de se\u00e7\u00e3o e marcou um encontro para dali a pouco.<\/p>\n<p>Pedro e Gustavo estranharam aquela liga\u00e7\u00e3o pouco antes do amanhecer, mas aceitaram o convite sem pestanejar. Sabiam que o colega havia passado por momentos dif\u00edceis e, cismados, correram at\u00e9 o apartamento da 415 Norte.<br \/>\nMal entraram, foram recebidos por Marcelo, que havia preparado um delicioso caf\u00e9 gourmet.<\/p>\n<p>&#8211; Muito bom!, elogiou Pedro.<\/p>\n<p>&#8211; Obrigado! Fazer caf\u00e9 foi uma das coisas que aprendi na pris\u00e3o.<\/p>\n<p>Marcelo contou aos amigos que iria se aposentar. Ele, com tempo de sobra, havia relutado por anos, talvez por medo do futuro. Agora, no entanto, ciente de que n\u00e3o tinha qualquer voca\u00e7\u00e3o para her\u00f3i, queria ficar o mais longe poss\u00edvel daquele mundo de mocinhos, bandidos e tantos outros personagens.<\/p>\n<p>N\u00e3o demorou muito, sua aposentadoria foi publicada Di\u00e1rio Oficial do Distrito Federal. Vendeu o apartamento e viajou para Jo\u00e3o Pessoa, a apraz\u00edvel capital da Para\u00edba. Gostou tanto do lugar, que decidiu ficar por uma boa<br \/>\ntemporada.<\/p>\n<p>Em pouco tempo, visitou Tambaba, a famosa praia de naturismo em Conde, munic\u00edpio pr\u00f3ximo. A princ\u00edpio ficou receoso de tirar a roupa, mas, decidido, foi adiante. Marcelo queria n\u00e3o apenas se despir de suas vestes, mas<br \/>\nde toda aquela vida que havia deixado para tr\u00e1s.<\/p>\n","protected":false},"excerpt":{"rendered":"<p>Apesar de viver em um ambiente cheio de vaidade, o delegado Ant\u00f4nio Eduardo n\u00e3o era algu\u00e9m enfeiti\u00e7ado por esse pecado. Gilmar, por sua vez, era ainda mais discreto, sempre buscando aparecer o menos poss\u00edvel. Talvez por isso, os dois pensaram quase ao mesmo tempo em entrar em contato com o delegado Miranda, que havia sido [&hellip;]<\/p>\n","protected":false},"author":2,"featured_media":301529,"comment_status":"closed","ping_status":"closed","sticky":false,"template":"","format":"standard","meta":{"_acf_changed":false,"footnotes":""},"categories":[161],"tags":[],"class_list":["post-301528","post","type-post","status-publish","format-standard","has-post-thumbnail","hentry","category-quadradinho-em-foco"],"acf":[],"yoast_head":"<!-- This site is optimized with the Yoast SEO plugin v27.2 - https:\/\/yoast.com\/product\/yoast-seo-wordpress\/ -->\n<title>Solto, Marcelo lava corpo e alma em Tambaba - Notibras<\/title>\n<meta name=\"robots\" content=\"index, follow, max-snippet:-1, max-image-preview:large, max-video-preview:-1\" \/>\n<link rel=\"canonical\" href=\"https:\/\/www.notibras.com\/site\/solto-marcelo-lava-corpo-e-alma-em-tambaba\/\" \/>\n<meta property=\"og:locale\" content=\"pt_BR\" \/>\n<meta property=\"og:type\" content=\"article\" \/>\n<meta property=\"og:title\" content=\"Solto, Marcelo lava corpo e alma em Tambaba - Notibras\" \/>\n<meta property=\"og:description\" content=\"Apesar de viver em um ambiente cheio de vaidade, o delegado Ant\u00f4nio Eduardo n\u00e3o era algu\u00e9m enfeiti\u00e7ado por esse pecado. Gilmar, por sua vez, era ainda mais discreto, sempre buscando aparecer o menos poss\u00edvel. Talvez por isso, os dois pensaram quase ao mesmo tempo em entrar em contato com o delegado Miranda, que havia sido [&hellip;]\" \/>\n<meta property=\"og:url\" content=\"https:\/\/www.notibras.com\/site\/solto-marcelo-lava-corpo-e-alma-em-tambaba\/\" \/>\n<meta property=\"og:site_name\" content=\"Notibras\" \/>\n<meta property=\"article:publisher\" content=\"https:\/\/www.facebook.com\/notibras\/\" \/>\n<meta property=\"article:published_time\" content=\"2023-03-21T22:40:32+00:00\" \/>\n<meta property=\"og:image\" content=\"https:\/\/www.notibras.com\/site\/wp-content\/uploads\/2023\/03\/pexels-jacub-gomez-1142941-1024x849-1.jpg\" \/>\n\t<meta property=\"og:image:width\" content=\"1024\" \/>\n\t<meta property=\"og:image:height\" content=\"849\" \/>\n\t<meta property=\"og:image:type\" content=\"image\/jpeg\" \/>\n<meta name=\"author\" content=\"Reda\u00e7\u00e3o\" \/>\n<meta name=\"twitter:card\" content=\"summary_large_image\" \/>\n<meta name=\"twitter:creator\" content=\"@Notibras\" \/>\n<meta name=\"twitter:site\" content=\"@Notibras\" \/>\n<meta name=\"twitter:label1\" content=\"Escrito por\" \/>\n\t<meta name=\"twitter:data1\" content=\"Reda\u00e7\u00e3o\" \/>\n\t<meta name=\"twitter:label2\" content=\"Est. tempo de leitura\" \/>\n\t<meta name=\"twitter:data2\" content=\"5 minutos\" \/>\n<script type=\"application\/ld+json\" class=\"yoast-schema-graph\">{\"@context\":\"https:\/\/schema.org\",\"@graph\":[{\"@type\":\"Article\",\"@id\":\"https:\/\/www.notibras.com\/site\/solto-marcelo-lava-corpo-e-alma-em-tambaba\/#article\",\"isPartOf\":{\"@id\":\"https:\/\/www.notibras.com\/site\/solto-marcelo-lava-corpo-e-alma-em-tambaba\/\"},\"author\":{\"name\":\"Reda\u00e7\u00e3o\",\"@id\":\"https:\/\/www.notibras.com\/site\/#\/schema\/person\/36ab0979449956132d3e5b517ea76ac8\"},\"headline\":\"Solto, Marcelo lava corpo e alma em Tambaba\",\"datePublished\":\"2023-03-21T22:40:32+00:00\",\"mainEntityOfPage\":{\"@id\":\"https:\/\/www.notibras.com\/site\/solto-marcelo-lava-corpo-e-alma-em-tambaba\/\"},\"wordCount\":818,\"publisher\":{\"@id\":\"https:\/\/www.notibras.com\/site\/#organization\"},\"image\":{\"@id\":\"https:\/\/www.notibras.com\/site\/solto-marcelo-lava-corpo-e-alma-em-tambaba\/#primaryimage\"},\"thumbnailUrl\":\"https:\/\/www.notibras.com\/site\/wp-content\/uploads\/2023\/03\/pexels-jacub-gomez-1142941-1024x849-1.jpg\",\"articleSection\":[\"Quadradinho em Foco\"],\"inLanguage\":\"pt-BR\"},{\"@type\":\"WebPage\",\"@id\":\"https:\/\/www.notibras.com\/site\/solto-marcelo-lava-corpo-e-alma-em-tambaba\/\",\"url\":\"https:\/\/www.notibras.com\/site\/solto-marcelo-lava-corpo-e-alma-em-tambaba\/\",\"name\":\"Solto, Marcelo lava corpo e alma em Tambaba - Notibras\",\"isPartOf\":{\"@id\":\"https:\/\/www.notibras.com\/site\/#website\"},\"primaryImageOfPage\":{\"@id\":\"https:\/\/www.notibras.com\/site\/solto-marcelo-lava-corpo-e-alma-em-tambaba\/#primaryimage\"},\"image\":{\"@id\":\"https:\/\/www.notibras.com\/site\/solto-marcelo-lava-corpo-e-alma-em-tambaba\/#primaryimage\"},\"thumbnailUrl\":\"https:\/\/www.notibras.com\/site\/wp-content\/uploads\/2023\/03\/pexels-jacub-gomez-1142941-1024x849-1.jpg\",\"datePublished\":\"2023-03-21T22:40:32+00:00\",\"breadcrumb\":{\"@id\":\"https:\/\/www.notibras.com\/site\/solto-marcelo-lava-corpo-e-alma-em-tambaba\/#breadcrumb\"},\"inLanguage\":\"pt-BR\",\"potentialAction\":[{\"@type\":\"ReadAction\",\"target\":[\"https:\/\/www.notibras.com\/site\/solto-marcelo-lava-corpo-e-alma-em-tambaba\/\"]}]},{\"@type\":\"ImageObject\",\"inLanguage\":\"pt-BR\",\"@id\":\"https:\/\/www.notibras.com\/site\/solto-marcelo-lava-corpo-e-alma-em-tambaba\/#primaryimage\",\"url\":\"https:\/\/www.notibras.com\/site\/wp-content\/uploads\/2023\/03\/pexels-jacub-gomez-1142941-1024x849-1.jpg\",\"contentUrl\":\"https:\/\/www.notibras.com\/site\/wp-content\/uploads\/2023\/03\/pexels-jacub-gomez-1142941-1024x849-1.jpg\",\"width\":1024,\"height\":849},{\"@type\":\"BreadcrumbList\",\"@id\":\"https:\/\/www.notibras.com\/site\/solto-marcelo-lava-corpo-e-alma-em-tambaba\/#breadcrumb\",\"itemListElement\":[{\"@type\":\"ListItem\",\"position\":1,\"name\":\"In\u00edcio\",\"item\":\"https:\/\/www.notibras.com\/site\/\"},{\"@type\":\"ListItem\",\"position\":2,\"name\":\"Solto, Marcelo lava corpo e alma em Tambaba\"}]},{\"@type\":\"WebSite\",\"@id\":\"https:\/\/www.notibras.com\/site\/#website\",\"url\":\"https:\/\/www.notibras.com\/site\/\",\"name\":\"Notibras\",\"description\":\"Not\u00edcias de Bras\u00edlia, do Brasil e do Mundo\",\"publisher\":{\"@id\":\"https:\/\/www.notibras.com\/site\/#organization\"},\"potentialAction\":[{\"@type\":\"SearchAction\",\"target\":{\"@type\":\"EntryPoint\",\"urlTemplate\":\"https:\/\/www.notibras.com\/site\/?s={search_term_string}\"},\"query-input\":{\"@type\":\"PropertyValueSpecification\",\"valueRequired\":true,\"valueName\":\"search_term_string\"}}],\"inLanguage\":\"pt-BR\"},{\"@type\":\"Organization\",\"@id\":\"https:\/\/www.notibras.com\/site\/#organization\",\"name\":\"Grupo Notibras de Comunica\u00e7\u00e3o\",\"url\":\"https:\/\/www.notibras.com\/site\/\",\"logo\":{\"@type\":\"ImageObject\",\"inLanguage\":\"pt-BR\",\"@id\":\"https:\/\/www.notibras.com\/site\/#\/schema\/logo\/image\/\",\"url\":\"https:\/\/www.notibras.com\/site\/wp-content\/uploads\/2023\/01\/notibras23.png\",\"contentUrl\":\"https:\/\/www.notibras.com\/site\/wp-content\/uploads\/2023\/01\/notibras23.png\",\"width\":350,\"height\":87,\"caption\":\"Grupo Notibras de Comunica\u00e7\u00e3o\"},\"image\":{\"@id\":\"https:\/\/www.notibras.com\/site\/#\/schema\/logo\/image\/\"},\"sameAs\":[\"https:\/\/www.facebook.com\/notibras\/\",\"https:\/\/x.com\/Notibras\",\"https:\/\/www.instagram.com\/notibras\/\"]},{\"@type\":\"Person\",\"@id\":\"https:\/\/www.notibras.com\/site\/#\/schema\/person\/36ab0979449956132d3e5b517ea76ac8\",\"name\":\"Reda\u00e7\u00e3o\",\"image\":{\"@type\":\"ImageObject\",\"inLanguage\":\"pt-BR\",\"@id\":\"https:\/\/secure.gravatar.com\/avatar\/e0a867bdedb85fd243eadf09663511f96fc81e0720a4a42581f334ad4303aa6b?s=96&d=mm&r=g\",\"url\":\"https:\/\/secure.gravatar.com\/avatar\/e0a867bdedb85fd243eadf09663511f96fc81e0720a4a42581f334ad4303aa6b?s=96&d=mm&r=g\",\"contentUrl\":\"https:\/\/secure.gravatar.com\/avatar\/e0a867bdedb85fd243eadf09663511f96fc81e0720a4a42581f334ad4303aa6b?s=96&d=mm&r=g\",\"caption\":\"Reda\u00e7\u00e3o\"}}]}<\/script>\n<!-- \/ Yoast SEO plugin. -->","yoast_head_json":{"title":"Solto, Marcelo lava corpo e alma em Tambaba - Notibras","robots":{"index":"index","follow":"follow","max-snippet":"max-snippet:-1","max-image-preview":"max-image-preview:large","max-video-preview":"max-video-preview:-1"},"canonical":"https:\/\/www.notibras.com\/site\/solto-marcelo-lava-corpo-e-alma-em-tambaba\/","og_locale":"pt_BR","og_type":"article","og_title":"Solto, Marcelo lava corpo e alma em Tambaba - Notibras","og_description":"Apesar de viver em um ambiente cheio de vaidade, o delegado Ant\u00f4nio Eduardo n\u00e3o era algu\u00e9m enfeiti\u00e7ado por esse pecado. Gilmar, por sua vez, era ainda mais discreto, sempre buscando aparecer o menos poss\u00edvel. Talvez por isso, os dois pensaram quase ao mesmo tempo em entrar em contato com o delegado Miranda, que havia sido [&hellip;]","og_url":"https:\/\/www.notibras.com\/site\/solto-marcelo-lava-corpo-e-alma-em-tambaba\/","og_site_name":"Notibras","article_publisher":"https:\/\/www.facebook.com\/notibras\/","article_published_time":"2023-03-21T22:40:32+00:00","og_image":[{"width":1024,"height":849,"url":"https:\/\/www.notibras.com\/site\/wp-content\/uploads\/2023\/03\/pexels-jacub-gomez-1142941-1024x849-1.jpg","type":"image\/jpeg"}],"author":"Reda\u00e7\u00e3o","twitter_card":"summary_large_image","twitter_creator":"@Notibras","twitter_site":"@Notibras","twitter_misc":{"Escrito por":"Reda\u00e7\u00e3o","Est. tempo de leitura":"5 minutos"},"schema":{"@context":"https:\/\/schema.org","@graph":[{"@type":"Article","@id":"https:\/\/www.notibras.com\/site\/solto-marcelo-lava-corpo-e-alma-em-tambaba\/#article","isPartOf":{"@id":"https:\/\/www.notibras.com\/site\/solto-marcelo-lava-corpo-e-alma-em-tambaba\/"},"author":{"name":"Reda\u00e7\u00e3o","@id":"https:\/\/www.notibras.com\/site\/#\/schema\/person\/36ab0979449956132d3e5b517ea76ac8"},"headline":"Solto, Marcelo lava corpo e alma em Tambaba","datePublished":"2023-03-21T22:40:32+00:00","mainEntityOfPage":{"@id":"https:\/\/www.notibras.com\/site\/solto-marcelo-lava-corpo-e-alma-em-tambaba\/"},"wordCount":818,"publisher":{"@id":"https:\/\/www.notibras.com\/site\/#organization"},"image":{"@id":"https:\/\/www.notibras.com\/site\/solto-marcelo-lava-corpo-e-alma-em-tambaba\/#primaryimage"},"thumbnailUrl":"https:\/\/www.notibras.com\/site\/wp-content\/uploads\/2023\/03\/pexels-jacub-gomez-1142941-1024x849-1.jpg","articleSection":["Quadradinho em Foco"],"inLanguage":"pt-BR"},{"@type":"WebPage","@id":"https:\/\/www.notibras.com\/site\/solto-marcelo-lava-corpo-e-alma-em-tambaba\/","url":"https:\/\/www.notibras.com\/site\/solto-marcelo-lava-corpo-e-alma-em-tambaba\/","name":"Solto, Marcelo lava corpo e alma em Tambaba - Notibras","isPartOf":{"@id":"https:\/\/www.notibras.com\/site\/#website"},"primaryImageOfPage":{"@id":"https:\/\/www.notibras.com\/site\/solto-marcelo-lava-corpo-e-alma-em-tambaba\/#primaryimage"},"image":{"@id":"https:\/\/www.notibras.com\/site\/solto-marcelo-lava-corpo-e-alma-em-tambaba\/#primaryimage"},"thumbnailUrl":"https:\/\/www.notibras.com\/site\/wp-content\/uploads\/2023\/03\/pexels-jacub-gomez-1142941-1024x849-1.jpg","datePublished":"2023-03-21T22:40:32+00:00","breadcrumb":{"@id":"https:\/\/www.notibras.com\/site\/solto-marcelo-lava-corpo-e-alma-em-tambaba\/#breadcrumb"},"inLanguage":"pt-BR","potentialAction":[{"@type":"ReadAction","target":["https:\/\/www.notibras.com\/site\/solto-marcelo-lava-corpo-e-alma-em-tambaba\/"]}]},{"@type":"ImageObject","inLanguage":"pt-BR","@id":"https:\/\/www.notibras.com\/site\/solto-marcelo-lava-corpo-e-alma-em-tambaba\/#primaryimage","url":"https:\/\/www.notibras.com\/site\/wp-content\/uploads\/2023\/03\/pexels-jacub-gomez-1142941-1024x849-1.jpg","contentUrl":"https:\/\/www.notibras.com\/site\/wp-content\/uploads\/2023\/03\/pexels-jacub-gomez-1142941-1024x849-1.jpg","width":1024,"height":849},{"@type":"BreadcrumbList","@id":"https:\/\/www.notibras.com\/site\/solto-marcelo-lava-corpo-e-alma-em-tambaba\/#breadcrumb","itemListElement":[{"@type":"ListItem","position":1,"name":"In\u00edcio","item":"https:\/\/www.notibras.com\/site\/"},{"@type":"ListItem","position":2,"name":"Solto, Marcelo lava corpo e alma em Tambaba"}]},{"@type":"WebSite","@id":"https:\/\/www.notibras.com\/site\/#website","url":"https:\/\/www.notibras.com\/site\/","name":"Notibras","description":"Not\u00edcias de Bras\u00edlia, do Brasil e do Mundo","publisher":{"@id":"https:\/\/www.notibras.com\/site\/#organization"},"potentialAction":[{"@type":"SearchAction","target":{"@type":"EntryPoint","urlTemplate":"https:\/\/www.notibras.com\/site\/?s={search_term_string}"},"query-input":{"@type":"PropertyValueSpecification","valueRequired":true,"valueName":"search_term_string"}}],"inLanguage":"pt-BR"},{"@type":"Organization","@id":"https:\/\/www.notibras.com\/site\/#organization","name":"Grupo Notibras de Comunica\u00e7\u00e3o","url":"https:\/\/www.notibras.com\/site\/","logo":{"@type":"ImageObject","inLanguage":"pt-BR","@id":"https:\/\/www.notibras.com\/site\/#\/schema\/logo\/image\/","url":"https:\/\/www.notibras.com\/site\/wp-content\/uploads\/2023\/01\/notibras23.png","contentUrl":"https:\/\/www.notibras.com\/site\/wp-content\/uploads\/2023\/01\/notibras23.png","width":350,"height":87,"caption":"Grupo Notibras de Comunica\u00e7\u00e3o"},"image":{"@id":"https:\/\/www.notibras.com\/site\/#\/schema\/logo\/image\/"},"sameAs":["https:\/\/www.facebook.com\/notibras\/","https:\/\/x.com\/Notibras","https:\/\/www.instagram.com\/notibras\/"]},{"@type":"Person","@id":"https:\/\/www.notibras.com\/site\/#\/schema\/person\/36ab0979449956132d3e5b517ea76ac8","name":"Reda\u00e7\u00e3o","image":{"@type":"ImageObject","inLanguage":"pt-BR","@id":"https:\/\/secure.gravatar.com\/avatar\/e0a867bdedb85fd243eadf09663511f96fc81e0720a4a42581f334ad4303aa6b?s=96&d=mm&r=g","url":"https:\/\/secure.gravatar.com\/avatar\/e0a867bdedb85fd243eadf09663511f96fc81e0720a4a42581f334ad4303aa6b?s=96&d=mm&r=g","contentUrl":"https:\/\/secure.gravatar.com\/avatar\/e0a867bdedb85fd243eadf09663511f96fc81e0720a4a42581f334ad4303aa6b?s=96&d=mm&r=g","caption":"Reda\u00e7\u00e3o"}}]}},"amp_enabled":true,"_links":{"self":[{"href":"https:\/\/www.notibras.com\/site\/wp-json\/wp\/v2\/posts\/301528","targetHints":{"allow":["GET"]}}],"collection":[{"href":"https:\/\/www.notibras.com\/site\/wp-json\/wp\/v2\/posts"}],"about":[{"href":"https:\/\/www.notibras.com\/site\/wp-json\/wp\/v2\/types\/post"}],"author":[{"embeddable":true,"href":"https:\/\/www.notibras.com\/site\/wp-json\/wp\/v2\/users\/2"}],"replies":[{"embeddable":true,"href":"https:\/\/www.notibras.com\/site\/wp-json\/wp\/v2\/comments?post=301528"}],"version-history":[{"count":1,"href":"https:\/\/www.notibras.com\/site\/wp-json\/wp\/v2\/posts\/301528\/revisions"}],"predecessor-version":[{"id":301530,"href":"https:\/\/www.notibras.com\/site\/wp-json\/wp\/v2\/posts\/301528\/revisions\/301530"}],"wp:featuredmedia":[{"embeddable":true,"href":"https:\/\/www.notibras.com\/site\/wp-json\/wp\/v2\/media\/301529"}],"wp:attachment":[{"href":"https:\/\/www.notibras.com\/site\/wp-json\/wp\/v2\/media?parent=301528"}],"wp:term":[{"taxonomy":"category","embeddable":true,"href":"https:\/\/www.notibras.com\/site\/wp-json\/wp\/v2\/categories?post=301528"},{"taxonomy":"post_tag","embeddable":true,"href":"https:\/\/www.notibras.com\/site\/wp-json\/wp\/v2\/tags?post=301528"}],"curies":[{"name":"wp","href":"https:\/\/api.w.org\/{rel}","templated":true}]}}