{"id":301553,"date":"2023-03-22T13:24:49","date_gmt":"2023-03-22T16:24:49","guid":{"rendered":"https:\/\/www.notibras.com\/site\/?p=301553"},"modified":"2023-03-22T13:24:48","modified_gmt":"2023-03-22T16:24:48","slug":"manancial-do-cerrado-pode-cair-mais-de-30-em-25-anos","status":"publish","type":"post","link":"https:\/\/www.notibras.com\/site\/manancial-do-cerrado-pode-cair-mais-de-30-em-25-anos\/","title":{"rendered":"Manancial do Cerrado pode cair mais de 30% em 25 anos"},"content":{"rendered":"<p>O Cerrado pode perder 33,9% dos fluxos dos rios at\u00e9 2050, caso o ritmo da explora\u00e7\u00e3o agropecu\u00e1ria permane\u00e7a com os n\u00edveis atuais. Diante da situa\u00e7\u00e3o, autoridades e especialistas devem dedicar a mesma aten\u00e7\u00e3o que reservam \u00e0 Amaz\u00f4nia, uma vez que um bioma inexiste sem o outro. O alerta para situa\u00e7\u00e3o \u00e9 do fundador e diretor executivo do Instituto Cerrados, Yuri Botelho Salmona. Nesta ter\u00e7a-feira (22), \u00e9 celebrado o Dia Mundial da \u00c1gua, institu\u00eddo pela Organiza\u00e7\u00e3o das Na\u00e7\u00f5es Unidas (ONU).<\/p>\n<p>Salmona mensurou o efeito da apropria\u00e7\u00e3o da terra para monoculturas e pasto, que resultou em artigo publicado na revista cient\u00edfica internacional Sustainability. A pesquisa contou com o apoio do Instituto Sociedade, Popula\u00e7\u00e3o e Natureza (ISPN).<\/p>\n<p>Ao todo, foram analisadas 81 bacias hidrogr\u00e1ficas do Cerrado, no per\u00edodo entre 1985 e 2022. Segundo o levantamento, a diminui\u00e7\u00e3o da vaz\u00e3o foi constatada em 88% delas em virtude do avan\u00e7o da agropecu\u00e1ria.<\/p>\n<p>A pesquisa indica que o cultivo de soja, milho e algod\u00e3o, assim como a pecu\u00e1ria, t\u00eam influenciado o ciclo hidrol\u00f3gico. O estudo tamb\u00e9m evidencia que mudan\u00e7as do uso do solo provocam a redu\u00e7\u00e3o da \u00e1gua em 56% dos casos. O restante (44%) est\u00e1 associado a mudan\u00e7as clim\u00e1ticas.<\/p>\n<p>&#8220;Quando eu falo de mudan\u00e7a de uso de solo, a gente est\u00e1, no final das contas, falando de desmatamento e o que voc\u00ea coloca em cima, depois que voc\u00ea desmata&#8221;, disse Saloma, em entrevista \u00e0 Ag\u00eancia Brasil. Segundo o pesquisador, o oeste da Bahia \u00e9 um dos locais onde o cen\u00e1rio tem mais se agravado.<\/p>\n<p>Quanto \u00e0s consequ\u00eancias clim\u00e1ticas, o pesquisador explica que se acentua a chamada evapotranspira\u00e7\u00e3o potencial. Salmona explicou ainda que esse \u00e9 o estudo com maior amplitude j\u00e1 realizado sobre os rios do Cerrado.<\/p>\n<p>&#8220;O que est\u00e1 aumentando \u00e9 a radia\u00e7\u00e3o solar. Est\u00e1 ficando mais quente. Voc\u00ea tem mais incid\u00eancia, est\u00e1 ficando mais quente e voc\u00ea tem maior evapora\u00e7\u00e3o do vapor, da \u00e1gua, e \u00e9 a\u00ed em que a mudan\u00e7a clim\u00e1tica est\u00e1 atuando, muito claramente, de forma generalizada, no Cerrado. Em algumas regi\u00f5es, mais fortes, como o Maranh\u00e3o, Piau\u00ed e o oeste da Bahia, mas \u00e9 geral&#8221;, detalhou.<\/p>\n<p><strong>Chuvas<\/strong><br \/>\nOutro fator que tem sofrido altera\u00e7\u00f5es \u00e9 o padr\u00e3o de chuvas. Conforme enfatizou Salmona, o que se observa n\u00e3o \u00e9 necessariamente um menor n\u00edvel pluviom\u00e9trico.<\/p>\n<p>&#8220;A gente viu que lugares onde est\u00e1 chovendo menos n\u00e3o \u00e9 a regra, \u00e9 a exce\u00e7\u00e3o. O que est\u00e1 acontecendo muito \u00e9 a diminui\u00e7\u00e3o dos per\u00edodos de chuva. O mesmo volume de \u00e1gua que antes ca\u00eda em quatro, cinco meses est\u00e1 caindo em dois, tr\u00eas. Com isso, voc\u00ea tem uma menor capacidade de filtrar essa \u00e1gua para um solo profundo e ele ficar dispon\u00edvel em um per\u00edodo seco&#8221;, comentou.<\/p>\n<p>Uma das raz\u00f5es que explica o efeito de rea\u00e7\u00e3o em cadeia ao se desmatar o cerrado est\u00e1 no fato de que a vegeta\u00e7\u00e3o do bioma tem ra\u00edzes que se parecem com buchas de banho, ou seja, capazes de armazenar \u00e1gua. \u00c9 isso que permite, nos meses de estiagem, que a \u00e1gua retida no solo vaze pelos rios. Segundo o pesquisador, em torno de 80% a 90% da \u00e1gua dos rios do bioma tem como origem a \u00e1gua subterr\u00e2nea.<\/p>\n","protected":false},"excerpt":{"rendered":"<p>O Cerrado pode perder 33,9% dos fluxos dos rios at\u00e9 2050, caso o ritmo da explora\u00e7\u00e3o agropecu\u00e1ria permane\u00e7a com os n\u00edveis atuais. Diante da situa\u00e7\u00e3o, autoridades e especialistas devem dedicar a mesma aten\u00e7\u00e3o que reservam \u00e0 Amaz\u00f4nia, uma vez que um bioma inexiste sem o outro. O alerta para situa\u00e7\u00e3o \u00e9 do fundador e diretor [&hellip;]<\/p>\n","protected":false},"author":2,"featured_media":301554,"comment_status":"closed","ping_status":"closed","sticky":false,"template":"","format":"standard","meta":{"_acf_changed":false,"footnotes":""},"categories":[161],"tags":[95],"class_list":["post-301553","post","type-post","status-publish","format-standard","has-post-thumbnail","hentry","category-quadradinho-em-foco","tag-capa"],"acf":[],"yoast_head":"<!-- This site is optimized with the Yoast SEO plugin v27.2 - https:\/\/yoast.com\/product\/yoast-seo-wordpress\/ -->\n<title>Manancial do Cerrado pode cair mais de 30% em 25 anos - Notibras<\/title>\n<meta name=\"robots\" content=\"index, follow, max-snippet:-1, max-image-preview:large, max-video-preview:-1\" \/>\n<link rel=\"canonical\" href=\"https:\/\/www.notibras.com\/site\/manancial-do-cerrado-pode-cair-mais-de-30-em-25-anos\/\" \/>\n<meta property=\"og:locale\" content=\"pt_BR\" \/>\n<meta property=\"og:type\" content=\"article\" \/>\n<meta property=\"og:title\" content=\"Manancial do Cerrado pode cair mais de 30% em 25 anos - Notibras\" \/>\n<meta property=\"og:description\" content=\"O Cerrado pode perder 33,9% dos fluxos dos rios at\u00e9 2050, caso o ritmo da explora\u00e7\u00e3o agropecu\u00e1ria permane\u00e7a com os n\u00edveis atuais. Diante da situa\u00e7\u00e3o, autoridades e especialistas devem dedicar a mesma aten\u00e7\u00e3o que reservam \u00e0 Amaz\u00f4nia, uma vez que um bioma inexiste sem o outro. O alerta para situa\u00e7\u00e3o \u00e9 do fundador e diretor [&hellip;]\" \/>\n<meta property=\"og:url\" content=\"https:\/\/www.notibras.com\/site\/manancial-do-cerrado-pode-cair-mais-de-30-em-25-anos\/\" \/>\n<meta property=\"og:site_name\" content=\"Notibras\" \/>\n<meta property=\"article:publisher\" content=\"https:\/\/www.facebook.com\/notibras\/\" \/>\n<meta property=\"article:published_time\" content=\"2023-03-22T16:24:49+00:00\" \/>\n<meta property=\"og:image\" content=\"https:\/\/www.notibras.com\/site\/wp-content\/uploads\/2023\/03\/nascer_do_sol_no_cerrado_0-1.jpg\" \/>\n\t<meta property=\"og:image:width\" content=\"1170\" \/>\n\t<meta property=\"og:image:height\" content=\"700\" \/>\n\t<meta property=\"og:image:type\" content=\"image\/jpeg\" \/>\n<meta name=\"author\" content=\"Reda\u00e7\u00e3o\" \/>\n<meta name=\"twitter:card\" content=\"summary_large_image\" \/>\n<meta name=\"twitter:creator\" content=\"@Notibras\" \/>\n<meta name=\"twitter:site\" content=\"@Notibras\" \/>\n<meta name=\"twitter:label1\" content=\"Escrito por\" \/>\n\t<meta name=\"twitter:data1\" content=\"Reda\u00e7\u00e3o\" \/>\n\t<meta name=\"twitter:label2\" content=\"Est. tempo de leitura\" \/>\n\t<meta name=\"twitter:data2\" content=\"3 minutos\" \/>\n<script type=\"application\/ld+json\" class=\"yoast-schema-graph\">{\"@context\":\"https:\/\/schema.org\",\"@graph\":[{\"@type\":\"Article\",\"@id\":\"https:\/\/www.notibras.com\/site\/manancial-do-cerrado-pode-cair-mais-de-30-em-25-anos\/#article\",\"isPartOf\":{\"@id\":\"https:\/\/www.notibras.com\/site\/manancial-do-cerrado-pode-cair-mais-de-30-em-25-anos\/\"},\"author\":{\"name\":\"Reda\u00e7\u00e3o\",\"@id\":\"https:\/\/www.notibras.com\/site\/#\/schema\/person\/36ab0979449956132d3e5b517ea76ac8\"},\"headline\":\"Manancial do Cerrado pode cair mais de 30% em 25 anos\",\"datePublished\":\"2023-03-22T16:24:49+00:00\",\"mainEntityOfPage\":{\"@id\":\"https:\/\/www.notibras.com\/site\/manancial-do-cerrado-pode-cair-mais-de-30-em-25-anos\/\"},\"wordCount\":562,\"publisher\":{\"@id\":\"https:\/\/www.notibras.com\/site\/#organization\"},\"image\":{\"@id\":\"https:\/\/www.notibras.com\/site\/manancial-do-cerrado-pode-cair-mais-de-30-em-25-anos\/#primaryimage\"},\"thumbnailUrl\":\"https:\/\/www.notibras.com\/site\/wp-content\/uploads\/2023\/03\/nascer_do_sol_no_cerrado_0-1.jpg\",\"keywords\":[\"capa\"],\"articleSection\":[\"Quadradinho em Foco\"],\"inLanguage\":\"pt-BR\"},{\"@type\":\"WebPage\",\"@id\":\"https:\/\/www.notibras.com\/site\/manancial-do-cerrado-pode-cair-mais-de-30-em-25-anos\/\",\"url\":\"https:\/\/www.notibras.com\/site\/manancial-do-cerrado-pode-cair-mais-de-30-em-25-anos\/\",\"name\":\"Manancial do Cerrado pode cair mais de 30% em 25 anos - Notibras\",\"isPartOf\":{\"@id\":\"https:\/\/www.notibras.com\/site\/#website\"},\"primaryImageOfPage\":{\"@id\":\"https:\/\/www.notibras.com\/site\/manancial-do-cerrado-pode-cair-mais-de-30-em-25-anos\/#primaryimage\"},\"image\":{\"@id\":\"https:\/\/www.notibras.com\/site\/manancial-do-cerrado-pode-cair-mais-de-30-em-25-anos\/#primaryimage\"},\"thumbnailUrl\":\"https:\/\/www.notibras.com\/site\/wp-content\/uploads\/2023\/03\/nascer_do_sol_no_cerrado_0-1.jpg\",\"datePublished\":\"2023-03-22T16:24:49+00:00\",\"breadcrumb\":{\"@id\":\"https:\/\/www.notibras.com\/site\/manancial-do-cerrado-pode-cair-mais-de-30-em-25-anos\/#breadcrumb\"},\"inLanguage\":\"pt-BR\",\"potentialAction\":[{\"@type\":\"ReadAction\",\"target\":[\"https:\/\/www.notibras.com\/site\/manancial-do-cerrado-pode-cair-mais-de-30-em-25-anos\/\"]}]},{\"@type\":\"ImageObject\",\"inLanguage\":\"pt-BR\",\"@id\":\"https:\/\/www.notibras.com\/site\/manancial-do-cerrado-pode-cair-mais-de-30-em-25-anos\/#primaryimage\",\"url\":\"https:\/\/www.notibras.com\/site\/wp-content\/uploads\/2023\/03\/nascer_do_sol_no_cerrado_0-1.jpg\",\"contentUrl\":\"https:\/\/www.notibras.com\/site\/wp-content\/uploads\/2023\/03\/nascer_do_sol_no_cerrado_0-1.jpg\",\"width\":1170,\"height\":700,\"caption\":\"Nascer do Sol no Cerrado\"},{\"@type\":\"BreadcrumbList\",\"@id\":\"https:\/\/www.notibras.com\/site\/manancial-do-cerrado-pode-cair-mais-de-30-em-25-anos\/#breadcrumb\",\"itemListElement\":[{\"@type\":\"ListItem\",\"position\":1,\"name\":\"In\u00edcio\",\"item\":\"https:\/\/www.notibras.com\/site\/\"},{\"@type\":\"ListItem\",\"position\":2,\"name\":\"Manancial do Cerrado pode cair mais de 30% em 25 anos\"}]},{\"@type\":\"WebSite\",\"@id\":\"https:\/\/www.notibras.com\/site\/#website\",\"url\":\"https:\/\/www.notibras.com\/site\/\",\"name\":\"Notibras\",\"description\":\"Not\u00edcias de Bras\u00edlia, do Brasil e do Mundo\",\"publisher\":{\"@id\":\"https:\/\/www.notibras.com\/site\/#organization\"},\"potentialAction\":[{\"@type\":\"SearchAction\",\"target\":{\"@type\":\"EntryPoint\",\"urlTemplate\":\"https:\/\/www.notibras.com\/site\/?s={search_term_string}\"},\"query-input\":{\"@type\":\"PropertyValueSpecification\",\"valueRequired\":true,\"valueName\":\"search_term_string\"}}],\"inLanguage\":\"pt-BR\"},{\"@type\":\"Organization\",\"@id\":\"https:\/\/www.notibras.com\/site\/#organization\",\"name\":\"Grupo Notibras de Comunica\u00e7\u00e3o\",\"url\":\"https:\/\/www.notibras.com\/site\/\",\"logo\":{\"@type\":\"ImageObject\",\"inLanguage\":\"pt-BR\",\"@id\":\"https:\/\/www.notibras.com\/site\/#\/schema\/logo\/image\/\",\"url\":\"https:\/\/www.notibras.com\/site\/wp-content\/uploads\/2023\/01\/notibras23.png\",\"contentUrl\":\"https:\/\/www.notibras.com\/site\/wp-content\/uploads\/2023\/01\/notibras23.png\",\"width\":350,\"height\":87,\"caption\":\"Grupo Notibras de Comunica\u00e7\u00e3o\"},\"image\":{\"@id\":\"https:\/\/www.notibras.com\/site\/#\/schema\/logo\/image\/\"},\"sameAs\":[\"https:\/\/www.facebook.com\/notibras\/\",\"https:\/\/x.com\/Notibras\",\"https:\/\/www.instagram.com\/notibras\/\"]},{\"@type\":\"Person\",\"@id\":\"https:\/\/www.notibras.com\/site\/#\/schema\/person\/36ab0979449956132d3e5b517ea76ac8\",\"name\":\"Reda\u00e7\u00e3o\",\"image\":{\"@type\":\"ImageObject\",\"inLanguage\":\"pt-BR\",\"@id\":\"https:\/\/secure.gravatar.com\/avatar\/e0a867bdedb85fd243eadf09663511f96fc81e0720a4a42581f334ad4303aa6b?s=96&d=mm&r=g\",\"url\":\"https:\/\/secure.gravatar.com\/avatar\/e0a867bdedb85fd243eadf09663511f96fc81e0720a4a42581f334ad4303aa6b?s=96&d=mm&r=g\",\"contentUrl\":\"https:\/\/secure.gravatar.com\/avatar\/e0a867bdedb85fd243eadf09663511f96fc81e0720a4a42581f334ad4303aa6b?s=96&d=mm&r=g\",\"caption\":\"Reda\u00e7\u00e3o\"}}]}<\/script>\n<!-- \/ Yoast SEO plugin. -->","yoast_head_json":{"title":"Manancial do Cerrado pode cair mais de 30% em 25 anos - Notibras","robots":{"index":"index","follow":"follow","max-snippet":"max-snippet:-1","max-image-preview":"max-image-preview:large","max-video-preview":"max-video-preview:-1"},"canonical":"https:\/\/www.notibras.com\/site\/manancial-do-cerrado-pode-cair-mais-de-30-em-25-anos\/","og_locale":"pt_BR","og_type":"article","og_title":"Manancial do Cerrado pode cair mais de 30% em 25 anos - Notibras","og_description":"O Cerrado pode perder 33,9% dos fluxos dos rios at\u00e9 2050, caso o ritmo da explora\u00e7\u00e3o agropecu\u00e1ria permane\u00e7a com os n\u00edveis atuais. Diante da situa\u00e7\u00e3o, autoridades e especialistas devem dedicar a mesma aten\u00e7\u00e3o que reservam \u00e0 Amaz\u00f4nia, uma vez que um bioma inexiste sem o outro. O alerta para situa\u00e7\u00e3o \u00e9 do fundador e diretor [&hellip;]","og_url":"https:\/\/www.notibras.com\/site\/manancial-do-cerrado-pode-cair-mais-de-30-em-25-anos\/","og_site_name":"Notibras","article_publisher":"https:\/\/www.facebook.com\/notibras\/","article_published_time":"2023-03-22T16:24:49+00:00","og_image":[{"width":1170,"height":700,"url":"https:\/\/www.notibras.com\/site\/wp-content\/uploads\/2023\/03\/nascer_do_sol_no_cerrado_0-1.jpg","type":"image\/jpeg"}],"author":"Reda\u00e7\u00e3o","twitter_card":"summary_large_image","twitter_creator":"@Notibras","twitter_site":"@Notibras","twitter_misc":{"Escrito por":"Reda\u00e7\u00e3o","Est. tempo de leitura":"3 minutos"},"schema":{"@context":"https:\/\/schema.org","@graph":[{"@type":"Article","@id":"https:\/\/www.notibras.com\/site\/manancial-do-cerrado-pode-cair-mais-de-30-em-25-anos\/#article","isPartOf":{"@id":"https:\/\/www.notibras.com\/site\/manancial-do-cerrado-pode-cair-mais-de-30-em-25-anos\/"},"author":{"name":"Reda\u00e7\u00e3o","@id":"https:\/\/www.notibras.com\/site\/#\/schema\/person\/36ab0979449956132d3e5b517ea76ac8"},"headline":"Manancial do Cerrado pode cair mais de 30% em 25 anos","datePublished":"2023-03-22T16:24:49+00:00","mainEntityOfPage":{"@id":"https:\/\/www.notibras.com\/site\/manancial-do-cerrado-pode-cair-mais-de-30-em-25-anos\/"},"wordCount":562,"publisher":{"@id":"https:\/\/www.notibras.com\/site\/#organization"},"image":{"@id":"https:\/\/www.notibras.com\/site\/manancial-do-cerrado-pode-cair-mais-de-30-em-25-anos\/#primaryimage"},"thumbnailUrl":"https:\/\/www.notibras.com\/site\/wp-content\/uploads\/2023\/03\/nascer_do_sol_no_cerrado_0-1.jpg","keywords":["capa"],"articleSection":["Quadradinho em Foco"],"inLanguage":"pt-BR"},{"@type":"WebPage","@id":"https:\/\/www.notibras.com\/site\/manancial-do-cerrado-pode-cair-mais-de-30-em-25-anos\/","url":"https:\/\/www.notibras.com\/site\/manancial-do-cerrado-pode-cair-mais-de-30-em-25-anos\/","name":"Manancial do Cerrado pode cair mais de 30% em 25 anos - Notibras","isPartOf":{"@id":"https:\/\/www.notibras.com\/site\/#website"},"primaryImageOfPage":{"@id":"https:\/\/www.notibras.com\/site\/manancial-do-cerrado-pode-cair-mais-de-30-em-25-anos\/#primaryimage"},"image":{"@id":"https:\/\/www.notibras.com\/site\/manancial-do-cerrado-pode-cair-mais-de-30-em-25-anos\/#primaryimage"},"thumbnailUrl":"https:\/\/www.notibras.com\/site\/wp-content\/uploads\/2023\/03\/nascer_do_sol_no_cerrado_0-1.jpg","datePublished":"2023-03-22T16:24:49+00:00","breadcrumb":{"@id":"https:\/\/www.notibras.com\/site\/manancial-do-cerrado-pode-cair-mais-de-30-em-25-anos\/#breadcrumb"},"inLanguage":"pt-BR","potentialAction":[{"@type":"ReadAction","target":["https:\/\/www.notibras.com\/site\/manancial-do-cerrado-pode-cair-mais-de-30-em-25-anos\/"]}]},{"@type":"ImageObject","inLanguage":"pt-BR","@id":"https:\/\/www.notibras.com\/site\/manancial-do-cerrado-pode-cair-mais-de-30-em-25-anos\/#primaryimage","url":"https:\/\/www.notibras.com\/site\/wp-content\/uploads\/2023\/03\/nascer_do_sol_no_cerrado_0-1.jpg","contentUrl":"https:\/\/www.notibras.com\/site\/wp-content\/uploads\/2023\/03\/nascer_do_sol_no_cerrado_0-1.jpg","width":1170,"height":700,"caption":"Nascer do Sol no Cerrado"},{"@type":"BreadcrumbList","@id":"https:\/\/www.notibras.com\/site\/manancial-do-cerrado-pode-cair-mais-de-30-em-25-anos\/#breadcrumb","itemListElement":[{"@type":"ListItem","position":1,"name":"In\u00edcio","item":"https:\/\/www.notibras.com\/site\/"},{"@type":"ListItem","position":2,"name":"Manancial do Cerrado pode cair mais de 30% em 25 anos"}]},{"@type":"WebSite","@id":"https:\/\/www.notibras.com\/site\/#website","url":"https:\/\/www.notibras.com\/site\/","name":"Notibras","description":"Not\u00edcias de Bras\u00edlia, do Brasil e do Mundo","publisher":{"@id":"https:\/\/www.notibras.com\/site\/#organization"},"potentialAction":[{"@type":"SearchAction","target":{"@type":"EntryPoint","urlTemplate":"https:\/\/www.notibras.com\/site\/?s={search_term_string}"},"query-input":{"@type":"PropertyValueSpecification","valueRequired":true,"valueName":"search_term_string"}}],"inLanguage":"pt-BR"},{"@type":"Organization","@id":"https:\/\/www.notibras.com\/site\/#organization","name":"Grupo Notibras de Comunica\u00e7\u00e3o","url":"https:\/\/www.notibras.com\/site\/","logo":{"@type":"ImageObject","inLanguage":"pt-BR","@id":"https:\/\/www.notibras.com\/site\/#\/schema\/logo\/image\/","url":"https:\/\/www.notibras.com\/site\/wp-content\/uploads\/2023\/01\/notibras23.png","contentUrl":"https:\/\/www.notibras.com\/site\/wp-content\/uploads\/2023\/01\/notibras23.png","width":350,"height":87,"caption":"Grupo Notibras de Comunica\u00e7\u00e3o"},"image":{"@id":"https:\/\/www.notibras.com\/site\/#\/schema\/logo\/image\/"},"sameAs":["https:\/\/www.facebook.com\/notibras\/","https:\/\/x.com\/Notibras","https:\/\/www.instagram.com\/notibras\/"]},{"@type":"Person","@id":"https:\/\/www.notibras.com\/site\/#\/schema\/person\/36ab0979449956132d3e5b517ea76ac8","name":"Reda\u00e7\u00e3o","image":{"@type":"ImageObject","inLanguage":"pt-BR","@id":"https:\/\/secure.gravatar.com\/avatar\/e0a867bdedb85fd243eadf09663511f96fc81e0720a4a42581f334ad4303aa6b?s=96&d=mm&r=g","url":"https:\/\/secure.gravatar.com\/avatar\/e0a867bdedb85fd243eadf09663511f96fc81e0720a4a42581f334ad4303aa6b?s=96&d=mm&r=g","contentUrl":"https:\/\/secure.gravatar.com\/avatar\/e0a867bdedb85fd243eadf09663511f96fc81e0720a4a42581f334ad4303aa6b?s=96&d=mm&r=g","caption":"Reda\u00e7\u00e3o"}}]}},"amp_enabled":true,"_links":{"self":[{"href":"https:\/\/www.notibras.com\/site\/wp-json\/wp\/v2\/posts\/301553","targetHints":{"allow":["GET"]}}],"collection":[{"href":"https:\/\/www.notibras.com\/site\/wp-json\/wp\/v2\/posts"}],"about":[{"href":"https:\/\/www.notibras.com\/site\/wp-json\/wp\/v2\/types\/post"}],"author":[{"embeddable":true,"href":"https:\/\/www.notibras.com\/site\/wp-json\/wp\/v2\/users\/2"}],"replies":[{"embeddable":true,"href":"https:\/\/www.notibras.com\/site\/wp-json\/wp\/v2\/comments?post=301553"}],"version-history":[{"count":1,"href":"https:\/\/www.notibras.com\/site\/wp-json\/wp\/v2\/posts\/301553\/revisions"}],"predecessor-version":[{"id":301555,"href":"https:\/\/www.notibras.com\/site\/wp-json\/wp\/v2\/posts\/301553\/revisions\/301555"}],"wp:featuredmedia":[{"embeddable":true,"href":"https:\/\/www.notibras.com\/site\/wp-json\/wp\/v2\/media\/301554"}],"wp:attachment":[{"href":"https:\/\/www.notibras.com\/site\/wp-json\/wp\/v2\/media?parent=301553"}],"wp:term":[{"taxonomy":"category","embeddable":true,"href":"https:\/\/www.notibras.com\/site\/wp-json\/wp\/v2\/categories?post=301553"},{"taxonomy":"post_tag","embeddable":true,"href":"https:\/\/www.notibras.com\/site\/wp-json\/wp\/v2\/tags?post=301553"}],"curies":[{"name":"wp","href":"https:\/\/api.w.org\/{rel}","templated":true}]}}