{"id":301761,"date":"2023-03-27T00:23:01","date_gmt":"2023-03-27T03:23:01","guid":{"rendered":"https:\/\/www.notibras.com\/site\/?p=301761"},"modified":"2023-03-27T12:28:56","modified_gmt":"2023-03-27T15:28:56","slug":"unidades-de-saude-passam-a-atender-ate-as-22-horas","status":"publish","type":"post","link":"https:\/\/www.notibras.com\/site\/unidades-de-saude-passam-a-atender-ate-as-22-horas\/","title":{"rendered":"Unidades de sa\u00fade passam a atender at\u00e9 as 22 horas"},"content":{"rendered":"<p>O hor\u00e1rio de funcionamento de 14 unidades b\u00e1sicas de sa\u00fade (UBSs) em todas as regi\u00f5es do Distrito Federal passa a ser at\u00e9 as 22h, de segunda a sexta-feira. Al\u00e9m disso, 44 UBSs abrir\u00e3o, excepcionalmente, aos s\u00e1bados para atendimento das 7h \u00e0s 12h. A amplia\u00e7\u00e3o dos servi\u00e7os de assist\u00eancia faz parte das a\u00e7\u00f5es realizadas pela Secretaria de Sa\u00fade (SES) para enfrentar o grande n\u00famero de pacientes que apresentam sintomas de viroses respirat\u00f3rias, a grande maioria crian\u00e7as de at\u00e9 2 anos de idade.<\/p>\n<p>No total, s\u00e3o 58 unidades que passam a ofertar atendimento m\u00e9dico e de enfermagem em hor\u00e1rios e dias estendidos. O funcionamento, no caso das que abrir\u00e3o aos s\u00e1bados, come\u00e7ou neste fim de semana. J\u00e1 as que ter\u00e3o hor\u00e1rio expandido at\u00e9 as 22h iniciar\u00e3o a nova carga hor\u00e1ria na segunda-feira (27). A \u00fanica exce\u00e7\u00e3o s\u00e3o as UBSs da regi\u00e3o norte, que v\u00e3o aderir \u00e0 mudan\u00e7a a partir do dia 1\u00ba de abril.<\/p>\n<p>A alta demanda \u00e9 causada pelo per\u00edodo de sazonalidade, que acontece anualmente de mar\u00e7o a junho, quando h\u00e1 maior propaga\u00e7\u00e3o dos v\u00edrus sincicial respirat\u00f3rio (VSR), rinov\u00edrus humano (RVH) e influenza. Com a expans\u00e3o, a SES visa garantir maior acesso aos servi\u00e7os de Aten\u00e7\u00e3o Prim\u00e1ria \u00e0 Sa\u00fade (APS) para evitar o ac\u00famulo de pacientes nas emerg\u00eancias dos hospitais e atender integralmente as necessidades da popula\u00e7\u00e3o.<\/p>\n<p>Aqueles que precisarem poder\u00e3o procurar os servi\u00e7os por demanda espont\u00e2nea ou para agendamento de consultas. Pessoas com mal-estar, coriza, diarreia, tosse, febre, recusa alimentar e dores (ouvido, cabe\u00e7a, garganta ou barriga) podem ser tratadas pelas equipes das unidades b\u00e1sicas, compostas por m\u00e9dicos, enfermeiros e t\u00e9cnicos de enfermagem, que fazem o acolhimento e a triagem dos pacientes, conforme o n\u00edvel de gravidade.<\/p>\n<p>Depois da an\u00e1lise inicial pelos profissionais da aten\u00e7\u00e3o prim\u00e1ria, os casos mais complexos s\u00e3o encaminhados \u00e0s unidades especializadas, como hospitais, unidades de pronto atendimento (UPAs) e policl\u00ednicas. Isso vale tanto para beb\u00eas quanto para crian\u00e7as, adolescentes, adultos e idosos.<\/p>\n","protected":false},"excerpt":{"rendered":"<p>O hor\u00e1rio de funcionamento de 14 unidades b\u00e1sicas de sa\u00fade (UBSs) em todas as regi\u00f5es do Distrito Federal passa a ser at\u00e9 as 22h, de segunda a sexta-feira. Al\u00e9m disso, 44 UBSs abrir\u00e3o, excepcionalmente, aos s\u00e1bados para atendimento das 7h \u00e0s 12h. A amplia\u00e7\u00e3o dos servi\u00e7os de assist\u00eancia faz parte das a\u00e7\u00f5es realizadas pela Secretaria [&hellip;]<\/p>\n","protected":false},"author":2,"featured_media":301762,"comment_status":"closed","ping_status":"closed","sticky":false,"template":"","format":"standard","meta":{"_acf_changed":false,"footnotes":""},"categories":[161],"tags":[],"class_list":["post-301761","post","type-post","status-publish","format-standard","has-post-thumbnail","hentry","category-quadradinho-em-foco"],"acf":[],"yoast_head":"<!-- This site is optimized with the Yoast SEO plugin v27.2 - https:\/\/yoast.com\/product\/yoast-seo-wordpress\/ -->\n<title>Unidades de sa\u00fade passam a atender at\u00e9 as 22 horas - Notibras<\/title>\n<meta name=\"robots\" content=\"index, follow, max-snippet:-1, max-image-preview:large, max-video-preview:-1\" \/>\n<link rel=\"canonical\" href=\"https:\/\/www.notibras.com\/site\/unidades-de-saude-passam-a-atender-ate-as-22-horas\/\" \/>\n<meta property=\"og:locale\" content=\"pt_BR\" \/>\n<meta property=\"og:type\" content=\"article\" \/>\n<meta property=\"og:title\" content=\"Unidades de sa\u00fade passam a atender at\u00e9 as 22 horas - Notibras\" \/>\n<meta property=\"og:description\" content=\"O hor\u00e1rio de funcionamento de 14 unidades b\u00e1sicas de sa\u00fade (UBSs) em todas as regi\u00f5es do Distrito Federal passa a ser at\u00e9 as 22h, de segunda a sexta-feira. Al\u00e9m disso, 44 UBSs abrir\u00e3o, excepcionalmente, aos s\u00e1bados para atendimento das 7h \u00e0s 12h. A amplia\u00e7\u00e3o dos servi\u00e7os de assist\u00eancia faz parte das a\u00e7\u00f5es realizadas pela Secretaria [&hellip;]\" \/>\n<meta property=\"og:url\" content=\"https:\/\/www.notibras.com\/site\/unidades-de-saude-passam-a-atender-ate-as-22-horas\/\" \/>\n<meta property=\"og:site_name\" content=\"Notibras\" \/>\n<meta property=\"article:publisher\" content=\"https:\/\/www.facebook.com\/notibras\/\" \/>\n<meta property=\"article:published_time\" content=\"2023-03-27T03:23:01+00:00\" \/>\n<meta property=\"article:modified_time\" content=\"2023-03-27T15:28:56+00:00\" \/>\n<meta property=\"og:image\" content=\"https:\/\/www.notibras.com\/site\/wp-content\/uploads\/2023\/03\/WhatsApp-Image-2023-03-24-at-20.18.44-768x513-1.jpeg\" \/>\n\t<meta property=\"og:image:width\" content=\"768\" \/>\n\t<meta property=\"og:image:height\" content=\"513\" \/>\n\t<meta property=\"og:image:type\" content=\"image\/jpeg\" \/>\n<meta name=\"author\" content=\"Reda\u00e7\u00e3o\" \/>\n<meta name=\"twitter:card\" content=\"summary_large_image\" \/>\n<meta name=\"twitter:creator\" content=\"@Notibras\" \/>\n<meta name=\"twitter:site\" content=\"@Notibras\" \/>\n<meta name=\"twitter:label1\" content=\"Escrito por\" \/>\n\t<meta name=\"twitter:data1\" content=\"Reda\u00e7\u00e3o\" \/>\n\t<meta name=\"twitter:label2\" content=\"Est. tempo de leitura\" \/>\n\t<meta name=\"twitter:data2\" content=\"2 minutos\" \/>\n<script type=\"application\/ld+json\" class=\"yoast-schema-graph\">{\"@context\":\"https:\/\/schema.org\",\"@graph\":[{\"@type\":\"Article\",\"@id\":\"https:\/\/www.notibras.com\/site\/unidades-de-saude-passam-a-atender-ate-as-22-horas\/#article\",\"isPartOf\":{\"@id\":\"https:\/\/www.notibras.com\/site\/unidades-de-saude-passam-a-atender-ate-as-22-horas\/\"},\"author\":{\"name\":\"Reda\u00e7\u00e3o\",\"@id\":\"https:\/\/www.notibras.com\/site\/#\/schema\/person\/36ab0979449956132d3e5b517ea76ac8\"},\"headline\":\"Unidades de sa\u00fade passam a atender at\u00e9 as 22 horas\",\"datePublished\":\"2023-03-27T03:23:01+00:00\",\"dateModified\":\"2023-03-27T15:28:56+00:00\",\"mainEntityOfPage\":{\"@id\":\"https:\/\/www.notibras.com\/site\/unidades-de-saude-passam-a-atender-ate-as-22-horas\/\"},\"wordCount\":376,\"publisher\":{\"@id\":\"https:\/\/www.notibras.com\/site\/#organization\"},\"image\":{\"@id\":\"https:\/\/www.notibras.com\/site\/unidades-de-saude-passam-a-atender-ate-as-22-horas\/#primaryimage\"},\"thumbnailUrl\":\"https:\/\/www.notibras.com\/site\/wp-content\/uploads\/2023\/03\/WhatsApp-Image-2023-03-24-at-20.18.44-768x513-1.jpeg\",\"articleSection\":[\"Quadradinho em Foco\"],\"inLanguage\":\"pt-BR\"},{\"@type\":\"WebPage\",\"@id\":\"https:\/\/www.notibras.com\/site\/unidades-de-saude-passam-a-atender-ate-as-22-horas\/\",\"url\":\"https:\/\/www.notibras.com\/site\/unidades-de-saude-passam-a-atender-ate-as-22-horas\/\",\"name\":\"Unidades de sa\u00fade passam a atender at\u00e9 as 22 horas - Notibras\",\"isPartOf\":{\"@id\":\"https:\/\/www.notibras.com\/site\/#website\"},\"primaryImageOfPage\":{\"@id\":\"https:\/\/www.notibras.com\/site\/unidades-de-saude-passam-a-atender-ate-as-22-horas\/#primaryimage\"},\"image\":{\"@id\":\"https:\/\/www.notibras.com\/site\/unidades-de-saude-passam-a-atender-ate-as-22-horas\/#primaryimage\"},\"thumbnailUrl\":\"https:\/\/www.notibras.com\/site\/wp-content\/uploads\/2023\/03\/WhatsApp-Image-2023-03-24-at-20.18.44-768x513-1.jpeg\",\"datePublished\":\"2023-03-27T03:23:01+00:00\",\"dateModified\":\"2023-03-27T15:28:56+00:00\",\"breadcrumb\":{\"@id\":\"https:\/\/www.notibras.com\/site\/unidades-de-saude-passam-a-atender-ate-as-22-horas\/#breadcrumb\"},\"inLanguage\":\"pt-BR\",\"potentialAction\":[{\"@type\":\"ReadAction\",\"target\":[\"https:\/\/www.notibras.com\/site\/unidades-de-saude-passam-a-atender-ate-as-22-horas\/\"]}]},{\"@type\":\"ImageObject\",\"inLanguage\":\"pt-BR\",\"@id\":\"https:\/\/www.notibras.com\/site\/unidades-de-saude-passam-a-atender-ate-as-22-horas\/#primaryimage\",\"url\":\"https:\/\/www.notibras.com\/site\/wp-content\/uploads\/2023\/03\/WhatsApp-Image-2023-03-24-at-20.18.44-768x513-1.jpeg\",\"contentUrl\":\"https:\/\/www.notibras.com\/site\/wp-content\/uploads\/2023\/03\/WhatsApp-Image-2023-03-24-at-20.18.44-768x513-1.jpeg\",\"width\":768,\"height\":513},{\"@type\":\"BreadcrumbList\",\"@id\":\"https:\/\/www.notibras.com\/site\/unidades-de-saude-passam-a-atender-ate-as-22-horas\/#breadcrumb\",\"itemListElement\":[{\"@type\":\"ListItem\",\"position\":1,\"name\":\"In\u00edcio\",\"item\":\"https:\/\/www.notibras.com\/site\/\"},{\"@type\":\"ListItem\",\"position\":2,\"name\":\"Unidades de sa\u00fade passam a atender at\u00e9 as 22 horas\"}]},{\"@type\":\"WebSite\",\"@id\":\"https:\/\/www.notibras.com\/site\/#website\",\"url\":\"https:\/\/www.notibras.com\/site\/\",\"name\":\"Notibras\",\"description\":\"Not\u00edcias de Bras\u00edlia, do Brasil e do Mundo\",\"publisher\":{\"@id\":\"https:\/\/www.notibras.com\/site\/#organization\"},\"potentialAction\":[{\"@type\":\"SearchAction\",\"target\":{\"@type\":\"EntryPoint\",\"urlTemplate\":\"https:\/\/www.notibras.com\/site\/?s={search_term_string}\"},\"query-input\":{\"@type\":\"PropertyValueSpecification\",\"valueRequired\":true,\"valueName\":\"search_term_string\"}}],\"inLanguage\":\"pt-BR\"},{\"@type\":\"Organization\",\"@id\":\"https:\/\/www.notibras.com\/site\/#organization\",\"name\":\"Grupo Notibras de Comunica\u00e7\u00e3o\",\"url\":\"https:\/\/www.notibras.com\/site\/\",\"logo\":{\"@type\":\"ImageObject\",\"inLanguage\":\"pt-BR\",\"@id\":\"https:\/\/www.notibras.com\/site\/#\/schema\/logo\/image\/\",\"url\":\"https:\/\/www.notibras.com\/site\/wp-content\/uploads\/2023\/01\/notibras23.png\",\"contentUrl\":\"https:\/\/www.notibras.com\/site\/wp-content\/uploads\/2023\/01\/notibras23.png\",\"width\":350,\"height\":87,\"caption\":\"Grupo Notibras de Comunica\u00e7\u00e3o\"},\"image\":{\"@id\":\"https:\/\/www.notibras.com\/site\/#\/schema\/logo\/image\/\"},\"sameAs\":[\"https:\/\/www.facebook.com\/notibras\/\",\"https:\/\/x.com\/Notibras\",\"https:\/\/www.instagram.com\/notibras\/\"]},{\"@type\":\"Person\",\"@id\":\"https:\/\/www.notibras.com\/site\/#\/schema\/person\/36ab0979449956132d3e5b517ea76ac8\",\"name\":\"Reda\u00e7\u00e3o\",\"image\":{\"@type\":\"ImageObject\",\"inLanguage\":\"pt-BR\",\"@id\":\"https:\/\/secure.gravatar.com\/avatar\/e0a867bdedb85fd243eadf09663511f96fc81e0720a4a42581f334ad4303aa6b?s=96&d=mm&r=g\",\"url\":\"https:\/\/secure.gravatar.com\/avatar\/e0a867bdedb85fd243eadf09663511f96fc81e0720a4a42581f334ad4303aa6b?s=96&d=mm&r=g\",\"contentUrl\":\"https:\/\/secure.gravatar.com\/avatar\/e0a867bdedb85fd243eadf09663511f96fc81e0720a4a42581f334ad4303aa6b?s=96&d=mm&r=g\",\"caption\":\"Reda\u00e7\u00e3o\"}}]}<\/script>\n<!-- \/ Yoast SEO plugin. -->","yoast_head_json":{"title":"Unidades de sa\u00fade passam a atender at\u00e9 as 22 horas - Notibras","robots":{"index":"index","follow":"follow","max-snippet":"max-snippet:-1","max-image-preview":"max-image-preview:large","max-video-preview":"max-video-preview:-1"},"canonical":"https:\/\/www.notibras.com\/site\/unidades-de-saude-passam-a-atender-ate-as-22-horas\/","og_locale":"pt_BR","og_type":"article","og_title":"Unidades de sa\u00fade passam a atender at\u00e9 as 22 horas - Notibras","og_description":"O hor\u00e1rio de funcionamento de 14 unidades b\u00e1sicas de sa\u00fade (UBSs) em todas as regi\u00f5es do Distrito Federal passa a ser at\u00e9 as 22h, de segunda a sexta-feira. Al\u00e9m disso, 44 UBSs abrir\u00e3o, excepcionalmente, aos s\u00e1bados para atendimento das 7h \u00e0s 12h. A amplia\u00e7\u00e3o dos servi\u00e7os de assist\u00eancia faz parte das a\u00e7\u00f5es realizadas pela Secretaria [&hellip;]","og_url":"https:\/\/www.notibras.com\/site\/unidades-de-saude-passam-a-atender-ate-as-22-horas\/","og_site_name":"Notibras","article_publisher":"https:\/\/www.facebook.com\/notibras\/","article_published_time":"2023-03-27T03:23:01+00:00","article_modified_time":"2023-03-27T15:28:56+00:00","og_image":[{"width":768,"height":513,"url":"https:\/\/www.notibras.com\/site\/wp-content\/uploads\/2023\/03\/WhatsApp-Image-2023-03-24-at-20.18.44-768x513-1.jpeg","type":"image\/jpeg"}],"author":"Reda\u00e7\u00e3o","twitter_card":"summary_large_image","twitter_creator":"@Notibras","twitter_site":"@Notibras","twitter_misc":{"Escrito por":"Reda\u00e7\u00e3o","Est. tempo de leitura":"2 minutos"},"schema":{"@context":"https:\/\/schema.org","@graph":[{"@type":"Article","@id":"https:\/\/www.notibras.com\/site\/unidades-de-saude-passam-a-atender-ate-as-22-horas\/#article","isPartOf":{"@id":"https:\/\/www.notibras.com\/site\/unidades-de-saude-passam-a-atender-ate-as-22-horas\/"},"author":{"name":"Reda\u00e7\u00e3o","@id":"https:\/\/www.notibras.com\/site\/#\/schema\/person\/36ab0979449956132d3e5b517ea76ac8"},"headline":"Unidades de sa\u00fade passam a atender at\u00e9 as 22 horas","datePublished":"2023-03-27T03:23:01+00:00","dateModified":"2023-03-27T15:28:56+00:00","mainEntityOfPage":{"@id":"https:\/\/www.notibras.com\/site\/unidades-de-saude-passam-a-atender-ate-as-22-horas\/"},"wordCount":376,"publisher":{"@id":"https:\/\/www.notibras.com\/site\/#organization"},"image":{"@id":"https:\/\/www.notibras.com\/site\/unidades-de-saude-passam-a-atender-ate-as-22-horas\/#primaryimage"},"thumbnailUrl":"https:\/\/www.notibras.com\/site\/wp-content\/uploads\/2023\/03\/WhatsApp-Image-2023-03-24-at-20.18.44-768x513-1.jpeg","articleSection":["Quadradinho em Foco"],"inLanguage":"pt-BR"},{"@type":"WebPage","@id":"https:\/\/www.notibras.com\/site\/unidades-de-saude-passam-a-atender-ate-as-22-horas\/","url":"https:\/\/www.notibras.com\/site\/unidades-de-saude-passam-a-atender-ate-as-22-horas\/","name":"Unidades de sa\u00fade passam a atender at\u00e9 as 22 horas - Notibras","isPartOf":{"@id":"https:\/\/www.notibras.com\/site\/#website"},"primaryImageOfPage":{"@id":"https:\/\/www.notibras.com\/site\/unidades-de-saude-passam-a-atender-ate-as-22-horas\/#primaryimage"},"image":{"@id":"https:\/\/www.notibras.com\/site\/unidades-de-saude-passam-a-atender-ate-as-22-horas\/#primaryimage"},"thumbnailUrl":"https:\/\/www.notibras.com\/site\/wp-content\/uploads\/2023\/03\/WhatsApp-Image-2023-03-24-at-20.18.44-768x513-1.jpeg","datePublished":"2023-03-27T03:23:01+00:00","dateModified":"2023-03-27T15:28:56+00:00","breadcrumb":{"@id":"https:\/\/www.notibras.com\/site\/unidades-de-saude-passam-a-atender-ate-as-22-horas\/#breadcrumb"},"inLanguage":"pt-BR","potentialAction":[{"@type":"ReadAction","target":["https:\/\/www.notibras.com\/site\/unidades-de-saude-passam-a-atender-ate-as-22-horas\/"]}]},{"@type":"ImageObject","inLanguage":"pt-BR","@id":"https:\/\/www.notibras.com\/site\/unidades-de-saude-passam-a-atender-ate-as-22-horas\/#primaryimage","url":"https:\/\/www.notibras.com\/site\/wp-content\/uploads\/2023\/03\/WhatsApp-Image-2023-03-24-at-20.18.44-768x513-1.jpeg","contentUrl":"https:\/\/www.notibras.com\/site\/wp-content\/uploads\/2023\/03\/WhatsApp-Image-2023-03-24-at-20.18.44-768x513-1.jpeg","width":768,"height":513},{"@type":"BreadcrumbList","@id":"https:\/\/www.notibras.com\/site\/unidades-de-saude-passam-a-atender-ate-as-22-horas\/#breadcrumb","itemListElement":[{"@type":"ListItem","position":1,"name":"In\u00edcio","item":"https:\/\/www.notibras.com\/site\/"},{"@type":"ListItem","position":2,"name":"Unidades de sa\u00fade passam a atender at\u00e9 as 22 horas"}]},{"@type":"WebSite","@id":"https:\/\/www.notibras.com\/site\/#website","url":"https:\/\/www.notibras.com\/site\/","name":"Notibras","description":"Not\u00edcias de Bras\u00edlia, do Brasil e do Mundo","publisher":{"@id":"https:\/\/www.notibras.com\/site\/#organization"},"potentialAction":[{"@type":"SearchAction","target":{"@type":"EntryPoint","urlTemplate":"https:\/\/www.notibras.com\/site\/?s={search_term_string}"},"query-input":{"@type":"PropertyValueSpecification","valueRequired":true,"valueName":"search_term_string"}}],"inLanguage":"pt-BR"},{"@type":"Organization","@id":"https:\/\/www.notibras.com\/site\/#organization","name":"Grupo Notibras de Comunica\u00e7\u00e3o","url":"https:\/\/www.notibras.com\/site\/","logo":{"@type":"ImageObject","inLanguage":"pt-BR","@id":"https:\/\/www.notibras.com\/site\/#\/schema\/logo\/image\/","url":"https:\/\/www.notibras.com\/site\/wp-content\/uploads\/2023\/01\/notibras23.png","contentUrl":"https:\/\/www.notibras.com\/site\/wp-content\/uploads\/2023\/01\/notibras23.png","width":350,"height":87,"caption":"Grupo Notibras de Comunica\u00e7\u00e3o"},"image":{"@id":"https:\/\/www.notibras.com\/site\/#\/schema\/logo\/image\/"},"sameAs":["https:\/\/www.facebook.com\/notibras\/","https:\/\/x.com\/Notibras","https:\/\/www.instagram.com\/notibras\/"]},{"@type":"Person","@id":"https:\/\/www.notibras.com\/site\/#\/schema\/person\/36ab0979449956132d3e5b517ea76ac8","name":"Reda\u00e7\u00e3o","image":{"@type":"ImageObject","inLanguage":"pt-BR","@id":"https:\/\/secure.gravatar.com\/avatar\/e0a867bdedb85fd243eadf09663511f96fc81e0720a4a42581f334ad4303aa6b?s=96&d=mm&r=g","url":"https:\/\/secure.gravatar.com\/avatar\/e0a867bdedb85fd243eadf09663511f96fc81e0720a4a42581f334ad4303aa6b?s=96&d=mm&r=g","contentUrl":"https:\/\/secure.gravatar.com\/avatar\/e0a867bdedb85fd243eadf09663511f96fc81e0720a4a42581f334ad4303aa6b?s=96&d=mm&r=g","caption":"Reda\u00e7\u00e3o"}}]}},"amp_enabled":true,"_links":{"self":[{"href":"https:\/\/www.notibras.com\/site\/wp-json\/wp\/v2\/posts\/301761","targetHints":{"allow":["GET"]}}],"collection":[{"href":"https:\/\/www.notibras.com\/site\/wp-json\/wp\/v2\/posts"}],"about":[{"href":"https:\/\/www.notibras.com\/site\/wp-json\/wp\/v2\/types\/post"}],"author":[{"embeddable":true,"href":"https:\/\/www.notibras.com\/site\/wp-json\/wp\/v2\/users\/2"}],"replies":[{"embeddable":true,"href":"https:\/\/www.notibras.com\/site\/wp-json\/wp\/v2\/comments?post=301761"}],"version-history":[{"count":3,"href":"https:\/\/www.notibras.com\/site\/wp-json\/wp\/v2\/posts\/301761\/revisions"}],"predecessor-version":[{"id":301765,"href":"https:\/\/www.notibras.com\/site\/wp-json\/wp\/v2\/posts\/301761\/revisions\/301765"}],"wp:featuredmedia":[{"embeddable":true,"href":"https:\/\/www.notibras.com\/site\/wp-json\/wp\/v2\/media\/301762"}],"wp:attachment":[{"href":"https:\/\/www.notibras.com\/site\/wp-json\/wp\/v2\/media?parent=301761"}],"wp:term":[{"taxonomy":"category","embeddable":true,"href":"https:\/\/www.notibras.com\/site\/wp-json\/wp\/v2\/categories?post=301761"},{"taxonomy":"post_tag","embeddable":true,"href":"https:\/\/www.notibras.com\/site\/wp-json\/wp\/v2\/tags?post=301761"}],"curies":[{"name":"wp","href":"https:\/\/api.w.org\/{rel}","templated":true}]}}