{"id":301766,"date":"2023-03-27T00:30:47","date_gmt":"2023-03-27T03:30:47","guid":{"rendered":"https:\/\/www.notibras.com\/site\/?p=301766"},"modified":"2023-03-27T12:33:08","modified_gmt":"2023-03-27T15:33:08","slug":"cobertura-vacinal-cresce-mas-fica-abaixo-da-media","status":"publish","type":"post","link":"https:\/\/www.notibras.com\/site\/cobertura-vacinal-cresce-mas-fica-abaixo-da-media\/","title":{"rendered":"Cobertura vacinal cresce mas fica abaixo da m\u00e9dia"},"content":{"rendered":"<p>A cobertura vacinal contra a poliomielite no Distrito Federal aumentou de 72,7% para 77,4% entre 2021 e 2022, mas ainda est\u00e1 abaixo da meta de 95% preconizada pelo Minist\u00e9rio da Sa\u00fade. O dado consta no boletim epidemiol\u00f3gico lan\u00e7ado pela Secretaria de Sa\u00fade. \u201cA baixa cobertura deve ser encarada como um problema grave a ser combatido\u201d, afirma a secret\u00e1ria de Sa\u00fade, Lucilene Flor\u00eancio. \u201cConclamamos a todas as m\u00e3es, a todos os pais e respons\u00e1veis que levem seus filhos para vacinar\u201d, completa.<\/p>\n<p>O esquema vacinal contra a poliomielite \u00e9 de tr\u00eas doses injet\u00e1veis aos dois, quatro e seis meses de vida, complementadas por duas doses orais (gotinhas) aos 15 meses e aos quatro anos | Foto: Sandro Ara\u00fajo\/Ag\u00eancia Sa\u00fade<br \/>\nA popula\u00e7\u00e3o do Distrito Federal conta com mais de 100 locais de vacina\u00e7\u00e3o onde \u00e9 poss\u00edvel imunizar as crian\u00e7as contra a doen\u00e7a. Aos s\u00e1bados, a\u00e7\u00f5es itinerantes tamb\u00e9m levam os imunizantes para espa\u00e7os alternativos, como centros comerciais, institui\u00e7\u00f5es de ensino e parques. A lista com os endere\u00e7os e hor\u00e1rios de atendimento fica dispon\u00edvel no site da Secretaria de Sa\u00fade. Em uma \u00fanica ida ao local de vacina\u00e7\u00e3o, a crian\u00e7a pode receber uma dose da vacina contra a poliomielite e de outra doen\u00e7a, como a covid-19.<\/p>\n<p>O esquema vacinal contra a poliomielite \u00e9 de tr\u00eas doses injet\u00e1veis aos dois, quatro e seis meses de vida, complementadas por duas doses orais (gotinhas) aos 15 meses e aos quatro anos. No Distrito Federal, somente em 2022 foram mais de 60 mil aplica\u00e7\u00f5es das doses injet\u00e1veis e de 80 mil da oral. Entre os menores de um ano, a cobertura chega a 89,5%, por\u00e9m, muitas fam\u00edlias n\u00e3o retornam para aplica\u00e7\u00e3o dos refor\u00e7os e o \u00edndice cai para 77,4% quando se trata do percentual de crian\u00e7as com o esquema vacinal completo.<\/p>\n<p>Ainda que o DF n\u00e3o detecte nenhum caso desde 1987 e o Brasil desde 1989, a situa\u00e7\u00e3o no pa\u00eds \u00e9 classificada como de \u201crisco muito alto\u201d pela Organiza\u00e7\u00e3o Pan-Americana da Sa\u00fade (Opas) por conta da cobertura vacinal abaixo de 80%.<\/p>\n<p>Em 2022, o temor do retorno da doen\u00e7a foi refor\u00e7ado pela confirma\u00e7\u00e3o de uma crian\u00e7a afetada pela poliomielite em Israel, onde n\u00e3o se tinha registro de casos h\u00e1 tr\u00eas d\u00e9cadas. Paquist\u00e3o e Afeganist\u00e3o continuam como \u00e1reas permanentemente afetadas.<\/p>\n<p>\u201cO risco existe e isso refor\u00e7a a import\u00e2ncia de que todas as crian\u00e7as sejam vacinadas\u201d, afirma a respons\u00e1vel t\u00e9cnica da vigil\u00e2ncia da poliomielite no Distrito Federal, Joana Castro.<\/p>\n<p>De acordo com a especialista, o ideal seria que todas as crian\u00e7as se vacinassem, mas h\u00e1 aquelas que n\u00e3o podem receber o imunizante, como \u00e9 o caso das imunocomprometidas. A meta de vacina\u00e7\u00e3o elevada, de 95%, se explica pelo fato de a poliomielite ser facilmente transmiss\u00edvel: falar, tossir ou espirrar podem transmitir o poliov\u00edrus. Para piorar, na maioria das vezes a pessoa com o v\u00edrus n\u00e3o apresenta sintomas, mas pode contaminar outras pessoas. O per\u00edodo de incuba\u00e7\u00e3o \u00e9 de dois a 30 dias, sendo mais comum um per\u00edodo de sete a 12 dias.<\/p>\n<p>Para detectar os casos rapidamente, a Secretaria de Sa\u00fade monitora os casos de Paralisia Fl\u00e1cida Aguda, situa\u00e7\u00e3o em que a pessoa perde a for\u00e7a nos m\u00fasculos.<\/p>\n<p>Os profissionais de sa\u00fade, tanto da rede p\u00fablica quanto privada, s\u00e3o obrigados a notificar a Ger\u00eancia de Vigil\u00e2ncia das Doen\u00e7as Imunopreven\u00edveis e de Transmiss\u00e3o H\u00eddrica e Alimentar (Gevitha) e o Centro de Informa\u00e7\u00f5es Estrat\u00e9gicas de Vigil\u00e2ncia em Sa\u00fade (Cievs) sempre que esse quadro for detectado em crian\u00e7as e adolescentes at\u00e9 15 anos ou em pessoas de qualquer idade que tenham viajado para pa\u00edses onde h\u00e1 circula\u00e7\u00e3o do v\u00edrus.<\/p>\n<p>Em 2022, foram oito casos de paralisia fl\u00e1cida aguda no Distrito Federal. Nenhum, por\u00e9m, foi provocado por poliomielite: o sintoma est\u00e1 atrelado a outras 40 causas, que v\u00e3o de infec\u00e7\u00f5es at\u00e9 a s\u00edndrome de Guillain-Barr\u00e9. A meta da vigil\u00e2ncia epidemiol\u00f3gica para minimizar a reintrodu\u00e7\u00e3o da doen\u00e7a no Distrito Federal \u00e9 investigar cada notifica\u00e7\u00e3o em at\u00e9 48 horas e obter uma amostra de fezes do indiv\u00edduo at\u00e9 14 dias ap\u00f3s o in\u00edcio dos sintomas. Se a contamina\u00e7\u00e3o for confirmada, a Secretaria de Sa\u00fade vai ativar as medidas de conten\u00e7\u00e3o para evitar um n\u00famero maior de doentes. Quem j\u00e1 estiver com poliomielite receber\u00e1 tratamento para aliviar os sintomas, por\u00e9m, a deformidade causada pela doen\u00e7a afetar\u00e1 a pessoa para o resto da vida.<\/p>\n","protected":false},"excerpt":{"rendered":"<p>A cobertura vacinal contra a poliomielite no Distrito Federal aumentou de 72,7% para 77,4% entre 2021 e 2022, mas ainda est\u00e1 abaixo da meta de 95% preconizada pelo Minist\u00e9rio da Sa\u00fade. O dado consta no boletim epidemiol\u00f3gico lan\u00e7ado pela Secretaria de Sa\u00fade. \u201cA baixa cobertura deve ser encarada como um problema grave a ser combatido\u201d, [&hellip;]<\/p>\n","protected":false},"author":2,"featured_media":301767,"comment_status":"closed","ping_status":"closed","sticky":false,"template":"","format":"standard","meta":{"_acf_changed":false,"footnotes":""},"categories":[161],"tags":[],"class_list":["post-301766","post","type-post","status-publish","format-standard","has-post-thumbnail","hentry","category-quadradinho-em-foco"],"acf":[],"yoast_head":"<!-- This site is optimized with the Yoast SEO plugin v27.2 - https:\/\/yoast.com\/product\/yoast-seo-wordpress\/ -->\n<title>Cobertura vacinal cresce mas fica abaixo da m\u00e9dia - Notibras<\/title>\n<meta name=\"robots\" content=\"index, follow, max-snippet:-1, max-image-preview:large, max-video-preview:-1\" \/>\n<link rel=\"canonical\" href=\"https:\/\/www.notibras.com\/site\/cobertura-vacinal-cresce-mas-fica-abaixo-da-media\/\" \/>\n<meta property=\"og:locale\" content=\"pt_BR\" \/>\n<meta property=\"og:type\" content=\"article\" \/>\n<meta property=\"og:title\" content=\"Cobertura vacinal cresce mas fica abaixo da m\u00e9dia - Notibras\" \/>\n<meta property=\"og:description\" content=\"A cobertura vacinal contra a poliomielite no Distrito Federal aumentou de 72,7% para 77,4% entre 2021 e 2022, mas ainda est\u00e1 abaixo da meta de 95% preconizada pelo Minist\u00e9rio da Sa\u00fade. O dado consta no boletim epidemiol\u00f3gico lan\u00e7ado pela Secretaria de Sa\u00fade. \u201cA baixa cobertura deve ser encarada como um problema grave a ser combatido\u201d, [&hellip;]\" \/>\n<meta property=\"og:url\" content=\"https:\/\/www.notibras.com\/site\/cobertura-vacinal-cresce-mas-fica-abaixo-da-media\/\" \/>\n<meta property=\"og:site_name\" content=\"Notibras\" \/>\n<meta property=\"article:publisher\" content=\"https:\/\/www.facebook.com\/notibras\/\" \/>\n<meta property=\"article:published_time\" content=\"2023-03-27T03:30:47+00:00\" \/>\n<meta property=\"article:modified_time\" content=\"2023-03-27T15:33:08+00:00\" \/>\n<meta property=\"og:image\" content=\"https:\/\/www.notibras.com\/site\/wp-content\/uploads\/2023\/03\/20.08.22_Dia_de_de_Vacinacao-Poliomelite-Foto_Sandro_Araujo-3.jpg\" \/>\n\t<meta property=\"og:image:width\" content=\"1920\" \/>\n\t<meta property=\"og:image:height\" content=\"1280\" \/>\n\t<meta property=\"og:image:type\" content=\"image\/jpeg\" \/>\n<meta name=\"author\" content=\"Reda\u00e7\u00e3o\" \/>\n<meta name=\"twitter:card\" content=\"summary_large_image\" \/>\n<meta name=\"twitter:creator\" content=\"@Notibras\" \/>\n<meta name=\"twitter:site\" content=\"@Notibras\" \/>\n<meta name=\"twitter:label1\" content=\"Escrito por\" \/>\n\t<meta name=\"twitter:data1\" content=\"Reda\u00e7\u00e3o\" \/>\n\t<meta name=\"twitter:label2\" content=\"Est. tempo de leitura\" \/>\n\t<meta name=\"twitter:data2\" content=\"4 minutos\" \/>\n<script type=\"application\/ld+json\" class=\"yoast-schema-graph\">{\"@context\":\"https:\/\/schema.org\",\"@graph\":[{\"@type\":\"Article\",\"@id\":\"https:\/\/www.notibras.com\/site\/cobertura-vacinal-cresce-mas-fica-abaixo-da-media\/#article\",\"isPartOf\":{\"@id\":\"https:\/\/www.notibras.com\/site\/cobertura-vacinal-cresce-mas-fica-abaixo-da-media\/\"},\"author\":{\"name\":\"Reda\u00e7\u00e3o\",\"@id\":\"https:\/\/www.notibras.com\/site\/#\/schema\/person\/36ab0979449956132d3e5b517ea76ac8\"},\"headline\":\"Cobertura vacinal cresce mas fica abaixo da m\u00e9dia\",\"datePublished\":\"2023-03-27T03:30:47+00:00\",\"dateModified\":\"2023-03-27T15:33:08+00:00\",\"mainEntityOfPage\":{\"@id\":\"https:\/\/www.notibras.com\/site\/cobertura-vacinal-cresce-mas-fica-abaixo-da-media\/\"},\"wordCount\":795,\"publisher\":{\"@id\":\"https:\/\/www.notibras.com\/site\/#organization\"},\"image\":{\"@id\":\"https:\/\/www.notibras.com\/site\/cobertura-vacinal-cresce-mas-fica-abaixo-da-media\/#primaryimage\"},\"thumbnailUrl\":\"https:\/\/www.notibras.com\/site\/wp-content\/uploads\/2023\/03\/20.08.22_Dia_de_de_Vacinacao-Poliomelite-Foto_Sandro_Araujo-3.jpg\",\"articleSection\":[\"Quadradinho em Foco\"],\"inLanguage\":\"pt-BR\"},{\"@type\":\"WebPage\",\"@id\":\"https:\/\/www.notibras.com\/site\/cobertura-vacinal-cresce-mas-fica-abaixo-da-media\/\",\"url\":\"https:\/\/www.notibras.com\/site\/cobertura-vacinal-cresce-mas-fica-abaixo-da-media\/\",\"name\":\"Cobertura vacinal cresce mas fica abaixo da m\u00e9dia - Notibras\",\"isPartOf\":{\"@id\":\"https:\/\/www.notibras.com\/site\/#website\"},\"primaryImageOfPage\":{\"@id\":\"https:\/\/www.notibras.com\/site\/cobertura-vacinal-cresce-mas-fica-abaixo-da-media\/#primaryimage\"},\"image\":{\"@id\":\"https:\/\/www.notibras.com\/site\/cobertura-vacinal-cresce-mas-fica-abaixo-da-media\/#primaryimage\"},\"thumbnailUrl\":\"https:\/\/www.notibras.com\/site\/wp-content\/uploads\/2023\/03\/20.08.22_Dia_de_de_Vacinacao-Poliomelite-Foto_Sandro_Araujo-3.jpg\",\"datePublished\":\"2023-03-27T03:30:47+00:00\",\"dateModified\":\"2023-03-27T15:33:08+00:00\",\"breadcrumb\":{\"@id\":\"https:\/\/www.notibras.com\/site\/cobertura-vacinal-cresce-mas-fica-abaixo-da-media\/#breadcrumb\"},\"inLanguage\":\"pt-BR\",\"potentialAction\":[{\"@type\":\"ReadAction\",\"target\":[\"https:\/\/www.notibras.com\/site\/cobertura-vacinal-cresce-mas-fica-abaixo-da-media\/\"]}]},{\"@type\":\"ImageObject\",\"inLanguage\":\"pt-BR\",\"@id\":\"https:\/\/www.notibras.com\/site\/cobertura-vacinal-cresce-mas-fica-abaixo-da-media\/#primaryimage\",\"url\":\"https:\/\/www.notibras.com\/site\/wp-content\/uploads\/2023\/03\/20.08.22_Dia_de_de_Vacinacao-Poliomelite-Foto_Sandro_Araujo-3.jpg\",\"contentUrl\":\"https:\/\/www.notibras.com\/site\/wp-content\/uploads\/2023\/03\/20.08.22_Dia_de_de_Vacinacao-Poliomelite-Foto_Sandro_Araujo-3.jpg\",\"width\":1920,\"height\":1280},{\"@type\":\"BreadcrumbList\",\"@id\":\"https:\/\/www.notibras.com\/site\/cobertura-vacinal-cresce-mas-fica-abaixo-da-media\/#breadcrumb\",\"itemListElement\":[{\"@type\":\"ListItem\",\"position\":1,\"name\":\"In\u00edcio\",\"item\":\"https:\/\/www.notibras.com\/site\/\"},{\"@type\":\"ListItem\",\"position\":2,\"name\":\"Cobertura vacinal cresce mas fica abaixo da m\u00e9dia\"}]},{\"@type\":\"WebSite\",\"@id\":\"https:\/\/www.notibras.com\/site\/#website\",\"url\":\"https:\/\/www.notibras.com\/site\/\",\"name\":\"Notibras\",\"description\":\"Not\u00edcias de Bras\u00edlia, do Brasil e do Mundo\",\"publisher\":{\"@id\":\"https:\/\/www.notibras.com\/site\/#organization\"},\"potentialAction\":[{\"@type\":\"SearchAction\",\"target\":{\"@type\":\"EntryPoint\",\"urlTemplate\":\"https:\/\/www.notibras.com\/site\/?s={search_term_string}\"},\"query-input\":{\"@type\":\"PropertyValueSpecification\",\"valueRequired\":true,\"valueName\":\"search_term_string\"}}],\"inLanguage\":\"pt-BR\"},{\"@type\":\"Organization\",\"@id\":\"https:\/\/www.notibras.com\/site\/#organization\",\"name\":\"Grupo Notibras de Comunica\u00e7\u00e3o\",\"url\":\"https:\/\/www.notibras.com\/site\/\",\"logo\":{\"@type\":\"ImageObject\",\"inLanguage\":\"pt-BR\",\"@id\":\"https:\/\/www.notibras.com\/site\/#\/schema\/logo\/image\/\",\"url\":\"https:\/\/www.notibras.com\/site\/wp-content\/uploads\/2023\/01\/notibras23.png\",\"contentUrl\":\"https:\/\/www.notibras.com\/site\/wp-content\/uploads\/2023\/01\/notibras23.png\",\"width\":350,\"height\":87,\"caption\":\"Grupo Notibras de Comunica\u00e7\u00e3o\"},\"image\":{\"@id\":\"https:\/\/www.notibras.com\/site\/#\/schema\/logo\/image\/\"},\"sameAs\":[\"https:\/\/www.facebook.com\/notibras\/\",\"https:\/\/x.com\/Notibras\",\"https:\/\/www.instagram.com\/notibras\/\"]},{\"@type\":\"Person\",\"@id\":\"https:\/\/www.notibras.com\/site\/#\/schema\/person\/36ab0979449956132d3e5b517ea76ac8\",\"name\":\"Reda\u00e7\u00e3o\",\"image\":{\"@type\":\"ImageObject\",\"inLanguage\":\"pt-BR\",\"@id\":\"https:\/\/secure.gravatar.com\/avatar\/e0a867bdedb85fd243eadf09663511f96fc81e0720a4a42581f334ad4303aa6b?s=96&d=mm&r=g\",\"url\":\"https:\/\/secure.gravatar.com\/avatar\/e0a867bdedb85fd243eadf09663511f96fc81e0720a4a42581f334ad4303aa6b?s=96&d=mm&r=g\",\"contentUrl\":\"https:\/\/secure.gravatar.com\/avatar\/e0a867bdedb85fd243eadf09663511f96fc81e0720a4a42581f334ad4303aa6b?s=96&d=mm&r=g\",\"caption\":\"Reda\u00e7\u00e3o\"}}]}<\/script>\n<!-- \/ Yoast SEO plugin. -->","yoast_head_json":{"title":"Cobertura vacinal cresce mas fica abaixo da m\u00e9dia - Notibras","robots":{"index":"index","follow":"follow","max-snippet":"max-snippet:-1","max-image-preview":"max-image-preview:large","max-video-preview":"max-video-preview:-1"},"canonical":"https:\/\/www.notibras.com\/site\/cobertura-vacinal-cresce-mas-fica-abaixo-da-media\/","og_locale":"pt_BR","og_type":"article","og_title":"Cobertura vacinal cresce mas fica abaixo da m\u00e9dia - Notibras","og_description":"A cobertura vacinal contra a poliomielite no Distrito Federal aumentou de 72,7% para 77,4% entre 2021 e 2022, mas ainda est\u00e1 abaixo da meta de 95% preconizada pelo Minist\u00e9rio da Sa\u00fade. O dado consta no boletim epidemiol\u00f3gico lan\u00e7ado pela Secretaria de Sa\u00fade. \u201cA baixa cobertura deve ser encarada como um problema grave a ser combatido\u201d, [&hellip;]","og_url":"https:\/\/www.notibras.com\/site\/cobertura-vacinal-cresce-mas-fica-abaixo-da-media\/","og_site_name":"Notibras","article_publisher":"https:\/\/www.facebook.com\/notibras\/","article_published_time":"2023-03-27T03:30:47+00:00","article_modified_time":"2023-03-27T15:33:08+00:00","og_image":[{"width":1920,"height":1280,"url":"https:\/\/www.notibras.com\/site\/wp-content\/uploads\/2023\/03\/20.08.22_Dia_de_de_Vacinacao-Poliomelite-Foto_Sandro_Araujo-3.jpg","type":"image\/jpeg"}],"author":"Reda\u00e7\u00e3o","twitter_card":"summary_large_image","twitter_creator":"@Notibras","twitter_site":"@Notibras","twitter_misc":{"Escrito por":"Reda\u00e7\u00e3o","Est. tempo de leitura":"4 minutos"},"schema":{"@context":"https:\/\/schema.org","@graph":[{"@type":"Article","@id":"https:\/\/www.notibras.com\/site\/cobertura-vacinal-cresce-mas-fica-abaixo-da-media\/#article","isPartOf":{"@id":"https:\/\/www.notibras.com\/site\/cobertura-vacinal-cresce-mas-fica-abaixo-da-media\/"},"author":{"name":"Reda\u00e7\u00e3o","@id":"https:\/\/www.notibras.com\/site\/#\/schema\/person\/36ab0979449956132d3e5b517ea76ac8"},"headline":"Cobertura vacinal cresce mas fica abaixo da m\u00e9dia","datePublished":"2023-03-27T03:30:47+00:00","dateModified":"2023-03-27T15:33:08+00:00","mainEntityOfPage":{"@id":"https:\/\/www.notibras.com\/site\/cobertura-vacinal-cresce-mas-fica-abaixo-da-media\/"},"wordCount":795,"publisher":{"@id":"https:\/\/www.notibras.com\/site\/#organization"},"image":{"@id":"https:\/\/www.notibras.com\/site\/cobertura-vacinal-cresce-mas-fica-abaixo-da-media\/#primaryimage"},"thumbnailUrl":"https:\/\/www.notibras.com\/site\/wp-content\/uploads\/2023\/03\/20.08.22_Dia_de_de_Vacinacao-Poliomelite-Foto_Sandro_Araujo-3.jpg","articleSection":["Quadradinho em Foco"],"inLanguage":"pt-BR"},{"@type":"WebPage","@id":"https:\/\/www.notibras.com\/site\/cobertura-vacinal-cresce-mas-fica-abaixo-da-media\/","url":"https:\/\/www.notibras.com\/site\/cobertura-vacinal-cresce-mas-fica-abaixo-da-media\/","name":"Cobertura vacinal cresce mas fica abaixo da m\u00e9dia - Notibras","isPartOf":{"@id":"https:\/\/www.notibras.com\/site\/#website"},"primaryImageOfPage":{"@id":"https:\/\/www.notibras.com\/site\/cobertura-vacinal-cresce-mas-fica-abaixo-da-media\/#primaryimage"},"image":{"@id":"https:\/\/www.notibras.com\/site\/cobertura-vacinal-cresce-mas-fica-abaixo-da-media\/#primaryimage"},"thumbnailUrl":"https:\/\/www.notibras.com\/site\/wp-content\/uploads\/2023\/03\/20.08.22_Dia_de_de_Vacinacao-Poliomelite-Foto_Sandro_Araujo-3.jpg","datePublished":"2023-03-27T03:30:47+00:00","dateModified":"2023-03-27T15:33:08+00:00","breadcrumb":{"@id":"https:\/\/www.notibras.com\/site\/cobertura-vacinal-cresce-mas-fica-abaixo-da-media\/#breadcrumb"},"inLanguage":"pt-BR","potentialAction":[{"@type":"ReadAction","target":["https:\/\/www.notibras.com\/site\/cobertura-vacinal-cresce-mas-fica-abaixo-da-media\/"]}]},{"@type":"ImageObject","inLanguage":"pt-BR","@id":"https:\/\/www.notibras.com\/site\/cobertura-vacinal-cresce-mas-fica-abaixo-da-media\/#primaryimage","url":"https:\/\/www.notibras.com\/site\/wp-content\/uploads\/2023\/03\/20.08.22_Dia_de_de_Vacinacao-Poliomelite-Foto_Sandro_Araujo-3.jpg","contentUrl":"https:\/\/www.notibras.com\/site\/wp-content\/uploads\/2023\/03\/20.08.22_Dia_de_de_Vacinacao-Poliomelite-Foto_Sandro_Araujo-3.jpg","width":1920,"height":1280},{"@type":"BreadcrumbList","@id":"https:\/\/www.notibras.com\/site\/cobertura-vacinal-cresce-mas-fica-abaixo-da-media\/#breadcrumb","itemListElement":[{"@type":"ListItem","position":1,"name":"In\u00edcio","item":"https:\/\/www.notibras.com\/site\/"},{"@type":"ListItem","position":2,"name":"Cobertura vacinal cresce mas fica abaixo da m\u00e9dia"}]},{"@type":"WebSite","@id":"https:\/\/www.notibras.com\/site\/#website","url":"https:\/\/www.notibras.com\/site\/","name":"Notibras","description":"Not\u00edcias de Bras\u00edlia, do Brasil e do Mundo","publisher":{"@id":"https:\/\/www.notibras.com\/site\/#organization"},"potentialAction":[{"@type":"SearchAction","target":{"@type":"EntryPoint","urlTemplate":"https:\/\/www.notibras.com\/site\/?s={search_term_string}"},"query-input":{"@type":"PropertyValueSpecification","valueRequired":true,"valueName":"search_term_string"}}],"inLanguage":"pt-BR"},{"@type":"Organization","@id":"https:\/\/www.notibras.com\/site\/#organization","name":"Grupo Notibras de Comunica\u00e7\u00e3o","url":"https:\/\/www.notibras.com\/site\/","logo":{"@type":"ImageObject","inLanguage":"pt-BR","@id":"https:\/\/www.notibras.com\/site\/#\/schema\/logo\/image\/","url":"https:\/\/www.notibras.com\/site\/wp-content\/uploads\/2023\/01\/notibras23.png","contentUrl":"https:\/\/www.notibras.com\/site\/wp-content\/uploads\/2023\/01\/notibras23.png","width":350,"height":87,"caption":"Grupo Notibras de Comunica\u00e7\u00e3o"},"image":{"@id":"https:\/\/www.notibras.com\/site\/#\/schema\/logo\/image\/"},"sameAs":["https:\/\/www.facebook.com\/notibras\/","https:\/\/x.com\/Notibras","https:\/\/www.instagram.com\/notibras\/"]},{"@type":"Person","@id":"https:\/\/www.notibras.com\/site\/#\/schema\/person\/36ab0979449956132d3e5b517ea76ac8","name":"Reda\u00e7\u00e3o","image":{"@type":"ImageObject","inLanguage":"pt-BR","@id":"https:\/\/secure.gravatar.com\/avatar\/e0a867bdedb85fd243eadf09663511f96fc81e0720a4a42581f334ad4303aa6b?s=96&d=mm&r=g","url":"https:\/\/secure.gravatar.com\/avatar\/e0a867bdedb85fd243eadf09663511f96fc81e0720a4a42581f334ad4303aa6b?s=96&d=mm&r=g","contentUrl":"https:\/\/secure.gravatar.com\/avatar\/e0a867bdedb85fd243eadf09663511f96fc81e0720a4a42581f334ad4303aa6b?s=96&d=mm&r=g","caption":"Reda\u00e7\u00e3o"}}]}},"amp_enabled":true,"_links":{"self":[{"href":"https:\/\/www.notibras.com\/site\/wp-json\/wp\/v2\/posts\/301766","targetHints":{"allow":["GET"]}}],"collection":[{"href":"https:\/\/www.notibras.com\/site\/wp-json\/wp\/v2\/posts"}],"about":[{"href":"https:\/\/www.notibras.com\/site\/wp-json\/wp\/v2\/types\/post"}],"author":[{"embeddable":true,"href":"https:\/\/www.notibras.com\/site\/wp-json\/wp\/v2\/users\/2"}],"replies":[{"embeddable":true,"href":"https:\/\/www.notibras.com\/site\/wp-json\/wp\/v2\/comments?post=301766"}],"version-history":[{"count":1,"href":"https:\/\/www.notibras.com\/site\/wp-json\/wp\/v2\/posts\/301766\/revisions"}],"predecessor-version":[{"id":301768,"href":"https:\/\/www.notibras.com\/site\/wp-json\/wp\/v2\/posts\/301766\/revisions\/301768"}],"wp:featuredmedia":[{"embeddable":true,"href":"https:\/\/www.notibras.com\/site\/wp-json\/wp\/v2\/media\/301767"}],"wp:attachment":[{"href":"https:\/\/www.notibras.com\/site\/wp-json\/wp\/v2\/media?parent=301766"}],"wp:term":[{"taxonomy":"category","embeddable":true,"href":"https:\/\/www.notibras.com\/site\/wp-json\/wp\/v2\/categories?post=301766"},{"taxonomy":"post_tag","embeddable":true,"href":"https:\/\/www.notibras.com\/site\/wp-json\/wp\/v2\/tags?post=301766"}],"curies":[{"name":"wp","href":"https:\/\/api.w.org\/{rel}","templated":true}]}}