{"id":301769,"date":"2023-03-27T10:37:18","date_gmt":"2023-03-27T13:37:18","guid":{"rendered":"https:\/\/www.notibras.com\/site\/?p=301769"},"modified":"2023-03-27T12:39:36","modified_gmt":"2023-03-27T15:39:36","slug":"projeto-oferece-aulas-gratuitas-de-equitacao","status":"publish","type":"post","link":"https:\/\/www.notibras.com\/site\/projeto-oferece-aulas-gratuitas-de-equitacao\/","title":{"rendered":"Projeto oferece aulas gratuitas de equita\u00e7\u00e3o"},"content":{"rendered":"<p>Esporte, disciplina e cuidado com os animais est\u00e3o entre as premissas da Escola de Equita\u00e7\u00e3o da Pol\u00edcia Militar do Distrito Federal (PMDF), que oferece gratuitamente para 235 crian\u00e7as, jovens e adultos a pr\u00e1tica do esporte no Regimento de Pol\u00edcia Montada, no Riacho Fundo.<\/p>\n<p>Os praticantes da arte da cavalgada fazem aulas uma vez por semana e podem frequentar o projeto por at\u00e9 dois anos. Ao todo, s\u00e3o 22 turmas, de ter\u00e7a a sexta-feira e aos s\u00e1bados pela manh\u00e3, com aulas de 50 minutos. Podem participar crian\u00e7as a partir dos 8 anos, mas n\u00e3o h\u00e1 idade limite, e em condi\u00e7\u00f5es f\u00edsicas que possibilite a pr\u00e1tica da atividade.<\/p>\n<p>Entre as vagas, s\u00e3o 60% para alunos da rede p\u00fablica, 30% para dependentes de policiais militares e 10% restantes para a comunidade.<\/p>\n<p>O comandante do terceiro esquadr\u00e3o e respons\u00e1vel pelos projetos sociais da PMDF, capit\u00e3o Rafael Mon\u00e7\u00e3o, explica que, por meio do ensino de equita\u00e7\u00e3o para toda a comunidade do DF, busca-se a preven\u00e7\u00e3o prim\u00e1ria. \u201cO nosso objetivo \u00e9 trabalhar o policiamento preventivo e o desenvolvimento de atributos de \u00e1reas essenciais a forma\u00e7\u00e3o do car\u00e1ter dos praticantes. Com o tempo, passamos a cobrar notas, disciplina e aprimoramos tamb\u00e9m as no\u00e7\u00f5es de cidadania, lideran\u00e7a, coragem, entre outras\u201d, afirma.<\/p>\n<p>Al\u00e9m disso, o projeto procura inserir os alunos na pr\u00e1tica de uma atividade f\u00edsica que desperta a destreza e a agilidade, apresentando-os ao mundo do esporte equestre por meio do hipismo cl\u00e1ssico, modalidade na qual a Escola de Equita\u00e7\u00e3o se baseia.<\/p>\n<p>Periodicamente, os alunos s\u00e3o submetidos a competi\u00e7\u00f5es internas, a fim de colocar em pr\u00e1tica os conhecimentos adquiridos no decorrer das aulas. \u201cNesses momentos temos tamb\u00e9m a participa\u00e7\u00e3o dos familiares, que fazem quest\u00e3o de estar presentes, o que motiva cada vez mais o empenho dos alunos no esporte\u201d, diz o capit\u00e3o Mon\u00e7\u00e3o.<\/p>\n<p><strong>Disciplina e acolhimento<\/strong><br \/>\nA concurseira Deirilene Miranda Lins, moradora do Guar\u00e1, m\u00e3e do aluno Arthur Miranda Lins, que pratica a atividade h\u00e1 um ano e meio, se diz muito satisfeita com o ingresso do filho no projeto. \u201cOs instrutores s\u00e3o verdadeiros her\u00f3is que ensinam e auxiliam as crian\u00e7as durante toda a aula. Com isso, o Arthur melhorou em todos os aspectos. Aqui ele tem o contato com os animais, que s\u00e3o bem adestrados e d\u00f3ceis, e com a natureza\u201d, conta.<\/p>\n<p>J\u00e1 Arthur, 12 anos, \u00e9 um entusiasta do projeto: \u201cGosto de tudo: dos cavalos, dos professores e, principalmente, dos animais. Na aula eu sinto uma paz de esp\u00edrito, os cavalos me deixam tranquilo\u201d.<\/p>\n<p>Algumas dessas virtudes, como intelig\u00eancia emocional, paci\u00eancia e, ao mesmo tempo, o dom\u00ednio de si mesmo e o acolhimento, foram essenciais para que a filha da professora aposentada Val\u00e9ria Gomide permanecesse no projeto. \u201cConfesso que tinha um certo preconceito do rigor do militarismo, mas minha filha foi t\u00e3o bem-acolhida que o projeto conquistou ela e a mim tamb\u00e9m. Aqui, al\u00e9m de superar todo o medo que ela tinha, aprendeu a lidar com as frusta\u00e7\u00f5es. E o ganho emocional que conquista nas aulas ela poder\u00e1 levar para vida e isso \u00e9 muito gratificante\u201d, conclui Val\u00e9ria.<\/p>\n<p>Para fazer a inscri\u00e7\u00e3o, o interessado dever\u00e1 comparecer \u00e0 Se\u00e7\u00e3o de Equita\u00e7\u00e3o Social do Comando de Policiamento Montado para preencher uma ficha. O nome ser\u00e1 inclu\u00eddo em uma lista de espera, e, quando houver vaga para iniciante, a secretaria da escola de equita\u00e7\u00e3o entrar\u00e1 em contato via telefone.<\/p>\n<p>A sede do batalh\u00e3o \u00e9 localizada na DF-075 km 8 \u00c1rea Especial 1, Granja Modelo, no Riacho Fundo. Outras informa\u00e7\u00f5es podem ser encaminhadas para o e-mail rpmon.eseq@pm.df.gov.br.<\/p>\n","protected":false},"excerpt":{"rendered":"<p>Esporte, disciplina e cuidado com os animais est\u00e3o entre as premissas da Escola de Equita\u00e7\u00e3o da Pol\u00edcia Militar do Distrito Federal (PMDF), que oferece gratuitamente para 235 crian\u00e7as, jovens e adultos a pr\u00e1tica do esporte no Regimento de Pol\u00edcia Montada, no Riacho Fundo. Os praticantes da arte da cavalgada fazem aulas uma vez por semana [&hellip;]<\/p>\n","protected":false},"author":2,"featured_media":301770,"comment_status":"closed","ping_status":"closed","sticky":false,"template":"","format":"standard","meta":{"_acf_changed":false,"footnotes":""},"categories":[161],"tags":[],"class_list":["post-301769","post","type-post","status-publish","format-standard","has-post-thumbnail","hentry","category-quadradinho-em-foco"],"acf":[],"yoast_head":"<!-- This site is optimized with the Yoast SEO plugin v27.2 - https:\/\/yoast.com\/product\/yoast-seo-wordpress\/ -->\n<title>Projeto oferece aulas gratuitas de equita\u00e7\u00e3o - Notibras<\/title>\n<meta name=\"robots\" content=\"index, follow, max-snippet:-1, max-image-preview:large, max-video-preview:-1\" \/>\n<link rel=\"canonical\" href=\"https:\/\/www.notibras.com\/site\/projeto-oferece-aulas-gratuitas-de-equitacao\/\" \/>\n<meta property=\"og:locale\" content=\"pt_BR\" \/>\n<meta property=\"og:type\" content=\"article\" \/>\n<meta property=\"og:title\" content=\"Projeto oferece aulas gratuitas de equita\u00e7\u00e3o - Notibras\" \/>\n<meta property=\"og:description\" content=\"Esporte, disciplina e cuidado com os animais est\u00e3o entre as premissas da Escola de Equita\u00e7\u00e3o da Pol\u00edcia Militar do Distrito Federal (PMDF), que oferece gratuitamente para 235 crian\u00e7as, jovens e adultos a pr\u00e1tica do esporte no Regimento de Pol\u00edcia Montada, no Riacho Fundo. Os praticantes da arte da cavalgada fazem aulas uma vez por semana [&hellip;]\" \/>\n<meta property=\"og:url\" content=\"https:\/\/www.notibras.com\/site\/projeto-oferece-aulas-gratuitas-de-equitacao\/\" \/>\n<meta property=\"og:site_name\" content=\"Notibras\" \/>\n<meta property=\"article:publisher\" content=\"https:\/\/www.facebook.com\/notibras\/\" \/>\n<meta property=\"article:published_time\" content=\"2023-03-27T13:37:18+00:00\" \/>\n<meta property=\"article:modified_time\" content=\"2023-03-27T15:39:36+00:00\" \/>\n<meta property=\"og:image\" content=\"https:\/\/www.notibras.com\/site\/wp-content\/uploads\/2023\/03\/DENTRO-JRO_1525-1536x1024-1.jpg\" \/>\n\t<meta property=\"og:image:width\" content=\"1536\" \/>\n\t<meta property=\"og:image:height\" content=\"1024\" \/>\n\t<meta property=\"og:image:type\" content=\"image\/jpeg\" \/>\n<meta name=\"author\" content=\"Reda\u00e7\u00e3o\" \/>\n<meta name=\"twitter:card\" content=\"summary_large_image\" \/>\n<meta name=\"twitter:creator\" content=\"@Notibras\" \/>\n<meta name=\"twitter:site\" content=\"@Notibras\" \/>\n<meta name=\"twitter:label1\" content=\"Escrito por\" \/>\n\t<meta name=\"twitter:data1\" content=\"Reda\u00e7\u00e3o\" \/>\n\t<meta name=\"twitter:label2\" content=\"Est. tempo de leitura\" \/>\n\t<meta name=\"twitter:data2\" content=\"4 minutos\" \/>\n<script type=\"application\/ld+json\" class=\"yoast-schema-graph\">{\"@context\":\"https:\/\/schema.org\",\"@graph\":[{\"@type\":\"Article\",\"@id\":\"https:\/\/www.notibras.com\/site\/projeto-oferece-aulas-gratuitas-de-equitacao\/#article\",\"isPartOf\":{\"@id\":\"https:\/\/www.notibras.com\/site\/projeto-oferece-aulas-gratuitas-de-equitacao\/\"},\"author\":{\"name\":\"Reda\u00e7\u00e3o\",\"@id\":\"https:\/\/www.notibras.com\/site\/#\/schema\/person\/36ab0979449956132d3e5b517ea76ac8\"},\"headline\":\"Projeto oferece aulas gratuitas de equita\u00e7\u00e3o\",\"datePublished\":\"2023-03-27T13:37:18+00:00\",\"dateModified\":\"2023-03-27T15:39:36+00:00\",\"mainEntityOfPage\":{\"@id\":\"https:\/\/www.notibras.com\/site\/projeto-oferece-aulas-gratuitas-de-equitacao\/\"},\"wordCount\":638,\"publisher\":{\"@id\":\"https:\/\/www.notibras.com\/site\/#organization\"},\"image\":{\"@id\":\"https:\/\/www.notibras.com\/site\/projeto-oferece-aulas-gratuitas-de-equitacao\/#primaryimage\"},\"thumbnailUrl\":\"https:\/\/www.notibras.com\/site\/wp-content\/uploads\/2023\/03\/DENTRO-JRO_1525-1536x1024-1.jpg\",\"articleSection\":[\"Quadradinho em Foco\"],\"inLanguage\":\"pt-BR\"},{\"@type\":\"WebPage\",\"@id\":\"https:\/\/www.notibras.com\/site\/projeto-oferece-aulas-gratuitas-de-equitacao\/\",\"url\":\"https:\/\/www.notibras.com\/site\/projeto-oferece-aulas-gratuitas-de-equitacao\/\",\"name\":\"Projeto oferece aulas gratuitas de equita\u00e7\u00e3o - Notibras\",\"isPartOf\":{\"@id\":\"https:\/\/www.notibras.com\/site\/#website\"},\"primaryImageOfPage\":{\"@id\":\"https:\/\/www.notibras.com\/site\/projeto-oferece-aulas-gratuitas-de-equitacao\/#primaryimage\"},\"image\":{\"@id\":\"https:\/\/www.notibras.com\/site\/projeto-oferece-aulas-gratuitas-de-equitacao\/#primaryimage\"},\"thumbnailUrl\":\"https:\/\/www.notibras.com\/site\/wp-content\/uploads\/2023\/03\/DENTRO-JRO_1525-1536x1024-1.jpg\",\"datePublished\":\"2023-03-27T13:37:18+00:00\",\"dateModified\":\"2023-03-27T15:39:36+00:00\",\"breadcrumb\":{\"@id\":\"https:\/\/www.notibras.com\/site\/projeto-oferece-aulas-gratuitas-de-equitacao\/#breadcrumb\"},\"inLanguage\":\"pt-BR\",\"potentialAction\":[{\"@type\":\"ReadAction\",\"target\":[\"https:\/\/www.notibras.com\/site\/projeto-oferece-aulas-gratuitas-de-equitacao\/\"]}]},{\"@type\":\"ImageObject\",\"inLanguage\":\"pt-BR\",\"@id\":\"https:\/\/www.notibras.com\/site\/projeto-oferece-aulas-gratuitas-de-equitacao\/#primaryimage\",\"url\":\"https:\/\/www.notibras.com\/site\/wp-content\/uploads\/2023\/03\/DENTRO-JRO_1525-1536x1024-1.jpg\",\"contentUrl\":\"https:\/\/www.notibras.com\/site\/wp-content\/uploads\/2023\/03\/DENTRO-JRO_1525-1536x1024-1.jpg\",\"width\":1536,\"height\":1024},{\"@type\":\"BreadcrumbList\",\"@id\":\"https:\/\/www.notibras.com\/site\/projeto-oferece-aulas-gratuitas-de-equitacao\/#breadcrumb\",\"itemListElement\":[{\"@type\":\"ListItem\",\"position\":1,\"name\":\"In\u00edcio\",\"item\":\"https:\/\/www.notibras.com\/site\/\"},{\"@type\":\"ListItem\",\"position\":2,\"name\":\"Projeto oferece aulas gratuitas de equita\u00e7\u00e3o\"}]},{\"@type\":\"WebSite\",\"@id\":\"https:\/\/www.notibras.com\/site\/#website\",\"url\":\"https:\/\/www.notibras.com\/site\/\",\"name\":\"Notibras\",\"description\":\"Not\u00edcias de Bras\u00edlia, do Brasil e do Mundo\",\"publisher\":{\"@id\":\"https:\/\/www.notibras.com\/site\/#organization\"},\"potentialAction\":[{\"@type\":\"SearchAction\",\"target\":{\"@type\":\"EntryPoint\",\"urlTemplate\":\"https:\/\/www.notibras.com\/site\/?s={search_term_string}\"},\"query-input\":{\"@type\":\"PropertyValueSpecification\",\"valueRequired\":true,\"valueName\":\"search_term_string\"}}],\"inLanguage\":\"pt-BR\"},{\"@type\":\"Organization\",\"@id\":\"https:\/\/www.notibras.com\/site\/#organization\",\"name\":\"Grupo Notibras de Comunica\u00e7\u00e3o\",\"url\":\"https:\/\/www.notibras.com\/site\/\",\"logo\":{\"@type\":\"ImageObject\",\"inLanguage\":\"pt-BR\",\"@id\":\"https:\/\/www.notibras.com\/site\/#\/schema\/logo\/image\/\",\"url\":\"https:\/\/www.notibras.com\/site\/wp-content\/uploads\/2023\/01\/notibras23.png\",\"contentUrl\":\"https:\/\/www.notibras.com\/site\/wp-content\/uploads\/2023\/01\/notibras23.png\",\"width\":350,\"height\":87,\"caption\":\"Grupo Notibras de Comunica\u00e7\u00e3o\"},\"image\":{\"@id\":\"https:\/\/www.notibras.com\/site\/#\/schema\/logo\/image\/\"},\"sameAs\":[\"https:\/\/www.facebook.com\/notibras\/\",\"https:\/\/x.com\/Notibras\",\"https:\/\/www.instagram.com\/notibras\/\"]},{\"@type\":\"Person\",\"@id\":\"https:\/\/www.notibras.com\/site\/#\/schema\/person\/36ab0979449956132d3e5b517ea76ac8\",\"name\":\"Reda\u00e7\u00e3o\",\"image\":{\"@type\":\"ImageObject\",\"inLanguage\":\"pt-BR\",\"@id\":\"https:\/\/secure.gravatar.com\/avatar\/e0a867bdedb85fd243eadf09663511f96fc81e0720a4a42581f334ad4303aa6b?s=96&d=mm&r=g\",\"url\":\"https:\/\/secure.gravatar.com\/avatar\/e0a867bdedb85fd243eadf09663511f96fc81e0720a4a42581f334ad4303aa6b?s=96&d=mm&r=g\",\"contentUrl\":\"https:\/\/secure.gravatar.com\/avatar\/e0a867bdedb85fd243eadf09663511f96fc81e0720a4a42581f334ad4303aa6b?s=96&d=mm&r=g\",\"caption\":\"Reda\u00e7\u00e3o\"}}]}<\/script>\n<!-- \/ Yoast SEO plugin. -->","yoast_head_json":{"title":"Projeto oferece aulas gratuitas de equita\u00e7\u00e3o - Notibras","robots":{"index":"index","follow":"follow","max-snippet":"max-snippet:-1","max-image-preview":"max-image-preview:large","max-video-preview":"max-video-preview:-1"},"canonical":"https:\/\/www.notibras.com\/site\/projeto-oferece-aulas-gratuitas-de-equitacao\/","og_locale":"pt_BR","og_type":"article","og_title":"Projeto oferece aulas gratuitas de equita\u00e7\u00e3o - Notibras","og_description":"Esporte, disciplina e cuidado com os animais est\u00e3o entre as premissas da Escola de Equita\u00e7\u00e3o da Pol\u00edcia Militar do Distrito Federal (PMDF), que oferece gratuitamente para 235 crian\u00e7as, jovens e adultos a pr\u00e1tica do esporte no Regimento de Pol\u00edcia Montada, no Riacho Fundo. Os praticantes da arte da cavalgada fazem aulas uma vez por semana [&hellip;]","og_url":"https:\/\/www.notibras.com\/site\/projeto-oferece-aulas-gratuitas-de-equitacao\/","og_site_name":"Notibras","article_publisher":"https:\/\/www.facebook.com\/notibras\/","article_published_time":"2023-03-27T13:37:18+00:00","article_modified_time":"2023-03-27T15:39:36+00:00","og_image":[{"width":1536,"height":1024,"url":"https:\/\/www.notibras.com\/site\/wp-content\/uploads\/2023\/03\/DENTRO-JRO_1525-1536x1024-1.jpg","type":"image\/jpeg"}],"author":"Reda\u00e7\u00e3o","twitter_card":"summary_large_image","twitter_creator":"@Notibras","twitter_site":"@Notibras","twitter_misc":{"Escrito por":"Reda\u00e7\u00e3o","Est. tempo de leitura":"4 minutos"},"schema":{"@context":"https:\/\/schema.org","@graph":[{"@type":"Article","@id":"https:\/\/www.notibras.com\/site\/projeto-oferece-aulas-gratuitas-de-equitacao\/#article","isPartOf":{"@id":"https:\/\/www.notibras.com\/site\/projeto-oferece-aulas-gratuitas-de-equitacao\/"},"author":{"name":"Reda\u00e7\u00e3o","@id":"https:\/\/www.notibras.com\/site\/#\/schema\/person\/36ab0979449956132d3e5b517ea76ac8"},"headline":"Projeto oferece aulas gratuitas de equita\u00e7\u00e3o","datePublished":"2023-03-27T13:37:18+00:00","dateModified":"2023-03-27T15:39:36+00:00","mainEntityOfPage":{"@id":"https:\/\/www.notibras.com\/site\/projeto-oferece-aulas-gratuitas-de-equitacao\/"},"wordCount":638,"publisher":{"@id":"https:\/\/www.notibras.com\/site\/#organization"},"image":{"@id":"https:\/\/www.notibras.com\/site\/projeto-oferece-aulas-gratuitas-de-equitacao\/#primaryimage"},"thumbnailUrl":"https:\/\/www.notibras.com\/site\/wp-content\/uploads\/2023\/03\/DENTRO-JRO_1525-1536x1024-1.jpg","articleSection":["Quadradinho em Foco"],"inLanguage":"pt-BR"},{"@type":"WebPage","@id":"https:\/\/www.notibras.com\/site\/projeto-oferece-aulas-gratuitas-de-equitacao\/","url":"https:\/\/www.notibras.com\/site\/projeto-oferece-aulas-gratuitas-de-equitacao\/","name":"Projeto oferece aulas gratuitas de equita\u00e7\u00e3o - Notibras","isPartOf":{"@id":"https:\/\/www.notibras.com\/site\/#website"},"primaryImageOfPage":{"@id":"https:\/\/www.notibras.com\/site\/projeto-oferece-aulas-gratuitas-de-equitacao\/#primaryimage"},"image":{"@id":"https:\/\/www.notibras.com\/site\/projeto-oferece-aulas-gratuitas-de-equitacao\/#primaryimage"},"thumbnailUrl":"https:\/\/www.notibras.com\/site\/wp-content\/uploads\/2023\/03\/DENTRO-JRO_1525-1536x1024-1.jpg","datePublished":"2023-03-27T13:37:18+00:00","dateModified":"2023-03-27T15:39:36+00:00","breadcrumb":{"@id":"https:\/\/www.notibras.com\/site\/projeto-oferece-aulas-gratuitas-de-equitacao\/#breadcrumb"},"inLanguage":"pt-BR","potentialAction":[{"@type":"ReadAction","target":["https:\/\/www.notibras.com\/site\/projeto-oferece-aulas-gratuitas-de-equitacao\/"]}]},{"@type":"ImageObject","inLanguage":"pt-BR","@id":"https:\/\/www.notibras.com\/site\/projeto-oferece-aulas-gratuitas-de-equitacao\/#primaryimage","url":"https:\/\/www.notibras.com\/site\/wp-content\/uploads\/2023\/03\/DENTRO-JRO_1525-1536x1024-1.jpg","contentUrl":"https:\/\/www.notibras.com\/site\/wp-content\/uploads\/2023\/03\/DENTRO-JRO_1525-1536x1024-1.jpg","width":1536,"height":1024},{"@type":"BreadcrumbList","@id":"https:\/\/www.notibras.com\/site\/projeto-oferece-aulas-gratuitas-de-equitacao\/#breadcrumb","itemListElement":[{"@type":"ListItem","position":1,"name":"In\u00edcio","item":"https:\/\/www.notibras.com\/site\/"},{"@type":"ListItem","position":2,"name":"Projeto oferece aulas gratuitas de equita\u00e7\u00e3o"}]},{"@type":"WebSite","@id":"https:\/\/www.notibras.com\/site\/#website","url":"https:\/\/www.notibras.com\/site\/","name":"Notibras","description":"Not\u00edcias de Bras\u00edlia, do Brasil e do Mundo","publisher":{"@id":"https:\/\/www.notibras.com\/site\/#organization"},"potentialAction":[{"@type":"SearchAction","target":{"@type":"EntryPoint","urlTemplate":"https:\/\/www.notibras.com\/site\/?s={search_term_string}"},"query-input":{"@type":"PropertyValueSpecification","valueRequired":true,"valueName":"search_term_string"}}],"inLanguage":"pt-BR"},{"@type":"Organization","@id":"https:\/\/www.notibras.com\/site\/#organization","name":"Grupo Notibras de Comunica\u00e7\u00e3o","url":"https:\/\/www.notibras.com\/site\/","logo":{"@type":"ImageObject","inLanguage":"pt-BR","@id":"https:\/\/www.notibras.com\/site\/#\/schema\/logo\/image\/","url":"https:\/\/www.notibras.com\/site\/wp-content\/uploads\/2023\/01\/notibras23.png","contentUrl":"https:\/\/www.notibras.com\/site\/wp-content\/uploads\/2023\/01\/notibras23.png","width":350,"height":87,"caption":"Grupo Notibras de Comunica\u00e7\u00e3o"},"image":{"@id":"https:\/\/www.notibras.com\/site\/#\/schema\/logo\/image\/"},"sameAs":["https:\/\/www.facebook.com\/notibras\/","https:\/\/x.com\/Notibras","https:\/\/www.instagram.com\/notibras\/"]},{"@type":"Person","@id":"https:\/\/www.notibras.com\/site\/#\/schema\/person\/36ab0979449956132d3e5b517ea76ac8","name":"Reda\u00e7\u00e3o","image":{"@type":"ImageObject","inLanguage":"pt-BR","@id":"https:\/\/secure.gravatar.com\/avatar\/e0a867bdedb85fd243eadf09663511f96fc81e0720a4a42581f334ad4303aa6b?s=96&d=mm&r=g","url":"https:\/\/secure.gravatar.com\/avatar\/e0a867bdedb85fd243eadf09663511f96fc81e0720a4a42581f334ad4303aa6b?s=96&d=mm&r=g","contentUrl":"https:\/\/secure.gravatar.com\/avatar\/e0a867bdedb85fd243eadf09663511f96fc81e0720a4a42581f334ad4303aa6b?s=96&d=mm&r=g","caption":"Reda\u00e7\u00e3o"}}]}},"amp_enabled":true,"_links":{"self":[{"href":"https:\/\/www.notibras.com\/site\/wp-json\/wp\/v2\/posts\/301769","targetHints":{"allow":["GET"]}}],"collection":[{"href":"https:\/\/www.notibras.com\/site\/wp-json\/wp\/v2\/posts"}],"about":[{"href":"https:\/\/www.notibras.com\/site\/wp-json\/wp\/v2\/types\/post"}],"author":[{"embeddable":true,"href":"https:\/\/www.notibras.com\/site\/wp-json\/wp\/v2\/users\/2"}],"replies":[{"embeddable":true,"href":"https:\/\/www.notibras.com\/site\/wp-json\/wp\/v2\/comments?post=301769"}],"version-history":[{"count":1,"href":"https:\/\/www.notibras.com\/site\/wp-json\/wp\/v2\/posts\/301769\/revisions"}],"predecessor-version":[{"id":301771,"href":"https:\/\/www.notibras.com\/site\/wp-json\/wp\/v2\/posts\/301769\/revisions\/301771"}],"wp:featuredmedia":[{"embeddable":true,"href":"https:\/\/www.notibras.com\/site\/wp-json\/wp\/v2\/media\/301770"}],"wp:attachment":[{"href":"https:\/\/www.notibras.com\/site\/wp-json\/wp\/v2\/media?parent=301769"}],"wp:term":[{"taxonomy":"category","embeddable":true,"href":"https:\/\/www.notibras.com\/site\/wp-json\/wp\/v2\/categories?post=301769"},{"taxonomy":"post_tag","embeddable":true,"href":"https:\/\/www.notibras.com\/site\/wp-json\/wp\/v2\/tags?post=301769"}],"curies":[{"name":"wp","href":"https:\/\/api.w.org\/{rel}","templated":true}]}}