{"id":301837,"date":"2023-03-28T07:10:01","date_gmt":"2023-03-28T10:10:01","guid":{"rendered":"https:\/\/www.notibras.com\/site\/?p=301837"},"modified":"2023-03-28T07:10:01","modified_gmt":"2023-03-28T10:10:01","slug":"outono-exige-cuidados-dobrados-com-a-pele","status":"publish","type":"post","link":"https:\/\/www.notibras.com\/site\/outono-exige-cuidados-dobrados-com-a-pele\/","title":{"rendered":"Outono exige cuidados dobrados com a pele"},"content":{"rendered":"<p>Depois do ver\u00e3o, com sol forte e calor, que exigem o uso de muito filtro solar, o outono surge trazendo temperaturas mais amenas mas, nem por isso, deve-se descuidar dos cuidados com a pele. O alerta foi feito pelo presidente da Sociedade Brasileira de Dermatologia, Antonio D\u2019Acri. \u201cNo outono, a pele fica mais seca. As pessoas t\u00eam uma transpira\u00e7\u00e3o menor e a pele tende a ressecar\u201d, afirmou.<\/p>\n<p>Para manter a pele limpa e saud\u00e1vel nesta esta\u00e7\u00e3o do ano, o dermatologista recomendou que \u00e9 importante fazer uma limpeza mais delicada, sem exageros, evitando lavar o rosto mais de duas vezes por dia, porque isso pode ressecar ainda mais a pele. \u201cEvitar banhos demorados e quentes\u201d, orientou. O ideal s\u00e3o banhos com \u00e1gua fria ou morna, mais breves, que n\u00e3o demorem mais do que 15 minutos. \u201cO cuidado come\u00e7a no banho. Voc\u00ea tomando banhos mais r\u00e1pidos, menos quentes, com sabonetes que n\u00e3o ressequem a pele, j\u00e1 \u00e9 um passo importante. Voc\u00ea percebe isso porque tem gente que sai do banho j\u00e1 se co\u00e7ando.\u201d<\/p>\n<p>Segundo ele, banhos com \u00e1gua quente podem ressecar a pele, e, com isso, favorecer o aparecimento de estrias, especialmente na adolesc\u00eancia e durante a gesta\u00e7\u00e3o, al\u00e9m de provocar coceiras, geralmente nas pernas, do joelho para baixo, que podem ocasionar o surgimento de uma erisipela, irritando bastante a pele. &#8220;N\u00e3o \u00e9 aconselh\u00e1vel exagerar no banho quente\u201d, aconselhou.<\/p>\n<p><strong>Hidrata\u00e7\u00e3o<\/strong><br \/>\nO m\u00e9dico indicou que a hidrata\u00e7\u00e3o \u00e9 importante no outono, n\u00e3o s\u00f3 no que se refere \u00e0 ingest\u00e3o de l\u00edquidos, mas ao uso de creme hidratante adequado ao tipo da pele, para rosto e corpo, evitando-se produtos gordurosos e com cheiros fortes. O ideal \u00e9 escolher um hidratante que seja indicado para o tipo de pele de cada pessoa e us\u00e1-lo duas vezes ao dia, ap\u00f3s lavar o rosto e o corpo. Antonio D\u2019Acri salientou que o uso de hidratantes previne tamb\u00e9m doen\u00e7as, como dermatoses. \u201c\u00c9 um bom investimento para a sa\u00fade o hidratante nos bra\u00e7os, nas pernas, ap\u00f3s o banho.\u201d<\/p>\n<p>O protetor solar deve continuar sendo usado, em geral acima do fator de prote\u00e7\u00e3o 30, principalmente para aquelas pessoas que trabalham expostas ao sol ou que dirigem durante o dia por v\u00e1rias horas. \u201c[\u00c9 importante] evitar a exposi\u00e7\u00e3o solar sem cuidados, principalmente no hor\u00e1rio do meio-dia, de sol mais intenso\u201d. D\u2019Acri recomendou que \u00e9 fundamental usar protetor solar no rosto e nas \u00e1reas expostas do corpo diariamente e, tamb\u00e9m, utilizar protetor labial porque, do mesmo modo que acontece com a pele de outras partes do corpo, os l\u00e1bios podem sofrer muito com os efeitos do tempo seco.<\/p>\n<p><strong>Terceira idade<\/strong><br \/>\nOutro alerta \u00e9 que, na terceira idade, a hidrata\u00e7\u00e3o adequada tamb\u00e9m \u00e9 muito importante. \u201cA pessoa na terceira idade come\u00e7a a ter cada vez a pele mais seca e ela tende a co\u00e7ar\u201d. Por isso, deve-se evitar o uso de sabonetes que ressecam a pele, dando-se prefer\u00eancia \u00e0queles com f\u00f3rmulas hidratantes. \u201cSabonetes infantis t\u00eam bom resultado\u201d, lembrou.<\/p>\n<p>A partir da terceira idade, \u00e9 recomend\u00e1vel uma ida por ano ao dermatologista para fazer avalia\u00e7\u00e3o dos sinais e manchas, se tem alguma ferida na pele. \u201cEsses cuidados de voc\u00ea periodicamente visitar o geriatra ou o dermatologista para ver se h\u00e1 sinais ou manchas na pele diferentes s\u00e3o importantes para se evitar um c\u00e2ncer de pele.\u201d<\/p>\n<p>Antonio D\u2019Acri salientou que os cuidados com a pele devem ser tomados desde a adolesc\u00eancia. \u201cA gente sabe que a educa\u00e7\u00e3o come\u00e7a na adolesc\u00eancia, porque 80% do desgaste da pele pelo sol s\u00e3o at\u00e9 os 18 anos. Os cuidados de fotoprote\u00e7\u00e3o devem ser iniciados na adolesc\u00eancia, bem como a orienta\u00e7\u00e3o e as boas pr\u00e1ticas\u201d. Por outro lado, as crian\u00e7as devem ser orientadas a evitar exposi\u00e7\u00e3o solar intensa nos dias mais quentes. E, mesmo no outono, a exposi\u00e7\u00e3o ao sol entre 10h e 15h tem que ser vista com modera\u00e7\u00e3o, de prefer\u00eancia com o uso de filtro solar.<\/p>\n","protected":false},"excerpt":{"rendered":"<p>Depois do ver\u00e3o, com sol forte e calor, que exigem o uso de muito filtro solar, o outono surge trazendo temperaturas mais amenas mas, nem por isso, deve-se descuidar dos cuidados com a pele. O alerta foi feito pelo presidente da Sociedade Brasileira de Dermatologia, Antonio D\u2019Acri. \u201cNo outono, a pele fica mais seca. As [&hellip;]<\/p>\n","protected":false},"author":2,"featured_media":301838,"comment_status":"closed","ping_status":"closed","sticky":false,"template":"","format":"standard","meta":{"_acf_changed":false,"footnotes":""},"categories":[161],"tags":[],"class_list":["post-301837","post","type-post","status-publish","format-standard","has-post-thumbnail","hentry","category-quadradinho-em-foco"],"acf":[],"yoast_head":"<!-- This site is optimized with the Yoast SEO plugin v27.2 - https:\/\/yoast.com\/product\/yoast-seo-wordpress\/ -->\n<title>Outono exige cuidados dobrados com a pele - Notibras<\/title>\n<meta name=\"robots\" content=\"index, follow, max-snippet:-1, max-image-preview:large, max-video-preview:-1\" \/>\n<link rel=\"canonical\" href=\"https:\/\/www.notibras.com\/site\/outono-exige-cuidados-dobrados-com-a-pele\/\" \/>\n<meta property=\"og:locale\" content=\"pt_BR\" \/>\n<meta property=\"og:type\" content=\"article\" \/>\n<meta property=\"og:title\" content=\"Outono exige cuidados dobrados com a pele - Notibras\" \/>\n<meta property=\"og:description\" content=\"Depois do ver\u00e3o, com sol forte e calor, que exigem o uso de muito filtro solar, o outono surge trazendo temperaturas mais amenas mas, nem por isso, deve-se descuidar dos cuidados com a pele. O alerta foi feito pelo presidente da Sociedade Brasileira de Dermatologia, Antonio D\u2019Acri. \u201cNo outono, a pele fica mais seca. As [&hellip;]\" \/>\n<meta property=\"og:url\" content=\"https:\/\/www.notibras.com\/site\/outono-exige-cuidados-dobrados-com-a-pele\/\" \/>\n<meta property=\"og:site_name\" content=\"Notibras\" \/>\n<meta property=\"article:publisher\" content=\"https:\/\/www.facebook.com\/notibras\/\" \/>\n<meta property=\"article:published_time\" content=\"2023-03-28T10:10:01+00:00\" \/>\n<meta property=\"og:image\" content=\"https:\/\/www.notibras.com\/site\/wp-content\/uploads\/2023\/03\/autumn-3731094_1920.jpg\" \/>\n\t<meta property=\"og:image:width\" content=\"1170\" \/>\n\t<meta property=\"og:image:height\" content=\"700\" \/>\n\t<meta property=\"og:image:type\" content=\"image\/jpeg\" \/>\n<meta name=\"author\" content=\"Reda\u00e7\u00e3o\" \/>\n<meta name=\"twitter:card\" content=\"summary_large_image\" \/>\n<meta name=\"twitter:creator\" content=\"@Notibras\" \/>\n<meta name=\"twitter:site\" content=\"@Notibras\" \/>\n<meta name=\"twitter:label1\" content=\"Escrito por\" \/>\n\t<meta name=\"twitter:data1\" content=\"Reda\u00e7\u00e3o\" \/>\n\t<meta name=\"twitter:label2\" content=\"Est. tempo de leitura\" \/>\n\t<meta name=\"twitter:data2\" content=\"4 minutos\" \/>\n<script type=\"application\/ld+json\" class=\"yoast-schema-graph\">{\"@context\":\"https:\/\/schema.org\",\"@graph\":[{\"@type\":\"Article\",\"@id\":\"https:\/\/www.notibras.com\/site\/outono-exige-cuidados-dobrados-com-a-pele\/#article\",\"isPartOf\":{\"@id\":\"https:\/\/www.notibras.com\/site\/outono-exige-cuidados-dobrados-com-a-pele\/\"},\"author\":{\"name\":\"Reda\u00e7\u00e3o\",\"@id\":\"https:\/\/www.notibras.com\/site\/#\/schema\/person\/36ab0979449956132d3e5b517ea76ac8\"},\"headline\":\"Outono exige cuidados dobrados com a pele\",\"datePublished\":\"2023-03-28T10:10:01+00:00\",\"mainEntityOfPage\":{\"@id\":\"https:\/\/www.notibras.com\/site\/outono-exige-cuidados-dobrados-com-a-pele\/\"},\"wordCount\":693,\"publisher\":{\"@id\":\"https:\/\/www.notibras.com\/site\/#organization\"},\"image\":{\"@id\":\"https:\/\/www.notibras.com\/site\/outono-exige-cuidados-dobrados-com-a-pele\/#primaryimage\"},\"thumbnailUrl\":\"https:\/\/www.notibras.com\/site\/wp-content\/uploads\/2023\/03\/autumn-3731094_1920.jpg\",\"articleSection\":[\"Quadradinho em Foco\"],\"inLanguage\":\"pt-BR\"},{\"@type\":\"WebPage\",\"@id\":\"https:\/\/www.notibras.com\/site\/outono-exige-cuidados-dobrados-com-a-pele\/\",\"url\":\"https:\/\/www.notibras.com\/site\/outono-exige-cuidados-dobrados-com-a-pele\/\",\"name\":\"Outono exige cuidados dobrados com a pele - Notibras\",\"isPartOf\":{\"@id\":\"https:\/\/www.notibras.com\/site\/#website\"},\"primaryImageOfPage\":{\"@id\":\"https:\/\/www.notibras.com\/site\/outono-exige-cuidados-dobrados-com-a-pele\/#primaryimage\"},\"image\":{\"@id\":\"https:\/\/www.notibras.com\/site\/outono-exige-cuidados-dobrados-com-a-pele\/#primaryimage\"},\"thumbnailUrl\":\"https:\/\/www.notibras.com\/site\/wp-content\/uploads\/2023\/03\/autumn-3731094_1920.jpg\",\"datePublished\":\"2023-03-28T10:10:01+00:00\",\"breadcrumb\":{\"@id\":\"https:\/\/www.notibras.com\/site\/outono-exige-cuidados-dobrados-com-a-pele\/#breadcrumb\"},\"inLanguage\":\"pt-BR\",\"potentialAction\":[{\"@type\":\"ReadAction\",\"target\":[\"https:\/\/www.notibras.com\/site\/outono-exige-cuidados-dobrados-com-a-pele\/\"]}]},{\"@type\":\"ImageObject\",\"inLanguage\":\"pt-BR\",\"@id\":\"https:\/\/www.notibras.com\/site\/outono-exige-cuidados-dobrados-com-a-pele\/#primaryimage\",\"url\":\"https:\/\/www.notibras.com\/site\/wp-content\/uploads\/2023\/03\/autumn-3731094_1920.jpg\",\"contentUrl\":\"https:\/\/www.notibras.com\/site\/wp-content\/uploads\/2023\/03\/autumn-3731094_1920.jpg\",\"width\":1170,\"height\":700,\"caption\":\"CHEGADA OUTONO - Outono come\u00e7ou no Hemisf\u00e9rio Sul no \u00faltino domingo, 20 de mar\u00e7o. Foto: Pixabay\/Dom\u00ednio P\u00fablico\"},{\"@type\":\"BreadcrumbList\",\"@id\":\"https:\/\/www.notibras.com\/site\/outono-exige-cuidados-dobrados-com-a-pele\/#breadcrumb\",\"itemListElement\":[{\"@type\":\"ListItem\",\"position\":1,\"name\":\"In\u00edcio\",\"item\":\"https:\/\/www.notibras.com\/site\/\"},{\"@type\":\"ListItem\",\"position\":2,\"name\":\"Outono exige cuidados dobrados com a pele\"}]},{\"@type\":\"WebSite\",\"@id\":\"https:\/\/www.notibras.com\/site\/#website\",\"url\":\"https:\/\/www.notibras.com\/site\/\",\"name\":\"Notibras\",\"description\":\"Not\u00edcias de Bras\u00edlia, do Brasil e do Mundo\",\"publisher\":{\"@id\":\"https:\/\/www.notibras.com\/site\/#organization\"},\"potentialAction\":[{\"@type\":\"SearchAction\",\"target\":{\"@type\":\"EntryPoint\",\"urlTemplate\":\"https:\/\/www.notibras.com\/site\/?s={search_term_string}\"},\"query-input\":{\"@type\":\"PropertyValueSpecification\",\"valueRequired\":true,\"valueName\":\"search_term_string\"}}],\"inLanguage\":\"pt-BR\"},{\"@type\":\"Organization\",\"@id\":\"https:\/\/www.notibras.com\/site\/#organization\",\"name\":\"Grupo Notibras de Comunica\u00e7\u00e3o\",\"url\":\"https:\/\/www.notibras.com\/site\/\",\"logo\":{\"@type\":\"ImageObject\",\"inLanguage\":\"pt-BR\",\"@id\":\"https:\/\/www.notibras.com\/site\/#\/schema\/logo\/image\/\",\"url\":\"https:\/\/www.notibras.com\/site\/wp-content\/uploads\/2023\/01\/notibras23.png\",\"contentUrl\":\"https:\/\/www.notibras.com\/site\/wp-content\/uploads\/2023\/01\/notibras23.png\",\"width\":350,\"height\":87,\"caption\":\"Grupo Notibras de Comunica\u00e7\u00e3o\"},\"image\":{\"@id\":\"https:\/\/www.notibras.com\/site\/#\/schema\/logo\/image\/\"},\"sameAs\":[\"https:\/\/www.facebook.com\/notibras\/\",\"https:\/\/x.com\/Notibras\",\"https:\/\/www.instagram.com\/notibras\/\"]},{\"@type\":\"Person\",\"@id\":\"https:\/\/www.notibras.com\/site\/#\/schema\/person\/36ab0979449956132d3e5b517ea76ac8\",\"name\":\"Reda\u00e7\u00e3o\",\"image\":{\"@type\":\"ImageObject\",\"inLanguage\":\"pt-BR\",\"@id\":\"https:\/\/secure.gravatar.com\/avatar\/e0a867bdedb85fd243eadf09663511f96fc81e0720a4a42581f334ad4303aa6b?s=96&d=mm&r=g\",\"url\":\"https:\/\/secure.gravatar.com\/avatar\/e0a867bdedb85fd243eadf09663511f96fc81e0720a4a42581f334ad4303aa6b?s=96&d=mm&r=g\",\"contentUrl\":\"https:\/\/secure.gravatar.com\/avatar\/e0a867bdedb85fd243eadf09663511f96fc81e0720a4a42581f334ad4303aa6b?s=96&d=mm&r=g\",\"caption\":\"Reda\u00e7\u00e3o\"}}]}<\/script>\n<!-- \/ Yoast SEO plugin. -->","yoast_head_json":{"title":"Outono exige cuidados dobrados com a pele - Notibras","robots":{"index":"index","follow":"follow","max-snippet":"max-snippet:-1","max-image-preview":"max-image-preview:large","max-video-preview":"max-video-preview:-1"},"canonical":"https:\/\/www.notibras.com\/site\/outono-exige-cuidados-dobrados-com-a-pele\/","og_locale":"pt_BR","og_type":"article","og_title":"Outono exige cuidados dobrados com a pele - Notibras","og_description":"Depois do ver\u00e3o, com sol forte e calor, que exigem o uso de muito filtro solar, o outono surge trazendo temperaturas mais amenas mas, nem por isso, deve-se descuidar dos cuidados com a pele. O alerta foi feito pelo presidente da Sociedade Brasileira de Dermatologia, Antonio D\u2019Acri. \u201cNo outono, a pele fica mais seca. As [&hellip;]","og_url":"https:\/\/www.notibras.com\/site\/outono-exige-cuidados-dobrados-com-a-pele\/","og_site_name":"Notibras","article_publisher":"https:\/\/www.facebook.com\/notibras\/","article_published_time":"2023-03-28T10:10:01+00:00","og_image":[{"width":1170,"height":700,"url":"https:\/\/www.notibras.com\/site\/wp-content\/uploads\/2023\/03\/autumn-3731094_1920.jpg","type":"image\/jpeg"}],"author":"Reda\u00e7\u00e3o","twitter_card":"summary_large_image","twitter_creator":"@Notibras","twitter_site":"@Notibras","twitter_misc":{"Escrito por":"Reda\u00e7\u00e3o","Est. tempo de leitura":"4 minutos"},"schema":{"@context":"https:\/\/schema.org","@graph":[{"@type":"Article","@id":"https:\/\/www.notibras.com\/site\/outono-exige-cuidados-dobrados-com-a-pele\/#article","isPartOf":{"@id":"https:\/\/www.notibras.com\/site\/outono-exige-cuidados-dobrados-com-a-pele\/"},"author":{"name":"Reda\u00e7\u00e3o","@id":"https:\/\/www.notibras.com\/site\/#\/schema\/person\/36ab0979449956132d3e5b517ea76ac8"},"headline":"Outono exige cuidados dobrados com a pele","datePublished":"2023-03-28T10:10:01+00:00","mainEntityOfPage":{"@id":"https:\/\/www.notibras.com\/site\/outono-exige-cuidados-dobrados-com-a-pele\/"},"wordCount":693,"publisher":{"@id":"https:\/\/www.notibras.com\/site\/#organization"},"image":{"@id":"https:\/\/www.notibras.com\/site\/outono-exige-cuidados-dobrados-com-a-pele\/#primaryimage"},"thumbnailUrl":"https:\/\/www.notibras.com\/site\/wp-content\/uploads\/2023\/03\/autumn-3731094_1920.jpg","articleSection":["Quadradinho em Foco"],"inLanguage":"pt-BR"},{"@type":"WebPage","@id":"https:\/\/www.notibras.com\/site\/outono-exige-cuidados-dobrados-com-a-pele\/","url":"https:\/\/www.notibras.com\/site\/outono-exige-cuidados-dobrados-com-a-pele\/","name":"Outono exige cuidados dobrados com a pele - Notibras","isPartOf":{"@id":"https:\/\/www.notibras.com\/site\/#website"},"primaryImageOfPage":{"@id":"https:\/\/www.notibras.com\/site\/outono-exige-cuidados-dobrados-com-a-pele\/#primaryimage"},"image":{"@id":"https:\/\/www.notibras.com\/site\/outono-exige-cuidados-dobrados-com-a-pele\/#primaryimage"},"thumbnailUrl":"https:\/\/www.notibras.com\/site\/wp-content\/uploads\/2023\/03\/autumn-3731094_1920.jpg","datePublished":"2023-03-28T10:10:01+00:00","breadcrumb":{"@id":"https:\/\/www.notibras.com\/site\/outono-exige-cuidados-dobrados-com-a-pele\/#breadcrumb"},"inLanguage":"pt-BR","potentialAction":[{"@type":"ReadAction","target":["https:\/\/www.notibras.com\/site\/outono-exige-cuidados-dobrados-com-a-pele\/"]}]},{"@type":"ImageObject","inLanguage":"pt-BR","@id":"https:\/\/www.notibras.com\/site\/outono-exige-cuidados-dobrados-com-a-pele\/#primaryimage","url":"https:\/\/www.notibras.com\/site\/wp-content\/uploads\/2023\/03\/autumn-3731094_1920.jpg","contentUrl":"https:\/\/www.notibras.com\/site\/wp-content\/uploads\/2023\/03\/autumn-3731094_1920.jpg","width":1170,"height":700,"caption":"CHEGADA OUTONO - Outono come\u00e7ou no Hemisf\u00e9rio Sul no \u00faltino domingo, 20 de mar\u00e7o. Foto: Pixabay\/Dom\u00ednio P\u00fablico"},{"@type":"BreadcrumbList","@id":"https:\/\/www.notibras.com\/site\/outono-exige-cuidados-dobrados-com-a-pele\/#breadcrumb","itemListElement":[{"@type":"ListItem","position":1,"name":"In\u00edcio","item":"https:\/\/www.notibras.com\/site\/"},{"@type":"ListItem","position":2,"name":"Outono exige cuidados dobrados com a pele"}]},{"@type":"WebSite","@id":"https:\/\/www.notibras.com\/site\/#website","url":"https:\/\/www.notibras.com\/site\/","name":"Notibras","description":"Not\u00edcias de Bras\u00edlia, do Brasil e do Mundo","publisher":{"@id":"https:\/\/www.notibras.com\/site\/#organization"},"potentialAction":[{"@type":"SearchAction","target":{"@type":"EntryPoint","urlTemplate":"https:\/\/www.notibras.com\/site\/?s={search_term_string}"},"query-input":{"@type":"PropertyValueSpecification","valueRequired":true,"valueName":"search_term_string"}}],"inLanguage":"pt-BR"},{"@type":"Organization","@id":"https:\/\/www.notibras.com\/site\/#organization","name":"Grupo Notibras de Comunica\u00e7\u00e3o","url":"https:\/\/www.notibras.com\/site\/","logo":{"@type":"ImageObject","inLanguage":"pt-BR","@id":"https:\/\/www.notibras.com\/site\/#\/schema\/logo\/image\/","url":"https:\/\/www.notibras.com\/site\/wp-content\/uploads\/2023\/01\/notibras23.png","contentUrl":"https:\/\/www.notibras.com\/site\/wp-content\/uploads\/2023\/01\/notibras23.png","width":350,"height":87,"caption":"Grupo Notibras de Comunica\u00e7\u00e3o"},"image":{"@id":"https:\/\/www.notibras.com\/site\/#\/schema\/logo\/image\/"},"sameAs":["https:\/\/www.facebook.com\/notibras\/","https:\/\/x.com\/Notibras","https:\/\/www.instagram.com\/notibras\/"]},{"@type":"Person","@id":"https:\/\/www.notibras.com\/site\/#\/schema\/person\/36ab0979449956132d3e5b517ea76ac8","name":"Reda\u00e7\u00e3o","image":{"@type":"ImageObject","inLanguage":"pt-BR","@id":"https:\/\/secure.gravatar.com\/avatar\/e0a867bdedb85fd243eadf09663511f96fc81e0720a4a42581f334ad4303aa6b?s=96&d=mm&r=g","url":"https:\/\/secure.gravatar.com\/avatar\/e0a867bdedb85fd243eadf09663511f96fc81e0720a4a42581f334ad4303aa6b?s=96&d=mm&r=g","contentUrl":"https:\/\/secure.gravatar.com\/avatar\/e0a867bdedb85fd243eadf09663511f96fc81e0720a4a42581f334ad4303aa6b?s=96&d=mm&r=g","caption":"Reda\u00e7\u00e3o"}}]}},"amp_enabled":true,"_links":{"self":[{"href":"https:\/\/www.notibras.com\/site\/wp-json\/wp\/v2\/posts\/301837","targetHints":{"allow":["GET"]}}],"collection":[{"href":"https:\/\/www.notibras.com\/site\/wp-json\/wp\/v2\/posts"}],"about":[{"href":"https:\/\/www.notibras.com\/site\/wp-json\/wp\/v2\/types\/post"}],"author":[{"embeddable":true,"href":"https:\/\/www.notibras.com\/site\/wp-json\/wp\/v2\/users\/2"}],"replies":[{"embeddable":true,"href":"https:\/\/www.notibras.com\/site\/wp-json\/wp\/v2\/comments?post=301837"}],"version-history":[{"count":1,"href":"https:\/\/www.notibras.com\/site\/wp-json\/wp\/v2\/posts\/301837\/revisions"}],"predecessor-version":[{"id":301839,"href":"https:\/\/www.notibras.com\/site\/wp-json\/wp\/v2\/posts\/301837\/revisions\/301839"}],"wp:featuredmedia":[{"embeddable":true,"href":"https:\/\/www.notibras.com\/site\/wp-json\/wp\/v2\/media\/301838"}],"wp:attachment":[{"href":"https:\/\/www.notibras.com\/site\/wp-json\/wp\/v2\/media?parent=301837"}],"wp:term":[{"taxonomy":"category","embeddable":true,"href":"https:\/\/www.notibras.com\/site\/wp-json\/wp\/v2\/categories?post=301837"},{"taxonomy":"post_tag","embeddable":true,"href":"https:\/\/www.notibras.com\/site\/wp-json\/wp\/v2\/tags?post=301837"}],"curies":[{"name":"wp","href":"https:\/\/api.w.org\/{rel}","templated":true}]}}