{"id":301840,"date":"2023-03-28T06:58:09","date_gmt":"2023-03-28T09:58:09","guid":{"rendered":"https:\/\/www.notibras.com\/site\/?p=301840"},"modified":"2023-03-28T07:17:54","modified_gmt":"2023-03-28T10:17:54","slug":"comissao-comeca-a-rever-casos-negados-de-reparacao","status":"publish","type":"post","link":"https:\/\/www.notibras.com\/site\/comissao-comeca-a-rever-casos-negados-de-reparacao\/","title":{"rendered":"Comiss\u00e3o come\u00e7a a rever casos negados de repara\u00e7\u00e3o"},"content":{"rendered":"<p>A Comiss\u00e3o da Anistia retomar\u00e1 suas sess\u00f5es na pr\u00f3xima quarta-feira (30) com a revis\u00e3o de milhares de pedidos de repara\u00e7\u00e3o que foram negados durante os governos de Jair Bolsonaro e Michel Temer e que agora podem ser deferidos pelo colegiado. A medida vinha sendo reivindicada por organiza\u00e7\u00f5es de defesa dos direitos humanos.<\/p>\n<p>Entre os primeiros pedidos a serem julgados est\u00e3o o deputado Ivan Valente (PSOL-SP), da professora Claudia de Arruda Campos, do l\u00edder sindical Jos\u00e9 Pedro da Silva e do jornalista Rog\u00e9rio Schettino. De acordo com integrantes do Minist\u00e9rio dos Direitos Humanos e da Cidadania (MDH), os casos foram escolhidos devido a seu potencial para que sejam deferidos, enviando uma mensagem a respeito da mudan\u00e7a de rumos sobre a repara\u00e7\u00e3o dos crimes perpetrados pelo Estado durante a ditadura militar.<\/p>\n<p>Uma das principais justificativas para que os pedidos tenham sido negados no passado foi a de que essas pessoas participaram de grupos ilegais durante a ditadura. Os casos foram julgados entre 2018 e 2022 e, como no caso da professora Claudia de Arruda Campos e do deputado Ivan Valente, os requerentes chegaram a ser chamados de \u201cterroristas\u201d por membros da comiss\u00e3o.<\/p>\n<p>Os casos foram escolhidos levando em conta a idade avan\u00e7ada ou \u00e0 exist\u00eancia de doen\u00e7a grave dos requerentes e tamb\u00e9m o fato de &#8220;serem emblem\u00e1ticos\u201d de como a Comiss\u00e3o de Anistia teve seu papel desvirtuado nos \u00faltimos anos, em especial durante o governo Bolsonaro, disse Nilm\u00e1rio Miranda, atual chefe da Assessoria Especial de Defesa da Democracia, Mem\u00f3ria e Verdade.<\/p>\n<p>\u201cEstamos reconstruindo sobre escombros\u201d, afirmou Miranda sobre as pol\u00edticas de repara\u00e7\u00e3o dos crimes cometidos pelo Estado durante a ditadura. Ele ressaltou tamb\u00e9m a retomada da busca por militantes cujo paradeiro h\u00e1 d\u00e9cadas \u00e9 desconhecido. H\u00e1 mais de 160 pessoas cujo destino ainda n\u00e3o foi descoberto.<\/p>\n<p><strong>Semana Nunca Mais<\/strong><br \/>\nUm dos desaparecidos \u00e9 o l\u00edder estudantil Honestino Guimar\u00e3es, cujo nome foi dado a uma ponte em Bras\u00edlia, anteriormente chamada de Costa e Silva, sobrenome do segundo general a ocupar o poder durante a ditadura. Devido \u00e0 troca, resultado de sete anos de disputas judiciais e pol\u00edticas que se encerraram em dezembro, o local se tornou s\u00edmbolo de uma guinada em rela\u00e7\u00e3o a esse per\u00edodo hist\u00f3rico do pa\u00eds.<\/p>\n<p>N\u00e3o por acaso a ponte foi escolhida pelo MDH para dar in\u00edcio a uma s\u00e9rie de iniciativas, que v\u00e3o desta segunda-feira (27) at\u00e9 2 de abril, que pretendem retomar uma agenda de \u201cpreserva\u00e7\u00e3o da mem\u00f3ria, da verdade, da luta pela democracia e justi\u00e7a social\u201d, informou a pasta. Os eventos ocorrem na mesma semana em que se completam 59 anos do golpe civil-militar de 1964, em 1\u00ba de abril.<\/p>\n<p>O ato, \u00e0s margens da ponte, serviu para legitimar a mudan\u00e7a do nome da edifica\u00e7\u00e3o e tamb\u00e9m para reacender a esperan\u00e7a de parentes e amigos de desaparecidos para descobrir o paradeiro deles.<\/p>\n<p>\u201cCom este minist\u00e9rio disposto a retomar investiga\u00e7\u00f5es e provid\u00eancias sobre o destino dos desaparecidos, tenho esperan\u00e7as de que possamos avan\u00e7ar e talvez descobrir e elucidar as circunst\u00e2ncias da morte, quem foram os respons\u00e1veis, e conseguir Justi\u00e7a\u201d, disse Bethy Almeida, bi\u00f3grafa de Honestino Guimar\u00e3es. Ela lembrou ainda de Paulo de Tarso Celestino da Silva e Ieda Santos Delgado, outros dois estudantes da UnB nunca localizados.<\/p>\n<p>A mesma esperan\u00e7a foi manifestada por Juliana Guimar\u00e3es, filha de Honestino, que tinha apenas 3 de idade quando ele desapareceu. \u201c\u00c9 emocionante ver essa homenagem. Apesar de n\u00e3o ter muitas lembran\u00e7as, ele sempre foi exemplo para mim dentro de casa, de luta\u201d, disse. Juliana acrescentou que ainda espera descobrir o que aconteceu com o pai.<\/p>\n<p>A Semana do Nunca Mais &#8211; Mem\u00f3ria Restaurada, Democracia Viva continua nesta ter\u00e7a-feira (28), com uma audi\u00eancia que contar\u00e1 com a presen\u00e7a do ministro dos Direitos Humanos, Silvio Almeida, e de mais de 150 familiares de desaparecidos.<\/p>\n<p>&nbsp;<\/p>\n","protected":false},"excerpt":{"rendered":"<p>A Comiss\u00e3o da Anistia retomar\u00e1 suas sess\u00f5es na pr\u00f3xima quarta-feira (30) com a revis\u00e3o de milhares de pedidos de repara\u00e7\u00e3o que foram negados durante os governos de Jair Bolsonaro e Michel Temer e que agora podem ser deferidos pelo colegiado. A medida vinha sendo reivindicada por organiza\u00e7\u00f5es de defesa dos direitos humanos. Entre os primeiros [&hellip;]<\/p>\n","protected":false},"author":2,"featured_media":301841,"comment_status":"closed","ping_status":"closed","sticky":false,"template":"","format":"standard","meta":{"_acf_changed":false,"footnotes":""},"categories":[161],"tags":[],"class_list":["post-301840","post","type-post","status-publish","format-standard","has-post-thumbnail","hentry","category-quadradinho-em-foco"],"acf":[],"yoast_head":"<!-- This site is optimized with the Yoast SEO plugin v27.2 - https:\/\/yoast.com\/product\/yoast-seo-wordpress\/ -->\n<title>Comiss\u00e3o come\u00e7a a rever casos negados de repara\u00e7\u00e3o - Notibras<\/title>\n<meta name=\"robots\" content=\"index, follow, max-snippet:-1, max-image-preview:large, max-video-preview:-1\" \/>\n<link rel=\"canonical\" href=\"https:\/\/www.notibras.com\/site\/comissao-comeca-a-rever-casos-negados-de-reparacao\/\" \/>\n<meta property=\"og:locale\" content=\"pt_BR\" \/>\n<meta property=\"og:type\" content=\"article\" \/>\n<meta property=\"og:title\" content=\"Comiss\u00e3o come\u00e7a a rever casos negados de repara\u00e7\u00e3o - Notibras\" \/>\n<meta property=\"og:description\" content=\"A Comiss\u00e3o da Anistia retomar\u00e1 suas sess\u00f5es na pr\u00f3xima quarta-feira (30) com a revis\u00e3o de milhares de pedidos de repara\u00e7\u00e3o que foram negados durante os governos de Jair Bolsonaro e Michel Temer e que agora podem ser deferidos pelo colegiado. A medida vinha sendo reivindicada por organiza\u00e7\u00f5es de defesa dos direitos humanos. Entre os primeiros [&hellip;]\" \/>\n<meta property=\"og:url\" content=\"https:\/\/www.notibras.com\/site\/comissao-comeca-a-rever-casos-negados-de-reparacao\/\" \/>\n<meta property=\"og:site_name\" content=\"Notibras\" \/>\n<meta property=\"article:publisher\" content=\"https:\/\/www.facebook.com\/notibras\/\" \/>\n<meta property=\"article:published_time\" content=\"2023-03-28T09:58:09+00:00\" \/>\n<meta property=\"article:modified_time\" content=\"2023-03-28T10:17:54+00:00\" \/>\n<meta property=\"og:image\" content=\"https:\/\/www.notibras.com\/site\/wp-content\/uploads\/2023\/03\/ja_9370.jpg\" \/>\n\t<meta property=\"og:image:width\" content=\"1170\" \/>\n\t<meta property=\"og:image:height\" content=\"700\" \/>\n\t<meta property=\"og:image:type\" content=\"image\/jpeg\" \/>\n<meta name=\"author\" content=\"Reda\u00e7\u00e3o\" \/>\n<meta name=\"twitter:card\" content=\"summary_large_image\" \/>\n<meta name=\"twitter:creator\" content=\"@Notibras\" \/>\n<meta name=\"twitter:site\" content=\"@Notibras\" \/>\n<meta name=\"twitter:label1\" content=\"Escrito por\" \/>\n\t<meta name=\"twitter:data1\" content=\"Reda\u00e7\u00e3o\" \/>\n\t<meta name=\"twitter:label2\" content=\"Est. tempo de leitura\" \/>\n\t<meta name=\"twitter:data2\" content=\"4 minutos\" \/>\n<script type=\"application\/ld+json\" class=\"yoast-schema-graph\">{\"@context\":\"https:\/\/schema.org\",\"@graph\":[{\"@type\":\"Article\",\"@id\":\"https:\/\/www.notibras.com\/site\/comissao-comeca-a-rever-casos-negados-de-reparacao\/#article\",\"isPartOf\":{\"@id\":\"https:\/\/www.notibras.com\/site\/comissao-comeca-a-rever-casos-negados-de-reparacao\/\"},\"author\":{\"name\":\"Reda\u00e7\u00e3o\",\"@id\":\"https:\/\/www.notibras.com\/site\/#\/schema\/person\/36ab0979449956132d3e5b517ea76ac8\"},\"headline\":\"Comiss\u00e3o come\u00e7a a rever casos negados de repara\u00e7\u00e3o\",\"datePublished\":\"2023-03-28T09:58:09+00:00\",\"dateModified\":\"2023-03-28T10:17:54+00:00\",\"mainEntityOfPage\":{\"@id\":\"https:\/\/www.notibras.com\/site\/comissao-comeca-a-rever-casos-negados-de-reparacao\/\"},\"wordCount\":680,\"publisher\":{\"@id\":\"https:\/\/www.notibras.com\/site\/#organization\"},\"image\":{\"@id\":\"https:\/\/www.notibras.com\/site\/comissao-comeca-a-rever-casos-negados-de-reparacao\/#primaryimage\"},\"thumbnailUrl\":\"https:\/\/www.notibras.com\/site\/wp-content\/uploads\/2023\/03\/ja_9370.jpg\",\"articleSection\":[\"Quadradinho em Foco\"],\"inLanguage\":\"pt-BR\"},{\"@type\":\"WebPage\",\"@id\":\"https:\/\/www.notibras.com\/site\/comissao-comeca-a-rever-casos-negados-de-reparacao\/\",\"url\":\"https:\/\/www.notibras.com\/site\/comissao-comeca-a-rever-casos-negados-de-reparacao\/\",\"name\":\"Comiss\u00e3o come\u00e7a a rever casos negados de repara\u00e7\u00e3o - Notibras\",\"isPartOf\":{\"@id\":\"https:\/\/www.notibras.com\/site\/#website\"},\"primaryImageOfPage\":{\"@id\":\"https:\/\/www.notibras.com\/site\/comissao-comeca-a-rever-casos-negados-de-reparacao\/#primaryimage\"},\"image\":{\"@id\":\"https:\/\/www.notibras.com\/site\/comissao-comeca-a-rever-casos-negados-de-reparacao\/#primaryimage\"},\"thumbnailUrl\":\"https:\/\/www.notibras.com\/site\/wp-content\/uploads\/2023\/03\/ja_9370.jpg\",\"datePublished\":\"2023-03-28T09:58:09+00:00\",\"dateModified\":\"2023-03-28T10:17:54+00:00\",\"breadcrumb\":{\"@id\":\"https:\/\/www.notibras.com\/site\/comissao-comeca-a-rever-casos-negados-de-reparacao\/#breadcrumb\"},\"inLanguage\":\"pt-BR\",\"potentialAction\":[{\"@type\":\"ReadAction\",\"target\":[\"https:\/\/www.notibras.com\/site\/comissao-comeca-a-rever-casos-negados-de-reparacao\/\"]}]},{\"@type\":\"ImageObject\",\"inLanguage\":\"pt-BR\",\"@id\":\"https:\/\/www.notibras.com\/site\/comissao-comeca-a-rever-casos-negados-de-reparacao\/#primaryimage\",\"url\":\"https:\/\/www.notibras.com\/site\/wp-content\/uploads\/2023\/03\/ja_9370.jpg\",\"contentUrl\":\"https:\/\/www.notibras.com\/site\/wp-content\/uploads\/2023\/03\/ja_9370.jpg\",\"width\":1170,\"height\":700},{\"@type\":\"BreadcrumbList\",\"@id\":\"https:\/\/www.notibras.com\/site\/comissao-comeca-a-rever-casos-negados-de-reparacao\/#breadcrumb\",\"itemListElement\":[{\"@type\":\"ListItem\",\"position\":1,\"name\":\"In\u00edcio\",\"item\":\"https:\/\/www.notibras.com\/site\/\"},{\"@type\":\"ListItem\",\"position\":2,\"name\":\"Comiss\u00e3o come\u00e7a a rever casos negados de repara\u00e7\u00e3o\"}]},{\"@type\":\"WebSite\",\"@id\":\"https:\/\/www.notibras.com\/site\/#website\",\"url\":\"https:\/\/www.notibras.com\/site\/\",\"name\":\"Notibras\",\"description\":\"Not\u00edcias de Bras\u00edlia, do Brasil e do Mundo\",\"publisher\":{\"@id\":\"https:\/\/www.notibras.com\/site\/#organization\"},\"potentialAction\":[{\"@type\":\"SearchAction\",\"target\":{\"@type\":\"EntryPoint\",\"urlTemplate\":\"https:\/\/www.notibras.com\/site\/?s={search_term_string}\"},\"query-input\":{\"@type\":\"PropertyValueSpecification\",\"valueRequired\":true,\"valueName\":\"search_term_string\"}}],\"inLanguage\":\"pt-BR\"},{\"@type\":\"Organization\",\"@id\":\"https:\/\/www.notibras.com\/site\/#organization\",\"name\":\"Grupo Notibras de Comunica\u00e7\u00e3o\",\"url\":\"https:\/\/www.notibras.com\/site\/\",\"logo\":{\"@type\":\"ImageObject\",\"inLanguage\":\"pt-BR\",\"@id\":\"https:\/\/www.notibras.com\/site\/#\/schema\/logo\/image\/\",\"url\":\"https:\/\/www.notibras.com\/site\/wp-content\/uploads\/2023\/01\/notibras23.png\",\"contentUrl\":\"https:\/\/www.notibras.com\/site\/wp-content\/uploads\/2023\/01\/notibras23.png\",\"width\":350,\"height\":87,\"caption\":\"Grupo Notibras de Comunica\u00e7\u00e3o\"},\"image\":{\"@id\":\"https:\/\/www.notibras.com\/site\/#\/schema\/logo\/image\/\"},\"sameAs\":[\"https:\/\/www.facebook.com\/notibras\/\",\"https:\/\/x.com\/Notibras\",\"https:\/\/www.instagram.com\/notibras\/\"]},{\"@type\":\"Person\",\"@id\":\"https:\/\/www.notibras.com\/site\/#\/schema\/person\/36ab0979449956132d3e5b517ea76ac8\",\"name\":\"Reda\u00e7\u00e3o\",\"image\":{\"@type\":\"ImageObject\",\"inLanguage\":\"pt-BR\",\"@id\":\"https:\/\/secure.gravatar.com\/avatar\/e0a867bdedb85fd243eadf09663511f96fc81e0720a4a42581f334ad4303aa6b?s=96&d=mm&r=g\",\"url\":\"https:\/\/secure.gravatar.com\/avatar\/e0a867bdedb85fd243eadf09663511f96fc81e0720a4a42581f334ad4303aa6b?s=96&d=mm&r=g\",\"contentUrl\":\"https:\/\/secure.gravatar.com\/avatar\/e0a867bdedb85fd243eadf09663511f96fc81e0720a4a42581f334ad4303aa6b?s=96&d=mm&r=g\",\"caption\":\"Reda\u00e7\u00e3o\"}}]}<\/script>\n<!-- \/ Yoast SEO plugin. -->","yoast_head_json":{"title":"Comiss\u00e3o come\u00e7a a rever casos negados de repara\u00e7\u00e3o - Notibras","robots":{"index":"index","follow":"follow","max-snippet":"max-snippet:-1","max-image-preview":"max-image-preview:large","max-video-preview":"max-video-preview:-1"},"canonical":"https:\/\/www.notibras.com\/site\/comissao-comeca-a-rever-casos-negados-de-reparacao\/","og_locale":"pt_BR","og_type":"article","og_title":"Comiss\u00e3o come\u00e7a a rever casos negados de repara\u00e7\u00e3o - Notibras","og_description":"A Comiss\u00e3o da Anistia retomar\u00e1 suas sess\u00f5es na pr\u00f3xima quarta-feira (30) com a revis\u00e3o de milhares de pedidos de repara\u00e7\u00e3o que foram negados durante os governos de Jair Bolsonaro e Michel Temer e que agora podem ser deferidos pelo colegiado. A medida vinha sendo reivindicada por organiza\u00e7\u00f5es de defesa dos direitos humanos. Entre os primeiros [&hellip;]","og_url":"https:\/\/www.notibras.com\/site\/comissao-comeca-a-rever-casos-negados-de-reparacao\/","og_site_name":"Notibras","article_publisher":"https:\/\/www.facebook.com\/notibras\/","article_published_time":"2023-03-28T09:58:09+00:00","article_modified_time":"2023-03-28T10:17:54+00:00","og_image":[{"width":1170,"height":700,"url":"https:\/\/www.notibras.com\/site\/wp-content\/uploads\/2023\/03\/ja_9370.jpg","type":"image\/jpeg"}],"author":"Reda\u00e7\u00e3o","twitter_card":"summary_large_image","twitter_creator":"@Notibras","twitter_site":"@Notibras","twitter_misc":{"Escrito por":"Reda\u00e7\u00e3o","Est. tempo de leitura":"4 minutos"},"schema":{"@context":"https:\/\/schema.org","@graph":[{"@type":"Article","@id":"https:\/\/www.notibras.com\/site\/comissao-comeca-a-rever-casos-negados-de-reparacao\/#article","isPartOf":{"@id":"https:\/\/www.notibras.com\/site\/comissao-comeca-a-rever-casos-negados-de-reparacao\/"},"author":{"name":"Reda\u00e7\u00e3o","@id":"https:\/\/www.notibras.com\/site\/#\/schema\/person\/36ab0979449956132d3e5b517ea76ac8"},"headline":"Comiss\u00e3o come\u00e7a a rever casos negados de repara\u00e7\u00e3o","datePublished":"2023-03-28T09:58:09+00:00","dateModified":"2023-03-28T10:17:54+00:00","mainEntityOfPage":{"@id":"https:\/\/www.notibras.com\/site\/comissao-comeca-a-rever-casos-negados-de-reparacao\/"},"wordCount":680,"publisher":{"@id":"https:\/\/www.notibras.com\/site\/#organization"},"image":{"@id":"https:\/\/www.notibras.com\/site\/comissao-comeca-a-rever-casos-negados-de-reparacao\/#primaryimage"},"thumbnailUrl":"https:\/\/www.notibras.com\/site\/wp-content\/uploads\/2023\/03\/ja_9370.jpg","articleSection":["Quadradinho em Foco"],"inLanguage":"pt-BR"},{"@type":"WebPage","@id":"https:\/\/www.notibras.com\/site\/comissao-comeca-a-rever-casos-negados-de-reparacao\/","url":"https:\/\/www.notibras.com\/site\/comissao-comeca-a-rever-casos-negados-de-reparacao\/","name":"Comiss\u00e3o come\u00e7a a rever casos negados de repara\u00e7\u00e3o - Notibras","isPartOf":{"@id":"https:\/\/www.notibras.com\/site\/#website"},"primaryImageOfPage":{"@id":"https:\/\/www.notibras.com\/site\/comissao-comeca-a-rever-casos-negados-de-reparacao\/#primaryimage"},"image":{"@id":"https:\/\/www.notibras.com\/site\/comissao-comeca-a-rever-casos-negados-de-reparacao\/#primaryimage"},"thumbnailUrl":"https:\/\/www.notibras.com\/site\/wp-content\/uploads\/2023\/03\/ja_9370.jpg","datePublished":"2023-03-28T09:58:09+00:00","dateModified":"2023-03-28T10:17:54+00:00","breadcrumb":{"@id":"https:\/\/www.notibras.com\/site\/comissao-comeca-a-rever-casos-negados-de-reparacao\/#breadcrumb"},"inLanguage":"pt-BR","potentialAction":[{"@type":"ReadAction","target":["https:\/\/www.notibras.com\/site\/comissao-comeca-a-rever-casos-negados-de-reparacao\/"]}]},{"@type":"ImageObject","inLanguage":"pt-BR","@id":"https:\/\/www.notibras.com\/site\/comissao-comeca-a-rever-casos-negados-de-reparacao\/#primaryimage","url":"https:\/\/www.notibras.com\/site\/wp-content\/uploads\/2023\/03\/ja_9370.jpg","contentUrl":"https:\/\/www.notibras.com\/site\/wp-content\/uploads\/2023\/03\/ja_9370.jpg","width":1170,"height":700},{"@type":"BreadcrumbList","@id":"https:\/\/www.notibras.com\/site\/comissao-comeca-a-rever-casos-negados-de-reparacao\/#breadcrumb","itemListElement":[{"@type":"ListItem","position":1,"name":"In\u00edcio","item":"https:\/\/www.notibras.com\/site\/"},{"@type":"ListItem","position":2,"name":"Comiss\u00e3o come\u00e7a a rever casos negados de repara\u00e7\u00e3o"}]},{"@type":"WebSite","@id":"https:\/\/www.notibras.com\/site\/#website","url":"https:\/\/www.notibras.com\/site\/","name":"Notibras","description":"Not\u00edcias de Bras\u00edlia, do Brasil e do Mundo","publisher":{"@id":"https:\/\/www.notibras.com\/site\/#organization"},"potentialAction":[{"@type":"SearchAction","target":{"@type":"EntryPoint","urlTemplate":"https:\/\/www.notibras.com\/site\/?s={search_term_string}"},"query-input":{"@type":"PropertyValueSpecification","valueRequired":true,"valueName":"search_term_string"}}],"inLanguage":"pt-BR"},{"@type":"Organization","@id":"https:\/\/www.notibras.com\/site\/#organization","name":"Grupo Notibras de Comunica\u00e7\u00e3o","url":"https:\/\/www.notibras.com\/site\/","logo":{"@type":"ImageObject","inLanguage":"pt-BR","@id":"https:\/\/www.notibras.com\/site\/#\/schema\/logo\/image\/","url":"https:\/\/www.notibras.com\/site\/wp-content\/uploads\/2023\/01\/notibras23.png","contentUrl":"https:\/\/www.notibras.com\/site\/wp-content\/uploads\/2023\/01\/notibras23.png","width":350,"height":87,"caption":"Grupo Notibras de Comunica\u00e7\u00e3o"},"image":{"@id":"https:\/\/www.notibras.com\/site\/#\/schema\/logo\/image\/"},"sameAs":["https:\/\/www.facebook.com\/notibras\/","https:\/\/x.com\/Notibras","https:\/\/www.instagram.com\/notibras\/"]},{"@type":"Person","@id":"https:\/\/www.notibras.com\/site\/#\/schema\/person\/36ab0979449956132d3e5b517ea76ac8","name":"Reda\u00e7\u00e3o","image":{"@type":"ImageObject","inLanguage":"pt-BR","@id":"https:\/\/secure.gravatar.com\/avatar\/e0a867bdedb85fd243eadf09663511f96fc81e0720a4a42581f334ad4303aa6b?s=96&d=mm&r=g","url":"https:\/\/secure.gravatar.com\/avatar\/e0a867bdedb85fd243eadf09663511f96fc81e0720a4a42581f334ad4303aa6b?s=96&d=mm&r=g","contentUrl":"https:\/\/secure.gravatar.com\/avatar\/e0a867bdedb85fd243eadf09663511f96fc81e0720a4a42581f334ad4303aa6b?s=96&d=mm&r=g","caption":"Reda\u00e7\u00e3o"}}]}},"amp_enabled":true,"_links":{"self":[{"href":"https:\/\/www.notibras.com\/site\/wp-json\/wp\/v2\/posts\/301840","targetHints":{"allow":["GET"]}}],"collection":[{"href":"https:\/\/www.notibras.com\/site\/wp-json\/wp\/v2\/posts"}],"about":[{"href":"https:\/\/www.notibras.com\/site\/wp-json\/wp\/v2\/types\/post"}],"author":[{"embeddable":true,"href":"https:\/\/www.notibras.com\/site\/wp-json\/wp\/v2\/users\/2"}],"replies":[{"embeddable":true,"href":"https:\/\/www.notibras.com\/site\/wp-json\/wp\/v2\/comments?post=301840"}],"version-history":[{"count":1,"href":"https:\/\/www.notibras.com\/site\/wp-json\/wp\/v2\/posts\/301840\/revisions"}],"predecessor-version":[{"id":301842,"href":"https:\/\/www.notibras.com\/site\/wp-json\/wp\/v2\/posts\/301840\/revisions\/301842"}],"wp:featuredmedia":[{"embeddable":true,"href":"https:\/\/www.notibras.com\/site\/wp-json\/wp\/v2\/media\/301841"}],"wp:attachment":[{"href":"https:\/\/www.notibras.com\/site\/wp-json\/wp\/v2\/media?parent=301840"}],"wp:term":[{"taxonomy":"category","embeddable":true,"href":"https:\/\/www.notibras.com\/site\/wp-json\/wp\/v2\/categories?post=301840"},{"taxonomy":"post_tag","embeddable":true,"href":"https:\/\/www.notibras.com\/site\/wp-json\/wp\/v2\/tags?post=301840"}],"curies":[{"name":"wp","href":"https:\/\/api.w.org\/{rel}","templated":true}]}}