{"id":301843,"date":"2023-03-28T06:22:58","date_gmt":"2023-03-28T09:22:58","guid":{"rendered":"https:\/\/www.notibras.com\/site\/?p=301843"},"modified":"2023-03-28T07:25:31","modified_gmt":"2023-03-28T10:25:31","slug":"caminho-contra-desinformacao-passa-pela-educacao-midiatica","status":"publish","type":"post","link":"https:\/\/www.notibras.com\/site\/caminho-contra-desinformacao-passa-pela-educacao-midiatica\/","title":{"rendered":"Caminho contra desinforma\u00e7\u00e3o passa pela educa\u00e7\u00e3o midi\u00e1tica"},"content":{"rendered":"<p>Sete em cada dez jovens de at\u00e9 15 anos n\u00e3o distinguem fatos de opini\u00f5es, segundo pesquisa da Organiza\u00e7\u00e3o para Coopera\u00e7\u00e3o e Desenvolvimento Econ\u00f4mico (OCDE). Para reverter esse cen\u00e1rio, especialistas apostam na educa\u00e7\u00e3o midi\u00e1tica como resposta para reconhecer fakes news, discursos de \u00f3dio e tamb\u00e9m produzir e compartilhar mensagens com responsabilidade. Na avalia\u00e7\u00e3o deles, a manuten\u00e7\u00e3o da democracia tamb\u00e9m depende de uma sociedade bem informada.<\/p>\n<p>A educa\u00e7\u00e3o midi\u00e1tica \u00e9 um conjunto de habilidades para analisar, criar e participar de maneira cr\u00edtica do ambiente informacional e midi\u00e1tico em todos os seus formatos.<\/p>\n<p>Para a presidente do Instituto Palavra Aberta, Patricia Blanco, esse tipo de forma\u00e7\u00e3o \u00e9 importante para todos os cidad\u00e3os. O instituto coordena o Educam\u00eddia, programa de capacita\u00e7\u00e3o de professores e engajamento da sociedade no processo de educa\u00e7\u00e3o midi\u00e1tica.<\/p>\n<p>&#8220;Na medida que o cidad\u00e3o, o jovem, passa a saber reconhecer a informa\u00e7\u00e3o, saber o prop\u00f3sito daquela informa\u00e7\u00e3o que chega at\u00e9 ele, saber reconhecer a fonte, o porqu\u00ea que aquela informa\u00e7\u00e3o chegou at\u00e9 ele, saber fazer uma busca, saber verificar de onde veio aquela informa\u00e7\u00e3o, adquirindo as compet\u00eancias para saber produzir conte\u00fado &#8211; de modo que ele se aproprie da tecnologia para melhorar sua autoinstru\u00e7\u00e3o, melhorar o seu protagonismo -, ele vai participar melhor da sociedade&#8221;, avalia.<\/p>\n<p>Patr\u00edcia defende que a educa\u00e7\u00e3o voltada para formar pessoas com pensamento cr\u00edtico e aptas a consumir, analisar e produzir conte\u00fados e informa\u00e7\u00f5es deve ser uma pol\u00edtica p\u00fablica de educa\u00e7\u00e3o.<\/p>\n<p><strong>Absurdos<\/strong><br \/>\nA estudante Milena Teles, 23 anos, afirma que consegue reconhecer quando uma desinforma\u00e7\u00e3o surge nas redes sociais. \u201cAparecem mensagens muito absurdas que voc\u00ea sabe de cara que \u00e9 uma fake news como: o lim\u00e3o cura a covid ou tomar um ch\u00e1 todo dia em jejum vai curar ou prevenir o c\u00e2ncer. Coisas muito absurdas sempre ser\u00e3o mentiras\u201d, acentua.<\/p>\n<p>A an\u00e1lise, entretanto, nem sempre est\u00e1 ao alcance de crian\u00e7as e jovens. &#8220;Para pessoa adulta j\u00e1 \u00e9 dif\u00edcil, \u00e0s vezes, sem ter uma pr\u00e1tica, sem ter uma orienta\u00e7\u00e3o de checagem de fato, saber quando uma informa\u00e7\u00e3o \u00e9 verdadeira ou falsa, se \u00e9 rumor, boato ou se ela corresponde a um fato que est\u00e1 sendo noticiado, imagina para crian\u00e7as e adolescentes&#8221;, avalia a pesquisadora do Sou_Ci\u00eancia da Universidade Federal de S\u00e3o Paulo (Unifesp), Jade Percassi.<\/p>\n<p><strong>Tema nas escolas<\/strong><br \/>\nSegundo o secret\u00e1rio de Pol\u00edticas Digitais, Jo\u00e3o Brant, a Base Nacional Comum Curricular (BNCC) \u2013 documento que define os conte\u00fados de aprendizagem essencial dos alunos &#8211; prev\u00ea a educa\u00e7\u00e3o midi\u00e1tica como um tema transversal e eletivo nas escolas. Por isso, segundo ele, o momento \u00e9 de produzir conte\u00fados e formar professores.<\/p>\n<p>\u201cApostamos na educa\u00e7\u00e3o midi\u00e1tica tanto do ponto de vista formal como informal, tanto em parceria com o MEC, na articula\u00e7\u00e3o com as secretarias de educa\u00e7\u00e3o, quanto em rela\u00e7\u00e3o a atividades de promo\u00e7\u00e3o de cursos, oficinas, conte\u00fados mais r\u00e1pidos como chave para enfrentamento do problema no pa\u00eds\u201d, afirma.<\/p>\n<p>Segundo Patricia Blanco, secretarias de educa\u00e7\u00e3o de diversos estados j\u00e1 abriram espa\u00e7o tanto para a forma\u00e7\u00e3o de professores como para a inclus\u00e3o da tem\u00e1tica em seus curr\u00edculos.<\/p>\n<p>A presidente do Palavra Aberta cita como exemplo o estado de S\u00e3o Paulo, que fez uma revis\u00e3o do curr\u00edculo e incluiu dentro da disciplina de Tecnologia e Inova\u00e7\u00e3o todo o conceito de educa\u00e7\u00e3o midi\u00e1tica. Segundo ela, todos os alunos de ensino fundamental 2 e ensino m\u00e9dio t\u00eam, h\u00e1 um ano, acesso a esse tipo conte\u00fado. Outros estados est\u00e3o implantando o tema de forma transversal como Minas Gerais, Rio Grande do Sul, Goi\u00e1s e Cear\u00e1.<\/p>\n<p>Segundo ela, a perspectiva \u00e9 que, nos pr\u00f3ximos anos, o tema se torne recorrente e que a forma\u00e7\u00e3o fa\u00e7a diferen\u00e7a na vida dos alunos.<\/p>\n<p><strong>Forma\u00e7\u00e3o abrangente<\/strong><br \/>\nPara Jo\u00e3o Brant, a forma\u00e7\u00e3o digital deve ser ainda mais abrangente. Ele ressalta que existem os nativos digitais que lidam muito bem com as tecnologias. \u201cMas, n\u00e3o necessariamente, com todos os instrumentos e repert\u00f3rios para interpretar e identificar a desinforma\u00e7\u00e3o, identificar fake news e perceber os problemas que circulam nas redes\u201d.<\/p>\n<p>Os conte\u00fados digitais, entretanto, tamb\u00e9m t\u00eam sido consumidos por uma popula\u00e7\u00e3o mais velha, em idade adulta ou idosa, que acaba sendo mais suscet\u00edvel \u00e0 desinforma\u00e7\u00e3o e \u00e0s fake news, segundo Brant.<\/p>\n<p>Maria Helena Weber, do Observat\u00f3rio da Comunica\u00e7\u00e3o P\u00fablica, tamb\u00e9m defende que a forma\u00e7\u00e3o digital deva ocorrer em qualquer momento da vida escolar. \u201c\u00c9 preciso que se tenha refer\u00eancia, se possa estudar, se possa ter acesso a uma discuss\u00e3o a um debate do que significa a comunica\u00e7\u00e3o digital hoje, as redes sociais hoje e para isso \u00e9 preciso oferecer instrumentos para que as pessoas n\u00e3o sejam t\u00e3o vulner\u00e1veis.\u201d<\/p>\n","protected":false},"excerpt":{"rendered":"<p>Sete em cada dez jovens de at\u00e9 15 anos n\u00e3o distinguem fatos de opini\u00f5es, segundo pesquisa da Organiza\u00e7\u00e3o para Coopera\u00e7\u00e3o e Desenvolvimento Econ\u00f4mico (OCDE). Para reverter esse cen\u00e1rio, especialistas apostam na educa\u00e7\u00e3o midi\u00e1tica como resposta para reconhecer fakes news, discursos de \u00f3dio e tamb\u00e9m produzir e compartilhar mensagens com responsabilidade. Na avalia\u00e7\u00e3o deles, a manuten\u00e7\u00e3o [&hellip;]<\/p>\n","protected":false},"author":2,"featured_media":301844,"comment_status":"closed","ping_status":"closed","sticky":false,"template":"","format":"standard","meta":{"_acf_changed":false,"footnotes":""},"categories":[161],"tags":[],"class_list":["post-301843","post","type-post","status-publish","format-standard","has-post-thumbnail","hentry","category-quadradinho-em-foco"],"acf":[],"yoast_head":"<!-- This site is optimized with the Yoast SEO plugin v27.2 - https:\/\/yoast.com\/product\/yoast-seo-wordpress\/ -->\n<title>Caminho contra desinforma\u00e7\u00e3o passa pela educa\u00e7\u00e3o midi\u00e1tica - Notibras<\/title>\n<meta name=\"robots\" content=\"index, follow, max-snippet:-1, max-image-preview:large, max-video-preview:-1\" \/>\n<link rel=\"canonical\" href=\"https:\/\/www.notibras.com\/site\/caminho-contra-desinformacao-passa-pela-educacao-midiatica\/\" \/>\n<meta property=\"og:locale\" content=\"pt_BR\" \/>\n<meta property=\"og:type\" content=\"article\" \/>\n<meta property=\"og:title\" content=\"Caminho contra desinforma\u00e7\u00e3o passa pela educa\u00e7\u00e3o midi\u00e1tica - Notibras\" \/>\n<meta property=\"og:description\" content=\"Sete em cada dez jovens de at\u00e9 15 anos n\u00e3o distinguem fatos de opini\u00f5es, segundo pesquisa da Organiza\u00e7\u00e3o para Coopera\u00e7\u00e3o e Desenvolvimento Econ\u00f4mico (OCDE). Para reverter esse cen\u00e1rio, especialistas apostam na educa\u00e7\u00e3o midi\u00e1tica como resposta para reconhecer fakes news, discursos de \u00f3dio e tamb\u00e9m produzir e compartilhar mensagens com responsabilidade. Na avalia\u00e7\u00e3o deles, a manuten\u00e7\u00e3o [&hellip;]\" \/>\n<meta property=\"og:url\" content=\"https:\/\/www.notibras.com\/site\/caminho-contra-desinformacao-passa-pela-educacao-midiatica\/\" \/>\n<meta property=\"og:site_name\" content=\"Notibras\" \/>\n<meta property=\"article:publisher\" content=\"https:\/\/www.facebook.com\/notibras\/\" \/>\n<meta property=\"article:published_time\" content=\"2023-03-28T09:22:58+00:00\" \/>\n<meta property=\"article:modified_time\" content=\"2023-03-28T10:25:31+00:00\" \/>\n<meta property=\"og:image\" content=\"https:\/\/www.notibras.com\/site\/wp-content\/uploads\/2023\/03\/aplicativos_0428202598-1.jpg\" \/>\n\t<meta property=\"og:image:width\" content=\"1170\" \/>\n\t<meta property=\"og:image:height\" content=\"700\" \/>\n\t<meta property=\"og:image:type\" content=\"image\/jpeg\" \/>\n<meta name=\"author\" content=\"Reda\u00e7\u00e3o\" \/>\n<meta name=\"twitter:card\" content=\"summary_large_image\" \/>\n<meta name=\"twitter:creator\" content=\"@Notibras\" \/>\n<meta name=\"twitter:site\" content=\"@Notibras\" \/>\n<meta name=\"twitter:label1\" content=\"Escrito por\" \/>\n\t<meta name=\"twitter:data1\" content=\"Reda\u00e7\u00e3o\" \/>\n\t<meta name=\"twitter:label2\" content=\"Est. tempo de leitura\" \/>\n\t<meta name=\"twitter:data2\" content=\"5 minutos\" \/>\n<script type=\"application\/ld+json\" class=\"yoast-schema-graph\">{\"@context\":\"https:\/\/schema.org\",\"@graph\":[{\"@type\":\"Article\",\"@id\":\"https:\/\/www.notibras.com\/site\/caminho-contra-desinformacao-passa-pela-educacao-midiatica\/#article\",\"isPartOf\":{\"@id\":\"https:\/\/www.notibras.com\/site\/caminho-contra-desinformacao-passa-pela-educacao-midiatica\/\"},\"author\":{\"name\":\"Reda\u00e7\u00e3o\",\"@id\":\"https:\/\/www.notibras.com\/site\/#\/schema\/person\/36ab0979449956132d3e5b517ea76ac8\"},\"headline\":\"Caminho contra desinforma\u00e7\u00e3o passa pela educa\u00e7\u00e3o midi\u00e1tica\",\"datePublished\":\"2023-03-28T09:22:58+00:00\",\"dateModified\":\"2023-03-28T10:25:31+00:00\",\"mainEntityOfPage\":{\"@id\":\"https:\/\/www.notibras.com\/site\/caminho-contra-desinformacao-passa-pela-educacao-midiatica\/\"},\"wordCount\":852,\"publisher\":{\"@id\":\"https:\/\/www.notibras.com\/site\/#organization\"},\"image\":{\"@id\":\"https:\/\/www.notibras.com\/site\/caminho-contra-desinformacao-passa-pela-educacao-midiatica\/#primaryimage\"},\"thumbnailUrl\":\"https:\/\/www.notibras.com\/site\/wp-content\/uploads\/2023\/03\/aplicativos_0428202598-1.jpg\",\"articleSection\":[\"Quadradinho em Foco\"],\"inLanguage\":\"pt-BR\"},{\"@type\":\"WebPage\",\"@id\":\"https:\/\/www.notibras.com\/site\/caminho-contra-desinformacao-passa-pela-educacao-midiatica\/\",\"url\":\"https:\/\/www.notibras.com\/site\/caminho-contra-desinformacao-passa-pela-educacao-midiatica\/\",\"name\":\"Caminho contra desinforma\u00e7\u00e3o passa pela educa\u00e7\u00e3o midi\u00e1tica - Notibras\",\"isPartOf\":{\"@id\":\"https:\/\/www.notibras.com\/site\/#website\"},\"primaryImageOfPage\":{\"@id\":\"https:\/\/www.notibras.com\/site\/caminho-contra-desinformacao-passa-pela-educacao-midiatica\/#primaryimage\"},\"image\":{\"@id\":\"https:\/\/www.notibras.com\/site\/caminho-contra-desinformacao-passa-pela-educacao-midiatica\/#primaryimage\"},\"thumbnailUrl\":\"https:\/\/www.notibras.com\/site\/wp-content\/uploads\/2023\/03\/aplicativos_0428202598-1.jpg\",\"datePublished\":\"2023-03-28T09:22:58+00:00\",\"dateModified\":\"2023-03-28T10:25:31+00:00\",\"breadcrumb\":{\"@id\":\"https:\/\/www.notibras.com\/site\/caminho-contra-desinformacao-passa-pela-educacao-midiatica\/#breadcrumb\"},\"inLanguage\":\"pt-BR\",\"potentialAction\":[{\"@type\":\"ReadAction\",\"target\":[\"https:\/\/www.notibras.com\/site\/caminho-contra-desinformacao-passa-pela-educacao-midiatica\/\"]}]},{\"@type\":\"ImageObject\",\"inLanguage\":\"pt-BR\",\"@id\":\"https:\/\/www.notibras.com\/site\/caminho-contra-desinformacao-passa-pela-educacao-midiatica\/#primaryimage\",\"url\":\"https:\/\/www.notibras.com\/site\/wp-content\/uploads\/2023\/03\/aplicativos_0428202598-1.jpg\",\"contentUrl\":\"https:\/\/www.notibras.com\/site\/wp-content\/uploads\/2023\/03\/aplicativos_0428202598-1.jpg\",\"width\":1170,\"height\":700,\"caption\":\"aplicativos de mensagem, internet, plataformas digitais, aplicativos, e-mail, redes sociais\"},{\"@type\":\"BreadcrumbList\",\"@id\":\"https:\/\/www.notibras.com\/site\/caminho-contra-desinformacao-passa-pela-educacao-midiatica\/#breadcrumb\",\"itemListElement\":[{\"@type\":\"ListItem\",\"position\":1,\"name\":\"In\u00edcio\",\"item\":\"https:\/\/www.notibras.com\/site\/\"},{\"@type\":\"ListItem\",\"position\":2,\"name\":\"Caminho contra desinforma\u00e7\u00e3o passa pela educa\u00e7\u00e3o midi\u00e1tica\"}]},{\"@type\":\"WebSite\",\"@id\":\"https:\/\/www.notibras.com\/site\/#website\",\"url\":\"https:\/\/www.notibras.com\/site\/\",\"name\":\"Notibras\",\"description\":\"Not\u00edcias de Bras\u00edlia, do Brasil e do Mundo\",\"publisher\":{\"@id\":\"https:\/\/www.notibras.com\/site\/#organization\"},\"potentialAction\":[{\"@type\":\"SearchAction\",\"target\":{\"@type\":\"EntryPoint\",\"urlTemplate\":\"https:\/\/www.notibras.com\/site\/?s={search_term_string}\"},\"query-input\":{\"@type\":\"PropertyValueSpecification\",\"valueRequired\":true,\"valueName\":\"search_term_string\"}}],\"inLanguage\":\"pt-BR\"},{\"@type\":\"Organization\",\"@id\":\"https:\/\/www.notibras.com\/site\/#organization\",\"name\":\"Grupo Notibras de Comunica\u00e7\u00e3o\",\"url\":\"https:\/\/www.notibras.com\/site\/\",\"logo\":{\"@type\":\"ImageObject\",\"inLanguage\":\"pt-BR\",\"@id\":\"https:\/\/www.notibras.com\/site\/#\/schema\/logo\/image\/\",\"url\":\"https:\/\/www.notibras.com\/site\/wp-content\/uploads\/2023\/01\/notibras23.png\",\"contentUrl\":\"https:\/\/www.notibras.com\/site\/wp-content\/uploads\/2023\/01\/notibras23.png\",\"width\":350,\"height\":87,\"caption\":\"Grupo Notibras de Comunica\u00e7\u00e3o\"},\"image\":{\"@id\":\"https:\/\/www.notibras.com\/site\/#\/schema\/logo\/image\/\"},\"sameAs\":[\"https:\/\/www.facebook.com\/notibras\/\",\"https:\/\/x.com\/Notibras\",\"https:\/\/www.instagram.com\/notibras\/\"]},{\"@type\":\"Person\",\"@id\":\"https:\/\/www.notibras.com\/site\/#\/schema\/person\/36ab0979449956132d3e5b517ea76ac8\",\"name\":\"Reda\u00e7\u00e3o\",\"image\":{\"@type\":\"ImageObject\",\"inLanguage\":\"pt-BR\",\"@id\":\"https:\/\/secure.gravatar.com\/avatar\/e0a867bdedb85fd243eadf09663511f96fc81e0720a4a42581f334ad4303aa6b?s=96&d=mm&r=g\",\"url\":\"https:\/\/secure.gravatar.com\/avatar\/e0a867bdedb85fd243eadf09663511f96fc81e0720a4a42581f334ad4303aa6b?s=96&d=mm&r=g\",\"contentUrl\":\"https:\/\/secure.gravatar.com\/avatar\/e0a867bdedb85fd243eadf09663511f96fc81e0720a4a42581f334ad4303aa6b?s=96&d=mm&r=g\",\"caption\":\"Reda\u00e7\u00e3o\"}}]}<\/script>\n<!-- \/ Yoast SEO plugin. -->","yoast_head_json":{"title":"Caminho contra desinforma\u00e7\u00e3o passa pela educa\u00e7\u00e3o midi\u00e1tica - Notibras","robots":{"index":"index","follow":"follow","max-snippet":"max-snippet:-1","max-image-preview":"max-image-preview:large","max-video-preview":"max-video-preview:-1"},"canonical":"https:\/\/www.notibras.com\/site\/caminho-contra-desinformacao-passa-pela-educacao-midiatica\/","og_locale":"pt_BR","og_type":"article","og_title":"Caminho contra desinforma\u00e7\u00e3o passa pela educa\u00e7\u00e3o midi\u00e1tica - Notibras","og_description":"Sete em cada dez jovens de at\u00e9 15 anos n\u00e3o distinguem fatos de opini\u00f5es, segundo pesquisa da Organiza\u00e7\u00e3o para Coopera\u00e7\u00e3o e Desenvolvimento Econ\u00f4mico (OCDE). Para reverter esse cen\u00e1rio, especialistas apostam na educa\u00e7\u00e3o midi\u00e1tica como resposta para reconhecer fakes news, discursos de \u00f3dio e tamb\u00e9m produzir e compartilhar mensagens com responsabilidade. Na avalia\u00e7\u00e3o deles, a manuten\u00e7\u00e3o [&hellip;]","og_url":"https:\/\/www.notibras.com\/site\/caminho-contra-desinformacao-passa-pela-educacao-midiatica\/","og_site_name":"Notibras","article_publisher":"https:\/\/www.facebook.com\/notibras\/","article_published_time":"2023-03-28T09:22:58+00:00","article_modified_time":"2023-03-28T10:25:31+00:00","og_image":[{"width":1170,"height":700,"url":"https:\/\/www.notibras.com\/site\/wp-content\/uploads\/2023\/03\/aplicativos_0428202598-1.jpg","type":"image\/jpeg"}],"author":"Reda\u00e7\u00e3o","twitter_card":"summary_large_image","twitter_creator":"@Notibras","twitter_site":"@Notibras","twitter_misc":{"Escrito por":"Reda\u00e7\u00e3o","Est. tempo de leitura":"5 minutos"},"schema":{"@context":"https:\/\/schema.org","@graph":[{"@type":"Article","@id":"https:\/\/www.notibras.com\/site\/caminho-contra-desinformacao-passa-pela-educacao-midiatica\/#article","isPartOf":{"@id":"https:\/\/www.notibras.com\/site\/caminho-contra-desinformacao-passa-pela-educacao-midiatica\/"},"author":{"name":"Reda\u00e7\u00e3o","@id":"https:\/\/www.notibras.com\/site\/#\/schema\/person\/36ab0979449956132d3e5b517ea76ac8"},"headline":"Caminho contra desinforma\u00e7\u00e3o passa pela educa\u00e7\u00e3o midi\u00e1tica","datePublished":"2023-03-28T09:22:58+00:00","dateModified":"2023-03-28T10:25:31+00:00","mainEntityOfPage":{"@id":"https:\/\/www.notibras.com\/site\/caminho-contra-desinformacao-passa-pela-educacao-midiatica\/"},"wordCount":852,"publisher":{"@id":"https:\/\/www.notibras.com\/site\/#organization"},"image":{"@id":"https:\/\/www.notibras.com\/site\/caminho-contra-desinformacao-passa-pela-educacao-midiatica\/#primaryimage"},"thumbnailUrl":"https:\/\/www.notibras.com\/site\/wp-content\/uploads\/2023\/03\/aplicativos_0428202598-1.jpg","articleSection":["Quadradinho em Foco"],"inLanguage":"pt-BR"},{"@type":"WebPage","@id":"https:\/\/www.notibras.com\/site\/caminho-contra-desinformacao-passa-pela-educacao-midiatica\/","url":"https:\/\/www.notibras.com\/site\/caminho-contra-desinformacao-passa-pela-educacao-midiatica\/","name":"Caminho contra desinforma\u00e7\u00e3o passa pela educa\u00e7\u00e3o midi\u00e1tica - Notibras","isPartOf":{"@id":"https:\/\/www.notibras.com\/site\/#website"},"primaryImageOfPage":{"@id":"https:\/\/www.notibras.com\/site\/caminho-contra-desinformacao-passa-pela-educacao-midiatica\/#primaryimage"},"image":{"@id":"https:\/\/www.notibras.com\/site\/caminho-contra-desinformacao-passa-pela-educacao-midiatica\/#primaryimage"},"thumbnailUrl":"https:\/\/www.notibras.com\/site\/wp-content\/uploads\/2023\/03\/aplicativos_0428202598-1.jpg","datePublished":"2023-03-28T09:22:58+00:00","dateModified":"2023-03-28T10:25:31+00:00","breadcrumb":{"@id":"https:\/\/www.notibras.com\/site\/caminho-contra-desinformacao-passa-pela-educacao-midiatica\/#breadcrumb"},"inLanguage":"pt-BR","potentialAction":[{"@type":"ReadAction","target":["https:\/\/www.notibras.com\/site\/caminho-contra-desinformacao-passa-pela-educacao-midiatica\/"]}]},{"@type":"ImageObject","inLanguage":"pt-BR","@id":"https:\/\/www.notibras.com\/site\/caminho-contra-desinformacao-passa-pela-educacao-midiatica\/#primaryimage","url":"https:\/\/www.notibras.com\/site\/wp-content\/uploads\/2023\/03\/aplicativos_0428202598-1.jpg","contentUrl":"https:\/\/www.notibras.com\/site\/wp-content\/uploads\/2023\/03\/aplicativos_0428202598-1.jpg","width":1170,"height":700,"caption":"aplicativos de mensagem, internet, plataformas digitais, aplicativos, e-mail, redes sociais"},{"@type":"BreadcrumbList","@id":"https:\/\/www.notibras.com\/site\/caminho-contra-desinformacao-passa-pela-educacao-midiatica\/#breadcrumb","itemListElement":[{"@type":"ListItem","position":1,"name":"In\u00edcio","item":"https:\/\/www.notibras.com\/site\/"},{"@type":"ListItem","position":2,"name":"Caminho contra desinforma\u00e7\u00e3o passa pela educa\u00e7\u00e3o midi\u00e1tica"}]},{"@type":"WebSite","@id":"https:\/\/www.notibras.com\/site\/#website","url":"https:\/\/www.notibras.com\/site\/","name":"Notibras","description":"Not\u00edcias de Bras\u00edlia, do Brasil e do Mundo","publisher":{"@id":"https:\/\/www.notibras.com\/site\/#organization"},"potentialAction":[{"@type":"SearchAction","target":{"@type":"EntryPoint","urlTemplate":"https:\/\/www.notibras.com\/site\/?s={search_term_string}"},"query-input":{"@type":"PropertyValueSpecification","valueRequired":true,"valueName":"search_term_string"}}],"inLanguage":"pt-BR"},{"@type":"Organization","@id":"https:\/\/www.notibras.com\/site\/#organization","name":"Grupo Notibras de Comunica\u00e7\u00e3o","url":"https:\/\/www.notibras.com\/site\/","logo":{"@type":"ImageObject","inLanguage":"pt-BR","@id":"https:\/\/www.notibras.com\/site\/#\/schema\/logo\/image\/","url":"https:\/\/www.notibras.com\/site\/wp-content\/uploads\/2023\/01\/notibras23.png","contentUrl":"https:\/\/www.notibras.com\/site\/wp-content\/uploads\/2023\/01\/notibras23.png","width":350,"height":87,"caption":"Grupo Notibras de Comunica\u00e7\u00e3o"},"image":{"@id":"https:\/\/www.notibras.com\/site\/#\/schema\/logo\/image\/"},"sameAs":["https:\/\/www.facebook.com\/notibras\/","https:\/\/x.com\/Notibras","https:\/\/www.instagram.com\/notibras\/"]},{"@type":"Person","@id":"https:\/\/www.notibras.com\/site\/#\/schema\/person\/36ab0979449956132d3e5b517ea76ac8","name":"Reda\u00e7\u00e3o","image":{"@type":"ImageObject","inLanguage":"pt-BR","@id":"https:\/\/secure.gravatar.com\/avatar\/e0a867bdedb85fd243eadf09663511f96fc81e0720a4a42581f334ad4303aa6b?s=96&d=mm&r=g","url":"https:\/\/secure.gravatar.com\/avatar\/e0a867bdedb85fd243eadf09663511f96fc81e0720a4a42581f334ad4303aa6b?s=96&d=mm&r=g","contentUrl":"https:\/\/secure.gravatar.com\/avatar\/e0a867bdedb85fd243eadf09663511f96fc81e0720a4a42581f334ad4303aa6b?s=96&d=mm&r=g","caption":"Reda\u00e7\u00e3o"}}]}},"amp_enabled":true,"_links":{"self":[{"href":"https:\/\/www.notibras.com\/site\/wp-json\/wp\/v2\/posts\/301843","targetHints":{"allow":["GET"]}}],"collection":[{"href":"https:\/\/www.notibras.com\/site\/wp-json\/wp\/v2\/posts"}],"about":[{"href":"https:\/\/www.notibras.com\/site\/wp-json\/wp\/v2\/types\/post"}],"author":[{"embeddable":true,"href":"https:\/\/www.notibras.com\/site\/wp-json\/wp\/v2\/users\/2"}],"replies":[{"embeddable":true,"href":"https:\/\/www.notibras.com\/site\/wp-json\/wp\/v2\/comments?post=301843"}],"version-history":[{"count":1,"href":"https:\/\/www.notibras.com\/site\/wp-json\/wp\/v2\/posts\/301843\/revisions"}],"predecessor-version":[{"id":301845,"href":"https:\/\/www.notibras.com\/site\/wp-json\/wp\/v2\/posts\/301843\/revisions\/301845"}],"wp:featuredmedia":[{"embeddable":true,"href":"https:\/\/www.notibras.com\/site\/wp-json\/wp\/v2\/media\/301844"}],"wp:attachment":[{"href":"https:\/\/www.notibras.com\/site\/wp-json\/wp\/v2\/media?parent=301843"}],"wp:term":[{"taxonomy":"category","embeddable":true,"href":"https:\/\/www.notibras.com\/site\/wp-json\/wp\/v2\/categories?post=301843"},{"taxonomy":"post_tag","embeddable":true,"href":"https:\/\/www.notibras.com\/site\/wp-json\/wp\/v2\/tags?post=301843"}],"curies":[{"name":"wp","href":"https:\/\/api.w.org\/{rel}","templated":true}]}}