{"id":301908,"date":"2023-03-29T11:03:55","date_gmt":"2023-03-29T14:03:55","guid":{"rendered":"https:\/\/www.notibras.com\/site\/?p=301908"},"modified":"2023-03-29T11:03:55","modified_gmt":"2023-03-29T14:03:55","slug":"no-encanto-do-mato-descoberta-encanta-menina","status":"publish","type":"post","link":"https:\/\/www.notibras.com\/site\/no-encanto-do-mato-descoberta-encanta-menina\/","title":{"rendered":"No encanto do mato, descoberta encanta menina"},"content":{"rendered":"<p>Dizem que essa hist\u00f3ria aconteceu em uma fazenda l\u00e1 em Padre Bernardo, no Entorno de Bras\u00edlia, para onde teriam ido um casal e sua filha pequena. A propriedade era cercada por dois riachos, que se juntavam em determinado ponto e corriam abra\u00e7ados a partir de ent\u00e3o.<\/p>\n<p>Os visitantes, na varanda da casa, n\u00e3o conseguiam avistar as \u00e1guas l\u00e1 embaixo, mas ouviam, encantados, o famoso ronco dos bugios, que saltavam entre as copas das enormes \u00e1rvores \u00e0 margem.<\/p>\n<p>Como o tempo estava muito seco, resolveram descer a ribanceira para um banho refrescante. Durante a caminhada, a menina corria \u00e0 frente, sempre acompanhada pelos olhos atentos da m\u00e3e. J\u00e1 o pai parecia mais preocupado em n\u00e3o perder o equil\u00edbrio naquele ch\u00e3o cheio de pedrinhas soltas.<\/p>\n<p>Tudo transcorria dentro do que podemos chamar de normalidade, at\u00e9 que o marido avistou uma cobra esticada no meio do mato. Ele, que havia aprendido a diferenciar as pe\u00e7onhentas, constatou que aquela n\u00e3o era venenosa. Ent\u00e3o, sob os<br \/>\nolhares atentos da esposa e da filha, deu um leve pux\u00e3o no rabo do r\u00e9ptil, que, assustado, se embrenhou no capim seco. Todo orgulhoso do feito, o homem estufou o peito e fez uma pergunta para a filha.<\/p>\n<p>&#8211; Voc\u00ea viu o papai pegando no rabo da cobra?<br \/>\n&#8211; Rabo? U\u00e9, pensei que cobra fosse tudo rabo.<\/p>\n","protected":false},"excerpt":{"rendered":"<p>Dizem que essa hist\u00f3ria aconteceu em uma fazenda l\u00e1 em Padre Bernardo, no Entorno de Bras\u00edlia, para onde teriam ido um casal e sua filha pequena. A propriedade era cercada por dois riachos, que se juntavam em determinado ponto e corriam abra\u00e7ados a partir de ent\u00e3o. Os visitantes, na varanda da casa, n\u00e3o conseguiam avistar [&hellip;]<\/p>\n","protected":false},"author":2,"featured_media":301910,"comment_status":"closed","ping_status":"closed","sticky":false,"template":"","format":"standard","meta":{"_acf_changed":false,"footnotes":""},"categories":[161],"tags":[],"class_list":["post-301908","post","type-post","status-publish","format-standard","has-post-thumbnail","hentry","category-quadradinho-em-foco"],"acf":[],"yoast_head":"<!-- This site is optimized with the Yoast SEO plugin v27.2 - https:\/\/yoast.com\/product\/yoast-seo-wordpress\/ -->\n<title>No encanto do mato, descoberta encanta menina - Notibras<\/title>\n<meta name=\"robots\" content=\"index, follow, max-snippet:-1, max-image-preview:large, max-video-preview:-1\" \/>\n<link rel=\"canonical\" href=\"https:\/\/www.notibras.com\/site\/no-encanto-do-mato-descoberta-encanta-menina\/\" \/>\n<meta property=\"og:locale\" content=\"pt_BR\" \/>\n<meta property=\"og:type\" content=\"article\" \/>\n<meta property=\"og:title\" content=\"No encanto do mato, descoberta encanta menina - Notibras\" \/>\n<meta property=\"og:description\" content=\"Dizem que essa hist\u00f3ria aconteceu em uma fazenda l\u00e1 em Padre Bernardo, no Entorno de Bras\u00edlia, para onde teriam ido um casal e sua filha pequena. A propriedade era cercada por dois riachos, que se juntavam em determinado ponto e corriam abra\u00e7ados a partir de ent\u00e3o. Os visitantes, na varanda da casa, n\u00e3o conseguiam avistar [&hellip;]\" \/>\n<meta property=\"og:url\" content=\"https:\/\/www.notibras.com\/site\/no-encanto-do-mato-descoberta-encanta-menina\/\" \/>\n<meta property=\"og:site_name\" content=\"Notibras\" \/>\n<meta property=\"article:publisher\" content=\"https:\/\/www.facebook.com\/notibras\/\" \/>\n<meta property=\"article:published_time\" content=\"2023-03-29T14:03:55+00:00\" \/>\n<meta property=\"og:image\" content=\"https:\/\/www.notibras.com\/site\/wp-content\/uploads\/2023\/03\/pai.2.jpg\" \/>\n\t<meta property=\"og:image:width\" content=\"900\" \/>\n\t<meta property=\"og:image:height\" content=\"720\" \/>\n\t<meta property=\"og:image:type\" content=\"image\/jpeg\" \/>\n<meta name=\"author\" content=\"Reda\u00e7\u00e3o\" \/>\n<meta name=\"twitter:card\" content=\"summary_large_image\" \/>\n<meta name=\"twitter:creator\" content=\"@Notibras\" \/>\n<meta name=\"twitter:site\" content=\"@Notibras\" \/>\n<meta name=\"twitter:label1\" content=\"Escrito por\" \/>\n\t<meta name=\"twitter:data1\" content=\"Reda\u00e7\u00e3o\" \/>\n\t<meta name=\"twitter:label2\" content=\"Est. tempo de leitura\" \/>\n\t<meta name=\"twitter:data2\" content=\"2 minutos\" \/>\n<script type=\"application\/ld+json\" class=\"yoast-schema-graph\">{\"@context\":\"https:\/\/schema.org\",\"@graph\":[{\"@type\":\"Article\",\"@id\":\"https:\/\/www.notibras.com\/site\/no-encanto-do-mato-descoberta-encanta-menina\/#article\",\"isPartOf\":{\"@id\":\"https:\/\/www.notibras.com\/site\/no-encanto-do-mato-descoberta-encanta-menina\/\"},\"author\":{\"name\":\"Reda\u00e7\u00e3o\",\"@id\":\"https:\/\/www.notibras.com\/site\/#\/schema\/person\/36ab0979449956132d3e5b517ea76ac8\"},\"headline\":\"No encanto do mato, descoberta encanta menina\",\"datePublished\":\"2023-03-29T14:03:55+00:00\",\"mainEntityOfPage\":{\"@id\":\"https:\/\/www.notibras.com\/site\/no-encanto-do-mato-descoberta-encanta-menina\/\"},\"wordCount\":237,\"publisher\":{\"@id\":\"https:\/\/www.notibras.com\/site\/#organization\"},\"image\":{\"@id\":\"https:\/\/www.notibras.com\/site\/no-encanto-do-mato-descoberta-encanta-menina\/#primaryimage\"},\"thumbnailUrl\":\"https:\/\/www.notibras.com\/site\/wp-content\/uploads\/2023\/03\/pai.2.jpg\",\"articleSection\":[\"Quadradinho em Foco\"],\"inLanguage\":\"pt-BR\"},{\"@type\":\"WebPage\",\"@id\":\"https:\/\/www.notibras.com\/site\/no-encanto-do-mato-descoberta-encanta-menina\/\",\"url\":\"https:\/\/www.notibras.com\/site\/no-encanto-do-mato-descoberta-encanta-menina\/\",\"name\":\"No encanto do mato, descoberta encanta menina - Notibras\",\"isPartOf\":{\"@id\":\"https:\/\/www.notibras.com\/site\/#website\"},\"primaryImageOfPage\":{\"@id\":\"https:\/\/www.notibras.com\/site\/no-encanto-do-mato-descoberta-encanta-menina\/#primaryimage\"},\"image\":{\"@id\":\"https:\/\/www.notibras.com\/site\/no-encanto-do-mato-descoberta-encanta-menina\/#primaryimage\"},\"thumbnailUrl\":\"https:\/\/www.notibras.com\/site\/wp-content\/uploads\/2023\/03\/pai.2.jpg\",\"datePublished\":\"2023-03-29T14:03:55+00:00\",\"breadcrumb\":{\"@id\":\"https:\/\/www.notibras.com\/site\/no-encanto-do-mato-descoberta-encanta-menina\/#breadcrumb\"},\"inLanguage\":\"pt-BR\",\"potentialAction\":[{\"@type\":\"ReadAction\",\"target\":[\"https:\/\/www.notibras.com\/site\/no-encanto-do-mato-descoberta-encanta-menina\/\"]}]},{\"@type\":\"ImageObject\",\"inLanguage\":\"pt-BR\",\"@id\":\"https:\/\/www.notibras.com\/site\/no-encanto-do-mato-descoberta-encanta-menina\/#primaryimage\",\"url\":\"https:\/\/www.notibras.com\/site\/wp-content\/uploads\/2023\/03\/pai.2.jpg\",\"contentUrl\":\"https:\/\/www.notibras.com\/site\/wp-content\/uploads\/2023\/03\/pai.2.jpg\",\"width\":900,\"height\":720},{\"@type\":\"BreadcrumbList\",\"@id\":\"https:\/\/www.notibras.com\/site\/no-encanto-do-mato-descoberta-encanta-menina\/#breadcrumb\",\"itemListElement\":[{\"@type\":\"ListItem\",\"position\":1,\"name\":\"In\u00edcio\",\"item\":\"https:\/\/www.notibras.com\/site\/\"},{\"@type\":\"ListItem\",\"position\":2,\"name\":\"No encanto do mato, descoberta encanta menina\"}]},{\"@type\":\"WebSite\",\"@id\":\"https:\/\/www.notibras.com\/site\/#website\",\"url\":\"https:\/\/www.notibras.com\/site\/\",\"name\":\"Notibras\",\"description\":\"Not\u00edcias de Bras\u00edlia, do Brasil e do Mundo\",\"publisher\":{\"@id\":\"https:\/\/www.notibras.com\/site\/#organization\"},\"potentialAction\":[{\"@type\":\"SearchAction\",\"target\":{\"@type\":\"EntryPoint\",\"urlTemplate\":\"https:\/\/www.notibras.com\/site\/?s={search_term_string}\"},\"query-input\":{\"@type\":\"PropertyValueSpecification\",\"valueRequired\":true,\"valueName\":\"search_term_string\"}}],\"inLanguage\":\"pt-BR\"},{\"@type\":\"Organization\",\"@id\":\"https:\/\/www.notibras.com\/site\/#organization\",\"name\":\"Grupo Notibras de Comunica\u00e7\u00e3o\",\"url\":\"https:\/\/www.notibras.com\/site\/\",\"logo\":{\"@type\":\"ImageObject\",\"inLanguage\":\"pt-BR\",\"@id\":\"https:\/\/www.notibras.com\/site\/#\/schema\/logo\/image\/\",\"url\":\"https:\/\/www.notibras.com\/site\/wp-content\/uploads\/2023\/01\/notibras23.png\",\"contentUrl\":\"https:\/\/www.notibras.com\/site\/wp-content\/uploads\/2023\/01\/notibras23.png\",\"width\":350,\"height\":87,\"caption\":\"Grupo Notibras de Comunica\u00e7\u00e3o\"},\"image\":{\"@id\":\"https:\/\/www.notibras.com\/site\/#\/schema\/logo\/image\/\"},\"sameAs\":[\"https:\/\/www.facebook.com\/notibras\/\",\"https:\/\/x.com\/Notibras\",\"https:\/\/www.instagram.com\/notibras\/\"]},{\"@type\":\"Person\",\"@id\":\"https:\/\/www.notibras.com\/site\/#\/schema\/person\/36ab0979449956132d3e5b517ea76ac8\",\"name\":\"Reda\u00e7\u00e3o\",\"image\":{\"@type\":\"ImageObject\",\"inLanguage\":\"pt-BR\",\"@id\":\"https:\/\/secure.gravatar.com\/avatar\/e0a867bdedb85fd243eadf09663511f96fc81e0720a4a42581f334ad4303aa6b?s=96&d=mm&r=g\",\"url\":\"https:\/\/secure.gravatar.com\/avatar\/e0a867bdedb85fd243eadf09663511f96fc81e0720a4a42581f334ad4303aa6b?s=96&d=mm&r=g\",\"contentUrl\":\"https:\/\/secure.gravatar.com\/avatar\/e0a867bdedb85fd243eadf09663511f96fc81e0720a4a42581f334ad4303aa6b?s=96&d=mm&r=g\",\"caption\":\"Reda\u00e7\u00e3o\"}}]}<\/script>\n<!-- \/ Yoast SEO plugin. -->","yoast_head_json":{"title":"No encanto do mato, descoberta encanta menina - Notibras","robots":{"index":"index","follow":"follow","max-snippet":"max-snippet:-1","max-image-preview":"max-image-preview:large","max-video-preview":"max-video-preview:-1"},"canonical":"https:\/\/www.notibras.com\/site\/no-encanto-do-mato-descoberta-encanta-menina\/","og_locale":"pt_BR","og_type":"article","og_title":"No encanto do mato, descoberta encanta menina - Notibras","og_description":"Dizem que essa hist\u00f3ria aconteceu em uma fazenda l\u00e1 em Padre Bernardo, no Entorno de Bras\u00edlia, para onde teriam ido um casal e sua filha pequena. A propriedade era cercada por dois riachos, que se juntavam em determinado ponto e corriam abra\u00e7ados a partir de ent\u00e3o. Os visitantes, na varanda da casa, n\u00e3o conseguiam avistar [&hellip;]","og_url":"https:\/\/www.notibras.com\/site\/no-encanto-do-mato-descoberta-encanta-menina\/","og_site_name":"Notibras","article_publisher":"https:\/\/www.facebook.com\/notibras\/","article_published_time":"2023-03-29T14:03:55+00:00","og_image":[{"width":900,"height":720,"url":"https:\/\/www.notibras.com\/site\/wp-content\/uploads\/2023\/03\/pai.2.jpg","type":"image\/jpeg"}],"author":"Reda\u00e7\u00e3o","twitter_card":"summary_large_image","twitter_creator":"@Notibras","twitter_site":"@Notibras","twitter_misc":{"Escrito por":"Reda\u00e7\u00e3o","Est. tempo de leitura":"2 minutos"},"schema":{"@context":"https:\/\/schema.org","@graph":[{"@type":"Article","@id":"https:\/\/www.notibras.com\/site\/no-encanto-do-mato-descoberta-encanta-menina\/#article","isPartOf":{"@id":"https:\/\/www.notibras.com\/site\/no-encanto-do-mato-descoberta-encanta-menina\/"},"author":{"name":"Reda\u00e7\u00e3o","@id":"https:\/\/www.notibras.com\/site\/#\/schema\/person\/36ab0979449956132d3e5b517ea76ac8"},"headline":"No encanto do mato, descoberta encanta menina","datePublished":"2023-03-29T14:03:55+00:00","mainEntityOfPage":{"@id":"https:\/\/www.notibras.com\/site\/no-encanto-do-mato-descoberta-encanta-menina\/"},"wordCount":237,"publisher":{"@id":"https:\/\/www.notibras.com\/site\/#organization"},"image":{"@id":"https:\/\/www.notibras.com\/site\/no-encanto-do-mato-descoberta-encanta-menina\/#primaryimage"},"thumbnailUrl":"https:\/\/www.notibras.com\/site\/wp-content\/uploads\/2023\/03\/pai.2.jpg","articleSection":["Quadradinho em Foco"],"inLanguage":"pt-BR"},{"@type":"WebPage","@id":"https:\/\/www.notibras.com\/site\/no-encanto-do-mato-descoberta-encanta-menina\/","url":"https:\/\/www.notibras.com\/site\/no-encanto-do-mato-descoberta-encanta-menina\/","name":"No encanto do mato, descoberta encanta menina - Notibras","isPartOf":{"@id":"https:\/\/www.notibras.com\/site\/#website"},"primaryImageOfPage":{"@id":"https:\/\/www.notibras.com\/site\/no-encanto-do-mato-descoberta-encanta-menina\/#primaryimage"},"image":{"@id":"https:\/\/www.notibras.com\/site\/no-encanto-do-mato-descoberta-encanta-menina\/#primaryimage"},"thumbnailUrl":"https:\/\/www.notibras.com\/site\/wp-content\/uploads\/2023\/03\/pai.2.jpg","datePublished":"2023-03-29T14:03:55+00:00","breadcrumb":{"@id":"https:\/\/www.notibras.com\/site\/no-encanto-do-mato-descoberta-encanta-menina\/#breadcrumb"},"inLanguage":"pt-BR","potentialAction":[{"@type":"ReadAction","target":["https:\/\/www.notibras.com\/site\/no-encanto-do-mato-descoberta-encanta-menina\/"]}]},{"@type":"ImageObject","inLanguage":"pt-BR","@id":"https:\/\/www.notibras.com\/site\/no-encanto-do-mato-descoberta-encanta-menina\/#primaryimage","url":"https:\/\/www.notibras.com\/site\/wp-content\/uploads\/2023\/03\/pai.2.jpg","contentUrl":"https:\/\/www.notibras.com\/site\/wp-content\/uploads\/2023\/03\/pai.2.jpg","width":900,"height":720},{"@type":"BreadcrumbList","@id":"https:\/\/www.notibras.com\/site\/no-encanto-do-mato-descoberta-encanta-menina\/#breadcrumb","itemListElement":[{"@type":"ListItem","position":1,"name":"In\u00edcio","item":"https:\/\/www.notibras.com\/site\/"},{"@type":"ListItem","position":2,"name":"No encanto do mato, descoberta encanta menina"}]},{"@type":"WebSite","@id":"https:\/\/www.notibras.com\/site\/#website","url":"https:\/\/www.notibras.com\/site\/","name":"Notibras","description":"Not\u00edcias de Bras\u00edlia, do Brasil e do Mundo","publisher":{"@id":"https:\/\/www.notibras.com\/site\/#organization"},"potentialAction":[{"@type":"SearchAction","target":{"@type":"EntryPoint","urlTemplate":"https:\/\/www.notibras.com\/site\/?s={search_term_string}"},"query-input":{"@type":"PropertyValueSpecification","valueRequired":true,"valueName":"search_term_string"}}],"inLanguage":"pt-BR"},{"@type":"Organization","@id":"https:\/\/www.notibras.com\/site\/#organization","name":"Grupo Notibras de Comunica\u00e7\u00e3o","url":"https:\/\/www.notibras.com\/site\/","logo":{"@type":"ImageObject","inLanguage":"pt-BR","@id":"https:\/\/www.notibras.com\/site\/#\/schema\/logo\/image\/","url":"https:\/\/www.notibras.com\/site\/wp-content\/uploads\/2023\/01\/notibras23.png","contentUrl":"https:\/\/www.notibras.com\/site\/wp-content\/uploads\/2023\/01\/notibras23.png","width":350,"height":87,"caption":"Grupo Notibras de Comunica\u00e7\u00e3o"},"image":{"@id":"https:\/\/www.notibras.com\/site\/#\/schema\/logo\/image\/"},"sameAs":["https:\/\/www.facebook.com\/notibras\/","https:\/\/x.com\/Notibras","https:\/\/www.instagram.com\/notibras\/"]},{"@type":"Person","@id":"https:\/\/www.notibras.com\/site\/#\/schema\/person\/36ab0979449956132d3e5b517ea76ac8","name":"Reda\u00e7\u00e3o","image":{"@type":"ImageObject","inLanguage":"pt-BR","@id":"https:\/\/secure.gravatar.com\/avatar\/e0a867bdedb85fd243eadf09663511f96fc81e0720a4a42581f334ad4303aa6b?s=96&d=mm&r=g","url":"https:\/\/secure.gravatar.com\/avatar\/e0a867bdedb85fd243eadf09663511f96fc81e0720a4a42581f334ad4303aa6b?s=96&d=mm&r=g","contentUrl":"https:\/\/secure.gravatar.com\/avatar\/e0a867bdedb85fd243eadf09663511f96fc81e0720a4a42581f334ad4303aa6b?s=96&d=mm&r=g","caption":"Reda\u00e7\u00e3o"}}]}},"amp_enabled":true,"_links":{"self":[{"href":"https:\/\/www.notibras.com\/site\/wp-json\/wp\/v2\/posts\/301908","targetHints":{"allow":["GET"]}}],"collection":[{"href":"https:\/\/www.notibras.com\/site\/wp-json\/wp\/v2\/posts"}],"about":[{"href":"https:\/\/www.notibras.com\/site\/wp-json\/wp\/v2\/types\/post"}],"author":[{"embeddable":true,"href":"https:\/\/www.notibras.com\/site\/wp-json\/wp\/v2\/users\/2"}],"replies":[{"embeddable":true,"href":"https:\/\/www.notibras.com\/site\/wp-json\/wp\/v2\/comments?post=301908"}],"version-history":[{"count":1,"href":"https:\/\/www.notibras.com\/site\/wp-json\/wp\/v2\/posts\/301908\/revisions"}],"predecessor-version":[{"id":301911,"href":"https:\/\/www.notibras.com\/site\/wp-json\/wp\/v2\/posts\/301908\/revisions\/301911"}],"wp:featuredmedia":[{"embeddable":true,"href":"https:\/\/www.notibras.com\/site\/wp-json\/wp\/v2\/media\/301910"}],"wp:attachment":[{"href":"https:\/\/www.notibras.com\/site\/wp-json\/wp\/v2\/media?parent=301908"}],"wp:term":[{"taxonomy":"category","embeddable":true,"href":"https:\/\/www.notibras.com\/site\/wp-json\/wp\/v2\/categories?post=301908"},{"taxonomy":"post_tag","embeddable":true,"href":"https:\/\/www.notibras.com\/site\/wp-json\/wp\/v2\/tags?post=301908"}],"curies":[{"name":"wp","href":"https:\/\/api.w.org\/{rel}","templated":true}]}}